{"id":70475,"date":"2022-04-07T18:37:15","date_gmt":"2022-04-07T23:37:15","guid":{"rendered":"https:\/\/www.aliados17.com\/?p=70475"},"modified":"2022-04-07T18:37:15","modified_gmt":"2022-04-07T23:37:15","slug":"detiene-policia-de-tlaxcala-capital-a-presunto-acosador","status":"publish","type":"post","link":"https:\/\/www.aliadospuebla.com\/?p=70475","title":{"rendered":"Detiene Polic\u00eda de Tlaxcala Capital a presunto acosador"},"content":{"rendered":"<h4>El individuo hostigaba e intimidaba a mujeres, denunciaron vecinos de la Colonia Centro<\/h4>\n<p>Luego de <strong>escandalizar<\/strong> en la v\u00eda p\u00fablica y <strong>agredir<\/strong> verbalmente a varias<strong> mujeres<\/strong>,<\/p>\n<p>la <strong>Polic\u00eda Capitalina<\/strong> detuvo a un individuo.<\/p>\n<p>Los hechos ocurrieron en las inmediaciones del Boulevard Mariano S\u00e1nchez,<\/p>\n<p>de la Colonia Centro, cuando los agentes municipales recibieron el reporte<\/p>\n<p>de un individuo que ten\u00eda un comportamiento agresivo y se encontraba<\/p>\n<p>fuera de uno de los domicilios de la zona.<\/p>\n<p>Al arribo de la autoridad, se percataron de que varios colonos<\/p>\n<p>conten\u00edan al individuo que hab\u00eda hostigado con palabras obscenas<\/p>\n<p>y amenazaba a mujeres con agredirlas sexualmente.<\/p>\n<p>Ante la comisi\u00f3n del probable delito de acoso sexual,<\/p>\n<p>los uniformados procedieron a la detenci\u00f3n del imputado,<\/p>\n<p>identificado como Juan \u201cN\u201d, quien fue trasladado a las oficinas que ocupa<\/p>\n<p>la Direcci\u00f3n de Seguridad Ciudadana y Movilidad del Municipio de Tlaxcala<\/p>\n<p>para determinar su responsabilidad en los hechos antes mencionados.<\/p>\n","protected":false},"excerpt":{"rendered":"<p>El individuo hostigaba e intimidaba a mujeres, denunciaron vecinos de la Colonia Centro Luego de escandalizar en la v\u00eda p\u00fablica y agredir verbalmente a varias mujeres, la Polic\u00eda Capitalina detuvo a un individuo. Los hechos ocurrieron en las inmediaciones del Boulevard Mariano S\u00e1nchez, de la Colonia Centro, cuando los agentes municipales recibieron el reporte de un individuo que ten\u00eda un comportamiento agresivo y se encontraba fuera de uno de los domicilios de la zona. Al arribo de la autoridad, se percataron de que varios colonos conten\u00edan al individuo que hab\u00eda hostigado con palabras obscenas y amenazaba a mujeres con agredirlas sexualmente. Ante la comisi\u00f3n del probable delito de acoso sexual, los uniformados procedieron a la detenci\u00f3n del imputado, identificado como Juan \u201cN\u201d, quien fue trasladado&hellip;<\/p>\n<p class=\"excerpt-more\"><a class=\"blog-excerpt button\" href=\"https:\/\/www.aliadospuebla.com\/?p=70475\">Leer m\u00e1s&#8230;<\/a><\/p>\n","protected":false},"author":2,"featured_media":70477,"comment_status":"open","ping_status":"open","sticky":false,"template":"","format":"standard","meta":{"_monsterinsights_skip_tracking":false,"footnotes":""},"categories":[8304],"tags":[18903,14792,2707,404,20,11417],"class_list":["post-70475","post","type-post","status-publish","format-standard","has-post-thumbnail","hentry","category-nacional","tag-acosador","tag-acoso-sexual","tag-agresiones","tag-mujeres","tag-seguridad","tag-tlaxcala-capital"],"yoast_head":"<!-- This site is optimized with the Yoast SEO plugin v28.3 - https:\/\/yoast.com\/product\/yoast-seo-wordpress\/ -->\n<title>Detiene Polic\u00eda de Tlaxcala Capital a presunto acosador - AliadosPuebla<\/title>\n<meta name=\"robots\" content=\"index, follow, max-snippet:-1, max-image-preview:large, max-video-preview:-1\" \/>\n<link rel=\"canonical\" href=\"https:\/\/www.aliadospuebla.com\/?p=70475\" \/>\n<meta property=\"og:locale\" content=\"es_ES\" \/>\n<meta property=\"og:type\" content=\"article\" \/>\n<meta property=\"og:title\" content=\"Detiene Polic\u00eda de Tlaxcala Capital a presunto acosador - AliadosPuebla\" \/>\n<meta property=\"og:description\" content=\"El individuo hostigaba e intimidaba a mujeres, denunciaron vecinos de la Colonia Centro Luego de escandalizar en la v\u00eda p\u00fablica y agredir verbalmente a varias mujeres, la Polic\u00eda Capitalina detuvo a un individuo. Los hechos ocurrieron en las inmediaciones del Boulevard Mariano S\u00e1nchez, de la Colonia Centro, cuando los agentes municipales recibieron el reporte de un individuo que ten\u00eda un comportamiento agresivo y se encontraba fuera de uno de los domicilios de la zona. Al arribo de la autoridad, se percataron de que varios colonos conten\u00edan al individuo que hab\u00eda hostigado con palabras obscenas y amenazaba a mujeres con agredirlas sexualmente. Ante la comisi\u00f3n del probable delito de acoso sexual, los uniformados procedieron a la detenci\u00f3n del imputado, identificado como Juan \u201cN\u201d, quien fue trasladado&hellip;Leer m\u00e1s...\" \/>\n<meta property=\"og:url\" content=\"https:\/\/www.aliadospuebla.com\/?p=70475\" \/>\n<meta property=\"og:site_name\" content=\"AliadosPuebla\" \/>\n<meta property=\"article:author\" content=\"https:\/\/www.facebook.com\/Aliados17Pue\" \/>\n<meta property=\"article:published_time\" content=\"2022-04-07T23:37:15+00:00\" \/>\n<meta property=\"og:image\" content=\"https:\/\/www.aliadospuebla.com\/web2017\/wp-content\/uploads\/2022\/04\/046-acosador.jpg\" \/>\n\t<meta property=\"og:image:width\" content=\"600\" \/>\n\t<meta property=\"og:image:height\" content=\"450\" \/>\n\t<meta property=\"og:image:type\" content=\"image\/jpeg\" \/>\n<meta name=\"author\" content=\"Aliados17\" \/>\n<meta name=\"twitter:card\" content=\"summary_large_image\" \/>\n<meta name=\"twitter:creator\" content=\"@AliadosPuebla\" \/>\n<meta name=\"twitter:label1\" content=\"Escrito por\" \/>\n\t<meta name=\"twitter:data1\" content=\"Aliados17\" \/>\n\t<meta name=\"twitter:label2\" content=\"Tiempo de lectura\" \/>\n\t<meta name=\"twitter:data2\" content=\"1 minuto\" \/>\n<script type=\"application\/ld+json\" class=\"yoast-schema-graph\">{\"@context\":\"https:\\\/\\\/schema.org\",\"@graph\":[{\"@type\":\"Article\",\"@id\":\"https:\\\/\\\/www.aliadospuebla.com\\\/?p=70475#article\",\"isPartOf\":{\"@id\":\"https:\\\/\\\/www.aliadospuebla.com\\\/?p=70475\"},\"author\":{\"name\":\"Aliados17\",\"@id\":\"https:\\\/\\\/www.aliadospuebla.com\\\/#\\\/schema\\\/person\\\/5da7dd09320bd4f392b710017ed5f8ad\"},\"headline\":\"Detiene Polic\u00eda de Tlaxcala Capital a presunto acosador\",\"datePublished\":\"2022-04-07T23:37:15+00:00\",\"mainEntityOfPage\":{\"@id\":\"https:\\\/\\\/www.aliadospuebla.com\\\/?p=70475\"},\"wordCount\":169,\"commentCount\":0,\"image\":{\"@id\":\"https:\\\/\\\/www.aliadospuebla.com\\\/?p=70475#primaryimage\"},\"thumbnailUrl\":\"https:\\\/\\\/www.aliadospuebla.com\\\/web2017\\\/wp-content\\\/uploads\\\/2022\\\/04\\\/046-acosador.jpg\",\"keywords\":[\"acosador\",\"acoso sexual\",\"AGRESIONES\",\"MUJERES\",\"Seguridad\",\"TLAXCALA CAPITAL\"],\"articleSection\":[\"Nacional\"],\"inLanguage\":\"es\",\"potentialAction\":[{\"@type\":\"CommentAction\",\"name\":\"Comment\",\"target\":[\"https:\\\/\\\/www.aliadospuebla.com\\\/?p=70475#respond\"]}]},{\"@type\":\"WebPage\",\"@id\":\"https:\\\/\\\/www.aliadospuebla.com\\\/?p=70475\",\"url\":\"https:\\\/\\\/www.aliadospuebla.com\\\/?p=70475\",\"name\":\"Detiene Polic\u00eda de Tlaxcala Capital a presunto acosador - AliadosPuebla\",\"isPartOf\":{\"@id\":\"https:\\\/\\\/www.aliadospuebla.com\\\/#website\"},\"primaryImageOfPage\":{\"@id\":\"https:\\\/\\\/www.aliadospuebla.com\\\/?p=70475#primaryimage\"},\"image\":{\"@id\":\"https:\\\/\\\/www.aliadospuebla.com\\\/?p=70475#primaryimage\"},\"thumbnailUrl\":\"https:\\\/\\\/www.aliadospuebla.com\\\/web2017\\\/wp-content\\\/uploads\\\/2022\\\/04\\\/046-acosador.jpg\",\"datePublished\":\"2022-04-07T23:37:15+00:00\",\"author\":{\"@id\":\"https:\\\/\\\/www.aliadospuebla.com\\\/#\\\/schema\\\/person\\\/5da7dd09320bd4f392b710017ed5f8ad\"},\"breadcrumb\":{\"@id\":\"https:\\\/\\\/www.aliadospuebla.com\\\/?p=70475#breadcrumb\"},\"inLanguage\":\"es\",\"potentialAction\":[{\"@type\":\"ReadAction\",\"target\":[\"https:\\\/\\\/www.aliadospuebla.com\\\/?p=70475\"]}]},{\"@type\":\"ImageObject\",\"inLanguage\":\"es\",\"@id\":\"https:\\\/\\\/www.aliadospuebla.com\\\/?p=70475#primaryimage\",\"url\":\"https:\\\/\\\/www.aliadospuebla.com\\\/web2017\\\/wp-content\\\/uploads\\\/2022\\\/04\\\/046-acosador.jpg\",\"contentUrl\":\"https:\\\/\\\/www.aliadospuebla.com\\\/web2017\\\/wp-content\\\/uploads\\\/2022\\\/04\\\/046-acosador.jpg\",\"width\":600,\"height\":450},{\"@type\":\"BreadcrumbList\",\"@id\":\"https:\\\/\\\/www.aliadospuebla.com\\\/?p=70475#breadcrumb\",\"itemListElement\":[{\"@type\":\"ListItem\",\"position\":1,\"name\":\"Portada\",\"item\":\"https:\\\/\\\/www.aliadospuebla.com\\\/\"},{\"@type\":\"ListItem\",\"position\":2,\"name\":\"Detiene Polic\u00eda de Tlaxcala Capital a presunto acosador\"}]},{\"@type\":\"WebSite\",\"@id\":\"https:\\\/\\\/www.aliadospuebla.com\\\/#website\",\"url\":\"https:\\\/\\\/www.aliadospuebla.com\\\/\",\"name\":\"AliadosPuebla\",\"description\":\"La informaci\u00f3n en tus manos\",\"potentialAction\":[{\"@type\":\"SearchAction\",\"target\":{\"@type\":\"EntryPoint\",\"urlTemplate\":\"https:\\\/\\\/www.aliadospuebla.com\\\/?s={search_term_string}\"},\"query-input\":{\"@type\":\"PropertyValueSpecification\",\"valueRequired\":true,\"valueName\":\"search_term_string\"}}],\"inLanguage\":\"es\"},{\"@type\":\"Person\",\"@id\":\"https:\\\/\\\/www.aliadospuebla.com\\\/#\\\/schema\\\/person\\\/5da7dd09320bd4f392b710017ed5f8ad\",\"name\":\"Aliados17\",\"image\":{\"@type\":\"ImageObject\",\"inLanguage\":\"es\",\"@id\":\"https:\\\/\\\/www.aliadospuebla.com\\\/web2017\\\/wp-content\\\/uploads\\\/2025\\\/03\\\/cropped-para-perfil-8-anos-1-96x96.jpg\",\"url\":\"https:\\\/\\\/www.aliadospuebla.com\\\/web2017\\\/wp-content\\\/uploads\\\/2025\\\/03\\\/cropped-para-perfil-8-anos-1-96x96.jpg\",\"contentUrl\":\"https:\\\/\\\/www.aliadospuebla.com\\\/web2017\\\/wp-content\\\/uploads\\\/2025\\\/03\\\/cropped-para-perfil-8-anos-1-96x96.jpg\",\"caption\":\"Aliados17\"},\"sameAs\":[\"https:\\\/\\\/www.aliados17.com\",\"https:\\\/\\\/www.facebook.com\\\/Aliados17Pue\",\"https:\\\/\\\/x.com\\\/AliadosPuebla\"],\"url\":\"https:\\\/\\\/www.aliadospuebla.com\\\/?author=2\"}]}<\/script>\n<!-- \/ Yoast SEO plugin. -->","yoast_head_json":{"title":"Detiene Polic\u00eda de Tlaxcala Capital a presunto acosador - AliadosPuebla","robots":{"index":"index","follow":"follow","max-snippet":"max-snippet:-1","max-image-preview":"max-image-preview:large","max-video-preview":"max-video-preview:-1"},"canonical":"https:\/\/www.aliadospuebla.com\/?p=70475","og_locale":"es_ES","og_type":"article","og_title":"Detiene Polic\u00eda de Tlaxcala Capital a presunto acosador - AliadosPuebla","og_description":"El individuo hostigaba e intimidaba a mujeres, denunciaron vecinos de la Colonia Centro Luego de escandalizar en la v\u00eda p\u00fablica y agredir verbalmente a varias mujeres, la Polic\u00eda Capitalina detuvo a un individuo. Los hechos ocurrieron en las inmediaciones del Boulevard Mariano S\u00e1nchez, de la Colonia Centro, cuando los agentes municipales recibieron el reporte de un individuo que ten\u00eda un comportamiento agresivo y se encontraba fuera de uno de los domicilios de la zona. Al arribo de la autoridad, se percataron de que varios colonos conten\u00edan al individuo que hab\u00eda hostigado con palabras obscenas y amenazaba a mujeres con agredirlas sexualmente. Ante la comisi\u00f3n del probable delito de acoso sexual, los uniformados procedieron a la detenci\u00f3n del imputado, identificado como Juan \u201cN\u201d, quien fue trasladado&hellip;Leer m\u00e1s...","og_url":"https:\/\/www.aliadospuebla.com\/?p=70475","og_site_name":"AliadosPuebla","article_author":"https:\/\/www.facebook.com\/Aliados17Pue","article_published_time":"2022-04-07T23:37:15+00:00","og_image":[{"width":600,"height":450,"url":"https:\/\/www.aliadospuebla.com\/web2017\/wp-content\/uploads\/2022\/04\/046-acosador.jpg","type":"image\/jpeg"}],"author":"Aliados17","twitter_card":"summary_large_image","twitter_creator":"@AliadosPuebla","twitter_misc":{"Escrito por":"Aliados17","Tiempo de lectura":"1 minuto"},"schema":{"@context":"https:\/\/schema.org","@graph":[{"@type":"Article","@id":"https:\/\/www.aliadospuebla.com\/?p=70475#article","isPartOf":{"@id":"https:\/\/www.aliadospuebla.com\/?p=70475"},"author":{"name":"Aliados17","@id":"https:\/\/www.aliadospuebla.com\/#\/schema\/person\/5da7dd09320bd4f392b710017ed5f8ad"},"headline":"Detiene Polic\u00eda de Tlaxcala Capital a presunto acosador","datePublished":"2022-04-07T23:37:15+00:00","mainEntityOfPage":{"@id":"https:\/\/www.aliadospuebla.com\/?p=70475"},"wordCount":169,"commentCount":0,"image":{"@id":"https:\/\/www.aliadospuebla.com\/?p=70475#primaryimage"},"thumbnailUrl":"https:\/\/www.aliadospuebla.com\/web2017\/wp-content\/uploads\/2022\/04\/046-acosador.jpg","keywords":["acosador","acoso sexual","AGRESIONES","MUJERES","Seguridad","TLAXCALA CAPITAL"],"articleSection":["Nacional"],"inLanguage":"es","potentialAction":[{"@type":"CommentAction","name":"Comment","target":["https:\/\/www.aliadospuebla.com\/?p=70475#respond"]}]},{"@type":"WebPage","@id":"https:\/\/www.aliadospuebla.com\/?p=70475","url":"https:\/\/www.aliadospuebla.com\/?p=70475","name":"Detiene Polic\u00eda de Tlaxcala Capital a presunto acosador - AliadosPuebla","isPartOf":{"@id":"https:\/\/www.aliadospuebla.com\/#website"},"primaryImageOfPage":{"@id":"https:\/\/www.aliadospuebla.com\/?p=70475#primaryimage"},"image":{"@id":"https:\/\/www.aliadospuebla.com\/?p=70475#primaryimage"},"thumbnailUrl":"https:\/\/www.aliadospuebla.com\/web2017\/wp-content\/uploads\/2022\/04\/046-acosador.jpg","datePublished":"2022-04-07T23:37:15+00:00","author":{"@id":"https:\/\/www.aliadospuebla.com\/#\/schema\/person\/5da7dd09320bd4f392b710017ed5f8ad"},"breadcrumb":{"@id":"https:\/\/www.aliadospuebla.com\/?p=70475#breadcrumb"},"inLanguage":"es","potentialAction":[{"@type":"ReadAction","target":["https:\/\/www.aliadospuebla.com\/?p=70475"]}]},{"@type":"ImageObject","inLanguage":"es","@id":"https:\/\/www.aliadospuebla.com\/?p=70475#primaryimage","url":"https:\/\/www.aliadospuebla.com\/web2017\/wp-content\/uploads\/2022\/04\/046-acosador.jpg","contentUrl":"https:\/\/www.aliadospuebla.com\/web2017\/wp-content\/uploads\/2022\/04\/046-acosador.jpg","width":600,"height":450},{"@type":"BreadcrumbList","@id":"https:\/\/www.aliadospuebla.com\/?p=70475#breadcrumb","itemListElement":[{"@type":"ListItem","position":1,"name":"Portada","item":"https:\/\/www.aliadospuebla.com\/"},{"@type":"ListItem","position":2,"name":"Detiene Polic\u00eda de Tlaxcala Capital a presunto acosador"}]},{"@type":"WebSite","@id":"https:\/\/www.aliadospuebla.com\/#website","url":"https:\/\/www.aliadospuebla.com\/","name":"AliadosPuebla","description":"La informaci\u00f3n en tus manos","potentialAction":[{"@type":"SearchAction","target":{"@type":"EntryPoint","urlTemplate":"https:\/\/www.aliadospuebla.com\/?s={search_term_string}"},"query-input":{"@type":"PropertyValueSpecification","valueRequired":true,"valueName":"search_term_string"}}],"inLanguage":"es"},{"@type":"Person","@id":"https:\/\/www.aliadospuebla.com\/#\/schema\/person\/5da7dd09320bd4f392b710017ed5f8ad","name":"Aliados17","image":{"@type":"ImageObject","inLanguage":"es","@id":"https:\/\/www.aliadospuebla.com\/web2017\/wp-content\/uploads\/2025\/03\/cropped-para-perfil-8-anos-1-96x96.jpg","url":"https:\/\/www.aliadospuebla.com\/web2017\/wp-content\/uploads\/2025\/03\/cropped-para-perfil-8-anos-1-96x96.jpg","contentUrl":"https:\/\/www.aliadospuebla.com\/web2017\/wp-content\/uploads\/2025\/03\/cropped-para-perfil-8-anos-1-96x96.jpg","caption":"Aliados17"},"sameAs":["https:\/\/www.aliados17.com","https:\/\/www.facebook.com\/Aliados17Pue","https:\/\/x.com\/AliadosPuebla"],"url":"https:\/\/www.aliadospuebla.com\/?author=2"}]}},"views":12,"_links":{"self":[{"href":"https:\/\/www.aliadospuebla.com\/index.php?rest_route=\/wp\/v2\/posts\/70475","targetHints":{"allow":["GET"]}}],"collection":[{"href":"https:\/\/www.aliadospuebla.com\/index.php?rest_route=\/wp\/v2\/posts"}],"about":[{"href":"https:\/\/www.aliadospuebla.com\/index.php?rest_route=\/wp\/v2\/types\/post"}],"author":[{"embeddable":true,"href":"https:\/\/www.aliadospuebla.com\/index.php?rest_route=\/wp\/v2\/users\/2"}],"replies":[{"embeddable":true,"href":"https:\/\/www.aliadospuebla.com\/index.php?rest_route=%2Fwp%2Fv2%2Fcomments&post=70475"}],"version-history":[{"count":1,"href":"https:\/\/www.aliadospuebla.com\/index.php?rest_route=\/wp\/v2\/posts\/70475\/revisions"}],"predecessor-version":[{"id":70478,"href":"https:\/\/www.aliadospuebla.com\/index.php?rest_route=\/wp\/v2\/posts\/70475\/revisions\/70478"}],"wp:featuredmedia":[{"embeddable":true,"href":"https:\/\/www.aliadospuebla.com\/index.php?rest_route=\/wp\/v2\/media\/70477"}],"wp:attachment":[{"href":"https:\/\/www.aliadospuebla.com\/index.php?rest_route=%2Fwp%2Fv2%2Fmedia&parent=70475"}],"wp:term":[{"taxonomy":"category","embeddable":true,"href":"https:\/\/www.aliadospuebla.com\/index.php?rest_route=%2Fwp%2Fv2%2Fcategories&post=70475"},{"taxonomy":"post_tag","embeddable":true,"href":"https:\/\/www.aliadospuebla.com\/index.php?rest_route=%2Fwp%2Fv2%2Ftags&post=70475"}],"curies":[{"name":"wp","href":"https:\/\/api.w.org\/{rel}","templated":true}]}}