{"id":70402,"date":"2022-04-05T22:39:55","date_gmt":"2022-04-06T03:39:55","guid":{"rendered":"https:\/\/www.aliados17.com\/?p=70402"},"modified":"2022-04-05T22:39:55","modified_gmt":"2022-04-06T03:39:55","slug":"vuelve-el-festival-pasion-en-su-decima-cuarta-edicion","status":"publish","type":"post","link":"https:\/\/www.aliadospuebla.com\/?p=70402","title":{"rendered":"Vuelve el Festival Pasi\u00f3n en su d\u00e9cima cuarta edici\u00f3n"},"content":{"rendered":"<p><strong>Puebla capital<\/strong> se llenar\u00e1 de m\u00fasica sacra y actividades<\/p>\n<p>para celebrar el patrimonio sonoro de la ciudad,<\/p>\n<p>pues volver\u00e1 el <strong>\u201cFestival Pasi\u00f3n\u201d<\/strong> en su d\u00e9cima cuarta edici\u00f3n del 6 al 10 de abril,<\/p>\n<p>como una conmemoraci\u00f3n especial dedicada al \u00faltimo maestro<\/p>\n<p>de capilla novohispano catedralicio, Manuel Arenzana.<\/p>\n<p>&nbsp;<\/p>\n<p>La programaci\u00f3n que ha preparado el <strong>Instituto Municipal de Arte y Cultura<\/strong><\/p>\n<p>para este <strong>Festival<\/strong> incluye conciertos, recorridos guiados, cine, conferencias<\/p>\n<p>y talleres que ser\u00e1n de acceso libre para toda la ciudadan\u00eda.<\/p>\n<p>&nbsp;<\/p>\n<p>El Z\u00f3calo, Patio de Palacio Municipal, templos y parroquias del Centro Hist\u00f3rico<\/p>\n<p>ser\u00e1n sede de estos encuentros sonoros; el Coro Ardente Consort,<\/p>\n<p>la Orquesta Sinf\u00f3nica del Benem\u00e9rito Conservatorio de M\u00fasica de Puebla,<\/p>\n<p>Stabat Mater, Dalila Franco Guti\u00e9rrez, Antonio Molero Sa\u00f1udo y Lidia Guerberof Hann<\/p>\n<p>son algunos de los exponentes musicales que participar\u00e1n en este magno evento.<\/p>\n<p>La programaci\u00f3n puede ser consultada en el portal https:\/\/pueblacapital.gob.mx\/<\/p>\n","protected":false},"excerpt":{"rendered":"<p>Puebla capital se llenar\u00e1 de m\u00fasica sacra y actividades para celebrar el patrimonio sonoro de la ciudad, pues volver\u00e1 el \u201cFestival Pasi\u00f3n\u201d en su d\u00e9cima cuarta edici\u00f3n del 6 al 10 de abril, como una conmemoraci\u00f3n especial dedicada al \u00faltimo maestro de capilla novohispano catedralicio, Manuel Arenzana. &nbsp; La programaci\u00f3n que ha preparado el Instituto Municipal de Arte y Cultura para este Festival incluye conciertos, recorridos guiados, cine, conferencias y talleres que ser\u00e1n de acceso libre para toda la ciudadan\u00eda. &nbsp; El Z\u00f3calo, Patio de Palacio Municipal, templos y parroquias del Centro Hist\u00f3rico ser\u00e1n sede de estos encuentros sonoros; el Coro Ardente Consort, la Orquesta Sinf\u00f3nica del Benem\u00e9rito Conservatorio de M\u00fasica de Puebla, Stabat Mater, Dalila Franco Guti\u00e9rrez, Antonio Molero Sa\u00f1udo y Lidia Guerberof Hann&hellip;<\/p>\n<p class=\"excerpt-more\"><a class=\"blog-excerpt button\" href=\"https:\/\/www.aliadospuebla.com\/?p=70402\">Leer m\u00e1s&#8230;<\/a><\/p>\n","protected":false},"author":2,"featured_media":70403,"comment_status":"open","ping_status":"open","sticky":false,"template":"","format":"standard","meta":{"_monsterinsights_skip_tracking":false,"footnotes":""},"categories":[62],"tags":[6823,782,9089,640,125],"class_list":["post-70402","post","type-post","status-publish","format-standard","has-post-thumbnail","hentry","category-capital","tag-conciertos","tag-conferencias","tag-festival-pasion","tag-imacp","tag-puebla-capital"],"yoast_head":"<!-- This site is optimized with the Yoast SEO plugin v28.3 - https:\/\/yoast.com\/product\/yoast-seo-wordpress\/ -->\n<title>Vuelve el Festival Pasi\u00f3n en su d\u00e9cima cuarta edici\u00f3n - AliadosPuebla<\/title>\n<meta name=\"robots\" content=\"index, follow, max-snippet:-1, max-image-preview:large, max-video-preview:-1\" \/>\n<link rel=\"canonical\" href=\"https:\/\/www.aliadospuebla.com\/?p=70402\" \/>\n<meta property=\"og:locale\" content=\"es_ES\" \/>\n<meta property=\"og:type\" content=\"article\" \/>\n<meta property=\"og:title\" content=\"Vuelve el Festival Pasi\u00f3n en su d\u00e9cima cuarta edici\u00f3n - AliadosPuebla\" \/>\n<meta property=\"og:description\" content=\"Puebla capital se llenar\u00e1 de m\u00fasica sacra y actividades para celebrar el patrimonio sonoro de la ciudad, pues volver\u00e1 el \u201cFestival Pasi\u00f3n\u201d en su d\u00e9cima cuarta edici\u00f3n del 6 al 10 de abril, como una conmemoraci\u00f3n especial dedicada al \u00faltimo maestro de capilla novohispano catedralicio, Manuel Arenzana. &nbsp; La programaci\u00f3n que ha preparado el Instituto Municipal de Arte y Cultura para este Festival incluye conciertos, recorridos guiados, cine, conferencias y talleres que ser\u00e1n de acceso libre para toda la ciudadan\u00eda. &nbsp; El Z\u00f3calo, Patio de Palacio Municipal, templos y parroquias del Centro Hist\u00f3rico ser\u00e1n sede de estos encuentros sonoros; el Coro Ardente Consort, la Orquesta Sinf\u00f3nica del Benem\u00e9rito Conservatorio de M\u00fasica de Puebla, Stabat Mater, Dalila Franco Guti\u00e9rrez, Antonio Molero Sa\u00f1udo y Lidia Guerberof Hann&hellip;Leer m\u00e1s...\" \/>\n<meta property=\"og:url\" content=\"https:\/\/www.aliadospuebla.com\/?p=70402\" \/>\n<meta property=\"og:site_name\" content=\"AliadosPuebla\" \/>\n<meta property=\"article:author\" content=\"https:\/\/www.facebook.com\/Aliados17Pue\" \/>\n<meta property=\"article:published_time\" content=\"2022-04-06T03:39:55+00:00\" \/>\n<meta property=\"og:image\" content=\"https:\/\/www.aliadospuebla.com\/web2017\/wp-content\/uploads\/2022\/04\/033-pasion.jpg\" \/>\n\t<meta property=\"og:image:width\" content=\"600\" \/>\n\t<meta property=\"og:image:height\" content=\"450\" \/>\n\t<meta property=\"og:image:type\" content=\"image\/jpeg\" \/>\n<meta name=\"author\" content=\"Aliados17\" \/>\n<meta name=\"twitter:card\" content=\"summary_large_image\" \/>\n<meta name=\"twitter:creator\" content=\"@AliadosPuebla\" \/>\n<meta name=\"twitter:label1\" content=\"Escrito por\" \/>\n\t<meta name=\"twitter:data1\" content=\"Aliados17\" \/>\n\t<meta name=\"twitter:label2\" content=\"Tiempo de lectura\" \/>\n\t<meta name=\"twitter:data2\" content=\"1 minuto\" \/>\n<script type=\"application\/ld+json\" class=\"yoast-schema-graph\">{\"@context\":\"https:\\\/\\\/schema.org\",\"@graph\":[{\"@type\":\"Article\",\"@id\":\"https:\\\/\\\/www.aliadospuebla.com\\\/?p=70402#article\",\"isPartOf\":{\"@id\":\"https:\\\/\\\/www.aliadospuebla.com\\\/?p=70402\"},\"author\":{\"name\":\"Aliados17\",\"@id\":\"https:\\\/\\\/www.aliadospuebla.com\\\/#\\\/schema\\\/person\\\/5da7dd09320bd4f392b710017ed5f8ad\"},\"headline\":\"Vuelve el Festival Pasi\u00f3n en su d\u00e9cima cuarta edici\u00f3n\",\"datePublished\":\"2022-04-06T03:39:55+00:00\",\"mainEntityOfPage\":{\"@id\":\"https:\\\/\\\/www.aliadospuebla.com\\\/?p=70402\"},\"wordCount\":177,\"commentCount\":0,\"image\":{\"@id\":\"https:\\\/\\\/www.aliadospuebla.com\\\/?p=70402#primaryimage\"},\"thumbnailUrl\":\"https:\\\/\\\/www.aliadospuebla.com\\\/web2017\\\/wp-content\\\/uploads\\\/2022\\\/04\\\/033-pasion.jpg\",\"keywords\":[\"CONCIERTOS\",\"CONFERENCIAS\",\"Festival pasi\u00f3n\",\"IMACP\",\"Puebla capital\"],\"articleSection\":[\"Capital\"],\"inLanguage\":\"es\",\"potentialAction\":[{\"@type\":\"CommentAction\",\"name\":\"Comment\",\"target\":[\"https:\\\/\\\/www.aliadospuebla.com\\\/?p=70402#respond\"]}]},{\"@type\":\"WebPage\",\"@id\":\"https:\\\/\\\/www.aliadospuebla.com\\\/?p=70402\",\"url\":\"https:\\\/\\\/www.aliadospuebla.com\\\/?p=70402\",\"name\":\"Vuelve el Festival Pasi\u00f3n en su d\u00e9cima cuarta edici\u00f3n - AliadosPuebla\",\"isPartOf\":{\"@id\":\"https:\\\/\\\/www.aliadospuebla.com\\\/#website\"},\"primaryImageOfPage\":{\"@id\":\"https:\\\/\\\/www.aliadospuebla.com\\\/?p=70402#primaryimage\"},\"image\":{\"@id\":\"https:\\\/\\\/www.aliadospuebla.com\\\/?p=70402#primaryimage\"},\"thumbnailUrl\":\"https:\\\/\\\/www.aliadospuebla.com\\\/web2017\\\/wp-content\\\/uploads\\\/2022\\\/04\\\/033-pasion.jpg\",\"datePublished\":\"2022-04-06T03:39:55+00:00\",\"author\":{\"@id\":\"https:\\\/\\\/www.aliadospuebla.com\\\/#\\\/schema\\\/person\\\/5da7dd09320bd4f392b710017ed5f8ad\"},\"breadcrumb\":{\"@id\":\"https:\\\/\\\/www.aliadospuebla.com\\\/?p=70402#breadcrumb\"},\"inLanguage\":\"es\",\"potentialAction\":[{\"@type\":\"ReadAction\",\"target\":[\"https:\\\/\\\/www.aliadospuebla.com\\\/?p=70402\"]}]},{\"@type\":\"ImageObject\",\"inLanguage\":\"es\",\"@id\":\"https:\\\/\\\/www.aliadospuebla.com\\\/?p=70402#primaryimage\",\"url\":\"https:\\\/\\\/www.aliadospuebla.com\\\/web2017\\\/wp-content\\\/uploads\\\/2022\\\/04\\\/033-pasion.jpg\",\"contentUrl\":\"https:\\\/\\\/www.aliadospuebla.com\\\/web2017\\\/wp-content\\\/uploads\\\/2022\\\/04\\\/033-pasion.jpg\",\"width\":600,\"height\":450},{\"@type\":\"BreadcrumbList\",\"@id\":\"https:\\\/\\\/www.aliadospuebla.com\\\/?p=70402#breadcrumb\",\"itemListElement\":[{\"@type\":\"ListItem\",\"position\":1,\"name\":\"Portada\",\"item\":\"https:\\\/\\\/www.aliadospuebla.com\\\/\"},{\"@type\":\"ListItem\",\"position\":2,\"name\":\"Vuelve el Festival Pasi\u00f3n en su d\u00e9cima cuarta edici\u00f3n\"}]},{\"@type\":\"WebSite\",\"@id\":\"https:\\\/\\\/www.aliadospuebla.com\\\/#website\",\"url\":\"https:\\\/\\\/www.aliadospuebla.com\\\/\",\"name\":\"AliadosPuebla\",\"description\":\"La informaci\u00f3n en tus manos\",\"potentialAction\":[{\"@type\":\"SearchAction\",\"target\":{\"@type\":\"EntryPoint\",\"urlTemplate\":\"https:\\\/\\\/www.aliadospuebla.com\\\/?s={search_term_string}\"},\"query-input\":{\"@type\":\"PropertyValueSpecification\",\"valueRequired\":true,\"valueName\":\"search_term_string\"}}],\"inLanguage\":\"es\"},{\"@type\":\"Person\",\"@id\":\"https:\\\/\\\/www.aliadospuebla.com\\\/#\\\/schema\\\/person\\\/5da7dd09320bd4f392b710017ed5f8ad\",\"name\":\"Aliados17\",\"image\":{\"@type\":\"ImageObject\",\"inLanguage\":\"es\",\"@id\":\"https:\\\/\\\/www.aliadospuebla.com\\\/web2017\\\/wp-content\\\/uploads\\\/2025\\\/03\\\/cropped-para-perfil-8-anos-1-96x96.jpg\",\"url\":\"https:\\\/\\\/www.aliadospuebla.com\\\/web2017\\\/wp-content\\\/uploads\\\/2025\\\/03\\\/cropped-para-perfil-8-anos-1-96x96.jpg\",\"contentUrl\":\"https:\\\/\\\/www.aliadospuebla.com\\\/web2017\\\/wp-content\\\/uploads\\\/2025\\\/03\\\/cropped-para-perfil-8-anos-1-96x96.jpg\",\"caption\":\"Aliados17\"},\"sameAs\":[\"https:\\\/\\\/www.aliados17.com\",\"https:\\\/\\\/www.facebook.com\\\/Aliados17Pue\",\"https:\\\/\\\/x.com\\\/AliadosPuebla\"],\"url\":\"https:\\\/\\\/www.aliadospuebla.com\\\/?author=2\"}]}<\/script>\n<!-- \/ Yoast SEO plugin. -->","yoast_head_json":{"title":"Vuelve el Festival Pasi\u00f3n en su d\u00e9cima cuarta edici\u00f3n - AliadosPuebla","robots":{"index":"index","follow":"follow","max-snippet":"max-snippet:-1","max-image-preview":"max-image-preview:large","max-video-preview":"max-video-preview:-1"},"canonical":"https:\/\/www.aliadospuebla.com\/?p=70402","og_locale":"es_ES","og_type":"article","og_title":"Vuelve el Festival Pasi\u00f3n en su d\u00e9cima cuarta edici\u00f3n - AliadosPuebla","og_description":"Puebla capital se llenar\u00e1 de m\u00fasica sacra y actividades para celebrar el patrimonio sonoro de la ciudad, pues volver\u00e1 el \u201cFestival Pasi\u00f3n\u201d en su d\u00e9cima cuarta edici\u00f3n del 6 al 10 de abril, como una conmemoraci\u00f3n especial dedicada al \u00faltimo maestro de capilla novohispano catedralicio, Manuel Arenzana. &nbsp; La programaci\u00f3n que ha preparado el Instituto Municipal de Arte y Cultura para este Festival incluye conciertos, recorridos guiados, cine, conferencias y talleres que ser\u00e1n de acceso libre para toda la ciudadan\u00eda. &nbsp; El Z\u00f3calo, Patio de Palacio Municipal, templos y parroquias del Centro Hist\u00f3rico ser\u00e1n sede de estos encuentros sonoros; el Coro Ardente Consort, la Orquesta Sinf\u00f3nica del Benem\u00e9rito Conservatorio de M\u00fasica de Puebla, Stabat Mater, Dalila Franco Guti\u00e9rrez, Antonio Molero Sa\u00f1udo y Lidia Guerberof Hann&hellip;Leer m\u00e1s...","og_url":"https:\/\/www.aliadospuebla.com\/?p=70402","og_site_name":"AliadosPuebla","article_author":"https:\/\/www.facebook.com\/Aliados17Pue","article_published_time":"2022-04-06T03:39:55+00:00","og_image":[{"width":600,"height":450,"url":"https:\/\/www.aliadospuebla.com\/web2017\/wp-content\/uploads\/2022\/04\/033-pasion.jpg","type":"image\/jpeg"}],"author":"Aliados17","twitter_card":"summary_large_image","twitter_creator":"@AliadosPuebla","twitter_misc":{"Escrito por":"Aliados17","Tiempo de lectura":"1 minuto"},"schema":{"@context":"https:\/\/schema.org","@graph":[{"@type":"Article","@id":"https:\/\/www.aliadospuebla.com\/?p=70402#article","isPartOf":{"@id":"https:\/\/www.aliadospuebla.com\/?p=70402"},"author":{"name":"Aliados17","@id":"https:\/\/www.aliadospuebla.com\/#\/schema\/person\/5da7dd09320bd4f392b710017ed5f8ad"},"headline":"Vuelve el Festival Pasi\u00f3n en su d\u00e9cima cuarta edici\u00f3n","datePublished":"2022-04-06T03:39:55+00:00","mainEntityOfPage":{"@id":"https:\/\/www.aliadospuebla.com\/?p=70402"},"wordCount":177,"commentCount":0,"image":{"@id":"https:\/\/www.aliadospuebla.com\/?p=70402#primaryimage"},"thumbnailUrl":"https:\/\/www.aliadospuebla.com\/web2017\/wp-content\/uploads\/2022\/04\/033-pasion.jpg","keywords":["CONCIERTOS","CONFERENCIAS","Festival pasi\u00f3n","IMACP","Puebla capital"],"articleSection":["Capital"],"inLanguage":"es","potentialAction":[{"@type":"CommentAction","name":"Comment","target":["https:\/\/www.aliadospuebla.com\/?p=70402#respond"]}]},{"@type":"WebPage","@id":"https:\/\/www.aliadospuebla.com\/?p=70402","url":"https:\/\/www.aliadospuebla.com\/?p=70402","name":"Vuelve el Festival Pasi\u00f3n en su d\u00e9cima cuarta edici\u00f3n - AliadosPuebla","isPartOf":{"@id":"https:\/\/www.aliadospuebla.com\/#website"},"primaryImageOfPage":{"@id":"https:\/\/www.aliadospuebla.com\/?p=70402#primaryimage"},"image":{"@id":"https:\/\/www.aliadospuebla.com\/?p=70402#primaryimage"},"thumbnailUrl":"https:\/\/www.aliadospuebla.com\/web2017\/wp-content\/uploads\/2022\/04\/033-pasion.jpg","datePublished":"2022-04-06T03:39:55+00:00","author":{"@id":"https:\/\/www.aliadospuebla.com\/#\/schema\/person\/5da7dd09320bd4f392b710017ed5f8ad"},"breadcrumb":{"@id":"https:\/\/www.aliadospuebla.com\/?p=70402#breadcrumb"},"inLanguage":"es","potentialAction":[{"@type":"ReadAction","target":["https:\/\/www.aliadospuebla.com\/?p=70402"]}]},{"@type":"ImageObject","inLanguage":"es","@id":"https:\/\/www.aliadospuebla.com\/?p=70402#primaryimage","url":"https:\/\/www.aliadospuebla.com\/web2017\/wp-content\/uploads\/2022\/04\/033-pasion.jpg","contentUrl":"https:\/\/www.aliadospuebla.com\/web2017\/wp-content\/uploads\/2022\/04\/033-pasion.jpg","width":600,"height":450},{"@type":"BreadcrumbList","@id":"https:\/\/www.aliadospuebla.com\/?p=70402#breadcrumb","itemListElement":[{"@type":"ListItem","position":1,"name":"Portada","item":"https:\/\/www.aliadospuebla.com\/"},{"@type":"ListItem","position":2,"name":"Vuelve el Festival Pasi\u00f3n en su d\u00e9cima cuarta edici\u00f3n"}]},{"@type":"WebSite","@id":"https:\/\/www.aliadospuebla.com\/#website","url":"https:\/\/www.aliadospuebla.com\/","name":"AliadosPuebla","description":"La informaci\u00f3n en tus manos","potentialAction":[{"@type":"SearchAction","target":{"@type":"EntryPoint","urlTemplate":"https:\/\/www.aliadospuebla.com\/?s={search_term_string}"},"query-input":{"@type":"PropertyValueSpecification","valueRequired":true,"valueName":"search_term_string"}}],"inLanguage":"es"},{"@type":"Person","@id":"https:\/\/www.aliadospuebla.com\/#\/schema\/person\/5da7dd09320bd4f392b710017ed5f8ad","name":"Aliados17","image":{"@type":"ImageObject","inLanguage":"es","@id":"https:\/\/www.aliadospuebla.com\/web2017\/wp-content\/uploads\/2025\/03\/cropped-para-perfil-8-anos-1-96x96.jpg","url":"https:\/\/www.aliadospuebla.com\/web2017\/wp-content\/uploads\/2025\/03\/cropped-para-perfil-8-anos-1-96x96.jpg","contentUrl":"https:\/\/www.aliadospuebla.com\/web2017\/wp-content\/uploads\/2025\/03\/cropped-para-perfil-8-anos-1-96x96.jpg","caption":"Aliados17"},"sameAs":["https:\/\/www.aliados17.com","https:\/\/www.facebook.com\/Aliados17Pue","https:\/\/x.com\/AliadosPuebla"],"url":"https:\/\/www.aliadospuebla.com\/?author=2"}]}},"views":4,"_links":{"self":[{"href":"https:\/\/www.aliadospuebla.com\/index.php?rest_route=\/wp\/v2\/posts\/70402","targetHints":{"allow":["GET"]}}],"collection":[{"href":"https:\/\/www.aliadospuebla.com\/index.php?rest_route=\/wp\/v2\/posts"}],"about":[{"href":"https:\/\/www.aliadospuebla.com\/index.php?rest_route=\/wp\/v2\/types\/post"}],"author":[{"embeddable":true,"href":"https:\/\/www.aliadospuebla.com\/index.php?rest_route=\/wp\/v2\/users\/2"}],"replies":[{"embeddable":true,"href":"https:\/\/www.aliadospuebla.com\/index.php?rest_route=%2Fwp%2Fv2%2Fcomments&post=70402"}],"version-history":[{"count":1,"href":"https:\/\/www.aliadospuebla.com\/index.php?rest_route=\/wp\/v2\/posts\/70402\/revisions"}],"predecessor-version":[{"id":70404,"href":"https:\/\/www.aliadospuebla.com\/index.php?rest_route=\/wp\/v2\/posts\/70402\/revisions\/70404"}],"wp:featuredmedia":[{"embeddable":true,"href":"https:\/\/www.aliadospuebla.com\/index.php?rest_route=\/wp\/v2\/media\/70403"}],"wp:attachment":[{"href":"https:\/\/www.aliadospuebla.com\/index.php?rest_route=%2Fwp%2Fv2%2Fmedia&parent=70402"}],"wp:term":[{"taxonomy":"category","embeddable":true,"href":"https:\/\/www.aliadospuebla.com\/index.php?rest_route=%2Fwp%2Fv2%2Fcategories&post=70402"},{"taxonomy":"post_tag","embeddable":true,"href":"https:\/\/www.aliadospuebla.com\/index.php?rest_route=%2Fwp%2Fv2%2Ftags&post=70402"}],"curies":[{"name":"wp","href":"https:\/\/api.w.org\/{rel}","templated":true}]}}