{"id":70180,"date":"2022-03-30T14:26:53","date_gmt":"2022-03-30T20:26:53","guid":{"rendered":"https:\/\/www.aliados17.com\/?p=70180"},"modified":"2022-03-30T14:29:11","modified_gmt":"2022-03-30T20:29:11","slug":"la-udlap-se-convierte-en-socio-de-world-urban-campaign-de-un-habitat","status":"publish","type":"post","link":"https:\/\/www.aliadospuebla.com\/?p=70180","title":{"rendered":"La UDLAP se convierte en socio de World Urban Campaign de UN Habitat"},"content":{"rendered":"<ul>\n<li>\n<h4><i>En el marco de este nombramiento, el 31 de marzo se celebrar\u00e1 el\u00a0<\/i><i>primer foro interuniversitario de discusi\u00f3n promovido por la UDLAP y la BUAP\u00a0<\/i><\/h4>\n<\/li>\n<\/ul>\n<p><b><span lang=\"ES-TRAD\">\u00a0<\/span><\/b>El Departamento de <strong>Arquitectura de la Universidad de las Am\u00e9ricas Puebla<\/strong><\/p>\n<p>fue aceptado como socio en <strong>World Urban Campaign<\/strong> del programa <strong>UN-Habitat<\/strong>,<\/p>\n<p>una plataforma global de colaboraci\u00f3n y promoci\u00f3n creada para concientizar<\/p>\n<p>sobre el <strong>fen\u00f3meno urbano positivo<\/strong>, con el fin de lograr ciudades verdes,<\/p>\n<p>productivas, seguras, saludables, inclusivas y bien planificadas.<\/p>\n<p>&nbsp;<\/p>\n<p>El nombramiento del <strong>Departamento de Arquitectura de la UDLAP<\/strong> como socio del WUC,<\/p>\n<p>representa el reconocimiento a la labor acad\u00e9mica en torno a las problem\u00e1ticas globales<\/p>\n<p>y su discusi\u00f3n desde lo local.<\/p>\n<p>Respecto a esto, el Mtro. Jose Luis Jaspeado Escalona, acad\u00e9mico del Departamento de Arquitectura,<\/p>\n<p>explic\u00f3 que vincularse con espacios como este aumenta la comprensi\u00f3n sobre temas complejos.<\/p>\n<h4>\u201cEs una oportunidad de escuchar un abanico amplio de reflexiones que ayuden a replantear y refrendar nuestro compromiso personal, acad\u00e9mico y profesional con el bien com\u00fan, siempre relacionado con el entorno construido y sus repercusiones en el medio ambiente\u201d<\/h4>\n<p>As\u00ed mismo, el acad\u00e9mico de la<strong> UDLAP<\/strong> mencion\u00f3 que el<strong> WUC<\/strong> constituye una forma de inteligencia colectiva<\/p>\n<p>constituida por m\u00e1s de 170 organizaciones en 16 circunscripciones, \u201clos socios de la campa\u00f1a son totalmente independientes<\/p>\n<p>y son escogidos a trav\u00e9s de la selecci\u00f3n de un proyecto que se somete a su consideraci\u00f3n,<\/p>\n<p>uno de los requisitos es contar con un aliado en la misma ubicaci\u00f3n geogr\u00e1fica\u201d,<\/p>\n<p>en este caso la <strong>Facultad de Arquitectura de la Benem\u00e9rita Universidad Aut\u00f3noma de Puebla<\/strong><\/p>\n<p>y el Departamento de Arquitectura de la <strong>UDLAP<\/strong> postularon el mismo proyecto consider\u00e1ndose como socios locales.<\/p>\n<p>&nbsp;<\/p>\n<h4>Por lo tanto, en el marco de la aceptaci\u00f3n del manifiesto, y con base en la visi\u00f3n, objetivo y misi\u00f3n del WUC se organiza el primer foro interuniversitario de discusi\u00f3n:<\/h4>\n<p>Comunidades vulnerables y cambio clim\u00e1tico, promovido por ambas instituciones.<\/p>\n<p>El foro tendr\u00e1 lugar el d\u00eda jueves 31 de marzo del a\u00f1o en curso y el objetivo es<\/p>\n<p>\u201cla presentaci\u00f3n de investigaciones, proyectos, trabajos, ideas y reflexiones<\/p>\n<p>sobre los efectos del cambio clim\u00e1tico y su impacto en las comunidades vulnerables del estado de Puebla\u201d,<\/p>\n<p>explic\u00f3 el acad\u00e9mico de la <strong>UDLAP<\/strong>.<\/p>\n<p>El WUC ofrece m\u00faltiples v\u00edas para dar voz y ayudar a desarrollar sinergias entre organizaciones<\/p>\n<p>a trav\u00e9s del di\u00e1logo y el intercambio de experiencias y conocimientos,<\/p>\n<p>tal como lo presentan los departamentos de arquitectura de dichas instituciones poblanas.<\/p>\n<p>Con la participaci\u00f3n y apoyo de iniciativas como esta, queda en evidencia el inter\u00e9s del Departamento de Arquitectura en atender a las problem\u00e1ticas que afrontan las personas que viven en las ciudades, las cuales fueron agudizadas por los retos sociales, econ\u00f3micos y pol\u00edticos que la pandemia del COVID 19 trajo. \u201cEsta situaci\u00f3n ha provocado retrocesos para alcanzar los Objetivos de Desarrollo Sostenible y reducir la pobreza, promover ciudades inclusivas, seguras, resilientes y sostenibles. Sin embargo, en el Departamento de Arquitectura pensamos en las ciudades, las zonas urbanas y metropolitanas como estructuras en las que se pueden generar sinergias que permitan avanzar hacia el desarrollo sostenible\u201d, concluy\u00f3.<\/p>\n","protected":false},"excerpt":{"rendered":"<p>En el marco de este nombramiento, el 31 de marzo se celebrar\u00e1 el\u00a0primer foro interuniversitario de discusi\u00f3n promovido por la UDLAP y la BUAP\u00a0 \u00a0El Departamento de Arquitectura de la Universidad de las Am\u00e9ricas Puebla fue aceptado como socio en World Urban Campaign del programa UN-Habitat, una plataforma global de colaboraci\u00f3n y promoci\u00f3n creada para concientizar sobre el fen\u00f3meno urbano positivo, con el fin de lograr ciudades verdes, productivas, seguras, saludables, inclusivas y bien planificadas. &nbsp; El nombramiento del Departamento de Arquitectura de la UDLAP como socio del WUC, representa el reconocimiento a la labor acad\u00e9mica en torno a las problem\u00e1ticas globales y su discusi\u00f3n desde lo local. Respecto a esto, el Mtro. Jose Luis Jaspeado Escalona, acad\u00e9mico del Departamento de Arquitectura, explic\u00f3 que vincularse&hellip;<\/p>\n<p class=\"excerpt-more\"><a class=\"blog-excerpt button\" href=\"https:\/\/www.aliadospuebla.com\/?p=70180\">Leer m\u00e1s&#8230;<\/a><\/p>\n","protected":false},"author":2,"featured_media":70183,"comment_status":"open","ping_status":"open","sticky":false,"template":"","format":"standard","meta":{"_monsterinsights_skip_tracking":false,"footnotes":""},"categories":[5],"tags":[671,653,1357,1472,63,18809],"class_list":["post-70180","post","type-post","status-publish","format-standard","has-post-thumbnail","hentry","category-universidades","tag-arquitectura","tag-buap","tag-comunidades","tag-proyectos","tag-udlap","tag-wuc"],"yoast_head":"<!-- This site is optimized with the Yoast SEO plugin v28.3 - https:\/\/yoast.com\/product\/yoast-seo-wordpress\/ -->\n<title>La UDLAP se convierte en socio de World Urban Campaign de UN Habitat - AliadosPuebla<\/title>\n<meta name=\"robots\" content=\"index, follow, max-snippet:-1, max-image-preview:large, max-video-preview:-1\" \/>\n<link rel=\"canonical\" href=\"https:\/\/www.aliadospuebla.com\/?p=70180\" \/>\n<meta property=\"og:locale\" content=\"es_ES\" \/>\n<meta property=\"og:type\" content=\"article\" \/>\n<meta property=\"og:title\" content=\"La UDLAP se convierte en socio de World Urban Campaign de UN Habitat - AliadosPuebla\" \/>\n<meta property=\"og:description\" content=\"En el marco de este nombramiento, el 31 de marzo se celebrar\u00e1 el\u00a0primer foro interuniversitario de discusi\u00f3n promovido por la UDLAP y la BUAP\u00a0 \u00a0El Departamento de Arquitectura de la Universidad de las Am\u00e9ricas Puebla fue aceptado como socio en World Urban Campaign del programa UN-Habitat, una plataforma global de colaboraci\u00f3n y promoci\u00f3n creada para concientizar sobre el fen\u00f3meno urbano positivo, con el fin de lograr ciudades verdes, productivas, seguras, saludables, inclusivas y bien planificadas. &nbsp; El nombramiento del Departamento de Arquitectura de la UDLAP como socio del WUC, representa el reconocimiento a la labor acad\u00e9mica en torno a las problem\u00e1ticas globales y su discusi\u00f3n desde lo local. Respecto a esto, el Mtro. Jose Luis Jaspeado Escalona, acad\u00e9mico del Departamento de Arquitectura, explic\u00f3 que vincularse&hellip;Leer m\u00e1s...\" \/>\n<meta property=\"og:url\" content=\"https:\/\/www.aliadospuebla.com\/?p=70180\" \/>\n<meta property=\"og:site_name\" content=\"AliadosPuebla\" \/>\n<meta property=\"article:author\" content=\"https:\/\/www.facebook.com\/Aliados17Pue\" \/>\n<meta property=\"article:published_time\" content=\"2022-03-30T20:26:53+00:00\" \/>\n<meta property=\"article:modified_time\" content=\"2022-03-30T20:29:11+00:00\" \/>\n<meta property=\"og:image\" content=\"https:\/\/www.aliadospuebla.com\/web2017\/wp-content\/uploads\/2022\/03\/217-UDLAP-1.jpg\" \/>\n\t<meta property=\"og:image:width\" content=\"600\" \/>\n\t<meta property=\"og:image:height\" content=\"450\" \/>\n\t<meta property=\"og:image:type\" content=\"image\/jpeg\" \/>\n<meta name=\"author\" content=\"Aliados17\" \/>\n<meta name=\"twitter:card\" content=\"summary_large_image\" \/>\n<meta name=\"twitter:creator\" content=\"@AliadosPuebla\" \/>\n<meta name=\"twitter:label1\" content=\"Escrito por\" \/>\n\t<meta name=\"twitter:data1\" content=\"Aliados17\" \/>\n\t<meta name=\"twitter:label2\" content=\"Tiempo de lectura\" \/>\n\t<meta name=\"twitter:data2\" content=\"3 minutos\" \/>\n<script type=\"application\/ld+json\" class=\"yoast-schema-graph\">{\"@context\":\"https:\\\/\\\/schema.org\",\"@graph\":[{\"@type\":\"Article\",\"@id\":\"https:\\\/\\\/www.aliadospuebla.com\\\/?p=70180#article\",\"isPartOf\":{\"@id\":\"https:\\\/\\\/www.aliadospuebla.com\\\/?p=70180\"},\"author\":{\"name\":\"Aliados17\",\"@id\":\"https:\\\/\\\/www.aliadospuebla.com\\\/#\\\/schema\\\/person\\\/5da7dd09320bd4f392b710017ed5f8ad\"},\"headline\":\"La UDLAP se convierte en socio de World Urban Campaign de UN Habitat\",\"datePublished\":\"2022-03-30T20:26:53+00:00\",\"dateModified\":\"2022-03-30T20:29:11+00:00\",\"mainEntityOfPage\":{\"@id\":\"https:\\\/\\\/www.aliadospuebla.com\\\/?p=70180\"},\"wordCount\":555,\"commentCount\":0,\"image\":{\"@id\":\"https:\\\/\\\/www.aliadospuebla.com\\\/?p=70180#primaryimage\"},\"thumbnailUrl\":\"https:\\\/\\\/www.aliadospuebla.com\\\/web2017\\\/wp-content\\\/uploads\\\/2022\\\/03\\\/217-UDLAP-1.jpg\",\"keywords\":[\"ARQUITECTURA\",\"BUAP\",\"COMUNIDADES\",\"PROYECTOS\",\"Udlap\",\"WUC\"],\"articleSection\":[\"Universidades\"],\"inLanguage\":\"es\",\"potentialAction\":[{\"@type\":\"CommentAction\",\"name\":\"Comment\",\"target\":[\"https:\\\/\\\/www.aliadospuebla.com\\\/?p=70180#respond\"]}]},{\"@type\":\"WebPage\",\"@id\":\"https:\\\/\\\/www.aliadospuebla.com\\\/?p=70180\",\"url\":\"https:\\\/\\\/www.aliadospuebla.com\\\/?p=70180\",\"name\":\"La UDLAP se convierte en socio de World Urban Campaign de UN Habitat - AliadosPuebla\",\"isPartOf\":{\"@id\":\"https:\\\/\\\/www.aliadospuebla.com\\\/#website\"},\"primaryImageOfPage\":{\"@id\":\"https:\\\/\\\/www.aliadospuebla.com\\\/?p=70180#primaryimage\"},\"image\":{\"@id\":\"https:\\\/\\\/www.aliadospuebla.com\\\/?p=70180#primaryimage\"},\"thumbnailUrl\":\"https:\\\/\\\/www.aliadospuebla.com\\\/web2017\\\/wp-content\\\/uploads\\\/2022\\\/03\\\/217-UDLAP-1.jpg\",\"datePublished\":\"2022-03-30T20:26:53+00:00\",\"dateModified\":\"2022-03-30T20:29:11+00:00\",\"author\":{\"@id\":\"https:\\\/\\\/www.aliadospuebla.com\\\/#\\\/schema\\\/person\\\/5da7dd09320bd4f392b710017ed5f8ad\"},\"breadcrumb\":{\"@id\":\"https:\\\/\\\/www.aliadospuebla.com\\\/?p=70180#breadcrumb\"},\"inLanguage\":\"es\",\"potentialAction\":[{\"@type\":\"ReadAction\",\"target\":[\"https:\\\/\\\/www.aliadospuebla.com\\\/?p=70180\"]}]},{\"@type\":\"ImageObject\",\"inLanguage\":\"es\",\"@id\":\"https:\\\/\\\/www.aliadospuebla.com\\\/?p=70180#primaryimage\",\"url\":\"https:\\\/\\\/www.aliadospuebla.com\\\/web2017\\\/wp-content\\\/uploads\\\/2022\\\/03\\\/217-UDLAP-1.jpg\",\"contentUrl\":\"https:\\\/\\\/www.aliadospuebla.com\\\/web2017\\\/wp-content\\\/uploads\\\/2022\\\/03\\\/217-UDLAP-1.jpg\",\"width\":600,\"height\":450},{\"@type\":\"BreadcrumbList\",\"@id\":\"https:\\\/\\\/www.aliadospuebla.com\\\/?p=70180#breadcrumb\",\"itemListElement\":[{\"@type\":\"ListItem\",\"position\":1,\"name\":\"Portada\",\"item\":\"https:\\\/\\\/www.aliadospuebla.com\\\/\"},{\"@type\":\"ListItem\",\"position\":2,\"name\":\"La UDLAP se convierte en socio de World Urban Campaign de UN Habitat\"}]},{\"@type\":\"WebSite\",\"@id\":\"https:\\\/\\\/www.aliadospuebla.com\\\/#website\",\"url\":\"https:\\\/\\\/www.aliadospuebla.com\\\/\",\"name\":\"AliadosPuebla\",\"description\":\"La informaci\u00f3n en tus manos\",\"potentialAction\":[{\"@type\":\"SearchAction\",\"target\":{\"@type\":\"EntryPoint\",\"urlTemplate\":\"https:\\\/\\\/www.aliadospuebla.com\\\/?s={search_term_string}\"},\"query-input\":{\"@type\":\"PropertyValueSpecification\",\"valueRequired\":true,\"valueName\":\"search_term_string\"}}],\"inLanguage\":\"es\"},{\"@type\":\"Person\",\"@id\":\"https:\\\/\\\/www.aliadospuebla.com\\\/#\\\/schema\\\/person\\\/5da7dd09320bd4f392b710017ed5f8ad\",\"name\":\"Aliados17\",\"image\":{\"@type\":\"ImageObject\",\"inLanguage\":\"es\",\"@id\":\"https:\\\/\\\/www.aliadospuebla.com\\\/web2017\\\/wp-content\\\/uploads\\\/2025\\\/03\\\/cropped-para-perfil-8-anos-1-96x96.jpg\",\"url\":\"https:\\\/\\\/www.aliadospuebla.com\\\/web2017\\\/wp-content\\\/uploads\\\/2025\\\/03\\\/cropped-para-perfil-8-anos-1-96x96.jpg\",\"contentUrl\":\"https:\\\/\\\/www.aliadospuebla.com\\\/web2017\\\/wp-content\\\/uploads\\\/2025\\\/03\\\/cropped-para-perfil-8-anos-1-96x96.jpg\",\"caption\":\"Aliados17\"},\"sameAs\":[\"https:\\\/\\\/www.aliados17.com\",\"https:\\\/\\\/www.facebook.com\\\/Aliados17Pue\",\"https:\\\/\\\/x.com\\\/AliadosPuebla\"],\"url\":\"https:\\\/\\\/www.aliadospuebla.com\\\/?author=2\"}]}<\/script>\n<!-- \/ Yoast SEO plugin. -->","yoast_head_json":{"title":"La UDLAP se convierte en socio de World Urban Campaign de UN Habitat - AliadosPuebla","robots":{"index":"index","follow":"follow","max-snippet":"max-snippet:-1","max-image-preview":"max-image-preview:large","max-video-preview":"max-video-preview:-1"},"canonical":"https:\/\/www.aliadospuebla.com\/?p=70180","og_locale":"es_ES","og_type":"article","og_title":"La UDLAP se convierte en socio de World Urban Campaign de UN Habitat - AliadosPuebla","og_description":"En el marco de este nombramiento, el 31 de marzo se celebrar\u00e1 el\u00a0primer foro interuniversitario de discusi\u00f3n promovido por la UDLAP y la BUAP\u00a0 \u00a0El Departamento de Arquitectura de la Universidad de las Am\u00e9ricas Puebla fue aceptado como socio en World Urban Campaign del programa UN-Habitat, una plataforma global de colaboraci\u00f3n y promoci\u00f3n creada para concientizar sobre el fen\u00f3meno urbano positivo, con el fin de lograr ciudades verdes, productivas, seguras, saludables, inclusivas y bien planificadas. &nbsp; El nombramiento del Departamento de Arquitectura de la UDLAP como socio del WUC, representa el reconocimiento a la labor acad\u00e9mica en torno a las problem\u00e1ticas globales y su discusi\u00f3n desde lo local. Respecto a esto, el Mtro. Jose Luis Jaspeado Escalona, acad\u00e9mico del Departamento de Arquitectura, explic\u00f3 que vincularse&hellip;Leer m\u00e1s...","og_url":"https:\/\/www.aliadospuebla.com\/?p=70180","og_site_name":"AliadosPuebla","article_author":"https:\/\/www.facebook.com\/Aliados17Pue","article_published_time":"2022-03-30T20:26:53+00:00","article_modified_time":"2022-03-30T20:29:11+00:00","og_image":[{"width":600,"height":450,"url":"https:\/\/www.aliadospuebla.com\/web2017\/wp-content\/uploads\/2022\/03\/217-UDLAP-1.jpg","type":"image\/jpeg"}],"author":"Aliados17","twitter_card":"summary_large_image","twitter_creator":"@AliadosPuebla","twitter_misc":{"Escrito por":"Aliados17","Tiempo de lectura":"3 minutos"},"schema":{"@context":"https:\/\/schema.org","@graph":[{"@type":"Article","@id":"https:\/\/www.aliadospuebla.com\/?p=70180#article","isPartOf":{"@id":"https:\/\/www.aliadospuebla.com\/?p=70180"},"author":{"name":"Aliados17","@id":"https:\/\/www.aliadospuebla.com\/#\/schema\/person\/5da7dd09320bd4f392b710017ed5f8ad"},"headline":"La UDLAP se convierte en socio de World Urban Campaign de UN Habitat","datePublished":"2022-03-30T20:26:53+00:00","dateModified":"2022-03-30T20:29:11+00:00","mainEntityOfPage":{"@id":"https:\/\/www.aliadospuebla.com\/?p=70180"},"wordCount":555,"commentCount":0,"image":{"@id":"https:\/\/www.aliadospuebla.com\/?p=70180#primaryimage"},"thumbnailUrl":"https:\/\/www.aliadospuebla.com\/web2017\/wp-content\/uploads\/2022\/03\/217-UDLAP-1.jpg","keywords":["ARQUITECTURA","BUAP","COMUNIDADES","PROYECTOS","Udlap","WUC"],"articleSection":["Universidades"],"inLanguage":"es","potentialAction":[{"@type":"CommentAction","name":"Comment","target":["https:\/\/www.aliadospuebla.com\/?p=70180#respond"]}]},{"@type":"WebPage","@id":"https:\/\/www.aliadospuebla.com\/?p=70180","url":"https:\/\/www.aliadospuebla.com\/?p=70180","name":"La UDLAP se convierte en socio de World Urban Campaign de UN Habitat - AliadosPuebla","isPartOf":{"@id":"https:\/\/www.aliadospuebla.com\/#website"},"primaryImageOfPage":{"@id":"https:\/\/www.aliadospuebla.com\/?p=70180#primaryimage"},"image":{"@id":"https:\/\/www.aliadospuebla.com\/?p=70180#primaryimage"},"thumbnailUrl":"https:\/\/www.aliadospuebla.com\/web2017\/wp-content\/uploads\/2022\/03\/217-UDLAP-1.jpg","datePublished":"2022-03-30T20:26:53+00:00","dateModified":"2022-03-30T20:29:11+00:00","author":{"@id":"https:\/\/www.aliadospuebla.com\/#\/schema\/person\/5da7dd09320bd4f392b710017ed5f8ad"},"breadcrumb":{"@id":"https:\/\/www.aliadospuebla.com\/?p=70180#breadcrumb"},"inLanguage":"es","potentialAction":[{"@type":"ReadAction","target":["https:\/\/www.aliadospuebla.com\/?p=70180"]}]},{"@type":"ImageObject","inLanguage":"es","@id":"https:\/\/www.aliadospuebla.com\/?p=70180#primaryimage","url":"https:\/\/www.aliadospuebla.com\/web2017\/wp-content\/uploads\/2022\/03\/217-UDLAP-1.jpg","contentUrl":"https:\/\/www.aliadospuebla.com\/web2017\/wp-content\/uploads\/2022\/03\/217-UDLAP-1.jpg","width":600,"height":450},{"@type":"BreadcrumbList","@id":"https:\/\/www.aliadospuebla.com\/?p=70180#breadcrumb","itemListElement":[{"@type":"ListItem","position":1,"name":"Portada","item":"https:\/\/www.aliadospuebla.com\/"},{"@type":"ListItem","position":2,"name":"La UDLAP se convierte en socio de World Urban Campaign de UN Habitat"}]},{"@type":"WebSite","@id":"https:\/\/www.aliadospuebla.com\/#website","url":"https:\/\/www.aliadospuebla.com\/","name":"AliadosPuebla","description":"La informaci\u00f3n en tus manos","potentialAction":[{"@type":"SearchAction","target":{"@type":"EntryPoint","urlTemplate":"https:\/\/www.aliadospuebla.com\/?s={search_term_string}"},"query-input":{"@type":"PropertyValueSpecification","valueRequired":true,"valueName":"search_term_string"}}],"inLanguage":"es"},{"@type":"Person","@id":"https:\/\/www.aliadospuebla.com\/#\/schema\/person\/5da7dd09320bd4f392b710017ed5f8ad","name":"Aliados17","image":{"@type":"ImageObject","inLanguage":"es","@id":"https:\/\/www.aliadospuebla.com\/web2017\/wp-content\/uploads\/2025\/03\/cropped-para-perfil-8-anos-1-96x96.jpg","url":"https:\/\/www.aliadospuebla.com\/web2017\/wp-content\/uploads\/2025\/03\/cropped-para-perfil-8-anos-1-96x96.jpg","contentUrl":"https:\/\/www.aliadospuebla.com\/web2017\/wp-content\/uploads\/2025\/03\/cropped-para-perfil-8-anos-1-96x96.jpg","caption":"Aliados17"},"sameAs":["https:\/\/www.aliados17.com","https:\/\/www.facebook.com\/Aliados17Pue","https:\/\/x.com\/AliadosPuebla"],"url":"https:\/\/www.aliadospuebla.com\/?author=2"}]}},"views":12,"_links":{"self":[{"href":"https:\/\/www.aliadospuebla.com\/index.php?rest_route=\/wp\/v2\/posts\/70180","targetHints":{"allow":["GET"]}}],"collection":[{"href":"https:\/\/www.aliadospuebla.com\/index.php?rest_route=\/wp\/v2\/posts"}],"about":[{"href":"https:\/\/www.aliadospuebla.com\/index.php?rest_route=\/wp\/v2\/types\/post"}],"author":[{"embeddable":true,"href":"https:\/\/www.aliadospuebla.com\/index.php?rest_route=\/wp\/v2\/users\/2"}],"replies":[{"embeddable":true,"href":"https:\/\/www.aliadospuebla.com\/index.php?rest_route=%2Fwp%2Fv2%2Fcomments&post=70180"}],"version-history":[{"count":1,"href":"https:\/\/www.aliadospuebla.com\/index.php?rest_route=\/wp\/v2\/posts\/70180\/revisions"}],"predecessor-version":[{"id":70182,"href":"https:\/\/www.aliadospuebla.com\/index.php?rest_route=\/wp\/v2\/posts\/70180\/revisions\/70182"}],"wp:featuredmedia":[{"embeddable":true,"href":"https:\/\/www.aliadospuebla.com\/index.php?rest_route=\/wp\/v2\/media\/70183"}],"wp:attachment":[{"href":"https:\/\/www.aliadospuebla.com\/index.php?rest_route=%2Fwp%2Fv2%2Fmedia&parent=70180"}],"wp:term":[{"taxonomy":"category","embeddable":true,"href":"https:\/\/www.aliadospuebla.com\/index.php?rest_route=%2Fwp%2Fv2%2Fcategories&post=70180"},{"taxonomy":"post_tag","embeddable":true,"href":"https:\/\/www.aliadospuebla.com\/index.php?rest_route=%2Fwp%2Fv2%2Ftags&post=70180"}],"curies":[{"name":"wp","href":"https:\/\/api.w.org\/{rel}","templated":true}]}}