{"id":69920,"date":"2022-03-23T09:20:09","date_gmt":"2022-03-23T15:20:09","guid":{"rendered":"https:\/\/www.aliados17.com\/?p=69920"},"modified":"2022-03-23T09:20:09","modified_gmt":"2022-03-23T15:20:09","slug":"ayuntamiento-de-san-pedro-cholula-impulsa-acciones-para-el-cuidado-del-agua-y-el-medio-ambiente","status":"publish","type":"post","link":"https:\/\/www.aliadospuebla.com\/?p=69920","title":{"rendered":"AYUNTAMIENTO DE SAN PEDRO CHOLULA IMPULSA ACCIONES PARA EL CUIDADO DEL AGUA Y EL MEDIO AMBIENTE"},"content":{"rendered":"<p>San Pedro Cholula, Pue.- En el marco de la conmemoraci\u00f3n del \u201c<strong>D\u00eda Mundial del Agua<\/strong>\u201d,<\/p>\n<p>la presidenta municipal, <strong>Paola Angon<\/strong>, visit\u00f3 al cuerpo estudiantil<\/p>\n<p>del<strong> Instituto Garc\u00eda de Cisneros<\/strong>, para dar a conocer las acciones<\/p>\n<p>que desde el ayuntamiento se llevan a cabo en el municipio,<\/p>\n<p>para el <strong>cuidado del medio ambiente<\/strong> y los recursos naturales.<\/p>\n<p>&nbsp;<\/p>\n<p>Durante su mensaje a ni\u00f1as, ni\u00f1os y j\u00f3venes, <strong>Angon Silva<\/strong> enfatiz\u00f3 que<\/p>\n<p>el cuidado del agua, as\u00ed como del medio ambiente en general,<\/p>\n<p>requiere de la participaci\u00f3n de todos, ya que la suma de esfuerzos permitir\u00e1<\/p>\n<p>lograr mejores resultados, para heredar un mejor futuro a las nuevas generaciones.<\/p>\n<p>&nbsp;<\/p>\n<h4>\u00abHagamos consciencia en cuidar la naturaleza, estamos en un momento de cambio clim\u00e1tico extremo en el que peque\u00f1as acciones hacen la diferencia\u00bb<\/h4>\n<p>&nbsp;<\/p>\n<p>En este sentido, para involucrar a las nuevas generaciones en el <strong>cuidado del ecosistema<\/strong>,<\/p>\n<p>a trav\u00e9s de la <strong>Direcci\u00f3n de Ecolog\u00eda y Medio Ambiente<\/strong>, se donaron a esta instituci\u00f3n 100 \u00e1rboles,<\/p>\n<p>al tiempo de recordar su importancia en la renovaci\u00f3n del ox\u00edgeno y la recarga de los mantos fre\u00e1ticos.<\/p>\n<p>&nbsp;<\/p>\n<p>Al respecto, el Director del Sistema Operador de los Servicios de Agua Potable y Alcantarillado (SOSAPACH),<\/p>\n<p><strong>Jos\u00e9 Luis Carpinteyro<\/strong>, anunci\u00f3 que desde el organismo se emprender\u00e1 en las escuelas la campa\u00f1a \u201cCERO PET\u201d,<\/p>\n<p>con la que se busca que la ni\u00f1ez y adolescencia cholulteca reduzcan desde sus centros educativos<\/p>\n<p>el uso de envases de pl\u00e1stico, sustituy\u00e9ndolos por termos de larga duraci\u00f3n.<\/p>\n<p>&nbsp;<\/p>\n<p>Por ello, <strong>Carpinteyro Lazcano<\/strong> exhort\u00f3 a los alumnos del Cisneros a participar desde sus casas<\/p>\n<p>y con su familia en el uso racional del agua y el cuidado a este recurso natural,<\/p>\n<p>pues ante los estragos provocados por la contaminaci\u00f3n y el calentamiento global,<\/p>\n<p>muchos hogares han visto reducido el abasto de agua potable, lo que representa un llamado de atenci\u00f3n<\/p>\n<p>a tomar cartas en el asunto para mejorar y garantizar su abasto futuro.<\/p>\n<p>&nbsp;<\/p>\n<p>Es importante resaltar que, en caso de una fuga de agua o alg\u00fan reporte ciudadano, pueden contactar al SOSAPACH a trav\u00e9s de su n\u00famero de atenci\u00f3n telef\u00f3nico (222) 247-01-15, mediante sus redes sociales o de forma presencial en la Casa del Pueblo para seguimiento y atenci\u00f3n.<\/p>\n","protected":false},"excerpt":{"rendered":"<p>San Pedro Cholula, Pue.- En el marco de la conmemoraci\u00f3n del \u201cD\u00eda Mundial del Agua\u201d, la presidenta municipal, Paola Angon, visit\u00f3 al cuerpo estudiantil del Instituto Garc\u00eda de Cisneros, para dar a conocer las acciones que desde el ayuntamiento se llevan a cabo en el municipio, para el cuidado del medio ambiente y los recursos naturales. &nbsp; Durante su mensaje a ni\u00f1as, ni\u00f1os y j\u00f3venes, Angon Silva enfatiz\u00f3 que el cuidado del agua, as\u00ed como del medio ambiente en general, requiere de la participaci\u00f3n de todos, ya que la suma de esfuerzos permitir\u00e1 lograr mejores resultados, para heredar un mejor futuro a las nuevas generaciones. &nbsp; \u00abHagamos consciencia en cuidar la naturaleza, estamos en un momento de cambio clim\u00e1tico extremo en el que peque\u00f1as acciones&hellip;<\/p>\n<p class=\"excerpt-more\"><a class=\"blog-excerpt button\" href=\"https:\/\/www.aliadospuebla.com\/?p=69920\">Leer m\u00e1s&#8230;<\/a><\/p>\n","protected":false},"author":2,"featured_media":69921,"comment_status":"open","ping_status":"open","sticky":false,"template":"","format":"standard","meta":{"_monsterinsights_skip_tracking":false,"footnotes":""},"categories":[4],"tags":[76,18733,18732,584,15797,387,7371],"class_list":["post-69920","post","type-post","status-publish","format-standard","has-post-thumbnail","hentry","category-municipios","tag-agua","tag-cuidado-del-ecosistema","tag-jose-luis-carpinteyro","tag-medio-ambiente","tag-paola-angon","tag-san-pedro-cholula","tag-sosapach"],"yoast_head":"<!-- This site is optimized with the Yoast SEO plugin v28.3 - https:\/\/yoast.com\/product\/yoast-seo-wordpress\/ -->\n<title>AYUNTAMIENTO DE SAN PEDRO CHOLULA IMPULSA ACCIONES PARA EL CUIDADO DEL AGUA Y EL MEDIO AMBIENTE - AliadosPuebla<\/title>\n<meta name=\"robots\" content=\"index, follow, max-snippet:-1, max-image-preview:large, max-video-preview:-1\" \/>\n<link rel=\"canonical\" href=\"https:\/\/www.aliadospuebla.com\/?p=69920\" \/>\n<meta property=\"og:locale\" content=\"es_ES\" \/>\n<meta property=\"og:type\" content=\"article\" \/>\n<meta property=\"og:title\" content=\"AYUNTAMIENTO DE SAN PEDRO CHOLULA IMPULSA ACCIONES PARA EL CUIDADO DEL AGUA Y EL MEDIO AMBIENTE - AliadosPuebla\" \/>\n<meta property=\"og:description\" content=\"San Pedro Cholula, Pue.- En el marco de la conmemoraci\u00f3n del \u201cD\u00eda Mundial del Agua\u201d, la presidenta municipal, Paola Angon, visit\u00f3 al cuerpo estudiantil del Instituto Garc\u00eda de Cisneros, para dar a conocer las acciones que desde el ayuntamiento se llevan a cabo en el municipio, para el cuidado del medio ambiente y los recursos naturales. &nbsp; Durante su mensaje a ni\u00f1as, ni\u00f1os y j\u00f3venes, Angon Silva enfatiz\u00f3 que el cuidado del agua, as\u00ed como del medio ambiente en general, requiere de la participaci\u00f3n de todos, ya que la suma de esfuerzos permitir\u00e1 lograr mejores resultados, para heredar un mejor futuro a las nuevas generaciones. &nbsp; \u00abHagamos consciencia en cuidar la naturaleza, estamos en un momento de cambio clim\u00e1tico extremo en el que peque\u00f1as acciones&hellip;Leer m\u00e1s...\" \/>\n<meta property=\"og:url\" content=\"https:\/\/www.aliadospuebla.com\/?p=69920\" \/>\n<meta property=\"og:site_name\" content=\"AliadosPuebla\" \/>\n<meta property=\"article:author\" content=\"https:\/\/www.facebook.com\/Aliados17Pue\" \/>\n<meta property=\"article:published_time\" content=\"2022-03-23T15:20:09+00:00\" \/>\n<meta property=\"og:image\" content=\"https:\/\/www.aliadospuebla.com\/web2017\/wp-content\/uploads\/2022\/03\/165-medio-ambiente.jpg\" \/>\n\t<meta property=\"og:image:width\" content=\"600\" \/>\n\t<meta property=\"og:image:height\" content=\"450\" \/>\n\t<meta property=\"og:image:type\" content=\"image\/jpeg\" \/>\n<meta name=\"author\" content=\"Aliados17\" \/>\n<meta name=\"twitter:card\" content=\"summary_large_image\" \/>\n<meta name=\"twitter:creator\" content=\"@AliadosPuebla\" \/>\n<meta name=\"twitter:label1\" content=\"Escrito por\" \/>\n\t<meta name=\"twitter:data1\" content=\"Aliados17\" \/>\n\t<meta name=\"twitter:label2\" content=\"Tiempo de lectura\" \/>\n\t<meta name=\"twitter:data2\" content=\"2 minutos\" \/>\n<script type=\"application\/ld+json\" class=\"yoast-schema-graph\">{\"@context\":\"https:\\\/\\\/schema.org\",\"@graph\":[{\"@type\":\"Article\",\"@id\":\"https:\\\/\\\/www.aliadospuebla.com\\\/?p=69920#article\",\"isPartOf\":{\"@id\":\"https:\\\/\\\/www.aliadospuebla.com\\\/?p=69920\"},\"author\":{\"name\":\"Aliados17\",\"@id\":\"https:\\\/\\\/www.aliadospuebla.com\\\/#\\\/schema\\\/person\\\/5da7dd09320bd4f392b710017ed5f8ad\"},\"headline\":\"AYUNTAMIENTO DE SAN PEDRO CHOLULA IMPULSA ACCIONES PARA EL CUIDADO DEL AGUA Y EL MEDIO AMBIENTE\",\"datePublished\":\"2022-03-23T15:20:09+00:00\",\"mainEntityOfPage\":{\"@id\":\"https:\\\/\\\/www.aliadospuebla.com\\\/?p=69920\"},\"wordCount\":407,\"commentCount\":0,\"image\":{\"@id\":\"https:\\\/\\\/www.aliadospuebla.com\\\/?p=69920#primaryimage\"},\"thumbnailUrl\":\"https:\\\/\\\/www.aliadospuebla.com\\\/web2017\\\/wp-content\\\/uploads\\\/2022\\\/03\\\/165-medio-ambiente.jpg\",\"keywords\":[\"Agua\",\"cuidado del ecosistema\",\"Jos\u00e9 Luis Carpinteyro\",\"MEDIO AMBIENTE\",\"PAOLA ANGON\",\"SAN PEDRO CHOLULA\",\"SOSAPACH\"],\"articleSection\":[\"Municipios\"],\"inLanguage\":\"es\",\"potentialAction\":[{\"@type\":\"CommentAction\",\"name\":\"Comment\",\"target\":[\"https:\\\/\\\/www.aliadospuebla.com\\\/?p=69920#respond\"]}]},{\"@type\":\"WebPage\",\"@id\":\"https:\\\/\\\/www.aliadospuebla.com\\\/?p=69920\",\"url\":\"https:\\\/\\\/www.aliadospuebla.com\\\/?p=69920\",\"name\":\"AYUNTAMIENTO DE SAN PEDRO CHOLULA IMPULSA ACCIONES PARA EL CUIDADO DEL AGUA Y EL MEDIO AMBIENTE - AliadosPuebla\",\"isPartOf\":{\"@id\":\"https:\\\/\\\/www.aliadospuebla.com\\\/#website\"},\"primaryImageOfPage\":{\"@id\":\"https:\\\/\\\/www.aliadospuebla.com\\\/?p=69920#primaryimage\"},\"image\":{\"@id\":\"https:\\\/\\\/www.aliadospuebla.com\\\/?p=69920#primaryimage\"},\"thumbnailUrl\":\"https:\\\/\\\/www.aliadospuebla.com\\\/web2017\\\/wp-content\\\/uploads\\\/2022\\\/03\\\/165-medio-ambiente.jpg\",\"datePublished\":\"2022-03-23T15:20:09+00:00\",\"author\":{\"@id\":\"https:\\\/\\\/www.aliadospuebla.com\\\/#\\\/schema\\\/person\\\/5da7dd09320bd4f392b710017ed5f8ad\"},\"breadcrumb\":{\"@id\":\"https:\\\/\\\/www.aliadospuebla.com\\\/?p=69920#breadcrumb\"},\"inLanguage\":\"es\",\"potentialAction\":[{\"@type\":\"ReadAction\",\"target\":[\"https:\\\/\\\/www.aliadospuebla.com\\\/?p=69920\"]}]},{\"@type\":\"ImageObject\",\"inLanguage\":\"es\",\"@id\":\"https:\\\/\\\/www.aliadospuebla.com\\\/?p=69920#primaryimage\",\"url\":\"https:\\\/\\\/www.aliadospuebla.com\\\/web2017\\\/wp-content\\\/uploads\\\/2022\\\/03\\\/165-medio-ambiente.jpg\",\"contentUrl\":\"https:\\\/\\\/www.aliadospuebla.com\\\/web2017\\\/wp-content\\\/uploads\\\/2022\\\/03\\\/165-medio-ambiente.jpg\",\"width\":600,\"height\":450},{\"@type\":\"BreadcrumbList\",\"@id\":\"https:\\\/\\\/www.aliadospuebla.com\\\/?p=69920#breadcrumb\",\"itemListElement\":[{\"@type\":\"ListItem\",\"position\":1,\"name\":\"Portada\",\"item\":\"https:\\\/\\\/www.aliadospuebla.com\\\/\"},{\"@type\":\"ListItem\",\"position\":2,\"name\":\"AYUNTAMIENTO DE SAN PEDRO CHOLULA IMPULSA ACCIONES PARA EL CUIDADO DEL AGUA Y EL MEDIO AMBIENTE\"}]},{\"@type\":\"WebSite\",\"@id\":\"https:\\\/\\\/www.aliadospuebla.com\\\/#website\",\"url\":\"https:\\\/\\\/www.aliadospuebla.com\\\/\",\"name\":\"AliadosPuebla\",\"description\":\"La informaci\u00f3n en tus manos\",\"potentialAction\":[{\"@type\":\"SearchAction\",\"target\":{\"@type\":\"EntryPoint\",\"urlTemplate\":\"https:\\\/\\\/www.aliadospuebla.com\\\/?s={search_term_string}\"},\"query-input\":{\"@type\":\"PropertyValueSpecification\",\"valueRequired\":true,\"valueName\":\"search_term_string\"}}],\"inLanguage\":\"es\"},{\"@type\":\"Person\",\"@id\":\"https:\\\/\\\/www.aliadospuebla.com\\\/#\\\/schema\\\/person\\\/5da7dd09320bd4f392b710017ed5f8ad\",\"name\":\"Aliados17\",\"image\":{\"@type\":\"ImageObject\",\"inLanguage\":\"es\",\"@id\":\"https:\\\/\\\/www.aliadospuebla.com\\\/web2017\\\/wp-content\\\/uploads\\\/2025\\\/03\\\/cropped-para-perfil-8-anos-1-96x96.jpg\",\"url\":\"https:\\\/\\\/www.aliadospuebla.com\\\/web2017\\\/wp-content\\\/uploads\\\/2025\\\/03\\\/cropped-para-perfil-8-anos-1-96x96.jpg\",\"contentUrl\":\"https:\\\/\\\/www.aliadospuebla.com\\\/web2017\\\/wp-content\\\/uploads\\\/2025\\\/03\\\/cropped-para-perfil-8-anos-1-96x96.jpg\",\"caption\":\"Aliados17\"},\"sameAs\":[\"https:\\\/\\\/www.aliados17.com\",\"https:\\\/\\\/www.facebook.com\\\/Aliados17Pue\",\"https:\\\/\\\/x.com\\\/AliadosPuebla\"],\"url\":\"https:\\\/\\\/www.aliadospuebla.com\\\/?author=2\"}]}<\/script>\n<!-- \/ Yoast SEO plugin. -->","yoast_head_json":{"title":"AYUNTAMIENTO DE SAN PEDRO CHOLULA IMPULSA ACCIONES PARA EL CUIDADO DEL AGUA Y EL MEDIO AMBIENTE - AliadosPuebla","robots":{"index":"index","follow":"follow","max-snippet":"max-snippet:-1","max-image-preview":"max-image-preview:large","max-video-preview":"max-video-preview:-1"},"canonical":"https:\/\/www.aliadospuebla.com\/?p=69920","og_locale":"es_ES","og_type":"article","og_title":"AYUNTAMIENTO DE SAN PEDRO CHOLULA IMPULSA ACCIONES PARA EL CUIDADO DEL AGUA Y EL MEDIO AMBIENTE - AliadosPuebla","og_description":"San Pedro Cholula, Pue.- En el marco de la conmemoraci\u00f3n del \u201cD\u00eda Mundial del Agua\u201d, la presidenta municipal, Paola Angon, visit\u00f3 al cuerpo estudiantil del Instituto Garc\u00eda de Cisneros, para dar a conocer las acciones que desde el ayuntamiento se llevan a cabo en el municipio, para el cuidado del medio ambiente y los recursos naturales. &nbsp; Durante su mensaje a ni\u00f1as, ni\u00f1os y j\u00f3venes, Angon Silva enfatiz\u00f3 que el cuidado del agua, as\u00ed como del medio ambiente en general, requiere de la participaci\u00f3n de todos, ya que la suma de esfuerzos permitir\u00e1 lograr mejores resultados, para heredar un mejor futuro a las nuevas generaciones. &nbsp; \u00abHagamos consciencia en cuidar la naturaleza, estamos en un momento de cambio clim\u00e1tico extremo en el que peque\u00f1as acciones&hellip;Leer m\u00e1s...","og_url":"https:\/\/www.aliadospuebla.com\/?p=69920","og_site_name":"AliadosPuebla","article_author":"https:\/\/www.facebook.com\/Aliados17Pue","article_published_time":"2022-03-23T15:20:09+00:00","og_image":[{"width":600,"height":450,"url":"https:\/\/www.aliadospuebla.com\/web2017\/wp-content\/uploads\/2022\/03\/165-medio-ambiente.jpg","type":"image\/jpeg"}],"author":"Aliados17","twitter_card":"summary_large_image","twitter_creator":"@AliadosPuebla","twitter_misc":{"Escrito por":"Aliados17","Tiempo de lectura":"2 minutos"},"schema":{"@context":"https:\/\/schema.org","@graph":[{"@type":"Article","@id":"https:\/\/www.aliadospuebla.com\/?p=69920#article","isPartOf":{"@id":"https:\/\/www.aliadospuebla.com\/?p=69920"},"author":{"name":"Aliados17","@id":"https:\/\/www.aliadospuebla.com\/#\/schema\/person\/5da7dd09320bd4f392b710017ed5f8ad"},"headline":"AYUNTAMIENTO DE SAN PEDRO CHOLULA IMPULSA ACCIONES PARA EL CUIDADO DEL AGUA Y EL MEDIO AMBIENTE","datePublished":"2022-03-23T15:20:09+00:00","mainEntityOfPage":{"@id":"https:\/\/www.aliadospuebla.com\/?p=69920"},"wordCount":407,"commentCount":0,"image":{"@id":"https:\/\/www.aliadospuebla.com\/?p=69920#primaryimage"},"thumbnailUrl":"https:\/\/www.aliadospuebla.com\/web2017\/wp-content\/uploads\/2022\/03\/165-medio-ambiente.jpg","keywords":["Agua","cuidado del ecosistema","Jos\u00e9 Luis Carpinteyro","MEDIO AMBIENTE","PAOLA ANGON","SAN PEDRO CHOLULA","SOSAPACH"],"articleSection":["Municipios"],"inLanguage":"es","potentialAction":[{"@type":"CommentAction","name":"Comment","target":["https:\/\/www.aliadospuebla.com\/?p=69920#respond"]}]},{"@type":"WebPage","@id":"https:\/\/www.aliadospuebla.com\/?p=69920","url":"https:\/\/www.aliadospuebla.com\/?p=69920","name":"AYUNTAMIENTO DE SAN PEDRO CHOLULA IMPULSA ACCIONES PARA EL CUIDADO DEL AGUA Y EL MEDIO AMBIENTE - AliadosPuebla","isPartOf":{"@id":"https:\/\/www.aliadospuebla.com\/#website"},"primaryImageOfPage":{"@id":"https:\/\/www.aliadospuebla.com\/?p=69920#primaryimage"},"image":{"@id":"https:\/\/www.aliadospuebla.com\/?p=69920#primaryimage"},"thumbnailUrl":"https:\/\/www.aliadospuebla.com\/web2017\/wp-content\/uploads\/2022\/03\/165-medio-ambiente.jpg","datePublished":"2022-03-23T15:20:09+00:00","author":{"@id":"https:\/\/www.aliadospuebla.com\/#\/schema\/person\/5da7dd09320bd4f392b710017ed5f8ad"},"breadcrumb":{"@id":"https:\/\/www.aliadospuebla.com\/?p=69920#breadcrumb"},"inLanguage":"es","potentialAction":[{"@type":"ReadAction","target":["https:\/\/www.aliadospuebla.com\/?p=69920"]}]},{"@type":"ImageObject","inLanguage":"es","@id":"https:\/\/www.aliadospuebla.com\/?p=69920#primaryimage","url":"https:\/\/www.aliadospuebla.com\/web2017\/wp-content\/uploads\/2022\/03\/165-medio-ambiente.jpg","contentUrl":"https:\/\/www.aliadospuebla.com\/web2017\/wp-content\/uploads\/2022\/03\/165-medio-ambiente.jpg","width":600,"height":450},{"@type":"BreadcrumbList","@id":"https:\/\/www.aliadospuebla.com\/?p=69920#breadcrumb","itemListElement":[{"@type":"ListItem","position":1,"name":"Portada","item":"https:\/\/www.aliadospuebla.com\/"},{"@type":"ListItem","position":2,"name":"AYUNTAMIENTO DE SAN PEDRO CHOLULA IMPULSA ACCIONES PARA EL CUIDADO DEL AGUA Y EL MEDIO AMBIENTE"}]},{"@type":"WebSite","@id":"https:\/\/www.aliadospuebla.com\/#website","url":"https:\/\/www.aliadospuebla.com\/","name":"AliadosPuebla","description":"La informaci\u00f3n en tus manos","potentialAction":[{"@type":"SearchAction","target":{"@type":"EntryPoint","urlTemplate":"https:\/\/www.aliadospuebla.com\/?s={search_term_string}"},"query-input":{"@type":"PropertyValueSpecification","valueRequired":true,"valueName":"search_term_string"}}],"inLanguage":"es"},{"@type":"Person","@id":"https:\/\/www.aliadospuebla.com\/#\/schema\/person\/5da7dd09320bd4f392b710017ed5f8ad","name":"Aliados17","image":{"@type":"ImageObject","inLanguage":"es","@id":"https:\/\/www.aliadospuebla.com\/web2017\/wp-content\/uploads\/2025\/03\/cropped-para-perfil-8-anos-1-96x96.jpg","url":"https:\/\/www.aliadospuebla.com\/web2017\/wp-content\/uploads\/2025\/03\/cropped-para-perfil-8-anos-1-96x96.jpg","contentUrl":"https:\/\/www.aliadospuebla.com\/web2017\/wp-content\/uploads\/2025\/03\/cropped-para-perfil-8-anos-1-96x96.jpg","caption":"Aliados17"},"sameAs":["https:\/\/www.aliados17.com","https:\/\/www.facebook.com\/Aliados17Pue","https:\/\/x.com\/AliadosPuebla"],"url":"https:\/\/www.aliadospuebla.com\/?author=2"}]}},"views":9,"_links":{"self":[{"href":"https:\/\/www.aliadospuebla.com\/index.php?rest_route=\/wp\/v2\/posts\/69920","targetHints":{"allow":["GET"]}}],"collection":[{"href":"https:\/\/www.aliadospuebla.com\/index.php?rest_route=\/wp\/v2\/posts"}],"about":[{"href":"https:\/\/www.aliadospuebla.com\/index.php?rest_route=\/wp\/v2\/types\/post"}],"author":[{"embeddable":true,"href":"https:\/\/www.aliadospuebla.com\/index.php?rest_route=\/wp\/v2\/users\/2"}],"replies":[{"embeddable":true,"href":"https:\/\/www.aliadospuebla.com\/index.php?rest_route=%2Fwp%2Fv2%2Fcomments&post=69920"}],"version-history":[{"count":1,"href":"https:\/\/www.aliadospuebla.com\/index.php?rest_route=\/wp\/v2\/posts\/69920\/revisions"}],"predecessor-version":[{"id":69922,"href":"https:\/\/www.aliadospuebla.com\/index.php?rest_route=\/wp\/v2\/posts\/69920\/revisions\/69922"}],"wp:featuredmedia":[{"embeddable":true,"href":"https:\/\/www.aliadospuebla.com\/index.php?rest_route=\/wp\/v2\/media\/69921"}],"wp:attachment":[{"href":"https:\/\/www.aliadospuebla.com\/index.php?rest_route=%2Fwp%2Fv2%2Fmedia&parent=69920"}],"wp:term":[{"taxonomy":"category","embeddable":true,"href":"https:\/\/www.aliadospuebla.com\/index.php?rest_route=%2Fwp%2Fv2%2Fcategories&post=69920"},{"taxonomy":"post_tag","embeddable":true,"href":"https:\/\/www.aliadospuebla.com\/index.php?rest_route=%2Fwp%2Fv2%2Ftags&post=69920"}],"curies":[{"name":"wp","href":"https:\/\/api.w.org\/{rel}","templated":true}]}}