{"id":69768,"date":"2022-03-16T11:53:24","date_gmt":"2022-03-16T17:53:24","guid":{"rendered":"https:\/\/www.aliados17.com\/?p=69768"},"modified":"2022-03-16T11:53:24","modified_gmt":"2022-03-16T17:53:24","slug":"34-recintos-participaran-este-sabado-en-una-edicion-mas-de-noche-de-museos","status":"publish","type":"post","link":"https:\/\/www.aliadospuebla.com\/?p=69768","title":{"rendered":"34 recintos participaran este s\u00e1bado en una edici\u00f3n m\u00e1s de Noche de Museos"},"content":{"rendered":"<h4>Suman 34 los recintos de Puebla capital, Zacatl\u00e1n y Teziutl\u00e1n que abrir\u00e1n sus puertas este s\u00e1bado 19 de marzo, para una edici\u00f3n m\u00e1s de Noche de Museos, coordinada por la Secretar\u00eda de Econom\u00eda y Turismo del Ayuntamiento poblano.<\/h4>\n<p>El acceso ser\u00e1 sin costo desde m\u00e1s 17 y hasta las 22 horas, siguiendo los protocolos emitidos por las autoridades sanitarias.<\/p>\n<p>Los Museos que participan en esta edici\u00f3n son:<br \/>\n1. Galer\u00eda de Arte de Palacio Municipal.<br \/>\n2. Museo Jos\u00e9 Luis Bello y Zetina<br \/>\n3. Museo Universitario \u00abCasa de los Mu\u00f1ecos\u00bb<br \/>\n4. MUI Museo Urbano Interactivo<br \/>\n5. Museo Casa del Mendrugo.<br \/>\n6. Galer\u00eda De Los Sapos &#8211; Arte y Subastas<br \/>\n7. Museo Amparo.<br \/>\n8. Museo Viviente de Puebla.<br \/>\n9. Club y Museo del Autom\u00f3vil.<br \/>\n10. Casa Clan, Museo de Historia Scout.<br \/>\n11. Kuadrante Bodega de Arte.<br \/>\n12. Museo Nacional de los Ferrocarriles Mexicanos.<br \/>\n13. Museo UPAEP<br \/>\n14. Sala Jos\u00e9 Luis Rodr\u00edguez Alconedo del Barrio del Artista<br \/>\n15. Barrio del Artista Rinc\u00f3n Hist\u00f3rico<br \/>\n16. Museo de la Talavera Poblana Armando<br \/>\n17. Galer\u00eda de Arte Ana Sof\u00eda<br \/>\n18. Pasaje Hist\u00f3rico 5 de mayo<br \/>\n19. Puente de Bubas<br \/>\n20. Deanlu Galer\u00eda de Arte, Hotel Casona Mar\u00eda<br \/>\n21. Arboterra. Dentro del Parque Ecol\u00f3gico Revoluci\u00f3n Mexicana<br \/>\n22. Casa de Cultura de Teziutl\u00e1n<br \/>\n23. Museo Zacatl\u00e1n MUZA<br \/>\n24. Museo Regional Comunitario Luciano M\u00e1rquez Becerra<br \/>\n25. Museo de Relojer\u00eda Alberto Olvera Hern\u00e1ndez<br \/>\n26. Biblioteca Palafoxiana.<br \/>\n27. Museo Taller Erasto Cort\u00e9s.<br \/>\n28. San Pedro Museo de Arte.<br \/>\n29. Museo Regional \u201cCasa de Alfe\u00f1ique\u201d.<br \/>\n30. Museo Regional de la Revoluci\u00f3n Mexicana Casa de los Hermanos Serd\u00e1n<br \/>\n31. Museo Jos\u00e9 Luis Bello y Gonz\u00e1lez<br \/>\n32. Patio de los Azulejos.<br \/>\n33. Museo de Arte Popular \u201cEx Convento de Santa Rosa\u201d.<br \/>\n34. Museo del Ej\u00e9rcito y Fuerza A\u00e9rea Mexicanos.<\/p>\n<p>Las pr\u00f3ximas ediciones de la <strong>Noche de Museos<\/strong> ser\u00e1n el viernes 15 y s\u00e1bado 16 de abril en el marco de la Semana Santa en Puebla.<\/p>\n","protected":false},"excerpt":{"rendered":"<p>Suman 34 los recintos de Puebla capital, Zacatl\u00e1n y Teziutl\u00e1n que abrir\u00e1n sus puertas este s\u00e1bado 19 de marzo, para una edici\u00f3n m\u00e1s de Noche de Museos, coordinada por la Secretar\u00eda de Econom\u00eda y Turismo del Ayuntamiento poblano. El acceso ser\u00e1 sin costo desde m\u00e1s 17 y hasta las 22 horas, siguiendo los protocolos emitidos por las autoridades sanitarias. Los Museos que participan en esta edici\u00f3n son: 1. Galer\u00eda de Arte de Palacio Municipal. 2. Museo Jos\u00e9 Luis Bello y Zetina 3. Museo Universitario \u00abCasa de los Mu\u00f1ecos\u00bb 4. MUI Museo Urbano Interactivo 5. Museo Casa del Mendrugo. 6. Galer\u00eda De Los Sapos &#8211; Arte y Subastas 7. Museo Amparo. 8. Museo Viviente de Puebla. 9. Club y Museo del Autom\u00f3vil. 10. Casa Clan, Museo&hellip;<\/p>\n<p class=\"excerpt-more\"><a class=\"blog-excerpt button\" href=\"https:\/\/www.aliadospuebla.com\/?p=69768\">Leer m\u00e1s&#8230;<\/a><\/p>\n","protected":false},"author":2,"featured_media":69769,"comment_status":"open","ping_status":"open","sticky":false,"template":"","format":"standard","meta":{"_monsterinsights_skip_tracking":false,"footnotes":""},"categories":[62],"tags":[18683,158,2796,72,127],"class_list":["post-69768","post","type-post","status-publish","format-standard","has-post-thumbnail","hentry","category-capital","tag-18683","tag-cultura","tag-noche-de-museos","tag-puebla","tag-turismo"],"yoast_head":"<!-- This site is optimized with the Yoast SEO plugin v28.4 - https:\/\/yoast.com\/product\/yoast-seo-wordpress\/ -->\n<title>34 recintos participaran este s\u00e1bado en una edici\u00f3n m\u00e1s de Noche de Museos - AliadosPuebla<\/title>\n<meta name=\"robots\" content=\"index, follow, max-snippet:-1, max-image-preview:large, max-video-preview:-1\" \/>\n<link rel=\"canonical\" href=\"https:\/\/www.aliadospuebla.com\/?p=69768\" \/>\n<meta property=\"og:locale\" content=\"es_ES\" \/>\n<meta property=\"og:type\" content=\"article\" \/>\n<meta property=\"og:title\" content=\"34 recintos participaran este s\u00e1bado en una edici\u00f3n m\u00e1s de Noche de Museos - AliadosPuebla\" \/>\n<meta property=\"og:description\" content=\"Suman 34 los recintos de Puebla capital, Zacatl\u00e1n y Teziutl\u00e1n que abrir\u00e1n sus puertas este s\u00e1bado 19 de marzo, para una edici\u00f3n m\u00e1s de Noche de Museos, coordinada por la Secretar\u00eda de Econom\u00eda y Turismo del Ayuntamiento poblano. El acceso ser\u00e1 sin costo desde m\u00e1s 17 y hasta las 22 horas, siguiendo los protocolos emitidos por las autoridades sanitarias. Los Museos que participan en esta edici\u00f3n son: 1. Galer\u00eda de Arte de Palacio Municipal. 2. Museo Jos\u00e9 Luis Bello y Zetina 3. Museo Universitario \u00abCasa de los Mu\u00f1ecos\u00bb 4. MUI Museo Urbano Interactivo 5. Museo Casa del Mendrugo. 6. Galer\u00eda De Los Sapos &#8211; Arte y Subastas 7. Museo Amparo. 8. Museo Viviente de Puebla. 9. Club y Museo del Autom\u00f3vil. 10. Casa Clan, Museo&hellip;Leer m\u00e1s...\" \/>\n<meta property=\"og:url\" content=\"https:\/\/www.aliadospuebla.com\/?p=69768\" \/>\n<meta property=\"og:site_name\" content=\"AliadosPuebla\" \/>\n<meta property=\"article:author\" content=\"https:\/\/www.facebook.com\/Aliados17Pue\" \/>\n<meta property=\"article:published_time\" content=\"2022-03-16T17:53:24+00:00\" \/>\n<meta property=\"og:image\" content=\"https:\/\/www.aliadospuebla.com\/web2017\/wp-content\/uploads\/2022\/03\/126-noche-de-museos.jpg\" \/>\n\t<meta property=\"og:image:width\" content=\"600\" \/>\n\t<meta property=\"og:image:height\" content=\"450\" \/>\n\t<meta property=\"og:image:type\" content=\"image\/jpeg\" \/>\n<meta name=\"author\" content=\"Aliados17\" \/>\n<meta name=\"twitter:card\" content=\"summary_large_image\" \/>\n<meta name=\"twitter:creator\" content=\"@AliadosPuebla\" \/>\n<meta name=\"twitter:label1\" content=\"Escrito por\" \/>\n\t<meta name=\"twitter:data1\" content=\"Aliados17\" \/>\n\t<meta name=\"twitter:label2\" content=\"Tiempo de lectura\" \/>\n\t<meta name=\"twitter:data2\" content=\"2 minutos\" \/>\n<script type=\"application\/ld+json\" class=\"yoast-schema-graph\">{\"@context\":\"https:\\\/\\\/schema.org\",\"@graph\":[{\"@type\":\"Article\",\"@id\":\"https:\\\/\\\/www.aliadospuebla.com\\\/?p=69768#article\",\"isPartOf\":{\"@id\":\"https:\\\/\\\/www.aliadospuebla.com\\\/?p=69768\"},\"author\":{\"name\":\"Aliados17\",\"@id\":\"https:\\\/\\\/www.aliadospuebla.com\\\/#\\\/schema\\\/person\\\/5da7dd09320bd4f392b710017ed5f8ad\"},\"headline\":\"34 recintos participaran este s\u00e1bado en una edici\u00f3n m\u00e1s de Noche de Museos\",\"datePublished\":\"2022-03-16T17:53:24+00:00\",\"mainEntityOfPage\":{\"@id\":\"https:\\\/\\\/www.aliadospuebla.com\\\/?p=69768\"},\"wordCount\":323,\"commentCount\":0,\"image\":{\"@id\":\"https:\\\/\\\/www.aliadospuebla.com\\\/?p=69768#primaryimage\"},\"thumbnailUrl\":\"https:\\\/\\\/www.aliadospuebla.com\\\/web2017\\\/wp-content\\\/uploads\\\/2022\\\/03\\\/126-noche-de-museos.jpg\",\"keywords\":[\"34\",\"Cultura\",\"NOCHE DE MUSEOS\",\"Puebla\",\"turismo\"],\"articleSection\":[\"Capital\"],\"inLanguage\":\"es\",\"potentialAction\":[{\"@type\":\"CommentAction\",\"name\":\"Comment\",\"target\":[\"https:\\\/\\\/www.aliadospuebla.com\\\/?p=69768#respond\"]}]},{\"@type\":\"WebPage\",\"@id\":\"https:\\\/\\\/www.aliadospuebla.com\\\/?p=69768\",\"url\":\"https:\\\/\\\/www.aliadospuebla.com\\\/?p=69768\",\"name\":\"34 recintos participaran este s\u00e1bado en una edici\u00f3n m\u00e1s de Noche de Museos - AliadosPuebla\",\"isPartOf\":{\"@id\":\"https:\\\/\\\/www.aliadospuebla.com\\\/#website\"},\"primaryImageOfPage\":{\"@id\":\"https:\\\/\\\/www.aliadospuebla.com\\\/?p=69768#primaryimage\"},\"image\":{\"@id\":\"https:\\\/\\\/www.aliadospuebla.com\\\/?p=69768#primaryimage\"},\"thumbnailUrl\":\"https:\\\/\\\/www.aliadospuebla.com\\\/web2017\\\/wp-content\\\/uploads\\\/2022\\\/03\\\/126-noche-de-museos.jpg\",\"datePublished\":\"2022-03-16T17:53:24+00:00\",\"author\":{\"@id\":\"https:\\\/\\\/www.aliadospuebla.com\\\/#\\\/schema\\\/person\\\/5da7dd09320bd4f392b710017ed5f8ad\"},\"breadcrumb\":{\"@id\":\"https:\\\/\\\/www.aliadospuebla.com\\\/?p=69768#breadcrumb\"},\"inLanguage\":\"es\",\"potentialAction\":[{\"@type\":\"ReadAction\",\"target\":[\"https:\\\/\\\/www.aliadospuebla.com\\\/?p=69768\"]}]},{\"@type\":\"ImageObject\",\"inLanguage\":\"es\",\"@id\":\"https:\\\/\\\/www.aliadospuebla.com\\\/?p=69768#primaryimage\",\"url\":\"https:\\\/\\\/www.aliadospuebla.com\\\/web2017\\\/wp-content\\\/uploads\\\/2022\\\/03\\\/126-noche-de-museos.jpg\",\"contentUrl\":\"https:\\\/\\\/www.aliadospuebla.com\\\/web2017\\\/wp-content\\\/uploads\\\/2022\\\/03\\\/126-noche-de-museos.jpg\",\"width\":600,\"height\":450},{\"@type\":\"BreadcrumbList\",\"@id\":\"https:\\\/\\\/www.aliadospuebla.com\\\/?p=69768#breadcrumb\",\"itemListElement\":[{\"@type\":\"ListItem\",\"position\":1,\"name\":\"Portada\",\"item\":\"https:\\\/\\\/www.aliadospuebla.com\\\/\"},{\"@type\":\"ListItem\",\"position\":2,\"name\":\"34 recintos participaran este s\u00e1bado en una edici\u00f3n m\u00e1s de Noche de Museos\"}]},{\"@type\":\"WebSite\",\"@id\":\"https:\\\/\\\/www.aliadospuebla.com\\\/#website\",\"url\":\"https:\\\/\\\/www.aliadospuebla.com\\\/\",\"name\":\"AliadosPuebla\",\"description\":\"La informaci\u00f3n en tus manos\",\"potentialAction\":[{\"@type\":\"SearchAction\",\"target\":{\"@type\":\"EntryPoint\",\"urlTemplate\":\"https:\\\/\\\/www.aliadospuebla.com\\\/?s={search_term_string}\"},\"query-input\":{\"@type\":\"PropertyValueSpecification\",\"valueRequired\":true,\"valueName\":\"search_term_string\"}}],\"inLanguage\":\"es\"},{\"@type\":\"Person\",\"@id\":\"https:\\\/\\\/www.aliadospuebla.com\\\/#\\\/schema\\\/person\\\/5da7dd09320bd4f392b710017ed5f8ad\",\"name\":\"Aliados17\",\"image\":{\"@type\":\"ImageObject\",\"inLanguage\":\"es\",\"@id\":\"https:\\\/\\\/www.aliadospuebla.com\\\/web2017\\\/wp-content\\\/uploads\\\/2025\\\/03\\\/cropped-para-perfil-8-anos-1-96x96.jpg\",\"url\":\"https:\\\/\\\/www.aliadospuebla.com\\\/web2017\\\/wp-content\\\/uploads\\\/2025\\\/03\\\/cropped-para-perfil-8-anos-1-96x96.jpg\",\"contentUrl\":\"https:\\\/\\\/www.aliadospuebla.com\\\/web2017\\\/wp-content\\\/uploads\\\/2025\\\/03\\\/cropped-para-perfil-8-anos-1-96x96.jpg\",\"caption\":\"Aliados17\"},\"sameAs\":[\"https:\\\/\\\/www.aliados17.com\",\"https:\\\/\\\/www.facebook.com\\\/Aliados17Pue\",\"https:\\\/\\\/x.com\\\/AliadosPuebla\"],\"url\":\"https:\\\/\\\/www.aliadospuebla.com\\\/?author=2\"}]}<\/script>\n<!-- \/ Yoast SEO plugin. -->","yoast_head_json":{"title":"34 recintos participaran este s\u00e1bado en una edici\u00f3n m\u00e1s de Noche de Museos - AliadosPuebla","robots":{"index":"index","follow":"follow","max-snippet":"max-snippet:-1","max-image-preview":"max-image-preview:large","max-video-preview":"max-video-preview:-1"},"canonical":"https:\/\/www.aliadospuebla.com\/?p=69768","og_locale":"es_ES","og_type":"article","og_title":"34 recintos participaran este s\u00e1bado en una edici\u00f3n m\u00e1s de Noche de Museos - AliadosPuebla","og_description":"Suman 34 los recintos de Puebla capital, Zacatl\u00e1n y Teziutl\u00e1n que abrir\u00e1n sus puertas este s\u00e1bado 19 de marzo, para una edici\u00f3n m\u00e1s de Noche de Museos, coordinada por la Secretar\u00eda de Econom\u00eda y Turismo del Ayuntamiento poblano. El acceso ser\u00e1 sin costo desde m\u00e1s 17 y hasta las 22 horas, siguiendo los protocolos emitidos por las autoridades sanitarias. Los Museos que participan en esta edici\u00f3n son: 1. Galer\u00eda de Arte de Palacio Municipal. 2. Museo Jos\u00e9 Luis Bello y Zetina 3. Museo Universitario \u00abCasa de los Mu\u00f1ecos\u00bb 4. MUI Museo Urbano Interactivo 5. Museo Casa del Mendrugo. 6. Galer\u00eda De Los Sapos &#8211; Arte y Subastas 7. Museo Amparo. 8. Museo Viviente de Puebla. 9. Club y Museo del Autom\u00f3vil. 10. Casa Clan, Museo&hellip;Leer m\u00e1s...","og_url":"https:\/\/www.aliadospuebla.com\/?p=69768","og_site_name":"AliadosPuebla","article_author":"https:\/\/www.facebook.com\/Aliados17Pue","article_published_time":"2022-03-16T17:53:24+00:00","og_image":[{"width":600,"height":450,"url":"https:\/\/www.aliadospuebla.com\/web2017\/wp-content\/uploads\/2022\/03\/126-noche-de-museos.jpg","type":"image\/jpeg"}],"author":"Aliados17","twitter_card":"summary_large_image","twitter_creator":"@AliadosPuebla","twitter_misc":{"Escrito por":"Aliados17","Tiempo de lectura":"2 minutos"},"schema":{"@context":"https:\/\/schema.org","@graph":[{"@type":"Article","@id":"https:\/\/www.aliadospuebla.com\/?p=69768#article","isPartOf":{"@id":"https:\/\/www.aliadospuebla.com\/?p=69768"},"author":{"name":"Aliados17","@id":"https:\/\/www.aliadospuebla.com\/#\/schema\/person\/5da7dd09320bd4f392b710017ed5f8ad"},"headline":"34 recintos participaran este s\u00e1bado en una edici\u00f3n m\u00e1s de Noche de Museos","datePublished":"2022-03-16T17:53:24+00:00","mainEntityOfPage":{"@id":"https:\/\/www.aliadospuebla.com\/?p=69768"},"wordCount":323,"commentCount":0,"image":{"@id":"https:\/\/www.aliadospuebla.com\/?p=69768#primaryimage"},"thumbnailUrl":"https:\/\/www.aliadospuebla.com\/web2017\/wp-content\/uploads\/2022\/03\/126-noche-de-museos.jpg","keywords":["34","Cultura","NOCHE DE MUSEOS","Puebla","turismo"],"articleSection":["Capital"],"inLanguage":"es","potentialAction":[{"@type":"CommentAction","name":"Comment","target":["https:\/\/www.aliadospuebla.com\/?p=69768#respond"]}]},{"@type":"WebPage","@id":"https:\/\/www.aliadospuebla.com\/?p=69768","url":"https:\/\/www.aliadospuebla.com\/?p=69768","name":"34 recintos participaran este s\u00e1bado en una edici\u00f3n m\u00e1s de Noche de Museos - AliadosPuebla","isPartOf":{"@id":"https:\/\/www.aliadospuebla.com\/#website"},"primaryImageOfPage":{"@id":"https:\/\/www.aliadospuebla.com\/?p=69768#primaryimage"},"image":{"@id":"https:\/\/www.aliadospuebla.com\/?p=69768#primaryimage"},"thumbnailUrl":"https:\/\/www.aliadospuebla.com\/web2017\/wp-content\/uploads\/2022\/03\/126-noche-de-museos.jpg","datePublished":"2022-03-16T17:53:24+00:00","author":{"@id":"https:\/\/www.aliadospuebla.com\/#\/schema\/person\/5da7dd09320bd4f392b710017ed5f8ad"},"breadcrumb":{"@id":"https:\/\/www.aliadospuebla.com\/?p=69768#breadcrumb"},"inLanguage":"es","potentialAction":[{"@type":"ReadAction","target":["https:\/\/www.aliadospuebla.com\/?p=69768"]}]},{"@type":"ImageObject","inLanguage":"es","@id":"https:\/\/www.aliadospuebla.com\/?p=69768#primaryimage","url":"https:\/\/www.aliadospuebla.com\/web2017\/wp-content\/uploads\/2022\/03\/126-noche-de-museos.jpg","contentUrl":"https:\/\/www.aliadospuebla.com\/web2017\/wp-content\/uploads\/2022\/03\/126-noche-de-museos.jpg","width":600,"height":450},{"@type":"BreadcrumbList","@id":"https:\/\/www.aliadospuebla.com\/?p=69768#breadcrumb","itemListElement":[{"@type":"ListItem","position":1,"name":"Portada","item":"https:\/\/www.aliadospuebla.com\/"},{"@type":"ListItem","position":2,"name":"34 recintos participaran este s\u00e1bado en una edici\u00f3n m\u00e1s de Noche de Museos"}]},{"@type":"WebSite","@id":"https:\/\/www.aliadospuebla.com\/#website","url":"https:\/\/www.aliadospuebla.com\/","name":"AliadosPuebla","description":"La informaci\u00f3n en tus manos","potentialAction":[{"@type":"SearchAction","target":{"@type":"EntryPoint","urlTemplate":"https:\/\/www.aliadospuebla.com\/?s={search_term_string}"},"query-input":{"@type":"PropertyValueSpecification","valueRequired":true,"valueName":"search_term_string"}}],"inLanguage":"es"},{"@type":"Person","@id":"https:\/\/www.aliadospuebla.com\/#\/schema\/person\/5da7dd09320bd4f392b710017ed5f8ad","name":"Aliados17","image":{"@type":"ImageObject","inLanguage":"es","@id":"https:\/\/www.aliadospuebla.com\/web2017\/wp-content\/uploads\/2025\/03\/cropped-para-perfil-8-anos-1-96x96.jpg","url":"https:\/\/www.aliadospuebla.com\/web2017\/wp-content\/uploads\/2025\/03\/cropped-para-perfil-8-anos-1-96x96.jpg","contentUrl":"https:\/\/www.aliadospuebla.com\/web2017\/wp-content\/uploads\/2025\/03\/cropped-para-perfil-8-anos-1-96x96.jpg","caption":"Aliados17"},"sameAs":["https:\/\/www.aliados17.com","https:\/\/www.facebook.com\/Aliados17Pue","https:\/\/x.com\/AliadosPuebla"],"url":"https:\/\/www.aliadospuebla.com\/?author=2"}]}},"views":6,"_links":{"self":[{"href":"https:\/\/www.aliadospuebla.com\/index.php?rest_route=\/wp\/v2\/posts\/69768","targetHints":{"allow":["GET"]}}],"collection":[{"href":"https:\/\/www.aliadospuebla.com\/index.php?rest_route=\/wp\/v2\/posts"}],"about":[{"href":"https:\/\/www.aliadospuebla.com\/index.php?rest_route=\/wp\/v2\/types\/post"}],"author":[{"embeddable":true,"href":"https:\/\/www.aliadospuebla.com\/index.php?rest_route=\/wp\/v2\/users\/2"}],"replies":[{"embeddable":true,"href":"https:\/\/www.aliadospuebla.com\/index.php?rest_route=%2Fwp%2Fv2%2Fcomments&post=69768"}],"version-history":[{"count":1,"href":"https:\/\/www.aliadospuebla.com\/index.php?rest_route=\/wp\/v2\/posts\/69768\/revisions"}],"predecessor-version":[{"id":69770,"href":"https:\/\/www.aliadospuebla.com\/index.php?rest_route=\/wp\/v2\/posts\/69768\/revisions\/69770"}],"wp:featuredmedia":[{"embeddable":true,"href":"https:\/\/www.aliadospuebla.com\/index.php?rest_route=\/wp\/v2\/media\/69769"}],"wp:attachment":[{"href":"https:\/\/www.aliadospuebla.com\/index.php?rest_route=%2Fwp%2Fv2%2Fmedia&parent=69768"}],"wp:term":[{"taxonomy":"category","embeddable":true,"href":"https:\/\/www.aliadospuebla.com\/index.php?rest_route=%2Fwp%2Fv2%2Fcategories&post=69768"},{"taxonomy":"post_tag","embeddable":true,"href":"https:\/\/www.aliadospuebla.com\/index.php?rest_route=%2Fwp%2Fv2%2Ftags&post=69768"}],"curies":[{"name":"wp","href":"https:\/\/api.w.org\/{rel}","templated":true}]}}