{"id":69570,"date":"2022-03-09T17:46:09","date_gmt":"2022-03-09T23:46:09","guid":{"rendered":"https:\/\/www.aliados17.com\/?p=69570"},"modified":"2022-03-09T17:46:09","modified_gmt":"2022-03-09T23:46:09","slug":"inicia-gobierno-del-estado-trabajos-de-limpieza-por-pintas-realizadas-en-palacio-de-gobierno","status":"publish","type":"post","link":"https:\/\/www.aliadospuebla.com\/?p=69570","title":{"rendered":"INICIA GOBIERNO DEL ESTADO TRABAJOS DE LIMPIEZA POR PINTAS REALIZADAS EN PALACIO DE GOBIERNO"},"content":{"rendered":"<h3><em>El INAH inform\u00f3 que ya fueron interpuestas las denuncias por los da\u00f1os al patrimonio cultural<\/em><\/h3>\n<p>&nbsp;<\/p>\n<p>Integrantes del gabinete legal y ampliado, as\u00ed como trabajadores de las distintas dependencias<\/p>\n<p>del gobierno estatal, acudieron a la convocatoria para realizar<strong> trabajos de limpieza <\/strong><\/p>\n<p>en los <strong>monumentos hist\u00f3ricos<\/strong> e inmuebles ubicados en la<strong> Plaza de la Constituci\u00f3n<\/strong>,<\/p>\n<p>los cuales fueron <strong>vandalizados<\/strong> durante la marcha por el <strong>D\u00eda Internacional de la Mujer<\/strong>.<\/p>\n<p>&nbsp;<\/p>\n<p>La titular del Poder Ejecutivo, acompa\u00f1ada del director del Centro Tlaxcala<\/p>\n<p>del <strong>Instituto Nacional de Antropolog\u00eda e Historia<\/strong> (INAH), realiz\u00f3 un recorrido<\/p>\n<p>por el centro hist\u00f3rico para conocer las \u00e1reas que ser\u00e1n intervenidas por especialistas.<\/p>\n<p>&nbsp;<\/p>\n<p>\u201cAgradezco a todos ustedes que vengan a solidarizarse, a limpiar, traemos escobas,<\/p>\n<p>material, guantes, lo necesario para que entre todos hoy podamos dejar muy limpio el centro.<\/p>\n<p>En unos d\u00edas vamos a recibir a todos los atletas, a todos los visitantes, como lo merecen,<\/p>\n<p>porque <strong>Tlaxcala<\/strong> es anfitri\u00f3n por tradici\u00f3n y vamos a hacer un gran esfuerzo para limpiar este parque,<\/p>\n<p>para dejarlo digno\u201d, indic\u00f3.<\/p>\n<p>&nbsp;<\/p>\n<p>Explic\u00f3 que la <strong>movilizaci\u00f3n pac\u00edfica<\/strong> convocada por organizaciones y colectivos feministas<\/p>\n<p>fue corrompida por un grupo radical de aproximadamente 100 personas armadas con palos, martillos,<\/p>\n<p>sopletes y dem\u00e1s artefactos peligrosos, por lo que fue necesaria la intervenci\u00f3n de la <strong>Secretar\u00eda de Seguridad Ciudadana<\/strong> (SSC).<\/p>\n<p>&nbsp;<\/p>\n<p>\u201cActuaron con mucha violencia, nosotros nos preparamos, sab\u00edamos que ya se hablaba<\/p>\n<p>de que ven\u00edan a hacer este tipo de actos reprobables, no nada m\u00e1s aqu\u00ed, tambi\u00e9n lo hicieron en 12 estados<\/p>\n<p>(\u2026) tuvimos que actuar para contener los ataques, fue con respeto, desde luego, sin agredir a nadie,<\/p>\n<p>no tenemos una sola mujer herida, no tenemos ninguna mujer golpeada, no tenemos a ninguna mujer<\/p>\n<p>que haya hecho una denuncia\u201d, explic\u00f3.<\/p>\n<p>&nbsp;<\/p>\n<h4>Las personas que realizaron los actos vand\u00e1licos proven\u00edan de la Ciudad de M\u00e9xico, por lo que las autoridades tuvieron que cuidar la integridad de todas las manifestantes y la actuaci\u00f3n de la polic\u00eda fue acorde a los protocolos para atender estas situaciones de emergencia.<\/h4>\n<p>&nbsp;<\/p>\n<p>\u201cTenemos datos que hablan de grupos provenientes de la Ciudad de M\u00e9xico<\/p>\n<p>que quisieron pasar inclusive la caseta de San Mart\u00edn sin pagar y eso habla<\/p>\n<p>de que s\u00ed hubo infiltrados en esta manifestaci\u00f3n (\u2026) tres personas fueron detenidas,<\/p>\n<p>dos masculinos y una femenina, los cuales estuvieron acompa\u00f1ados por personal<\/p>\n<p>de <strong>Derechos Humanos<\/strong> para que constataran que no hubo ning\u00fan tipo de represi\u00f3n\u201d.<\/p>\n<p>&nbsp;<\/p>\n<p>Por su parte, el titular del <strong>INAH<\/strong> en Tlaxcala inform\u00f3 que para realizar las reparaciones<\/p>\n<p>al patrimonio ya se cuenta con un equipo interinstitucional integrado<\/p>\n<p>por personal de la <strong>Secretar\u00eda de Infraestructura<\/strong> (SI), la Direcci\u00f3n de Obras<\/p>\n<p>del municipio capitalino y del \u00e1rea de Monumentos Hist\u00f3ricos del Instituto a su cargo.<\/p>\n<p>&nbsp;<\/p>\n<p>\u201cYa estamos trabajando con todas las t\u00e9cnicas, tanto a las tradicionales<\/p>\n<p>como la \u00faltima tecnolog\u00eda de punta, para que en una semana podamos tener<\/p>\n<p>como se merece esta parte hist\u00f3rica de Tlaxcala\u201d, coment\u00f3.<\/p>\n<p>&nbsp;<\/p>\n<h4>Mientras que las pintas en los murales ser\u00e1n examinadas por autoridades del Instituto Nacional de Bellas Artes (INBA), para conocer la magnitud de los da\u00f1os y decidir si pueden realizar una intervenci\u00f3n.<\/h4>\n<p>&nbsp;<\/p>\n<p>Asimismo, revel\u00f3 que ya fueron presentadas las denuncias ante la autoridad competente<\/p>\n<p>en contra de quien resulte responsable, ya que \u201clos da\u00f1os s\u00ed son un delito en materia de <strong>Patrimonio Cultural<\/strong>\u201d.<\/p>\n<p>&nbsp;<\/p>\n<p>El gobierno del estado reiter\u00f3 su disposici\u00f3n al di\u00e1logo, a la concertaci\u00f3n<\/p>\n<p>y a que todo se conduzca por la paz para atender las demandas de toda la ciudadan\u00eda tlaxcalteca,<\/p>\n<p>en especial de las mujeres que han sido v\u00edctimas de alg\u00fan tipo de violencia.<\/p>\n","protected":false},"excerpt":{"rendered":"<p>El INAH inform\u00f3 que ya fueron interpuestas las denuncias por los da\u00f1os al patrimonio cultural &nbsp; Integrantes del gabinete legal y ampliado, as\u00ed como trabajadores de las distintas dependencias del gobierno estatal, acudieron a la convocatoria para realizar trabajos de limpieza en los monumentos hist\u00f3ricos e inmuebles ubicados en la Plaza de la Constituci\u00f3n, los cuales fueron vandalizados durante la marcha por el D\u00eda Internacional de la Mujer. &nbsp; La titular del Poder Ejecutivo, acompa\u00f1ada del director del Centro Tlaxcala del Instituto Nacional de Antropolog\u00eda e Historia (INAH), realiz\u00f3 un recorrido por el centro hist\u00f3rico para conocer las \u00e1reas que ser\u00e1n intervenidas por especialistas. &nbsp; \u201cAgradezco a todos ustedes que vengan a solidarizarse, a limpiar, traemos escobas, material, guantes, lo necesario para que entre todos&hellip;<\/p>\n<p class=\"excerpt-more\"><a class=\"blog-excerpt button\" href=\"https:\/\/www.aliadospuebla.com\/?p=69570\">Leer m\u00e1s&#8230;<\/a><\/p>\n","protected":false},"author":2,"featured_media":69576,"comment_status":"open","ping_status":"open","sticky":false,"template":"","format":"standard","meta":{"_monsterinsights_skip_tracking":false,"footnotes":""},"categories":[8304],"tags":[11833,1615,18636,622,3376,18635,319],"class_list":["post-69570","post","type-post","status-publish","format-standard","has-post-thumbnail","hentry","category-nacional","tag-agrupacion-luis-donaldo-colosio","tag-danos","tag-grupos-radicales","tag-limpieza","tag-patrimonio-cultural","tag-pintas","tag-tlaxcala"],"yoast_head":"<!-- This site is optimized with the Yoast SEO plugin v28.4 - https:\/\/yoast.com\/product\/yoast-seo-wordpress\/ -->\n<title>INICIA GOBIERNO DEL ESTADO TRABAJOS DE LIMPIEZA POR PINTAS REALIZADAS EN PALACIO DE GOBIERNO - AliadosPuebla<\/title>\n<meta name=\"robots\" content=\"index, follow, max-snippet:-1, max-image-preview:large, max-video-preview:-1\" \/>\n<link rel=\"canonical\" href=\"https:\/\/www.aliadospuebla.com\/?p=69570\" \/>\n<meta property=\"og:locale\" content=\"es_ES\" \/>\n<meta property=\"og:type\" content=\"article\" \/>\n<meta property=\"og:title\" content=\"INICIA GOBIERNO DEL ESTADO TRABAJOS DE LIMPIEZA POR PINTAS REALIZADAS EN PALACIO DE GOBIERNO - AliadosPuebla\" \/>\n<meta property=\"og:description\" content=\"El INAH inform\u00f3 que ya fueron interpuestas las denuncias por los da\u00f1os al patrimonio cultural &nbsp; Integrantes del gabinete legal y ampliado, as\u00ed como trabajadores de las distintas dependencias del gobierno estatal, acudieron a la convocatoria para realizar trabajos de limpieza en los monumentos hist\u00f3ricos e inmuebles ubicados en la Plaza de la Constituci\u00f3n, los cuales fueron vandalizados durante la marcha por el D\u00eda Internacional de la Mujer. &nbsp; La titular del Poder Ejecutivo, acompa\u00f1ada del director del Centro Tlaxcala del Instituto Nacional de Antropolog\u00eda e Historia (INAH), realiz\u00f3 un recorrido por el centro hist\u00f3rico para conocer las \u00e1reas que ser\u00e1n intervenidas por especialistas. &nbsp; \u201cAgradezco a todos ustedes que vengan a solidarizarse, a limpiar, traemos escobas, material, guantes, lo necesario para que entre todos&hellip;Leer m\u00e1s...\" \/>\n<meta property=\"og:url\" content=\"https:\/\/www.aliadospuebla.com\/?p=69570\" \/>\n<meta property=\"og:site_name\" content=\"AliadosPuebla\" \/>\n<meta property=\"article:author\" content=\"https:\/\/www.facebook.com\/Aliados17Pue\" \/>\n<meta property=\"article:published_time\" content=\"2022-03-09T23:46:09+00:00\" \/>\n<meta property=\"og:image\" content=\"https:\/\/www.aliadospuebla.com\/web2017\/wp-content\/uploads\/2022\/03\/087-pintas-1.jpg\" \/>\n\t<meta property=\"og:image:width\" content=\"600\" \/>\n\t<meta property=\"og:image:height\" content=\"450\" \/>\n\t<meta property=\"og:image:type\" content=\"image\/jpeg\" \/>\n<meta name=\"author\" content=\"Aliados17\" \/>\n<meta name=\"twitter:card\" content=\"summary_large_image\" \/>\n<meta name=\"twitter:creator\" content=\"@AliadosPuebla\" \/>\n<meta name=\"twitter:label1\" content=\"Escrito por\" \/>\n\t<meta name=\"twitter:data1\" content=\"Aliados17\" \/>\n\t<meta name=\"twitter:label2\" content=\"Tiempo de lectura\" \/>\n\t<meta name=\"twitter:data2\" content=\"3 minutos\" \/>\n<script type=\"application\/ld+json\" class=\"yoast-schema-graph\">{\"@context\":\"https:\\\/\\\/schema.org\",\"@graph\":[{\"@type\":\"Article\",\"@id\":\"https:\\\/\\\/www.aliadospuebla.com\\\/?p=69570#article\",\"isPartOf\":{\"@id\":\"https:\\\/\\\/www.aliadospuebla.com\\\/?p=69570\"},\"author\":{\"name\":\"Aliados17\",\"@id\":\"https:\\\/\\\/www.aliadospuebla.com\\\/#\\\/schema\\\/person\\\/5da7dd09320bd4f392b710017ed5f8ad\"},\"headline\":\"INICIA GOBIERNO DEL ESTADO TRABAJOS DE LIMPIEZA POR PINTAS REALIZADAS EN PALACIO DE GOBIERNO\",\"datePublished\":\"2022-03-09T23:46:09+00:00\",\"mainEntityOfPage\":{\"@id\":\"https:\\\/\\\/www.aliadospuebla.com\\\/?p=69570\"},\"wordCount\":649,\"commentCount\":0,\"image\":{\"@id\":\"https:\\\/\\\/www.aliadospuebla.com\\\/?p=69570#primaryimage\"},\"thumbnailUrl\":\"https:\\\/\\\/www.aliadospuebla.com\\\/web2017\\\/wp-content\\\/uploads\\\/2022\\\/03\\\/087-pintas-1.jpg\",\"keywords\":[\"Agrupaci\u00f3n Luis Donaldo Colosio\",\"DA\u00d1OS\",\"grupos radicales\",\"LIMPIEZA\",\"PATRIMONIO CULTURAL\",\"pintas\",\"TLAXCALA\"],\"articleSection\":[\"Nacional\"],\"inLanguage\":\"es\",\"potentialAction\":[{\"@type\":\"CommentAction\",\"name\":\"Comment\",\"target\":[\"https:\\\/\\\/www.aliadospuebla.com\\\/?p=69570#respond\"]}]},{\"@type\":\"WebPage\",\"@id\":\"https:\\\/\\\/www.aliadospuebla.com\\\/?p=69570\",\"url\":\"https:\\\/\\\/www.aliadospuebla.com\\\/?p=69570\",\"name\":\"INICIA GOBIERNO DEL ESTADO TRABAJOS DE LIMPIEZA POR PINTAS REALIZADAS EN PALACIO DE GOBIERNO - AliadosPuebla\",\"isPartOf\":{\"@id\":\"https:\\\/\\\/www.aliadospuebla.com\\\/#website\"},\"primaryImageOfPage\":{\"@id\":\"https:\\\/\\\/www.aliadospuebla.com\\\/?p=69570#primaryimage\"},\"image\":{\"@id\":\"https:\\\/\\\/www.aliadospuebla.com\\\/?p=69570#primaryimage\"},\"thumbnailUrl\":\"https:\\\/\\\/www.aliadospuebla.com\\\/web2017\\\/wp-content\\\/uploads\\\/2022\\\/03\\\/087-pintas-1.jpg\",\"datePublished\":\"2022-03-09T23:46:09+00:00\",\"author\":{\"@id\":\"https:\\\/\\\/www.aliadospuebla.com\\\/#\\\/schema\\\/person\\\/5da7dd09320bd4f392b710017ed5f8ad\"},\"breadcrumb\":{\"@id\":\"https:\\\/\\\/www.aliadospuebla.com\\\/?p=69570#breadcrumb\"},\"inLanguage\":\"es\",\"potentialAction\":[{\"@type\":\"ReadAction\",\"target\":[\"https:\\\/\\\/www.aliadospuebla.com\\\/?p=69570\"]}]},{\"@type\":\"ImageObject\",\"inLanguage\":\"es\",\"@id\":\"https:\\\/\\\/www.aliadospuebla.com\\\/?p=69570#primaryimage\",\"url\":\"https:\\\/\\\/www.aliadospuebla.com\\\/web2017\\\/wp-content\\\/uploads\\\/2022\\\/03\\\/087-pintas-1.jpg\",\"contentUrl\":\"https:\\\/\\\/www.aliadospuebla.com\\\/web2017\\\/wp-content\\\/uploads\\\/2022\\\/03\\\/087-pintas-1.jpg\",\"width\":600,\"height\":450},{\"@type\":\"BreadcrumbList\",\"@id\":\"https:\\\/\\\/www.aliadospuebla.com\\\/?p=69570#breadcrumb\",\"itemListElement\":[{\"@type\":\"ListItem\",\"position\":1,\"name\":\"Portada\",\"item\":\"https:\\\/\\\/www.aliadospuebla.com\\\/\"},{\"@type\":\"ListItem\",\"position\":2,\"name\":\"INICIA GOBIERNO DEL ESTADO TRABAJOS DE LIMPIEZA POR PINTAS REALIZADAS EN PALACIO DE GOBIERNO\"}]},{\"@type\":\"WebSite\",\"@id\":\"https:\\\/\\\/www.aliadospuebla.com\\\/#website\",\"url\":\"https:\\\/\\\/www.aliadospuebla.com\\\/\",\"name\":\"AliadosPuebla\",\"description\":\"La informaci\u00f3n en tus manos\",\"potentialAction\":[{\"@type\":\"SearchAction\",\"target\":{\"@type\":\"EntryPoint\",\"urlTemplate\":\"https:\\\/\\\/www.aliadospuebla.com\\\/?s={search_term_string}\"},\"query-input\":{\"@type\":\"PropertyValueSpecification\",\"valueRequired\":true,\"valueName\":\"search_term_string\"}}],\"inLanguage\":\"es\"},{\"@type\":\"Person\",\"@id\":\"https:\\\/\\\/www.aliadospuebla.com\\\/#\\\/schema\\\/person\\\/5da7dd09320bd4f392b710017ed5f8ad\",\"name\":\"Aliados17\",\"image\":{\"@type\":\"ImageObject\",\"inLanguage\":\"es\",\"@id\":\"https:\\\/\\\/www.aliadospuebla.com\\\/web2017\\\/wp-content\\\/uploads\\\/2025\\\/03\\\/cropped-para-perfil-8-anos-1-96x96.jpg\",\"url\":\"https:\\\/\\\/www.aliadospuebla.com\\\/web2017\\\/wp-content\\\/uploads\\\/2025\\\/03\\\/cropped-para-perfil-8-anos-1-96x96.jpg\",\"contentUrl\":\"https:\\\/\\\/www.aliadospuebla.com\\\/web2017\\\/wp-content\\\/uploads\\\/2025\\\/03\\\/cropped-para-perfil-8-anos-1-96x96.jpg\",\"caption\":\"Aliados17\"},\"sameAs\":[\"https:\\\/\\\/www.aliados17.com\",\"https:\\\/\\\/www.facebook.com\\\/Aliados17Pue\",\"https:\\\/\\\/x.com\\\/AliadosPuebla\"],\"url\":\"https:\\\/\\\/www.aliadospuebla.com\\\/?author=2\"}]}<\/script>\n<!-- \/ Yoast SEO plugin. -->","yoast_head_json":{"title":"INICIA GOBIERNO DEL ESTADO TRABAJOS DE LIMPIEZA POR PINTAS REALIZADAS EN PALACIO DE GOBIERNO - AliadosPuebla","robots":{"index":"index","follow":"follow","max-snippet":"max-snippet:-1","max-image-preview":"max-image-preview:large","max-video-preview":"max-video-preview:-1"},"canonical":"https:\/\/www.aliadospuebla.com\/?p=69570","og_locale":"es_ES","og_type":"article","og_title":"INICIA GOBIERNO DEL ESTADO TRABAJOS DE LIMPIEZA POR PINTAS REALIZADAS EN PALACIO DE GOBIERNO - AliadosPuebla","og_description":"El INAH inform\u00f3 que ya fueron interpuestas las denuncias por los da\u00f1os al patrimonio cultural &nbsp; Integrantes del gabinete legal y ampliado, as\u00ed como trabajadores de las distintas dependencias del gobierno estatal, acudieron a la convocatoria para realizar trabajos de limpieza en los monumentos hist\u00f3ricos e inmuebles ubicados en la Plaza de la Constituci\u00f3n, los cuales fueron vandalizados durante la marcha por el D\u00eda Internacional de la Mujer. &nbsp; La titular del Poder Ejecutivo, acompa\u00f1ada del director del Centro Tlaxcala del Instituto Nacional de Antropolog\u00eda e Historia (INAH), realiz\u00f3 un recorrido por el centro hist\u00f3rico para conocer las \u00e1reas que ser\u00e1n intervenidas por especialistas. &nbsp; \u201cAgradezco a todos ustedes que vengan a solidarizarse, a limpiar, traemos escobas, material, guantes, lo necesario para que entre todos&hellip;Leer m\u00e1s...","og_url":"https:\/\/www.aliadospuebla.com\/?p=69570","og_site_name":"AliadosPuebla","article_author":"https:\/\/www.facebook.com\/Aliados17Pue","article_published_time":"2022-03-09T23:46:09+00:00","og_image":[{"width":600,"height":450,"url":"https:\/\/www.aliadospuebla.com\/web2017\/wp-content\/uploads\/2022\/03\/087-pintas-1.jpg","type":"image\/jpeg"}],"author":"Aliados17","twitter_card":"summary_large_image","twitter_creator":"@AliadosPuebla","twitter_misc":{"Escrito por":"Aliados17","Tiempo de lectura":"3 minutos"},"schema":{"@context":"https:\/\/schema.org","@graph":[{"@type":"Article","@id":"https:\/\/www.aliadospuebla.com\/?p=69570#article","isPartOf":{"@id":"https:\/\/www.aliadospuebla.com\/?p=69570"},"author":{"name":"Aliados17","@id":"https:\/\/www.aliadospuebla.com\/#\/schema\/person\/5da7dd09320bd4f392b710017ed5f8ad"},"headline":"INICIA GOBIERNO DEL ESTADO TRABAJOS DE LIMPIEZA POR PINTAS REALIZADAS EN PALACIO DE GOBIERNO","datePublished":"2022-03-09T23:46:09+00:00","mainEntityOfPage":{"@id":"https:\/\/www.aliadospuebla.com\/?p=69570"},"wordCount":649,"commentCount":0,"image":{"@id":"https:\/\/www.aliadospuebla.com\/?p=69570#primaryimage"},"thumbnailUrl":"https:\/\/www.aliadospuebla.com\/web2017\/wp-content\/uploads\/2022\/03\/087-pintas-1.jpg","keywords":["Agrupaci\u00f3n Luis Donaldo Colosio","DA\u00d1OS","grupos radicales","LIMPIEZA","PATRIMONIO CULTURAL","pintas","TLAXCALA"],"articleSection":["Nacional"],"inLanguage":"es","potentialAction":[{"@type":"CommentAction","name":"Comment","target":["https:\/\/www.aliadospuebla.com\/?p=69570#respond"]}]},{"@type":"WebPage","@id":"https:\/\/www.aliadospuebla.com\/?p=69570","url":"https:\/\/www.aliadospuebla.com\/?p=69570","name":"INICIA GOBIERNO DEL ESTADO TRABAJOS DE LIMPIEZA POR PINTAS REALIZADAS EN PALACIO DE GOBIERNO - AliadosPuebla","isPartOf":{"@id":"https:\/\/www.aliadospuebla.com\/#website"},"primaryImageOfPage":{"@id":"https:\/\/www.aliadospuebla.com\/?p=69570#primaryimage"},"image":{"@id":"https:\/\/www.aliadospuebla.com\/?p=69570#primaryimage"},"thumbnailUrl":"https:\/\/www.aliadospuebla.com\/web2017\/wp-content\/uploads\/2022\/03\/087-pintas-1.jpg","datePublished":"2022-03-09T23:46:09+00:00","author":{"@id":"https:\/\/www.aliadospuebla.com\/#\/schema\/person\/5da7dd09320bd4f392b710017ed5f8ad"},"breadcrumb":{"@id":"https:\/\/www.aliadospuebla.com\/?p=69570#breadcrumb"},"inLanguage":"es","potentialAction":[{"@type":"ReadAction","target":["https:\/\/www.aliadospuebla.com\/?p=69570"]}]},{"@type":"ImageObject","inLanguage":"es","@id":"https:\/\/www.aliadospuebla.com\/?p=69570#primaryimage","url":"https:\/\/www.aliadospuebla.com\/web2017\/wp-content\/uploads\/2022\/03\/087-pintas-1.jpg","contentUrl":"https:\/\/www.aliadospuebla.com\/web2017\/wp-content\/uploads\/2022\/03\/087-pintas-1.jpg","width":600,"height":450},{"@type":"BreadcrumbList","@id":"https:\/\/www.aliadospuebla.com\/?p=69570#breadcrumb","itemListElement":[{"@type":"ListItem","position":1,"name":"Portada","item":"https:\/\/www.aliadospuebla.com\/"},{"@type":"ListItem","position":2,"name":"INICIA GOBIERNO DEL ESTADO TRABAJOS DE LIMPIEZA POR PINTAS REALIZADAS EN PALACIO DE GOBIERNO"}]},{"@type":"WebSite","@id":"https:\/\/www.aliadospuebla.com\/#website","url":"https:\/\/www.aliadospuebla.com\/","name":"AliadosPuebla","description":"La informaci\u00f3n en tus manos","potentialAction":[{"@type":"SearchAction","target":{"@type":"EntryPoint","urlTemplate":"https:\/\/www.aliadospuebla.com\/?s={search_term_string}"},"query-input":{"@type":"PropertyValueSpecification","valueRequired":true,"valueName":"search_term_string"}}],"inLanguage":"es"},{"@type":"Person","@id":"https:\/\/www.aliadospuebla.com\/#\/schema\/person\/5da7dd09320bd4f392b710017ed5f8ad","name":"Aliados17","image":{"@type":"ImageObject","inLanguage":"es","@id":"https:\/\/www.aliadospuebla.com\/web2017\/wp-content\/uploads\/2025\/03\/cropped-para-perfil-8-anos-1-96x96.jpg","url":"https:\/\/www.aliadospuebla.com\/web2017\/wp-content\/uploads\/2025\/03\/cropped-para-perfil-8-anos-1-96x96.jpg","contentUrl":"https:\/\/www.aliadospuebla.com\/web2017\/wp-content\/uploads\/2025\/03\/cropped-para-perfil-8-anos-1-96x96.jpg","caption":"Aliados17"},"sameAs":["https:\/\/www.aliados17.com","https:\/\/www.facebook.com\/Aliados17Pue","https:\/\/x.com\/AliadosPuebla"],"url":"https:\/\/www.aliadospuebla.com\/?author=2"}]}},"views":28,"_links":{"self":[{"href":"https:\/\/www.aliadospuebla.com\/index.php?rest_route=\/wp\/v2\/posts\/69570","targetHints":{"allow":["GET"]}}],"collection":[{"href":"https:\/\/www.aliadospuebla.com\/index.php?rest_route=\/wp\/v2\/posts"}],"about":[{"href":"https:\/\/www.aliadospuebla.com\/index.php?rest_route=\/wp\/v2\/types\/post"}],"author":[{"embeddable":true,"href":"https:\/\/www.aliadospuebla.com\/index.php?rest_route=\/wp\/v2\/users\/2"}],"replies":[{"embeddable":true,"href":"https:\/\/www.aliadospuebla.com\/index.php?rest_route=%2Fwp%2Fv2%2Fcomments&post=69570"}],"version-history":[{"count":1,"href":"https:\/\/www.aliadospuebla.com\/index.php?rest_route=\/wp\/v2\/posts\/69570\/revisions"}],"predecessor-version":[{"id":69577,"href":"https:\/\/www.aliadospuebla.com\/index.php?rest_route=\/wp\/v2\/posts\/69570\/revisions\/69577"}],"wp:featuredmedia":[{"embeddable":true,"href":"https:\/\/www.aliadospuebla.com\/index.php?rest_route=\/wp\/v2\/media\/69576"}],"wp:attachment":[{"href":"https:\/\/www.aliadospuebla.com\/index.php?rest_route=%2Fwp%2Fv2%2Fmedia&parent=69570"}],"wp:term":[{"taxonomy":"category","embeddable":true,"href":"https:\/\/www.aliadospuebla.com\/index.php?rest_route=%2Fwp%2Fv2%2Fcategories&post=69570"},{"taxonomy":"post_tag","embeddable":true,"href":"https:\/\/www.aliadospuebla.com\/index.php?rest_route=%2Fwp%2Fv2%2Ftags&post=69570"}],"curies":[{"name":"wp","href":"https:\/\/api.w.org\/{rel}","templated":true}]}}