{"id":68358,"date":"2022-02-02T16:35:07","date_gmt":"2022-02-02T22:35:07","guid":{"rendered":"https:\/\/www.aliados17.com\/?p=68358"},"modified":"2022-02-02T16:35:07","modified_gmt":"2022-02-02T22:35:07","slug":"lamentamos-que-el-gobierno-del-estado-desacredite-nuestra-defensa-en-favor-de-las-y-los-ciudadanos","status":"publish","type":"post","link":"https:\/\/www.aliadospuebla.com\/?p=68358","title":{"rendered":"LAMENTAMOS QUE EL GOBIERNO DEL ESTADO DESACREDITE NUESTRA DEFENSA EN FAVOR DE LAS Y LOS CIUDADANOS."},"content":{"rendered":"<p>\uf0fc Siempre levantaremos la voz contra atropellos como los de la UDLAP.<br \/>\n\uf0fc La agenda ciudadana y pol\u00edtica del PAN es muy clara: siempre estaremos del lado de la sociedad<br \/>\n\uf0fc Reprobamos las ofensas realizadas en redes sociales contra integrantes del poder legislativo local.<\/p>\n<p>Lamentamos que el Ejecutivo del Estado descalifique nuestra defensa al caso UDLAP pues la bancada panista siempre levantar\u00e1 la voz contra cualquier atropello que se presente en Puebla. Somos voz de las y los ciudadanos, a quienes escuchamos y apoyaremos desde nuestro \u00e1mbito de competencia.<\/p>\n<p>Aclaramos que nuestro actuar siempre ha sido y ser\u00e1 a favor de las y los ciudadanos. Que quede claro: Siempre estaremos del lado de la sociedad a pesar de que incomode a otros actores.<\/p>\n<p>Reiteramos en el caso de la UDLAP, que m\u00e1s all\u00e1 de la ruta judicial, que el Gobierno del Estado se sensibilice ante la situaci\u00f3n que viven estudiantes, profesores y personal administrativo, para que, sin alterar los procesos judiciales, la comunidad universitaria retorne tranquilamente y con confianza a sus actividades presenciales.<\/p>\n<p>Es importante resaltar que las y los integrantes del Grupo Legislativo del Partido Acci\u00f3n Nacional, nunca incitaremos ni formaremos parte de cualquier tipo de violencia pol\u00edtica contra las mujeres expresada en medios digitales o en cualquier otra forma como la presentada ayer en redes sociales contra integrantes del Congreso Local.<\/p>\n<p>Confiamos en que haya un acuerdo por parte de las instancias legales que beneficie a la comunidad universitaria de la UDLAP y a los municipios de San Andr\u00e9s y San Pedro Cholula para reactivar su econom\u00eda.<\/p>\n","protected":false},"excerpt":{"rendered":"<p>\uf0fc Siempre levantaremos la voz contra atropellos como los de la UDLAP. \uf0fc La agenda ciudadana y pol\u00edtica del PAN es muy clara: siempre estaremos del lado de la sociedad \uf0fc Reprobamos las ofensas realizadas en redes sociales contra integrantes del poder legislativo local. Lamentamos que el Ejecutivo del Estado descalifique nuestra defensa al caso UDLAP pues la bancada panista siempre levantar\u00e1 la voz contra cualquier atropello que se presente en Puebla. Somos voz de las y los ciudadanos, a quienes escuchamos y apoyaremos desde nuestro \u00e1mbito de competencia. Aclaramos que nuestro actuar siempre ha sido y ser\u00e1 a favor de las y los ciudadanos. Que quede claro: Siempre estaremos del lado de la sociedad a pesar de que incomode a otros actores. Reiteramos en&hellip;<\/p>\n<p class=\"excerpt-more\"><a class=\"blog-excerpt button\" href=\"https:\/\/www.aliadospuebla.com\/?p=68358\">Leer m\u00e1s&#8230;<\/a><\/p>\n","protected":false},"author":2,"featured_media":68359,"comment_status":"open","ping_status":"open","sticky":false,"template":"","format":"standard","meta":{"_monsterinsights_skip_tracking":false,"footnotes":""},"categories":[6],"tags":[8056,2096,18265,72,13718],"class_list":["post-68358","post","type-post","status-publish","format-standard","has-post-thumbnail","hentry","category-politica","tag-gobierno-de-puebla","tag-politica","tag-politica-puebla-gobierno","tag-puebla","tag-puebla-politica"],"yoast_head":"<!-- This site is optimized with the Yoast SEO plugin v28.4 - https:\/\/yoast.com\/product\/yoast-seo-wordpress\/ -->\n<title>LAMENTAMOS QUE EL GOBIERNO DEL ESTADO DESACREDITE NUESTRA DEFENSA EN FAVOR DE LAS Y LOS CIUDADANOS. - AliadosPuebla<\/title>\n<meta name=\"robots\" content=\"index, follow, max-snippet:-1, max-image-preview:large, max-video-preview:-1\" \/>\n<link rel=\"canonical\" href=\"https:\/\/www.aliadospuebla.com\/?p=68358\" \/>\n<meta property=\"og:locale\" content=\"es_ES\" \/>\n<meta property=\"og:type\" content=\"article\" \/>\n<meta property=\"og:title\" content=\"LAMENTAMOS QUE EL GOBIERNO DEL ESTADO DESACREDITE NUESTRA DEFENSA EN FAVOR DE LAS Y LOS CIUDADANOS. - AliadosPuebla\" \/>\n<meta property=\"og:description\" content=\"\uf0fc Siempre levantaremos la voz contra atropellos como los de la UDLAP. \uf0fc La agenda ciudadana y pol\u00edtica del PAN es muy clara: siempre estaremos del lado de la sociedad \uf0fc Reprobamos las ofensas realizadas en redes sociales contra integrantes del poder legislativo local. Lamentamos que el Ejecutivo del Estado descalifique nuestra defensa al caso UDLAP pues la bancada panista siempre levantar\u00e1 la voz contra cualquier atropello que se presente en Puebla. Somos voz de las y los ciudadanos, a quienes escuchamos y apoyaremos desde nuestro \u00e1mbito de competencia. Aclaramos que nuestro actuar siempre ha sido y ser\u00e1 a favor de las y los ciudadanos. Que quede claro: Siempre estaremos del lado de la sociedad a pesar de que incomode a otros actores. Reiteramos en&hellip;Leer m\u00e1s...\" \/>\n<meta property=\"og:url\" content=\"https:\/\/www.aliadospuebla.com\/?p=68358\" \/>\n<meta property=\"og:site_name\" content=\"AliadosPuebla\" \/>\n<meta property=\"article:author\" content=\"https:\/\/www.facebook.com\/Aliados17Pue\" \/>\n<meta property=\"article:published_time\" content=\"2022-02-02T22:35:07+00:00\" \/>\n<meta property=\"og:image\" content=\"https:\/\/www.aliadospuebla.com\/web2017\/wp-content\/uploads\/2022\/02\/14-PUEBLA.jpg\" \/>\n\t<meta property=\"og:image:width\" content=\"600\" \/>\n\t<meta property=\"og:image:height\" content=\"450\" \/>\n\t<meta property=\"og:image:type\" content=\"image\/jpeg\" \/>\n<meta name=\"author\" content=\"Aliados17\" \/>\n<meta name=\"twitter:card\" content=\"summary_large_image\" \/>\n<meta name=\"twitter:creator\" content=\"@AliadosPuebla\" \/>\n<meta name=\"twitter:label1\" content=\"Escrito por\" \/>\n\t<meta name=\"twitter:data1\" content=\"Aliados17\" \/>\n\t<meta name=\"twitter:label2\" content=\"Tiempo de lectura\" \/>\n\t<meta name=\"twitter:data2\" content=\"2 minutos\" \/>\n<script type=\"application\/ld+json\" class=\"yoast-schema-graph\">{\"@context\":\"https:\\\/\\\/schema.org\",\"@graph\":[{\"@type\":\"Article\",\"@id\":\"https:\\\/\\\/www.aliadospuebla.com\\\/?p=68358#article\",\"isPartOf\":{\"@id\":\"https:\\\/\\\/www.aliadospuebla.com\\\/?p=68358\"},\"author\":{\"name\":\"Aliados17\",\"@id\":\"https:\\\/\\\/www.aliadospuebla.com\\\/#\\\/schema\\\/person\\\/5da7dd09320bd4f392b710017ed5f8ad\"},\"headline\":\"LAMENTAMOS QUE EL GOBIERNO DEL ESTADO DESACREDITE NUESTRA DEFENSA EN FAVOR DE LAS Y LOS CIUDADANOS.\",\"datePublished\":\"2022-02-02T22:35:07+00:00\",\"mainEntityOfPage\":{\"@id\":\"https:\\\/\\\/www.aliadospuebla.com\\\/?p=68358\"},\"wordCount\":279,\"commentCount\":0,\"image\":{\"@id\":\"https:\\\/\\\/www.aliadospuebla.com\\\/?p=68358#primaryimage\"},\"thumbnailUrl\":\"https:\\\/\\\/www.aliadospuebla.com\\\/web2017\\\/wp-content\\\/uploads\\\/2022\\\/02\\\/14-PUEBLA.jpg\",\"keywords\":[\"GOBIERNO DE PUEBLA\",\"POL\u00cdTICA\",\"Politica puebla gobierno\",\"Puebla\",\"puebla politica\"],\"articleSection\":[\"Pol\u00edtica\"],\"inLanguage\":\"es\",\"potentialAction\":[{\"@type\":\"CommentAction\",\"name\":\"Comment\",\"target\":[\"https:\\\/\\\/www.aliadospuebla.com\\\/?p=68358#respond\"]}]},{\"@type\":\"WebPage\",\"@id\":\"https:\\\/\\\/www.aliadospuebla.com\\\/?p=68358\",\"url\":\"https:\\\/\\\/www.aliadospuebla.com\\\/?p=68358\",\"name\":\"LAMENTAMOS QUE EL GOBIERNO DEL ESTADO DESACREDITE NUESTRA DEFENSA EN FAVOR DE LAS Y LOS CIUDADANOS. - AliadosPuebla\",\"isPartOf\":{\"@id\":\"https:\\\/\\\/www.aliadospuebla.com\\\/#website\"},\"primaryImageOfPage\":{\"@id\":\"https:\\\/\\\/www.aliadospuebla.com\\\/?p=68358#primaryimage\"},\"image\":{\"@id\":\"https:\\\/\\\/www.aliadospuebla.com\\\/?p=68358#primaryimage\"},\"thumbnailUrl\":\"https:\\\/\\\/www.aliadospuebla.com\\\/web2017\\\/wp-content\\\/uploads\\\/2022\\\/02\\\/14-PUEBLA.jpg\",\"datePublished\":\"2022-02-02T22:35:07+00:00\",\"author\":{\"@id\":\"https:\\\/\\\/www.aliadospuebla.com\\\/#\\\/schema\\\/person\\\/5da7dd09320bd4f392b710017ed5f8ad\"},\"breadcrumb\":{\"@id\":\"https:\\\/\\\/www.aliadospuebla.com\\\/?p=68358#breadcrumb\"},\"inLanguage\":\"es\",\"potentialAction\":[{\"@type\":\"ReadAction\",\"target\":[\"https:\\\/\\\/www.aliadospuebla.com\\\/?p=68358\"]}]},{\"@type\":\"ImageObject\",\"inLanguage\":\"es\",\"@id\":\"https:\\\/\\\/www.aliadospuebla.com\\\/?p=68358#primaryimage\",\"url\":\"https:\\\/\\\/www.aliadospuebla.com\\\/web2017\\\/wp-content\\\/uploads\\\/2022\\\/02\\\/14-PUEBLA.jpg\",\"contentUrl\":\"https:\\\/\\\/www.aliadospuebla.com\\\/web2017\\\/wp-content\\\/uploads\\\/2022\\\/02\\\/14-PUEBLA.jpg\",\"width\":600,\"height\":450},{\"@type\":\"BreadcrumbList\",\"@id\":\"https:\\\/\\\/www.aliadospuebla.com\\\/?p=68358#breadcrumb\",\"itemListElement\":[{\"@type\":\"ListItem\",\"position\":1,\"name\":\"Portada\",\"item\":\"https:\\\/\\\/www.aliadospuebla.com\\\/\"},{\"@type\":\"ListItem\",\"position\":2,\"name\":\"LAMENTAMOS QUE EL GOBIERNO DEL ESTADO DESACREDITE NUESTRA DEFENSA EN FAVOR DE LAS Y LOS CIUDADANOS.\"}]},{\"@type\":\"WebSite\",\"@id\":\"https:\\\/\\\/www.aliadospuebla.com\\\/#website\",\"url\":\"https:\\\/\\\/www.aliadospuebla.com\\\/\",\"name\":\"AliadosPuebla\",\"description\":\"La informaci\u00f3n en tus manos\",\"potentialAction\":[{\"@type\":\"SearchAction\",\"target\":{\"@type\":\"EntryPoint\",\"urlTemplate\":\"https:\\\/\\\/www.aliadospuebla.com\\\/?s={search_term_string}\"},\"query-input\":{\"@type\":\"PropertyValueSpecification\",\"valueRequired\":true,\"valueName\":\"search_term_string\"}}],\"inLanguage\":\"es\"},{\"@type\":\"Person\",\"@id\":\"https:\\\/\\\/www.aliadospuebla.com\\\/#\\\/schema\\\/person\\\/5da7dd09320bd4f392b710017ed5f8ad\",\"name\":\"Aliados17\",\"image\":{\"@type\":\"ImageObject\",\"inLanguage\":\"es\",\"@id\":\"https:\\\/\\\/www.aliadospuebla.com\\\/web2017\\\/wp-content\\\/uploads\\\/2025\\\/03\\\/cropped-para-perfil-8-anos-1-96x96.jpg\",\"url\":\"https:\\\/\\\/www.aliadospuebla.com\\\/web2017\\\/wp-content\\\/uploads\\\/2025\\\/03\\\/cropped-para-perfil-8-anos-1-96x96.jpg\",\"contentUrl\":\"https:\\\/\\\/www.aliadospuebla.com\\\/web2017\\\/wp-content\\\/uploads\\\/2025\\\/03\\\/cropped-para-perfil-8-anos-1-96x96.jpg\",\"caption\":\"Aliados17\"},\"sameAs\":[\"https:\\\/\\\/www.aliados17.com\",\"https:\\\/\\\/www.facebook.com\\\/Aliados17Pue\",\"https:\\\/\\\/x.com\\\/AliadosPuebla\"],\"url\":\"https:\\\/\\\/www.aliadospuebla.com\\\/?author=2\"}]}<\/script>\n<!-- \/ Yoast SEO plugin. -->","yoast_head_json":{"title":"LAMENTAMOS QUE EL GOBIERNO DEL ESTADO DESACREDITE NUESTRA DEFENSA EN FAVOR DE LAS Y LOS CIUDADANOS. - AliadosPuebla","robots":{"index":"index","follow":"follow","max-snippet":"max-snippet:-1","max-image-preview":"max-image-preview:large","max-video-preview":"max-video-preview:-1"},"canonical":"https:\/\/www.aliadospuebla.com\/?p=68358","og_locale":"es_ES","og_type":"article","og_title":"LAMENTAMOS QUE EL GOBIERNO DEL ESTADO DESACREDITE NUESTRA DEFENSA EN FAVOR DE LAS Y LOS CIUDADANOS. - AliadosPuebla","og_description":"\uf0fc Siempre levantaremos la voz contra atropellos como los de la UDLAP. \uf0fc La agenda ciudadana y pol\u00edtica del PAN es muy clara: siempre estaremos del lado de la sociedad \uf0fc Reprobamos las ofensas realizadas en redes sociales contra integrantes del poder legislativo local. Lamentamos que el Ejecutivo del Estado descalifique nuestra defensa al caso UDLAP pues la bancada panista siempre levantar\u00e1 la voz contra cualquier atropello que se presente en Puebla. Somos voz de las y los ciudadanos, a quienes escuchamos y apoyaremos desde nuestro \u00e1mbito de competencia. Aclaramos que nuestro actuar siempre ha sido y ser\u00e1 a favor de las y los ciudadanos. Que quede claro: Siempre estaremos del lado de la sociedad a pesar de que incomode a otros actores. Reiteramos en&hellip;Leer m\u00e1s...","og_url":"https:\/\/www.aliadospuebla.com\/?p=68358","og_site_name":"AliadosPuebla","article_author":"https:\/\/www.facebook.com\/Aliados17Pue","article_published_time":"2022-02-02T22:35:07+00:00","og_image":[{"width":600,"height":450,"url":"https:\/\/www.aliadospuebla.com\/web2017\/wp-content\/uploads\/2022\/02\/14-PUEBLA.jpg","type":"image\/jpeg"}],"author":"Aliados17","twitter_card":"summary_large_image","twitter_creator":"@AliadosPuebla","twitter_misc":{"Escrito por":"Aliados17","Tiempo de lectura":"2 minutos"},"schema":{"@context":"https:\/\/schema.org","@graph":[{"@type":"Article","@id":"https:\/\/www.aliadospuebla.com\/?p=68358#article","isPartOf":{"@id":"https:\/\/www.aliadospuebla.com\/?p=68358"},"author":{"name":"Aliados17","@id":"https:\/\/www.aliadospuebla.com\/#\/schema\/person\/5da7dd09320bd4f392b710017ed5f8ad"},"headline":"LAMENTAMOS QUE EL GOBIERNO DEL ESTADO DESACREDITE NUESTRA DEFENSA EN FAVOR DE LAS Y LOS CIUDADANOS.","datePublished":"2022-02-02T22:35:07+00:00","mainEntityOfPage":{"@id":"https:\/\/www.aliadospuebla.com\/?p=68358"},"wordCount":279,"commentCount":0,"image":{"@id":"https:\/\/www.aliadospuebla.com\/?p=68358#primaryimage"},"thumbnailUrl":"https:\/\/www.aliadospuebla.com\/web2017\/wp-content\/uploads\/2022\/02\/14-PUEBLA.jpg","keywords":["GOBIERNO DE PUEBLA","POL\u00cdTICA","Politica puebla gobierno","Puebla","puebla politica"],"articleSection":["Pol\u00edtica"],"inLanguage":"es","potentialAction":[{"@type":"CommentAction","name":"Comment","target":["https:\/\/www.aliadospuebla.com\/?p=68358#respond"]}]},{"@type":"WebPage","@id":"https:\/\/www.aliadospuebla.com\/?p=68358","url":"https:\/\/www.aliadospuebla.com\/?p=68358","name":"LAMENTAMOS QUE EL GOBIERNO DEL ESTADO DESACREDITE NUESTRA DEFENSA EN FAVOR DE LAS Y LOS CIUDADANOS. - AliadosPuebla","isPartOf":{"@id":"https:\/\/www.aliadospuebla.com\/#website"},"primaryImageOfPage":{"@id":"https:\/\/www.aliadospuebla.com\/?p=68358#primaryimage"},"image":{"@id":"https:\/\/www.aliadospuebla.com\/?p=68358#primaryimage"},"thumbnailUrl":"https:\/\/www.aliadospuebla.com\/web2017\/wp-content\/uploads\/2022\/02\/14-PUEBLA.jpg","datePublished":"2022-02-02T22:35:07+00:00","author":{"@id":"https:\/\/www.aliadospuebla.com\/#\/schema\/person\/5da7dd09320bd4f392b710017ed5f8ad"},"breadcrumb":{"@id":"https:\/\/www.aliadospuebla.com\/?p=68358#breadcrumb"},"inLanguage":"es","potentialAction":[{"@type":"ReadAction","target":["https:\/\/www.aliadospuebla.com\/?p=68358"]}]},{"@type":"ImageObject","inLanguage":"es","@id":"https:\/\/www.aliadospuebla.com\/?p=68358#primaryimage","url":"https:\/\/www.aliadospuebla.com\/web2017\/wp-content\/uploads\/2022\/02\/14-PUEBLA.jpg","contentUrl":"https:\/\/www.aliadospuebla.com\/web2017\/wp-content\/uploads\/2022\/02\/14-PUEBLA.jpg","width":600,"height":450},{"@type":"BreadcrumbList","@id":"https:\/\/www.aliadospuebla.com\/?p=68358#breadcrumb","itemListElement":[{"@type":"ListItem","position":1,"name":"Portada","item":"https:\/\/www.aliadospuebla.com\/"},{"@type":"ListItem","position":2,"name":"LAMENTAMOS QUE EL GOBIERNO DEL ESTADO DESACREDITE NUESTRA DEFENSA EN FAVOR DE LAS Y LOS CIUDADANOS."}]},{"@type":"WebSite","@id":"https:\/\/www.aliadospuebla.com\/#website","url":"https:\/\/www.aliadospuebla.com\/","name":"AliadosPuebla","description":"La informaci\u00f3n en tus manos","potentialAction":[{"@type":"SearchAction","target":{"@type":"EntryPoint","urlTemplate":"https:\/\/www.aliadospuebla.com\/?s={search_term_string}"},"query-input":{"@type":"PropertyValueSpecification","valueRequired":true,"valueName":"search_term_string"}}],"inLanguage":"es"},{"@type":"Person","@id":"https:\/\/www.aliadospuebla.com\/#\/schema\/person\/5da7dd09320bd4f392b710017ed5f8ad","name":"Aliados17","image":{"@type":"ImageObject","inLanguage":"es","@id":"https:\/\/www.aliadospuebla.com\/web2017\/wp-content\/uploads\/2025\/03\/cropped-para-perfil-8-anos-1-96x96.jpg","url":"https:\/\/www.aliadospuebla.com\/web2017\/wp-content\/uploads\/2025\/03\/cropped-para-perfil-8-anos-1-96x96.jpg","contentUrl":"https:\/\/www.aliadospuebla.com\/web2017\/wp-content\/uploads\/2025\/03\/cropped-para-perfil-8-anos-1-96x96.jpg","caption":"Aliados17"},"sameAs":["https:\/\/www.aliados17.com","https:\/\/www.facebook.com\/Aliados17Pue","https:\/\/x.com\/AliadosPuebla"],"url":"https:\/\/www.aliadospuebla.com\/?author=2"}]}},"views":12,"_links":{"self":[{"href":"https:\/\/www.aliadospuebla.com\/index.php?rest_route=\/wp\/v2\/posts\/68358","targetHints":{"allow":["GET"]}}],"collection":[{"href":"https:\/\/www.aliadospuebla.com\/index.php?rest_route=\/wp\/v2\/posts"}],"about":[{"href":"https:\/\/www.aliadospuebla.com\/index.php?rest_route=\/wp\/v2\/types\/post"}],"author":[{"embeddable":true,"href":"https:\/\/www.aliadospuebla.com\/index.php?rest_route=\/wp\/v2\/users\/2"}],"replies":[{"embeddable":true,"href":"https:\/\/www.aliadospuebla.com\/index.php?rest_route=%2Fwp%2Fv2%2Fcomments&post=68358"}],"version-history":[{"count":1,"href":"https:\/\/www.aliadospuebla.com\/index.php?rest_route=\/wp\/v2\/posts\/68358\/revisions"}],"predecessor-version":[{"id":68360,"href":"https:\/\/www.aliadospuebla.com\/index.php?rest_route=\/wp\/v2\/posts\/68358\/revisions\/68360"}],"wp:featuredmedia":[{"embeddable":true,"href":"https:\/\/www.aliadospuebla.com\/index.php?rest_route=\/wp\/v2\/media\/68359"}],"wp:attachment":[{"href":"https:\/\/www.aliadospuebla.com\/index.php?rest_route=%2Fwp%2Fv2%2Fmedia&parent=68358"}],"wp:term":[{"taxonomy":"category","embeddable":true,"href":"https:\/\/www.aliadospuebla.com\/index.php?rest_route=%2Fwp%2Fv2%2Fcategories&post=68358"},{"taxonomy":"post_tag","embeddable":true,"href":"https:\/\/www.aliadospuebla.com\/index.php?rest_route=%2Fwp%2Fv2%2Ftags&post=68358"}],"curies":[{"name":"wp","href":"https:\/\/api.w.org\/{rel}","templated":true}]}}