{"id":68283,"date":"2022-02-01T16:03:43","date_gmt":"2022-02-01T22:03:43","guid":{"rendered":"https:\/\/www.aliados17.com\/?p=68283"},"modified":"2022-02-01T16:03:43","modified_gmt":"2022-02-01T22:03:43","slug":"gobierno-de-san-pedro-fortalece-trabajo-coordinado-con-canirac","status":"publish","type":"post","link":"https:\/\/www.aliadospuebla.com\/?p=68283","title":{"rendered":"GOBIERNO DE SAN PEDRO FORTALECE TRABAJO COORDINADO CON CANIRAC"},"content":{"rendered":"<p>San Pedro Cholula, Pue.- Con el objetivo de fortalecer el trabajo colaborativo entre el Gobierno Municipal de <strong>San Pedro Cholula<\/strong> y la<strong> C\u00e1mara<\/strong><\/p>\n<p><strong> Nacional de la Industria de Restaurantes y Alimentos Condimentados<\/strong> (CANIRAC) Delegaci\u00f3n Puebla, se realiz\u00f3 una reuni\u00f3n de trabajo a<\/p>\n<p>fin de impulsar diversas acciones que fomenten la <strong>reactivaci\u00f3n econ\u00f3mica<\/strong> del sector restaurantero en el municipio.<\/p>\n<p>&nbsp;<\/p>\n<p>Durante la reuni\u00f3n se revisaron, adem\u00e1s de diversos programas de respaldo al comercio formal como \u201c<strong>Cholula: Ciudad de oportunidades<\/strong>\u201d y<\/p>\n<p>\u201c<strong>Ventanilla Digital<\/strong>\u201d, se revisaron diversos esquemas operativos por parte de la Secretar\u00eda de <strong>Seguridad Ciudadana<\/strong> para fortalecer los<\/p>\n<p>esquemas operativos de patrullaje y vigilancia.<\/p>\n<p>&nbsp;<\/p>\n<p>En dicha reuni\u00f3n participaron la presidenta de<strong> CANIRAC Delegaci\u00f3n Puebla<\/strong>, <strong>Olga M\u00e9ndez<\/strong>; el Secretario Desarrollo Econ\u00f3mico de San Pedro<\/p>\n<p>Cholula, <strong>Jorge Ojeda<\/strong> y el Secretario de Seguridad Ciudadana, <strong>Sergio Fern\u00e1ndez<\/strong>.<\/p>\n","protected":false},"excerpt":{"rendered":"<p>San Pedro Cholula, Pue.- Con el objetivo de fortalecer el trabajo colaborativo entre el Gobierno Municipal de San Pedro Cholula y la C\u00e1mara Nacional de la Industria de Restaurantes y Alimentos Condimentados (CANIRAC) Delegaci\u00f3n Puebla, se realiz\u00f3 una reuni\u00f3n de trabajo a fin de impulsar diversas acciones que fomenten la reactivaci\u00f3n econ\u00f3mica del sector restaurantero en el municipio. &nbsp; Durante la reuni\u00f3n se revisaron, adem\u00e1s de diversos programas de respaldo al comercio formal como \u201cCholula: Ciudad de oportunidades\u201d y \u201cVentanilla Digital\u201d, se revisaron diversos esquemas operativos por parte de la Secretar\u00eda de Seguridad Ciudadana para fortalecer los esquemas operativos de patrullaje y vigilancia. &nbsp; En dicha reuni\u00f3n participaron la presidenta de CANIRAC Delegaci\u00f3n Puebla, Olga M\u00e9ndez; el Secretario Desarrollo Econ\u00f3mico de San Pedro Cholula, Jorge&hellip;<\/p>\n<p class=\"excerpt-more\"><a class=\"blog-excerpt button\" href=\"https:\/\/www.aliadospuebla.com\/?p=68283\">Leer m\u00e1s&#8230;<\/a><\/p>\n","protected":false},"author":2,"featured_media":68284,"comment_status":"open","ping_status":"open","sticky":false,"template":"","format":"standard","meta":{"_monsterinsights_skip_tracking":false,"footnotes":""},"categories":[4],"tags":[985,17388,18253,11936,387,7911,10966,18024,5997],"class_list":["post-68283","post","type-post","status-publish","format-standard","has-post-thumbnail","hentry","category-municipios","tag-canirac","tag-jorge-ojeda","tag-olga-mendez","tag-reactivacion-economica","tag-san-pedro-cholula","tag-sector-restaurantero","tag-seguridad-ciudadana","tag-sergio-fernandez","tag-trabajo-coordinado"],"yoast_head":"<!-- This site is optimized with the Yoast SEO plugin v28.3 - https:\/\/yoast.com\/product\/yoast-seo-wordpress\/ -->\n<title>GOBIERNO DE SAN PEDRO FORTALECE TRABAJO COORDINADO CON CANIRAC - AliadosPuebla<\/title>\n<meta name=\"robots\" content=\"index, follow, max-snippet:-1, max-image-preview:large, max-video-preview:-1\" \/>\n<link rel=\"canonical\" href=\"https:\/\/www.aliadospuebla.com\/?p=68283\" \/>\n<meta property=\"og:locale\" content=\"es_ES\" \/>\n<meta property=\"og:type\" content=\"article\" \/>\n<meta property=\"og:title\" content=\"GOBIERNO DE SAN PEDRO FORTALECE TRABAJO COORDINADO CON CANIRAC - AliadosPuebla\" \/>\n<meta property=\"og:description\" content=\"San Pedro Cholula, Pue.- Con el objetivo de fortalecer el trabajo colaborativo entre el Gobierno Municipal de San Pedro Cholula y la C\u00e1mara Nacional de la Industria de Restaurantes y Alimentos Condimentados (CANIRAC) Delegaci\u00f3n Puebla, se realiz\u00f3 una reuni\u00f3n de trabajo a fin de impulsar diversas acciones que fomenten la reactivaci\u00f3n econ\u00f3mica del sector restaurantero en el municipio. &nbsp; Durante la reuni\u00f3n se revisaron, adem\u00e1s de diversos programas de respaldo al comercio formal como \u201cCholula: Ciudad de oportunidades\u201d y \u201cVentanilla Digital\u201d, se revisaron diversos esquemas operativos por parte de la Secretar\u00eda de Seguridad Ciudadana para fortalecer los esquemas operativos de patrullaje y vigilancia. &nbsp; En dicha reuni\u00f3n participaron la presidenta de CANIRAC Delegaci\u00f3n Puebla, Olga M\u00e9ndez; el Secretario Desarrollo Econ\u00f3mico de San Pedro Cholula, Jorge&hellip;Leer m\u00e1s...\" \/>\n<meta property=\"og:url\" content=\"https:\/\/www.aliadospuebla.com\/?p=68283\" \/>\n<meta property=\"og:site_name\" content=\"AliadosPuebla\" \/>\n<meta property=\"article:author\" content=\"https:\/\/www.facebook.com\/Aliados17Pue\" \/>\n<meta property=\"article:published_time\" content=\"2022-02-01T22:03:43+00:00\" \/>\n<meta property=\"og:image\" content=\"https:\/\/www.aliadospuebla.com\/web2017\/wp-content\/uploads\/2022\/02\/007-San-Pedro-Cholula.jpg\" \/>\n\t<meta property=\"og:image:width\" content=\"600\" \/>\n\t<meta property=\"og:image:height\" content=\"450\" \/>\n\t<meta property=\"og:image:type\" content=\"image\/jpeg\" \/>\n<meta name=\"author\" content=\"Aliados17\" \/>\n<meta name=\"twitter:card\" content=\"summary_large_image\" \/>\n<meta name=\"twitter:creator\" content=\"@AliadosPuebla\" \/>\n<meta name=\"twitter:label1\" content=\"Escrito por\" \/>\n\t<meta name=\"twitter:data1\" content=\"Aliados17\" \/>\n\t<meta name=\"twitter:label2\" content=\"Tiempo de lectura\" \/>\n\t<meta name=\"twitter:data2\" content=\"1 minuto\" \/>\n<script type=\"application\/ld+json\" class=\"yoast-schema-graph\">{\"@context\":\"https:\\\/\\\/schema.org\",\"@graph\":[{\"@type\":\"Article\",\"@id\":\"https:\\\/\\\/www.aliadospuebla.com\\\/?p=68283#article\",\"isPartOf\":{\"@id\":\"https:\\\/\\\/www.aliadospuebla.com\\\/?p=68283\"},\"author\":{\"name\":\"Aliados17\",\"@id\":\"https:\\\/\\\/www.aliadospuebla.com\\\/#\\\/schema\\\/person\\\/5da7dd09320bd4f392b710017ed5f8ad\"},\"headline\":\"GOBIERNO DE SAN PEDRO FORTALECE TRABAJO COORDINADO CON CANIRAC\",\"datePublished\":\"2022-02-01T22:03:43+00:00\",\"mainEntityOfPage\":{\"@id\":\"https:\\\/\\\/www.aliadospuebla.com\\\/?p=68283\"},\"wordCount\":157,\"commentCount\":0,\"image\":{\"@id\":\"https:\\\/\\\/www.aliadospuebla.com\\\/?p=68283#primaryimage\"},\"thumbnailUrl\":\"https:\\\/\\\/www.aliadospuebla.com\\\/web2017\\\/wp-content\\\/uploads\\\/2022\\\/02\\\/007-San-Pedro-Cholula.jpg\",\"keywords\":[\"CANIRAC\",\"Jorge Ojeda\",\"Olga M\u00e9ndez\",\"Reactivaci\u00f3n econ\u00f3mica\",\"SAN PEDRO CHOLULA\",\"SECTOR RESTAURANTERO\",\"SEGURIDAD CIUDADANA\",\"Sergio Fern\u00e1ndez\",\"TRABAJO COORDINADO\"],\"articleSection\":[\"Municipios\"],\"inLanguage\":\"es\",\"potentialAction\":[{\"@type\":\"CommentAction\",\"name\":\"Comment\",\"target\":[\"https:\\\/\\\/www.aliadospuebla.com\\\/?p=68283#respond\"]}]},{\"@type\":\"WebPage\",\"@id\":\"https:\\\/\\\/www.aliadospuebla.com\\\/?p=68283\",\"url\":\"https:\\\/\\\/www.aliadospuebla.com\\\/?p=68283\",\"name\":\"GOBIERNO DE SAN PEDRO FORTALECE TRABAJO COORDINADO CON CANIRAC - AliadosPuebla\",\"isPartOf\":{\"@id\":\"https:\\\/\\\/www.aliadospuebla.com\\\/#website\"},\"primaryImageOfPage\":{\"@id\":\"https:\\\/\\\/www.aliadospuebla.com\\\/?p=68283#primaryimage\"},\"image\":{\"@id\":\"https:\\\/\\\/www.aliadospuebla.com\\\/?p=68283#primaryimage\"},\"thumbnailUrl\":\"https:\\\/\\\/www.aliadospuebla.com\\\/web2017\\\/wp-content\\\/uploads\\\/2022\\\/02\\\/007-San-Pedro-Cholula.jpg\",\"datePublished\":\"2022-02-01T22:03:43+00:00\",\"author\":{\"@id\":\"https:\\\/\\\/www.aliadospuebla.com\\\/#\\\/schema\\\/person\\\/5da7dd09320bd4f392b710017ed5f8ad\"},\"breadcrumb\":{\"@id\":\"https:\\\/\\\/www.aliadospuebla.com\\\/?p=68283#breadcrumb\"},\"inLanguage\":\"es\",\"potentialAction\":[{\"@type\":\"ReadAction\",\"target\":[\"https:\\\/\\\/www.aliadospuebla.com\\\/?p=68283\"]}]},{\"@type\":\"ImageObject\",\"inLanguage\":\"es\",\"@id\":\"https:\\\/\\\/www.aliadospuebla.com\\\/?p=68283#primaryimage\",\"url\":\"https:\\\/\\\/www.aliadospuebla.com\\\/web2017\\\/wp-content\\\/uploads\\\/2022\\\/02\\\/007-San-Pedro-Cholula.jpg\",\"contentUrl\":\"https:\\\/\\\/www.aliadospuebla.com\\\/web2017\\\/wp-content\\\/uploads\\\/2022\\\/02\\\/007-San-Pedro-Cholula.jpg\",\"width\":600,\"height\":450},{\"@type\":\"BreadcrumbList\",\"@id\":\"https:\\\/\\\/www.aliadospuebla.com\\\/?p=68283#breadcrumb\",\"itemListElement\":[{\"@type\":\"ListItem\",\"position\":1,\"name\":\"Portada\",\"item\":\"https:\\\/\\\/www.aliadospuebla.com\\\/\"},{\"@type\":\"ListItem\",\"position\":2,\"name\":\"GOBIERNO DE SAN PEDRO FORTALECE TRABAJO COORDINADO CON CANIRAC\"}]},{\"@type\":\"WebSite\",\"@id\":\"https:\\\/\\\/www.aliadospuebla.com\\\/#website\",\"url\":\"https:\\\/\\\/www.aliadospuebla.com\\\/\",\"name\":\"AliadosPuebla\",\"description\":\"La informaci\u00f3n en tus manos\",\"potentialAction\":[{\"@type\":\"SearchAction\",\"target\":{\"@type\":\"EntryPoint\",\"urlTemplate\":\"https:\\\/\\\/www.aliadospuebla.com\\\/?s={search_term_string}\"},\"query-input\":{\"@type\":\"PropertyValueSpecification\",\"valueRequired\":true,\"valueName\":\"search_term_string\"}}],\"inLanguage\":\"es\"},{\"@type\":\"Person\",\"@id\":\"https:\\\/\\\/www.aliadospuebla.com\\\/#\\\/schema\\\/person\\\/5da7dd09320bd4f392b710017ed5f8ad\",\"name\":\"Aliados17\",\"image\":{\"@type\":\"ImageObject\",\"inLanguage\":\"es\",\"@id\":\"https:\\\/\\\/www.aliadospuebla.com\\\/web2017\\\/wp-content\\\/uploads\\\/2025\\\/03\\\/cropped-para-perfil-8-anos-1-96x96.jpg\",\"url\":\"https:\\\/\\\/www.aliadospuebla.com\\\/web2017\\\/wp-content\\\/uploads\\\/2025\\\/03\\\/cropped-para-perfil-8-anos-1-96x96.jpg\",\"contentUrl\":\"https:\\\/\\\/www.aliadospuebla.com\\\/web2017\\\/wp-content\\\/uploads\\\/2025\\\/03\\\/cropped-para-perfil-8-anos-1-96x96.jpg\",\"caption\":\"Aliados17\"},\"sameAs\":[\"https:\\\/\\\/www.aliados17.com\",\"https:\\\/\\\/www.facebook.com\\\/Aliados17Pue\",\"https:\\\/\\\/x.com\\\/AliadosPuebla\"],\"url\":\"https:\\\/\\\/www.aliadospuebla.com\\\/?author=2\"}]}<\/script>\n<!-- \/ Yoast SEO plugin. -->","yoast_head_json":{"title":"GOBIERNO DE SAN PEDRO FORTALECE TRABAJO COORDINADO CON CANIRAC - AliadosPuebla","robots":{"index":"index","follow":"follow","max-snippet":"max-snippet:-1","max-image-preview":"max-image-preview:large","max-video-preview":"max-video-preview:-1"},"canonical":"https:\/\/www.aliadospuebla.com\/?p=68283","og_locale":"es_ES","og_type":"article","og_title":"GOBIERNO DE SAN PEDRO FORTALECE TRABAJO COORDINADO CON CANIRAC - AliadosPuebla","og_description":"San Pedro Cholula, Pue.- Con el objetivo de fortalecer el trabajo colaborativo entre el Gobierno Municipal de San Pedro Cholula y la C\u00e1mara Nacional de la Industria de Restaurantes y Alimentos Condimentados (CANIRAC) Delegaci\u00f3n Puebla, se realiz\u00f3 una reuni\u00f3n de trabajo a fin de impulsar diversas acciones que fomenten la reactivaci\u00f3n econ\u00f3mica del sector restaurantero en el municipio. &nbsp; Durante la reuni\u00f3n se revisaron, adem\u00e1s de diversos programas de respaldo al comercio formal como \u201cCholula: Ciudad de oportunidades\u201d y \u201cVentanilla Digital\u201d, se revisaron diversos esquemas operativos por parte de la Secretar\u00eda de Seguridad Ciudadana para fortalecer los esquemas operativos de patrullaje y vigilancia. &nbsp; En dicha reuni\u00f3n participaron la presidenta de CANIRAC Delegaci\u00f3n Puebla, Olga M\u00e9ndez; el Secretario Desarrollo Econ\u00f3mico de San Pedro Cholula, Jorge&hellip;Leer m\u00e1s...","og_url":"https:\/\/www.aliadospuebla.com\/?p=68283","og_site_name":"AliadosPuebla","article_author":"https:\/\/www.facebook.com\/Aliados17Pue","article_published_time":"2022-02-01T22:03:43+00:00","og_image":[{"width":600,"height":450,"url":"https:\/\/www.aliadospuebla.com\/web2017\/wp-content\/uploads\/2022\/02\/007-San-Pedro-Cholula.jpg","type":"image\/jpeg"}],"author":"Aliados17","twitter_card":"summary_large_image","twitter_creator":"@AliadosPuebla","twitter_misc":{"Escrito por":"Aliados17","Tiempo de lectura":"1 minuto"},"schema":{"@context":"https:\/\/schema.org","@graph":[{"@type":"Article","@id":"https:\/\/www.aliadospuebla.com\/?p=68283#article","isPartOf":{"@id":"https:\/\/www.aliadospuebla.com\/?p=68283"},"author":{"name":"Aliados17","@id":"https:\/\/www.aliadospuebla.com\/#\/schema\/person\/5da7dd09320bd4f392b710017ed5f8ad"},"headline":"GOBIERNO DE SAN PEDRO FORTALECE TRABAJO COORDINADO CON CANIRAC","datePublished":"2022-02-01T22:03:43+00:00","mainEntityOfPage":{"@id":"https:\/\/www.aliadospuebla.com\/?p=68283"},"wordCount":157,"commentCount":0,"image":{"@id":"https:\/\/www.aliadospuebla.com\/?p=68283#primaryimage"},"thumbnailUrl":"https:\/\/www.aliadospuebla.com\/web2017\/wp-content\/uploads\/2022\/02\/007-San-Pedro-Cholula.jpg","keywords":["CANIRAC","Jorge Ojeda","Olga M\u00e9ndez","Reactivaci\u00f3n econ\u00f3mica","SAN PEDRO CHOLULA","SECTOR RESTAURANTERO","SEGURIDAD CIUDADANA","Sergio Fern\u00e1ndez","TRABAJO COORDINADO"],"articleSection":["Municipios"],"inLanguage":"es","potentialAction":[{"@type":"CommentAction","name":"Comment","target":["https:\/\/www.aliadospuebla.com\/?p=68283#respond"]}]},{"@type":"WebPage","@id":"https:\/\/www.aliadospuebla.com\/?p=68283","url":"https:\/\/www.aliadospuebla.com\/?p=68283","name":"GOBIERNO DE SAN PEDRO FORTALECE TRABAJO COORDINADO CON CANIRAC - AliadosPuebla","isPartOf":{"@id":"https:\/\/www.aliadospuebla.com\/#website"},"primaryImageOfPage":{"@id":"https:\/\/www.aliadospuebla.com\/?p=68283#primaryimage"},"image":{"@id":"https:\/\/www.aliadospuebla.com\/?p=68283#primaryimage"},"thumbnailUrl":"https:\/\/www.aliadospuebla.com\/web2017\/wp-content\/uploads\/2022\/02\/007-San-Pedro-Cholula.jpg","datePublished":"2022-02-01T22:03:43+00:00","author":{"@id":"https:\/\/www.aliadospuebla.com\/#\/schema\/person\/5da7dd09320bd4f392b710017ed5f8ad"},"breadcrumb":{"@id":"https:\/\/www.aliadospuebla.com\/?p=68283#breadcrumb"},"inLanguage":"es","potentialAction":[{"@type":"ReadAction","target":["https:\/\/www.aliadospuebla.com\/?p=68283"]}]},{"@type":"ImageObject","inLanguage":"es","@id":"https:\/\/www.aliadospuebla.com\/?p=68283#primaryimage","url":"https:\/\/www.aliadospuebla.com\/web2017\/wp-content\/uploads\/2022\/02\/007-San-Pedro-Cholula.jpg","contentUrl":"https:\/\/www.aliadospuebla.com\/web2017\/wp-content\/uploads\/2022\/02\/007-San-Pedro-Cholula.jpg","width":600,"height":450},{"@type":"BreadcrumbList","@id":"https:\/\/www.aliadospuebla.com\/?p=68283#breadcrumb","itemListElement":[{"@type":"ListItem","position":1,"name":"Portada","item":"https:\/\/www.aliadospuebla.com\/"},{"@type":"ListItem","position":2,"name":"GOBIERNO DE SAN PEDRO FORTALECE TRABAJO COORDINADO CON CANIRAC"}]},{"@type":"WebSite","@id":"https:\/\/www.aliadospuebla.com\/#website","url":"https:\/\/www.aliadospuebla.com\/","name":"AliadosPuebla","description":"La informaci\u00f3n en tus manos","potentialAction":[{"@type":"SearchAction","target":{"@type":"EntryPoint","urlTemplate":"https:\/\/www.aliadospuebla.com\/?s={search_term_string}"},"query-input":{"@type":"PropertyValueSpecification","valueRequired":true,"valueName":"search_term_string"}}],"inLanguage":"es"},{"@type":"Person","@id":"https:\/\/www.aliadospuebla.com\/#\/schema\/person\/5da7dd09320bd4f392b710017ed5f8ad","name":"Aliados17","image":{"@type":"ImageObject","inLanguage":"es","@id":"https:\/\/www.aliadospuebla.com\/web2017\/wp-content\/uploads\/2025\/03\/cropped-para-perfil-8-anos-1-96x96.jpg","url":"https:\/\/www.aliadospuebla.com\/web2017\/wp-content\/uploads\/2025\/03\/cropped-para-perfil-8-anos-1-96x96.jpg","contentUrl":"https:\/\/www.aliadospuebla.com\/web2017\/wp-content\/uploads\/2025\/03\/cropped-para-perfil-8-anos-1-96x96.jpg","caption":"Aliados17"},"sameAs":["https:\/\/www.aliados17.com","https:\/\/www.facebook.com\/Aliados17Pue","https:\/\/x.com\/AliadosPuebla"],"url":"https:\/\/www.aliadospuebla.com\/?author=2"}]}},"views":7,"_links":{"self":[{"href":"https:\/\/www.aliadospuebla.com\/index.php?rest_route=\/wp\/v2\/posts\/68283","targetHints":{"allow":["GET"]}}],"collection":[{"href":"https:\/\/www.aliadospuebla.com\/index.php?rest_route=\/wp\/v2\/posts"}],"about":[{"href":"https:\/\/www.aliadospuebla.com\/index.php?rest_route=\/wp\/v2\/types\/post"}],"author":[{"embeddable":true,"href":"https:\/\/www.aliadospuebla.com\/index.php?rest_route=\/wp\/v2\/users\/2"}],"replies":[{"embeddable":true,"href":"https:\/\/www.aliadospuebla.com\/index.php?rest_route=%2Fwp%2Fv2%2Fcomments&post=68283"}],"version-history":[{"count":1,"href":"https:\/\/www.aliadospuebla.com\/index.php?rest_route=\/wp\/v2\/posts\/68283\/revisions"}],"predecessor-version":[{"id":68285,"href":"https:\/\/www.aliadospuebla.com\/index.php?rest_route=\/wp\/v2\/posts\/68283\/revisions\/68285"}],"wp:featuredmedia":[{"embeddable":true,"href":"https:\/\/www.aliadospuebla.com\/index.php?rest_route=\/wp\/v2\/media\/68284"}],"wp:attachment":[{"href":"https:\/\/www.aliadospuebla.com\/index.php?rest_route=%2Fwp%2Fv2%2Fmedia&parent=68283"}],"wp:term":[{"taxonomy":"category","embeddable":true,"href":"https:\/\/www.aliadospuebla.com\/index.php?rest_route=%2Fwp%2Fv2%2Fcategories&post=68283"},{"taxonomy":"post_tag","embeddable":true,"href":"https:\/\/www.aliadospuebla.com\/index.php?rest_route=%2Fwp%2Fv2%2Ftags&post=68283"}],"curies":[{"name":"wp","href":"https:\/\/api.w.org\/{rel}","templated":true}]}}