{"id":67276,"date":"2022-01-10T20:08:54","date_gmt":"2022-01-11T02:08:54","guid":{"rendered":"https:\/\/www.aliados17.com\/?p=67276"},"modified":"2022-01-10T20:08:54","modified_gmt":"2022-01-11T02:08:54","slug":"aplicacion-de-dosis-de-refuerzo-a-mas-de-35-mil-trabajadores-de-la-educacion-se-llevara-a-cabo-el-12-y-13-de-enero","status":"publish","type":"post","link":"https:\/\/www.aliadospuebla.com\/?p=67276","title":{"rendered":"APLICACI\u00d3N DE DOSIS DE REFUERZO A M\u00c1S DE 35 MIL TRABAJADORES DE LA EDUCACI\u00d3N SE LLEVAR\u00c1 A CABO EL 12 Y 13 DE ENERO"},"content":{"rendered":"<h3>La inoculaci\u00f3n est\u00e1 garantizada para cumplir la meta de atenci\u00f3n al sector<\/h3>\n<p>&nbsp;<\/p>\n<p>El titular de la Secretar\u00eda de Educaci\u00f3n P\u00fablica del Estado (SEPE), Homero Meneses Hern\u00e1ndez inform\u00f3 que el pr\u00f3ximo 12 y 13 de enero m\u00e1s de 35}<\/p>\n<p>mil trabajadores de la educaci\u00f3n recibir\u00e1n la aplicaci\u00f3n del refuerzo de la vacuna contra Covid-19.<\/p>\n<p>&nbsp;<\/p>\n<p>Destac\u00f3 que la vacunaci\u00f3n al sector educativo es en respuesta a una petici\u00f3n que realiz\u00f3 la gobernadora Lorena Cu\u00e9llar Cisneros ante el gobierno<\/p>\n<p>federal para proteger a docentes, directivos y administrativos.<\/p>\n<p>Durante el homenaje realizado este lunes en la explanada Alonso de Escalona en las oficinas centrales de Secretar\u00eda de Educaci\u00f3n P\u00fablica-Unidad de<\/p>\n<p>Servicios Educativos de Tlaxcala (SEPE-USET), el funcionario conmin\u00f3 al sector educativo a respetar el horario, lugar y fecha establecidos por las<\/p>\n<p>autoridades de salud para evitar contratiempos, pues hay suficiencia de dosis y est\u00e1 garantizada para todo el personal educativo.<\/p>\n<p>&nbsp;<\/p>\n<p>Mencion\u00f3 que, para facilitar el traslado del personal a los distintos lugares, se acord\u00f3 con las representaciones sindicales la suspensi\u00f3n de labores el d\u00eda<\/p>\n<p>que tengan asignada su vacunaci\u00f3n, con el prop\u00f3sito de que puedan regresar a casa para reposar y al siguiente d\u00eda incorporarse a sus actividades<\/p>\n<p>normales.<\/p>\n<p>Las sedes tendr\u00e1n un horario de 8:00 a 16:00 horas y estar\u00e1n distribuidas de la siguiente manera: los d\u00edas 12 y 13 en la Universidad Polit\u00e9cnica de<\/p>\n<p>Tlaxcala (UPTx) Tepeyanco, Centro Cultural Universitario en Tlaxcala capital y Centro Escolar en Santa Ana Chiautempan.<\/p>\n<p>&nbsp;<\/p>\n<p>Para el 12 de enero en las sedes: Centro de Estudios Cient\u00edficos y Tecnol\u00f3gicos (Cecyte) plantel 08 San Pablo Apetatitl\u00e1n; Colegio Nacional de<\/p>\n<p>Educaci\u00f3n Profesional T\u00e9cnica (Conalep), plantel 101 de Zacualpan; Instituto Tecnol\u00f3gico de Apizaco (ITA), Universidad Polit\u00e9cnica Regi\u00f3n Poniente Hueyotlipan (Uptrep) y Unidad Deportiva Miguel Arroyo en Huamantla.<\/p>\n<p>&nbsp;<\/p>\n<p>El funcionario pidi\u00f3 a la comunidad educativa hacer su registro en la p\u00e1gina https:\/\/sitios.septlaxcala.gob.mx\/miVacuna\/, atender la petici\u00f3n del sector<\/p>\n<p>salud de utilizar cubrebocas KN95 para mayor protecci\u00f3n e ingresar a las instalaciones con el c\u00f3digo QR e identificaci\u00f3n oficial, para que posteriormente<\/p>\n<p>les aplique la vacuna Moderna.<\/p>\n<p>Por otra parte, Meneses Hern\u00e1ndez agradeci\u00f3 al personal de oficinas centrales su apoyo por la donaci\u00f3n de 573 juguetes que fueron distribuidos a ni\u00f1as<\/p>\n<p>y ni\u00f1os de los seis albergues que hay en el estado y el Internado General de Divisi\u00f3n Jos\u00e9 Amarillas, lo que demuestra un gesto de solidaridad por parte<\/p>\n<p>de los trabajadores que laboran en oficinas centrales.<\/p>\n","protected":false},"excerpt":{"rendered":"<p>La inoculaci\u00f3n est\u00e1 garantizada para cumplir la meta de atenci\u00f3n al sector &nbsp; El titular de la Secretar\u00eda de Educaci\u00f3n P\u00fablica del Estado (SEPE), Homero Meneses Hern\u00e1ndez inform\u00f3 que el pr\u00f3ximo 12 y 13 de enero m\u00e1s de 35} mil trabajadores de la educaci\u00f3n recibir\u00e1n la aplicaci\u00f3n del refuerzo de la vacuna contra Covid-19. &nbsp; Destac\u00f3 que la vacunaci\u00f3n al sector educativo es en respuesta a una petici\u00f3n que realiz\u00f3 la gobernadora Lorena Cu\u00e9llar Cisneros ante el gobierno federal para proteger a docentes, directivos y administrativos. Durante el homenaje realizado este lunes en la explanada Alonso de Escalona en las oficinas centrales de Secretar\u00eda de Educaci\u00f3n P\u00fablica-Unidad de Servicios Educativos de Tlaxcala (SEPE-USET), el funcionario conmin\u00f3 al sector educativo a respetar el horario, lugar y&hellip;<\/p>\n<p class=\"excerpt-more\"><a class=\"blog-excerpt button\" href=\"https:\/\/www.aliadospuebla.com\/?p=67276\">Leer m\u00e1s&#8230;<\/a><\/p>\n","protected":false},"author":2,"featured_media":67277,"comment_status":"open","ping_status":"open","sticky":false,"template":"","format":"standard","meta":{"_monsterinsights_skip_tracking":false,"footnotes":""},"categories":[8304],"tags":[16365,16175,17731,8372,4130],"class_list":["post-67276","post","type-post","status-publish","format-standard","has-post-thumbnail","hentry","category-nacional","tag-homero-meneses-hernandez","tag-lorena-cuellar-cisneros","tag-refuerzo","tag-sepe","tag-vacunacion"],"yoast_head":"<!-- This site is optimized with the Yoast SEO plugin v28.4 - https:\/\/yoast.com\/product\/yoast-seo-wordpress\/ -->\n<title>APLICACI\u00d3N DE DOSIS DE REFUERZO A M\u00c1S DE 35 MIL TRABAJADORES DE LA EDUCACI\u00d3N SE LLEVAR\u00c1 A CABO EL 12 Y 13 DE ENERO - AliadosPuebla<\/title>\n<meta name=\"robots\" content=\"index, follow, max-snippet:-1, max-image-preview:large, max-video-preview:-1\" \/>\n<link rel=\"canonical\" href=\"https:\/\/www.aliadospuebla.com\/?p=67276\" \/>\n<meta property=\"og:locale\" content=\"es_ES\" \/>\n<meta property=\"og:type\" content=\"article\" \/>\n<meta property=\"og:title\" content=\"APLICACI\u00d3N DE DOSIS DE REFUERZO A M\u00c1S DE 35 MIL TRABAJADORES DE LA EDUCACI\u00d3N SE LLEVAR\u00c1 A CABO EL 12 Y 13 DE ENERO - AliadosPuebla\" \/>\n<meta property=\"og:description\" content=\"La inoculaci\u00f3n est\u00e1 garantizada para cumplir la meta de atenci\u00f3n al sector &nbsp; El titular de la Secretar\u00eda de Educaci\u00f3n P\u00fablica del Estado (SEPE), Homero Meneses Hern\u00e1ndez inform\u00f3 que el pr\u00f3ximo 12 y 13 de enero m\u00e1s de 35} mil trabajadores de la educaci\u00f3n recibir\u00e1n la aplicaci\u00f3n del refuerzo de la vacuna contra Covid-19. &nbsp; Destac\u00f3 que la vacunaci\u00f3n al sector educativo es en respuesta a una petici\u00f3n que realiz\u00f3 la gobernadora Lorena Cu\u00e9llar Cisneros ante el gobierno federal para proteger a docentes, directivos y administrativos. Durante el homenaje realizado este lunes en la explanada Alonso de Escalona en las oficinas centrales de Secretar\u00eda de Educaci\u00f3n P\u00fablica-Unidad de Servicios Educativos de Tlaxcala (SEPE-USET), el funcionario conmin\u00f3 al sector educativo a respetar el horario, lugar y&hellip;Leer m\u00e1s...\" \/>\n<meta property=\"og:url\" content=\"https:\/\/www.aliadospuebla.com\/?p=67276\" \/>\n<meta property=\"og:site_name\" content=\"AliadosPuebla\" \/>\n<meta property=\"article:author\" content=\"https:\/\/www.facebook.com\/Aliados17Pue\" \/>\n<meta property=\"article:published_time\" content=\"2022-01-11T02:08:54+00:00\" \/>\n<meta property=\"og:image\" content=\"https:\/\/www.aliadospuebla.com\/web2017\/wp-content\/uploads\/2022\/01\/28-SEPE.jpg\" \/>\n\t<meta property=\"og:image:width\" content=\"600\" \/>\n\t<meta property=\"og:image:height\" content=\"450\" \/>\n\t<meta property=\"og:image:type\" content=\"image\/jpeg\" \/>\n<meta name=\"author\" content=\"Aliados17\" \/>\n<meta name=\"twitter:card\" content=\"summary_large_image\" \/>\n<meta name=\"twitter:creator\" content=\"@AliadosPuebla\" \/>\n<meta name=\"twitter:label1\" content=\"Escrito por\" \/>\n\t<meta name=\"twitter:data1\" content=\"Aliados17\" \/>\n\t<meta name=\"twitter:label2\" content=\"Tiempo de lectura\" \/>\n\t<meta name=\"twitter:data2\" content=\"2 minutos\" \/>\n<script type=\"application\/ld+json\" class=\"yoast-schema-graph\">{\"@context\":\"https:\\\/\\\/schema.org\",\"@graph\":[{\"@type\":\"Article\",\"@id\":\"https:\\\/\\\/www.aliadospuebla.com\\\/?p=67276#article\",\"isPartOf\":{\"@id\":\"https:\\\/\\\/www.aliadospuebla.com\\\/?p=67276\"},\"author\":{\"name\":\"Aliados17\",\"@id\":\"https:\\\/\\\/www.aliadospuebla.com\\\/#\\\/schema\\\/person\\\/5da7dd09320bd4f392b710017ed5f8ad\"},\"headline\":\"APLICACI\u00d3N DE DOSIS DE REFUERZO A M\u00c1S DE 35 MIL TRABAJADORES DE LA EDUCACI\u00d3N SE LLEVAR\u00c1 A CABO EL 12 Y 13 DE ENERO\",\"datePublished\":\"2022-01-11T02:08:54+00:00\",\"mainEntityOfPage\":{\"@id\":\"https:\\\/\\\/www.aliadospuebla.com\\\/?p=67276\"},\"wordCount\":461,\"commentCount\":0,\"image\":{\"@id\":\"https:\\\/\\\/www.aliadospuebla.com\\\/?p=67276#primaryimage\"},\"thumbnailUrl\":\"https:\\\/\\\/www.aliadospuebla.com\\\/web2017\\\/wp-content\\\/uploads\\\/2022\\\/01\\\/28-SEPE.jpg\",\"keywords\":[\"Homero Meneses Hern\u00e1ndez\",\"Lorena Cuellar Cisneros\",\"refuerzo\",\"SEPE\",\"VACUNACI\u00d3N\"],\"articleSection\":[\"Nacional\"],\"inLanguage\":\"es\",\"potentialAction\":[{\"@type\":\"CommentAction\",\"name\":\"Comment\",\"target\":[\"https:\\\/\\\/www.aliadospuebla.com\\\/?p=67276#respond\"]}]},{\"@type\":\"WebPage\",\"@id\":\"https:\\\/\\\/www.aliadospuebla.com\\\/?p=67276\",\"url\":\"https:\\\/\\\/www.aliadospuebla.com\\\/?p=67276\",\"name\":\"APLICACI\u00d3N DE DOSIS DE REFUERZO A M\u00c1S DE 35 MIL TRABAJADORES DE LA EDUCACI\u00d3N SE LLEVAR\u00c1 A CABO EL 12 Y 13 DE ENERO - AliadosPuebla\",\"isPartOf\":{\"@id\":\"https:\\\/\\\/www.aliadospuebla.com\\\/#website\"},\"primaryImageOfPage\":{\"@id\":\"https:\\\/\\\/www.aliadospuebla.com\\\/?p=67276#primaryimage\"},\"image\":{\"@id\":\"https:\\\/\\\/www.aliadospuebla.com\\\/?p=67276#primaryimage\"},\"thumbnailUrl\":\"https:\\\/\\\/www.aliadospuebla.com\\\/web2017\\\/wp-content\\\/uploads\\\/2022\\\/01\\\/28-SEPE.jpg\",\"datePublished\":\"2022-01-11T02:08:54+00:00\",\"author\":{\"@id\":\"https:\\\/\\\/www.aliadospuebla.com\\\/#\\\/schema\\\/person\\\/5da7dd09320bd4f392b710017ed5f8ad\"},\"breadcrumb\":{\"@id\":\"https:\\\/\\\/www.aliadospuebla.com\\\/?p=67276#breadcrumb\"},\"inLanguage\":\"es\",\"potentialAction\":[{\"@type\":\"ReadAction\",\"target\":[\"https:\\\/\\\/www.aliadospuebla.com\\\/?p=67276\"]}]},{\"@type\":\"ImageObject\",\"inLanguage\":\"es\",\"@id\":\"https:\\\/\\\/www.aliadospuebla.com\\\/?p=67276#primaryimage\",\"url\":\"https:\\\/\\\/www.aliadospuebla.com\\\/web2017\\\/wp-content\\\/uploads\\\/2022\\\/01\\\/28-SEPE.jpg\",\"contentUrl\":\"https:\\\/\\\/www.aliadospuebla.com\\\/web2017\\\/wp-content\\\/uploads\\\/2022\\\/01\\\/28-SEPE.jpg\",\"width\":600,\"height\":450},{\"@type\":\"BreadcrumbList\",\"@id\":\"https:\\\/\\\/www.aliadospuebla.com\\\/?p=67276#breadcrumb\",\"itemListElement\":[{\"@type\":\"ListItem\",\"position\":1,\"name\":\"Portada\",\"item\":\"https:\\\/\\\/www.aliadospuebla.com\\\/\"},{\"@type\":\"ListItem\",\"position\":2,\"name\":\"APLICACI\u00d3N DE DOSIS DE REFUERZO A M\u00c1S DE 35 MIL TRABAJADORES DE LA EDUCACI\u00d3N SE LLEVAR\u00c1 A CABO EL 12 Y 13 DE ENERO\"}]},{\"@type\":\"WebSite\",\"@id\":\"https:\\\/\\\/www.aliadospuebla.com\\\/#website\",\"url\":\"https:\\\/\\\/www.aliadospuebla.com\\\/\",\"name\":\"AliadosPuebla\",\"description\":\"La informaci\u00f3n en tus manos\",\"potentialAction\":[{\"@type\":\"SearchAction\",\"target\":{\"@type\":\"EntryPoint\",\"urlTemplate\":\"https:\\\/\\\/www.aliadospuebla.com\\\/?s={search_term_string}\"},\"query-input\":{\"@type\":\"PropertyValueSpecification\",\"valueRequired\":true,\"valueName\":\"search_term_string\"}}],\"inLanguage\":\"es\"},{\"@type\":\"Person\",\"@id\":\"https:\\\/\\\/www.aliadospuebla.com\\\/#\\\/schema\\\/person\\\/5da7dd09320bd4f392b710017ed5f8ad\",\"name\":\"Aliados17\",\"image\":{\"@type\":\"ImageObject\",\"inLanguage\":\"es\",\"@id\":\"https:\\\/\\\/www.aliadospuebla.com\\\/web2017\\\/wp-content\\\/uploads\\\/2025\\\/03\\\/cropped-para-perfil-8-anos-1-96x96.jpg\",\"url\":\"https:\\\/\\\/www.aliadospuebla.com\\\/web2017\\\/wp-content\\\/uploads\\\/2025\\\/03\\\/cropped-para-perfil-8-anos-1-96x96.jpg\",\"contentUrl\":\"https:\\\/\\\/www.aliadospuebla.com\\\/web2017\\\/wp-content\\\/uploads\\\/2025\\\/03\\\/cropped-para-perfil-8-anos-1-96x96.jpg\",\"caption\":\"Aliados17\"},\"sameAs\":[\"https:\\\/\\\/www.aliados17.com\",\"https:\\\/\\\/www.facebook.com\\\/Aliados17Pue\",\"https:\\\/\\\/x.com\\\/AliadosPuebla\"],\"url\":\"https:\\\/\\\/www.aliadospuebla.com\\\/?author=2\"}]}<\/script>\n<!-- \/ Yoast SEO plugin. -->","yoast_head_json":{"title":"APLICACI\u00d3N DE DOSIS DE REFUERZO A M\u00c1S DE 35 MIL TRABAJADORES DE LA EDUCACI\u00d3N SE LLEVAR\u00c1 A CABO EL 12 Y 13 DE ENERO - AliadosPuebla","robots":{"index":"index","follow":"follow","max-snippet":"max-snippet:-1","max-image-preview":"max-image-preview:large","max-video-preview":"max-video-preview:-1"},"canonical":"https:\/\/www.aliadospuebla.com\/?p=67276","og_locale":"es_ES","og_type":"article","og_title":"APLICACI\u00d3N DE DOSIS DE REFUERZO A M\u00c1S DE 35 MIL TRABAJADORES DE LA EDUCACI\u00d3N SE LLEVAR\u00c1 A CABO EL 12 Y 13 DE ENERO - AliadosPuebla","og_description":"La inoculaci\u00f3n est\u00e1 garantizada para cumplir la meta de atenci\u00f3n al sector &nbsp; El titular de la Secretar\u00eda de Educaci\u00f3n P\u00fablica del Estado (SEPE), Homero Meneses Hern\u00e1ndez inform\u00f3 que el pr\u00f3ximo 12 y 13 de enero m\u00e1s de 35} mil trabajadores de la educaci\u00f3n recibir\u00e1n la aplicaci\u00f3n del refuerzo de la vacuna contra Covid-19. &nbsp; Destac\u00f3 que la vacunaci\u00f3n al sector educativo es en respuesta a una petici\u00f3n que realiz\u00f3 la gobernadora Lorena Cu\u00e9llar Cisneros ante el gobierno federal para proteger a docentes, directivos y administrativos. Durante el homenaje realizado este lunes en la explanada Alonso de Escalona en las oficinas centrales de Secretar\u00eda de Educaci\u00f3n P\u00fablica-Unidad de Servicios Educativos de Tlaxcala (SEPE-USET), el funcionario conmin\u00f3 al sector educativo a respetar el horario, lugar y&hellip;Leer m\u00e1s...","og_url":"https:\/\/www.aliadospuebla.com\/?p=67276","og_site_name":"AliadosPuebla","article_author":"https:\/\/www.facebook.com\/Aliados17Pue","article_published_time":"2022-01-11T02:08:54+00:00","og_image":[{"width":600,"height":450,"url":"https:\/\/www.aliadospuebla.com\/web2017\/wp-content\/uploads\/2022\/01\/28-SEPE.jpg","type":"image\/jpeg"}],"author":"Aliados17","twitter_card":"summary_large_image","twitter_creator":"@AliadosPuebla","twitter_misc":{"Escrito por":"Aliados17","Tiempo de lectura":"2 minutos"},"schema":{"@context":"https:\/\/schema.org","@graph":[{"@type":"Article","@id":"https:\/\/www.aliadospuebla.com\/?p=67276#article","isPartOf":{"@id":"https:\/\/www.aliadospuebla.com\/?p=67276"},"author":{"name":"Aliados17","@id":"https:\/\/www.aliadospuebla.com\/#\/schema\/person\/5da7dd09320bd4f392b710017ed5f8ad"},"headline":"APLICACI\u00d3N DE DOSIS DE REFUERZO A M\u00c1S DE 35 MIL TRABAJADORES DE LA EDUCACI\u00d3N SE LLEVAR\u00c1 A CABO EL 12 Y 13 DE ENERO","datePublished":"2022-01-11T02:08:54+00:00","mainEntityOfPage":{"@id":"https:\/\/www.aliadospuebla.com\/?p=67276"},"wordCount":461,"commentCount":0,"image":{"@id":"https:\/\/www.aliadospuebla.com\/?p=67276#primaryimage"},"thumbnailUrl":"https:\/\/www.aliadospuebla.com\/web2017\/wp-content\/uploads\/2022\/01\/28-SEPE.jpg","keywords":["Homero Meneses Hern\u00e1ndez","Lorena Cuellar Cisneros","refuerzo","SEPE","VACUNACI\u00d3N"],"articleSection":["Nacional"],"inLanguage":"es","potentialAction":[{"@type":"CommentAction","name":"Comment","target":["https:\/\/www.aliadospuebla.com\/?p=67276#respond"]}]},{"@type":"WebPage","@id":"https:\/\/www.aliadospuebla.com\/?p=67276","url":"https:\/\/www.aliadospuebla.com\/?p=67276","name":"APLICACI\u00d3N DE DOSIS DE REFUERZO A M\u00c1S DE 35 MIL TRABAJADORES DE LA EDUCACI\u00d3N SE LLEVAR\u00c1 A CABO EL 12 Y 13 DE ENERO - AliadosPuebla","isPartOf":{"@id":"https:\/\/www.aliadospuebla.com\/#website"},"primaryImageOfPage":{"@id":"https:\/\/www.aliadospuebla.com\/?p=67276#primaryimage"},"image":{"@id":"https:\/\/www.aliadospuebla.com\/?p=67276#primaryimage"},"thumbnailUrl":"https:\/\/www.aliadospuebla.com\/web2017\/wp-content\/uploads\/2022\/01\/28-SEPE.jpg","datePublished":"2022-01-11T02:08:54+00:00","author":{"@id":"https:\/\/www.aliadospuebla.com\/#\/schema\/person\/5da7dd09320bd4f392b710017ed5f8ad"},"breadcrumb":{"@id":"https:\/\/www.aliadospuebla.com\/?p=67276#breadcrumb"},"inLanguage":"es","potentialAction":[{"@type":"ReadAction","target":["https:\/\/www.aliadospuebla.com\/?p=67276"]}]},{"@type":"ImageObject","inLanguage":"es","@id":"https:\/\/www.aliadospuebla.com\/?p=67276#primaryimage","url":"https:\/\/www.aliadospuebla.com\/web2017\/wp-content\/uploads\/2022\/01\/28-SEPE.jpg","contentUrl":"https:\/\/www.aliadospuebla.com\/web2017\/wp-content\/uploads\/2022\/01\/28-SEPE.jpg","width":600,"height":450},{"@type":"BreadcrumbList","@id":"https:\/\/www.aliadospuebla.com\/?p=67276#breadcrumb","itemListElement":[{"@type":"ListItem","position":1,"name":"Portada","item":"https:\/\/www.aliadospuebla.com\/"},{"@type":"ListItem","position":2,"name":"APLICACI\u00d3N DE DOSIS DE REFUERZO A M\u00c1S DE 35 MIL TRABAJADORES DE LA EDUCACI\u00d3N SE LLEVAR\u00c1 A CABO EL 12 Y 13 DE ENERO"}]},{"@type":"WebSite","@id":"https:\/\/www.aliadospuebla.com\/#website","url":"https:\/\/www.aliadospuebla.com\/","name":"AliadosPuebla","description":"La informaci\u00f3n en tus manos","potentialAction":[{"@type":"SearchAction","target":{"@type":"EntryPoint","urlTemplate":"https:\/\/www.aliadospuebla.com\/?s={search_term_string}"},"query-input":{"@type":"PropertyValueSpecification","valueRequired":true,"valueName":"search_term_string"}}],"inLanguage":"es"},{"@type":"Person","@id":"https:\/\/www.aliadospuebla.com\/#\/schema\/person\/5da7dd09320bd4f392b710017ed5f8ad","name":"Aliados17","image":{"@type":"ImageObject","inLanguage":"es","@id":"https:\/\/www.aliadospuebla.com\/web2017\/wp-content\/uploads\/2025\/03\/cropped-para-perfil-8-anos-1-96x96.jpg","url":"https:\/\/www.aliadospuebla.com\/web2017\/wp-content\/uploads\/2025\/03\/cropped-para-perfil-8-anos-1-96x96.jpg","contentUrl":"https:\/\/www.aliadospuebla.com\/web2017\/wp-content\/uploads\/2025\/03\/cropped-para-perfil-8-anos-1-96x96.jpg","caption":"Aliados17"},"sameAs":["https:\/\/www.aliados17.com","https:\/\/www.facebook.com\/Aliados17Pue","https:\/\/x.com\/AliadosPuebla"],"url":"https:\/\/www.aliadospuebla.com\/?author=2"}]}},"views":9,"_links":{"self":[{"href":"https:\/\/www.aliadospuebla.com\/index.php?rest_route=\/wp\/v2\/posts\/67276","targetHints":{"allow":["GET"]}}],"collection":[{"href":"https:\/\/www.aliadospuebla.com\/index.php?rest_route=\/wp\/v2\/posts"}],"about":[{"href":"https:\/\/www.aliadospuebla.com\/index.php?rest_route=\/wp\/v2\/types\/post"}],"author":[{"embeddable":true,"href":"https:\/\/www.aliadospuebla.com\/index.php?rest_route=\/wp\/v2\/users\/2"}],"replies":[{"embeddable":true,"href":"https:\/\/www.aliadospuebla.com\/index.php?rest_route=%2Fwp%2Fv2%2Fcomments&post=67276"}],"version-history":[{"count":1,"href":"https:\/\/www.aliadospuebla.com\/index.php?rest_route=\/wp\/v2\/posts\/67276\/revisions"}],"predecessor-version":[{"id":67278,"href":"https:\/\/www.aliadospuebla.com\/index.php?rest_route=\/wp\/v2\/posts\/67276\/revisions\/67278"}],"wp:featuredmedia":[{"embeddable":true,"href":"https:\/\/www.aliadospuebla.com\/index.php?rest_route=\/wp\/v2\/media\/67277"}],"wp:attachment":[{"href":"https:\/\/www.aliadospuebla.com\/index.php?rest_route=%2Fwp%2Fv2%2Fmedia&parent=67276"}],"wp:term":[{"taxonomy":"category","embeddable":true,"href":"https:\/\/www.aliadospuebla.com\/index.php?rest_route=%2Fwp%2Fv2%2Fcategories&post=67276"},{"taxonomy":"post_tag","embeddable":true,"href":"https:\/\/www.aliadospuebla.com\/index.php?rest_route=%2Fwp%2Fv2%2Ftags&post=67276"}],"curies":[{"name":"wp","href":"https:\/\/api.w.org\/{rel}","templated":true}]}}