{"id":65867,"date":"2021-12-03T18:42:13","date_gmt":"2021-12-04T00:42:13","guid":{"rendered":"https:\/\/www.aliados17.com\/?p=65867"},"modified":"2021-12-03T18:42:13","modified_gmt":"2021-12-04T00:42:13","slug":"tono-lopez-cumple-con-los-emprendedores-y-presenta-la-ley-de-la-primera-empresa-2","status":"publish","type":"post","link":"https:\/\/www.aliadospuebla.com\/?p=65867","title":{"rendered":"TO\u00d1O L\u00d3PEZ CUMPLE CON LOS EMPRENDEDORES Y PRESENTA LA LEY DE LA PRIMERA EMPRESA"},"content":{"rendered":"<p>Este d\u00eda en Sesi\u00f3n Ordinaria, el Legislador To\u00f1o L\u00f3pez, present\u00f3 ante el Pleno del Congreso la Iniciativa para expedir la Ley de la Primera<\/p>\n<p>Empresa para el Estado de Puebla.<\/p>\n<p>El Diputado se\u00f1al\u00f3 que derivado de la pandemia por la COVID-19 muchas y muchos tuvieron que replantear sus objetivos econ\u00f3micos y de<\/p>\n<p>cierta manera buscar una alternativa para solventar de manera emergente su econom\u00eda y la de sus familias.<\/p>\n<p>To\u00f1o L\u00f3pez destac\u00f3 que el reto para estas personas no ha sido sencillo al enfrentarse a diversos retos, como lo son los burocr\u00e1ticos, los<\/p>\n<p>fiscales, los contables, entre otros, que desaniman o en algunos obligan a los emprendedores a declinar en su proyecto.<\/p>\n<p>\u201cEl congreso debe apostarle a generar un punto de partida para quienes buscan consolidar su propio proyecto, que sirva para dar nuevos<\/p>\n<p>empleos y generar m\u00e1s recursos, a Puebla le conviene ese escenario, porque el objetivo es \u201cRevivir a Puebla\u201d, coment\u00f3.<\/p>\n<p>El Legislador resalt\u00f3 que con la presentaci\u00f3n de esta ley se busca que las instituciones gubernamentales capaciten, impulsen a las y los<\/p>\n<p>nuevos empresarios al uso de las tecnolog\u00edas, generen incubadoras de primeras empresas, entre otras cosas.<\/p>\n<p>\u201cEs momento de contar con pol\u00edticas p\u00fablicas que protejan a las y los emprendedores, el Gobierno del Estado est\u00e1 haciendo su parte, el<\/p>\n<p>Ayuntamiento se ha sumado, pero ahora la tarea es de nosotros como Legisladores poner las reglas de juego y que esto sea una Ley\u201d,<\/p>\n<p>Finaliz\u00f3.<\/p>\n","protected":false},"excerpt":{"rendered":"<p>Este d\u00eda en Sesi\u00f3n Ordinaria, el Legislador To\u00f1o L\u00f3pez, present\u00f3 ante el Pleno del Congreso la Iniciativa para expedir la Ley de la Primera Empresa para el Estado de Puebla. El Diputado se\u00f1al\u00f3 que derivado de la pandemia por la COVID-19 muchas y muchos tuvieron que replantear sus objetivos econ\u00f3micos y de cierta manera buscar una alternativa para solventar de manera emergente su econom\u00eda y la de sus familias. To\u00f1o L\u00f3pez destac\u00f3 que el reto para estas personas no ha sido sencillo al enfrentarse a diversos retos, como lo son los burocr\u00e1ticos, los fiscales, los contables, entre otros, que desaniman o en algunos obligan a los emprendedores a declinar en su proyecto. \u201cEl congreso debe apostarle a generar un punto de partida para quienes buscan&hellip;<\/p>\n<p class=\"excerpt-more\"><a class=\"blog-excerpt button\" href=\"https:\/\/www.aliadospuebla.com\/?p=65867\">Leer m\u00e1s&#8230;<\/a><\/p>\n","protected":false},"author":2,"featured_media":65869,"comment_status":"open","ping_status":"open","sticky":false,"template":"","format":"standard","meta":{"_monsterinsights_skip_tracking":false,"footnotes":""},"categories":[6],"tags":[17655,2096,17656,72,17654,15430],"class_list":["post-65867","post","type-post","status-publish","format-standard","has-post-thumbnail","hentry","category-politica","tag-diputado-tono","tag-politica","tag-politica-tono-lopez","tag-puebla","tag-puebla-tono","tag-tono-lopez"],"yoast_head":"<!-- This site is optimized with the Yoast SEO plugin v28.4 - https:\/\/yoast.com\/product\/yoast-seo-wordpress\/ -->\n<title>TO\u00d1O L\u00d3PEZ CUMPLE CON LOS EMPRENDEDORES Y PRESENTA LA LEY DE LA PRIMERA EMPRESA - AliadosPuebla<\/title>\n<meta name=\"robots\" content=\"index, follow, max-snippet:-1, max-image-preview:large, max-video-preview:-1\" \/>\n<link rel=\"canonical\" href=\"https:\/\/www.aliadospuebla.com\/?p=65867\" \/>\n<meta property=\"og:locale\" content=\"es_ES\" \/>\n<meta property=\"og:type\" content=\"article\" \/>\n<meta property=\"og:title\" content=\"TO\u00d1O L\u00d3PEZ CUMPLE CON LOS EMPRENDEDORES Y PRESENTA LA LEY DE LA PRIMERA EMPRESA - AliadosPuebla\" \/>\n<meta property=\"og:description\" content=\"Este d\u00eda en Sesi\u00f3n Ordinaria, el Legislador To\u00f1o L\u00f3pez, present\u00f3 ante el Pleno del Congreso la Iniciativa para expedir la Ley de la Primera Empresa para el Estado de Puebla. El Diputado se\u00f1al\u00f3 que derivado de la pandemia por la COVID-19 muchas y muchos tuvieron que replantear sus objetivos econ\u00f3micos y de cierta manera buscar una alternativa para solventar de manera emergente su econom\u00eda y la de sus familias. To\u00f1o L\u00f3pez destac\u00f3 que el reto para estas personas no ha sido sencillo al enfrentarse a diversos retos, como lo son los burocr\u00e1ticos, los fiscales, los contables, entre otros, que desaniman o en algunos obligan a los emprendedores a declinar en su proyecto. \u201cEl congreso debe apostarle a generar un punto de partida para quienes buscan&hellip;Leer m\u00e1s...\" \/>\n<meta property=\"og:url\" content=\"https:\/\/www.aliadospuebla.com\/?p=65867\" \/>\n<meta property=\"og:site_name\" content=\"AliadosPuebla\" \/>\n<meta property=\"article:author\" content=\"https:\/\/www.facebook.com\/Aliados17Pue\" \/>\n<meta property=\"article:published_time\" content=\"2021-12-04T00:42:13+00:00\" \/>\n<meta property=\"og:image\" content=\"https:\/\/www.aliadospuebla.com\/web2017\/wp-content\/uploads\/2021\/12\/17-POLITICA.jpg\" \/>\n\t<meta property=\"og:image:width\" content=\"600\" \/>\n\t<meta property=\"og:image:height\" content=\"450\" \/>\n\t<meta property=\"og:image:type\" content=\"image\/jpeg\" \/>\n<meta name=\"author\" content=\"Aliados17\" \/>\n<meta name=\"twitter:card\" content=\"summary_large_image\" \/>\n<meta name=\"twitter:creator\" content=\"@AliadosPuebla\" \/>\n<meta name=\"twitter:label1\" content=\"Escrito por\" \/>\n\t<meta name=\"twitter:data1\" content=\"Aliados17\" \/>\n\t<meta name=\"twitter:label2\" content=\"Tiempo de lectura\" \/>\n\t<meta name=\"twitter:data2\" content=\"2 minutos\" \/>\n<script type=\"application\/ld+json\" class=\"yoast-schema-graph\">{\"@context\":\"https:\\\/\\\/schema.org\",\"@graph\":[{\"@type\":\"Article\",\"@id\":\"https:\\\/\\\/www.aliadospuebla.com\\\/?p=65867#article\",\"isPartOf\":{\"@id\":\"https:\\\/\\\/www.aliadospuebla.com\\\/?p=65867\"},\"author\":{\"name\":\"Aliados17\",\"@id\":\"https:\\\/\\\/www.aliadospuebla.com\\\/#\\\/schema\\\/person\\\/5da7dd09320bd4f392b710017ed5f8ad\"},\"headline\":\"TO\u00d1O L\u00d3PEZ CUMPLE CON LOS EMPRENDEDORES Y PRESENTA LA LEY DE LA PRIMERA EMPRESA\",\"datePublished\":\"2021-12-04T00:42:13+00:00\",\"mainEntityOfPage\":{\"@id\":\"https:\\\/\\\/www.aliadospuebla.com\\\/?p=65867\"},\"wordCount\":269,\"commentCount\":0,\"image\":{\"@id\":\"https:\\\/\\\/www.aliadospuebla.com\\\/?p=65867#primaryimage\"},\"thumbnailUrl\":\"https:\\\/\\\/www.aliadospuebla.com\\\/web2017\\\/wp-content\\\/uploads\\\/2021\\\/12\\\/17-POLITICA.jpg\",\"keywords\":[\"Diputado To\u00f1o\",\"POL\u00cdTICA\",\"Politica To\u00f1o lopez\",\"Puebla\",\"Puebla To\u00f1o\",\"To\u00f1o L\u00f3pez\"],\"articleSection\":[\"Pol\u00edtica\"],\"inLanguage\":\"es\",\"potentialAction\":[{\"@type\":\"CommentAction\",\"name\":\"Comment\",\"target\":[\"https:\\\/\\\/www.aliadospuebla.com\\\/?p=65867#respond\"]}]},{\"@type\":\"WebPage\",\"@id\":\"https:\\\/\\\/www.aliadospuebla.com\\\/?p=65867\",\"url\":\"https:\\\/\\\/www.aliadospuebla.com\\\/?p=65867\",\"name\":\"TO\u00d1O L\u00d3PEZ CUMPLE CON LOS EMPRENDEDORES Y PRESENTA LA LEY DE LA PRIMERA EMPRESA - AliadosPuebla\",\"isPartOf\":{\"@id\":\"https:\\\/\\\/www.aliadospuebla.com\\\/#website\"},\"primaryImageOfPage\":{\"@id\":\"https:\\\/\\\/www.aliadospuebla.com\\\/?p=65867#primaryimage\"},\"image\":{\"@id\":\"https:\\\/\\\/www.aliadospuebla.com\\\/?p=65867#primaryimage\"},\"thumbnailUrl\":\"https:\\\/\\\/www.aliadospuebla.com\\\/web2017\\\/wp-content\\\/uploads\\\/2021\\\/12\\\/17-POLITICA.jpg\",\"datePublished\":\"2021-12-04T00:42:13+00:00\",\"author\":{\"@id\":\"https:\\\/\\\/www.aliadospuebla.com\\\/#\\\/schema\\\/person\\\/5da7dd09320bd4f392b710017ed5f8ad\"},\"breadcrumb\":{\"@id\":\"https:\\\/\\\/www.aliadospuebla.com\\\/?p=65867#breadcrumb\"},\"inLanguage\":\"es\",\"potentialAction\":[{\"@type\":\"ReadAction\",\"target\":[\"https:\\\/\\\/www.aliadospuebla.com\\\/?p=65867\"]}]},{\"@type\":\"ImageObject\",\"inLanguage\":\"es\",\"@id\":\"https:\\\/\\\/www.aliadospuebla.com\\\/?p=65867#primaryimage\",\"url\":\"https:\\\/\\\/www.aliadospuebla.com\\\/web2017\\\/wp-content\\\/uploads\\\/2021\\\/12\\\/17-POLITICA.jpg\",\"contentUrl\":\"https:\\\/\\\/www.aliadospuebla.com\\\/web2017\\\/wp-content\\\/uploads\\\/2021\\\/12\\\/17-POLITICA.jpg\",\"width\":600,\"height\":450},{\"@type\":\"BreadcrumbList\",\"@id\":\"https:\\\/\\\/www.aliadospuebla.com\\\/?p=65867#breadcrumb\",\"itemListElement\":[{\"@type\":\"ListItem\",\"position\":1,\"name\":\"Portada\",\"item\":\"https:\\\/\\\/www.aliadospuebla.com\\\/\"},{\"@type\":\"ListItem\",\"position\":2,\"name\":\"TO\u00d1O L\u00d3PEZ CUMPLE CON LOS EMPRENDEDORES Y PRESENTA LA LEY DE LA PRIMERA EMPRESA\"}]},{\"@type\":\"WebSite\",\"@id\":\"https:\\\/\\\/www.aliadospuebla.com\\\/#website\",\"url\":\"https:\\\/\\\/www.aliadospuebla.com\\\/\",\"name\":\"AliadosPuebla\",\"description\":\"La informaci\u00f3n en tus manos\",\"potentialAction\":[{\"@type\":\"SearchAction\",\"target\":{\"@type\":\"EntryPoint\",\"urlTemplate\":\"https:\\\/\\\/www.aliadospuebla.com\\\/?s={search_term_string}\"},\"query-input\":{\"@type\":\"PropertyValueSpecification\",\"valueRequired\":true,\"valueName\":\"search_term_string\"}}],\"inLanguage\":\"es\"},{\"@type\":\"Person\",\"@id\":\"https:\\\/\\\/www.aliadospuebla.com\\\/#\\\/schema\\\/person\\\/5da7dd09320bd4f392b710017ed5f8ad\",\"name\":\"Aliados17\",\"image\":{\"@type\":\"ImageObject\",\"inLanguage\":\"es\",\"@id\":\"https:\\\/\\\/www.aliadospuebla.com\\\/web2017\\\/wp-content\\\/uploads\\\/2025\\\/03\\\/cropped-para-perfil-8-anos-1-96x96.jpg\",\"url\":\"https:\\\/\\\/www.aliadospuebla.com\\\/web2017\\\/wp-content\\\/uploads\\\/2025\\\/03\\\/cropped-para-perfil-8-anos-1-96x96.jpg\",\"contentUrl\":\"https:\\\/\\\/www.aliadospuebla.com\\\/web2017\\\/wp-content\\\/uploads\\\/2025\\\/03\\\/cropped-para-perfil-8-anos-1-96x96.jpg\",\"caption\":\"Aliados17\"},\"sameAs\":[\"https:\\\/\\\/www.aliados17.com\",\"https:\\\/\\\/www.facebook.com\\\/Aliados17Pue\",\"https:\\\/\\\/x.com\\\/AliadosPuebla\"],\"url\":\"https:\\\/\\\/www.aliadospuebla.com\\\/?author=2\"}]}<\/script>\n<!-- \/ Yoast SEO plugin. -->","yoast_head_json":{"title":"TO\u00d1O L\u00d3PEZ CUMPLE CON LOS EMPRENDEDORES Y PRESENTA LA LEY DE LA PRIMERA EMPRESA - AliadosPuebla","robots":{"index":"index","follow":"follow","max-snippet":"max-snippet:-1","max-image-preview":"max-image-preview:large","max-video-preview":"max-video-preview:-1"},"canonical":"https:\/\/www.aliadospuebla.com\/?p=65867","og_locale":"es_ES","og_type":"article","og_title":"TO\u00d1O L\u00d3PEZ CUMPLE CON LOS EMPRENDEDORES Y PRESENTA LA LEY DE LA PRIMERA EMPRESA - AliadosPuebla","og_description":"Este d\u00eda en Sesi\u00f3n Ordinaria, el Legislador To\u00f1o L\u00f3pez, present\u00f3 ante el Pleno del Congreso la Iniciativa para expedir la Ley de la Primera Empresa para el Estado de Puebla. El Diputado se\u00f1al\u00f3 que derivado de la pandemia por la COVID-19 muchas y muchos tuvieron que replantear sus objetivos econ\u00f3micos y de cierta manera buscar una alternativa para solventar de manera emergente su econom\u00eda y la de sus familias. To\u00f1o L\u00f3pez destac\u00f3 que el reto para estas personas no ha sido sencillo al enfrentarse a diversos retos, como lo son los burocr\u00e1ticos, los fiscales, los contables, entre otros, que desaniman o en algunos obligan a los emprendedores a declinar en su proyecto. \u201cEl congreso debe apostarle a generar un punto de partida para quienes buscan&hellip;Leer m\u00e1s...","og_url":"https:\/\/www.aliadospuebla.com\/?p=65867","og_site_name":"AliadosPuebla","article_author":"https:\/\/www.facebook.com\/Aliados17Pue","article_published_time":"2021-12-04T00:42:13+00:00","og_image":[{"width":600,"height":450,"url":"https:\/\/www.aliadospuebla.com\/web2017\/wp-content\/uploads\/2021\/12\/17-POLITICA.jpg","type":"image\/jpeg"}],"author":"Aliados17","twitter_card":"summary_large_image","twitter_creator":"@AliadosPuebla","twitter_misc":{"Escrito por":"Aliados17","Tiempo de lectura":"2 minutos"},"schema":{"@context":"https:\/\/schema.org","@graph":[{"@type":"Article","@id":"https:\/\/www.aliadospuebla.com\/?p=65867#article","isPartOf":{"@id":"https:\/\/www.aliadospuebla.com\/?p=65867"},"author":{"name":"Aliados17","@id":"https:\/\/www.aliadospuebla.com\/#\/schema\/person\/5da7dd09320bd4f392b710017ed5f8ad"},"headline":"TO\u00d1O L\u00d3PEZ CUMPLE CON LOS EMPRENDEDORES Y PRESENTA LA LEY DE LA PRIMERA EMPRESA","datePublished":"2021-12-04T00:42:13+00:00","mainEntityOfPage":{"@id":"https:\/\/www.aliadospuebla.com\/?p=65867"},"wordCount":269,"commentCount":0,"image":{"@id":"https:\/\/www.aliadospuebla.com\/?p=65867#primaryimage"},"thumbnailUrl":"https:\/\/www.aliadospuebla.com\/web2017\/wp-content\/uploads\/2021\/12\/17-POLITICA.jpg","keywords":["Diputado To\u00f1o","POL\u00cdTICA","Politica To\u00f1o lopez","Puebla","Puebla To\u00f1o","To\u00f1o L\u00f3pez"],"articleSection":["Pol\u00edtica"],"inLanguage":"es","potentialAction":[{"@type":"CommentAction","name":"Comment","target":["https:\/\/www.aliadospuebla.com\/?p=65867#respond"]}]},{"@type":"WebPage","@id":"https:\/\/www.aliadospuebla.com\/?p=65867","url":"https:\/\/www.aliadospuebla.com\/?p=65867","name":"TO\u00d1O L\u00d3PEZ CUMPLE CON LOS EMPRENDEDORES Y PRESENTA LA LEY DE LA PRIMERA EMPRESA - AliadosPuebla","isPartOf":{"@id":"https:\/\/www.aliadospuebla.com\/#website"},"primaryImageOfPage":{"@id":"https:\/\/www.aliadospuebla.com\/?p=65867#primaryimage"},"image":{"@id":"https:\/\/www.aliadospuebla.com\/?p=65867#primaryimage"},"thumbnailUrl":"https:\/\/www.aliadospuebla.com\/web2017\/wp-content\/uploads\/2021\/12\/17-POLITICA.jpg","datePublished":"2021-12-04T00:42:13+00:00","author":{"@id":"https:\/\/www.aliadospuebla.com\/#\/schema\/person\/5da7dd09320bd4f392b710017ed5f8ad"},"breadcrumb":{"@id":"https:\/\/www.aliadospuebla.com\/?p=65867#breadcrumb"},"inLanguage":"es","potentialAction":[{"@type":"ReadAction","target":["https:\/\/www.aliadospuebla.com\/?p=65867"]}]},{"@type":"ImageObject","inLanguage":"es","@id":"https:\/\/www.aliadospuebla.com\/?p=65867#primaryimage","url":"https:\/\/www.aliadospuebla.com\/web2017\/wp-content\/uploads\/2021\/12\/17-POLITICA.jpg","contentUrl":"https:\/\/www.aliadospuebla.com\/web2017\/wp-content\/uploads\/2021\/12\/17-POLITICA.jpg","width":600,"height":450},{"@type":"BreadcrumbList","@id":"https:\/\/www.aliadospuebla.com\/?p=65867#breadcrumb","itemListElement":[{"@type":"ListItem","position":1,"name":"Portada","item":"https:\/\/www.aliadospuebla.com\/"},{"@type":"ListItem","position":2,"name":"TO\u00d1O L\u00d3PEZ CUMPLE CON LOS EMPRENDEDORES Y PRESENTA LA LEY DE LA PRIMERA EMPRESA"}]},{"@type":"WebSite","@id":"https:\/\/www.aliadospuebla.com\/#website","url":"https:\/\/www.aliadospuebla.com\/","name":"AliadosPuebla","description":"La informaci\u00f3n en tus manos","potentialAction":[{"@type":"SearchAction","target":{"@type":"EntryPoint","urlTemplate":"https:\/\/www.aliadospuebla.com\/?s={search_term_string}"},"query-input":{"@type":"PropertyValueSpecification","valueRequired":true,"valueName":"search_term_string"}}],"inLanguage":"es"},{"@type":"Person","@id":"https:\/\/www.aliadospuebla.com\/#\/schema\/person\/5da7dd09320bd4f392b710017ed5f8ad","name":"Aliados17","image":{"@type":"ImageObject","inLanguage":"es","@id":"https:\/\/www.aliadospuebla.com\/web2017\/wp-content\/uploads\/2025\/03\/cropped-para-perfil-8-anos-1-96x96.jpg","url":"https:\/\/www.aliadospuebla.com\/web2017\/wp-content\/uploads\/2025\/03\/cropped-para-perfil-8-anos-1-96x96.jpg","contentUrl":"https:\/\/www.aliadospuebla.com\/web2017\/wp-content\/uploads\/2025\/03\/cropped-para-perfil-8-anos-1-96x96.jpg","caption":"Aliados17"},"sameAs":["https:\/\/www.aliados17.com","https:\/\/www.facebook.com\/Aliados17Pue","https:\/\/x.com\/AliadosPuebla"],"url":"https:\/\/www.aliadospuebla.com\/?author=2"}]}},"views":6,"_links":{"self":[{"href":"https:\/\/www.aliadospuebla.com\/index.php?rest_route=\/wp\/v2\/posts\/65867","targetHints":{"allow":["GET"]}}],"collection":[{"href":"https:\/\/www.aliadospuebla.com\/index.php?rest_route=\/wp\/v2\/posts"}],"about":[{"href":"https:\/\/www.aliadospuebla.com\/index.php?rest_route=\/wp\/v2\/types\/post"}],"author":[{"embeddable":true,"href":"https:\/\/www.aliadospuebla.com\/index.php?rest_route=\/wp\/v2\/users\/2"}],"replies":[{"embeddable":true,"href":"https:\/\/www.aliadospuebla.com\/index.php?rest_route=%2Fwp%2Fv2%2Fcomments&post=65867"}],"version-history":[{"count":1,"href":"https:\/\/www.aliadospuebla.com\/index.php?rest_route=\/wp\/v2\/posts\/65867\/revisions"}],"predecessor-version":[{"id":65870,"href":"https:\/\/www.aliadospuebla.com\/index.php?rest_route=\/wp\/v2\/posts\/65867\/revisions\/65870"}],"wp:featuredmedia":[{"embeddable":true,"href":"https:\/\/www.aliadospuebla.com\/index.php?rest_route=\/wp\/v2\/media\/65869"}],"wp:attachment":[{"href":"https:\/\/www.aliadospuebla.com\/index.php?rest_route=%2Fwp%2Fv2%2Fmedia&parent=65867"}],"wp:term":[{"taxonomy":"category","embeddable":true,"href":"https:\/\/www.aliadospuebla.com\/index.php?rest_route=%2Fwp%2Fv2%2Fcategories&post=65867"},{"taxonomy":"post_tag","embeddable":true,"href":"https:\/\/www.aliadospuebla.com\/index.php?rest_route=%2Fwp%2Fv2%2Ftags&post=65867"}],"curies":[{"name":"wp","href":"https:\/\/api.w.org\/{rel}","templated":true}]}}