{"id":65704,"date":"2021-11-30T21:13:32","date_gmt":"2021-12-01T03:13:32","guid":{"rendered":"https:\/\/www.aliados17.com\/?p=65704"},"modified":"2021-11-30T21:13:32","modified_gmt":"2021-12-01T03:13:32","slug":"san-jeronimo-tecuanipan-sede-del-primer-encuentro-intermunicipal-de-proteccion-civil-salud-y-asistencia-publica","status":"publish","type":"post","link":"https:\/\/www.aliadospuebla.com\/?p=65704","title":{"rendered":"San Jer\u00f3nimo Tecuanipan sede del Primer Encuentro Intermunicipal de Protecci\u00f3n Civil, Salud y Asistencia P\u00fablica"},"content":{"rendered":"<h3><strong>&#8211;<\/strong>Capacitaci\u00f3n del personal de salud y protecci\u00f3n civil para salvaguardar vidas en caso de contingencia<\/h3>\n<p>&nbsp;<\/p>\n<p><strong>San Jer\u00f3nimo Tecuanipan, Pue<\/strong>.- Con la firme convicci\u00f3n de trabajar en favor de la seguridad de los ciudadanos del municipio y dem\u00e1s que<\/p>\n<p>conforman la regi\u00f3n\u00a0 Izta-Popo\u00a0 se llev\u00f3 a cabo el Primer Encuentro Intermunicipal de Protecci\u00f3n Civil, Salud y Asistencia P\u00fablica.<\/p>\n<p>El presidente municipal <strong>\u00c1ngel Cuanalo<\/strong> mencion\u00f3 al respecto que es necesario estar bien capacitados y coordinados con los municipios que integran la<\/p>\n<p>regi\u00f3n Izta-Popo para hacer frente de manera efectiva \u00a0a cualquier\u00a0 contingencia volc\u00e1nica.<\/p>\n<p>Los municipios que participan en este encuentro son Cuautlancingo,\u00a0 San Nicol\u00e1s de los Ranchos, Nealtican, San Juan Tianguismanalco, San Gregorio<\/p>\n<p>Atzompa y Santa Isabel Cholula.<\/p>\n<p>Uno de los puntos clave tratados fue la prevenci\u00f3n ante una posible contingencia volc\u00e1nica que por experiencia, en la regi\u00f3n se presenta los fines de<\/p>\n<p>a\u00f1o, raz\u00f3n por la cual se busca mantener informada a la poblaci\u00f3n sobre la manera correcta de evacuaci\u00f3n en caso de ser necesario, y es en este punto<\/p>\n<p>donde la comunicaci\u00f3n efectiva y apoyo entre municipios, comunidades y gobiernos tanto estatal como federal pueden hacer la diferencia entre la vida<\/p>\n<p>y la muerte, dijo el edil.<\/p>\n<p>&nbsp;<\/p>\n<h3>Mantener informada a la poblaci\u00f3n sobre la manera correcta de evacuaci\u00f3n en caso de ser necesario<\/h3>\n<p>&nbsp;<\/p>\n<p>Derivado de esta iniciativa por parte del director de Salud del municipio, <strong>Cristian Hern\u00e1ndez<\/strong> es como se ha logrado integrar esta reuni\u00f3n de la cual<\/p>\n<p>se obtendr\u00e1n acuerdos para solicitar mayor apoyo al gobierno del estado.<\/p>\n<p>Cabe mencionar que dentro del municipio cruzan dos rutas de evacuaci\u00f3n volc\u00e1nica , la primaria que conecta a Santa Isabel Cholula y la secundaria<\/p>\n<p>hacia Paso de Cort\u00e9s, la cual se encuentra en malas condiciones y solicitaremos apoyo al gobierno del estado para mantenerla en \u00f3ptimas condiciones.<\/p>\n<p>&nbsp;<\/p>\n<p>Tenemos un proyecto de ampliar \u00a0la carretera de \u00a05 Kil\u00f3metros partiendo de San Jer\u00f3nimo Tecuanipan a Paso de Cort\u00e9s a cuatro carriles, lo cual<\/p>\n<p>requiere una inversi\u00f3n de aproximadamente 25 millones de pesos y para la que solicitaremos el apoyo del gobernador Miguel Barbosa Huerta.<\/p>\n<p>&nbsp;<\/p>\n<p>Finalmente \u00a0<strong>\u00c1ngel Cuanalo<\/strong> mencion\u00f3 que a 45 d\u00edas de gesti\u00f3n en cuesti\u00f3n de salud y asistencia p\u00fablica \u00a0se ha logrado rehabilitar una ambulancia la<\/p>\n<p>cual ya est\u00e1 dando servicios, se ha implementado el servicio de consultas para canalizar si es necesario a los pacientes a hospitales de la regi\u00f3n\u00a0 con<\/p>\n<p>previos acuerdos con el sector salud\u00a0 y la capacitaci\u00f3n constante de nuestros param\u00e9dicos \u00a0para poder brindar el apoyo correcto a la ciudadan\u00eda.<\/p>\n","protected":false},"excerpt":{"rendered":"<p>&#8211;Capacitaci\u00f3n del personal de salud y protecci\u00f3n civil para salvaguardar vidas en caso de contingencia &nbsp; San Jer\u00f3nimo Tecuanipan, Pue.- Con la firme convicci\u00f3n de trabajar en favor de la seguridad de los ciudadanos del municipio y dem\u00e1s que conforman la regi\u00f3n\u00a0 Izta-Popo\u00a0 se llev\u00f3 a cabo el Primer Encuentro Intermunicipal de Protecci\u00f3n Civil, Salud y Asistencia P\u00fablica. El presidente municipal \u00c1ngel Cuanalo mencion\u00f3 al respecto que es necesario estar bien capacitados y coordinados con los municipios que integran la regi\u00f3n Izta-Popo para hacer frente de manera efectiva \u00a0a cualquier\u00a0 contingencia volc\u00e1nica. Los municipios que participan en este encuentro son Cuautlancingo,\u00a0 San Nicol\u00e1s de los Ranchos, Nealtican, San Juan Tianguismanalco, San Gregorio Atzompa y Santa Isabel Cholula. Uno de los puntos clave tratados fue la&hellip;<\/p>\n<p class=\"excerpt-more\"><a class=\"blog-excerpt button\" href=\"https:\/\/www.aliadospuebla.com\/?p=65704\">Leer m\u00e1s&#8230;<\/a><\/p>\n","protected":false},"author":2,"featured_media":65705,"comment_status":"open","ping_status":"open","sticky":false,"template":"","format":"standard","meta":{"_monsterinsights_skip_tracking":false,"footnotes":""},"categories":[4],"tags":[17589,9111,15730,17590,109,17588,365,17587],"class_list":["post-65704","post","type-post","status-publish","format-standard","has-post-thumbnail","hentry","category-municipios","tag-angel-cuanalo","tag-contingencia-volcanica","tag-cristian-hernandez","tag-encuentro-intermunicipal","tag-proteccion-civil","tag-region-izta-popo","tag-salud","tag-san-jeronimo-tecuanipan"],"yoast_head":"<!-- This site is optimized with the Yoast SEO plugin v28.3 - https:\/\/yoast.com\/product\/yoast-seo-wordpress\/ -->\n<title>San Jer\u00f3nimo Tecuanipan sede del Primer Encuentro Intermunicipal de Protecci\u00f3n Civil, Salud y Asistencia P\u00fablica - AliadosPuebla<\/title>\n<meta name=\"robots\" content=\"index, follow, max-snippet:-1, max-image-preview:large, max-video-preview:-1\" \/>\n<link rel=\"canonical\" href=\"https:\/\/www.aliadospuebla.com\/?p=65704\" \/>\n<meta property=\"og:locale\" content=\"es_ES\" \/>\n<meta property=\"og:type\" content=\"article\" \/>\n<meta property=\"og:title\" content=\"San Jer\u00f3nimo Tecuanipan sede del Primer Encuentro Intermunicipal de Protecci\u00f3n Civil, Salud y Asistencia P\u00fablica - AliadosPuebla\" \/>\n<meta property=\"og:description\" content=\"&#8211;Capacitaci\u00f3n del personal de salud y protecci\u00f3n civil para salvaguardar vidas en caso de contingencia &nbsp; San Jer\u00f3nimo Tecuanipan, Pue.- Con la firme convicci\u00f3n de trabajar en favor de la seguridad de los ciudadanos del municipio y dem\u00e1s que conforman la regi\u00f3n\u00a0 Izta-Popo\u00a0 se llev\u00f3 a cabo el Primer Encuentro Intermunicipal de Protecci\u00f3n Civil, Salud y Asistencia P\u00fablica. El presidente municipal \u00c1ngel Cuanalo mencion\u00f3 al respecto que es necesario estar bien capacitados y coordinados con los municipios que integran la regi\u00f3n Izta-Popo para hacer frente de manera efectiva \u00a0a cualquier\u00a0 contingencia volc\u00e1nica. Los municipios que participan en este encuentro son Cuautlancingo,\u00a0 San Nicol\u00e1s de los Ranchos, Nealtican, San Juan Tianguismanalco, San Gregorio Atzompa y Santa Isabel Cholula. Uno de los puntos clave tratados fue la&hellip;Leer m\u00e1s...\" \/>\n<meta property=\"og:url\" content=\"https:\/\/www.aliadospuebla.com\/?p=65704\" \/>\n<meta property=\"og:site_name\" content=\"AliadosPuebla\" \/>\n<meta property=\"article:author\" content=\"https:\/\/www.facebook.com\/Aliados17Pue\" \/>\n<meta property=\"article:published_time\" content=\"2021-12-01T03:13:32+00:00\" \/>\n<meta property=\"og:image\" content=\"https:\/\/www.aliadospuebla.com\/web2017\/wp-content\/uploads\/2021\/11\/214-San-Jeronimo-Tecuanipan.jpg\" \/>\n\t<meta property=\"og:image:width\" content=\"600\" \/>\n\t<meta property=\"og:image:height\" content=\"450\" \/>\n\t<meta property=\"og:image:type\" content=\"image\/jpeg\" \/>\n<meta name=\"author\" content=\"Aliados17\" \/>\n<meta name=\"twitter:card\" content=\"summary_large_image\" \/>\n<meta name=\"twitter:creator\" content=\"@AliadosPuebla\" \/>\n<meta name=\"twitter:label1\" content=\"Escrito por\" \/>\n\t<meta name=\"twitter:data1\" content=\"Aliados17\" \/>\n\t<meta name=\"twitter:label2\" content=\"Tiempo de lectura\" \/>\n\t<meta name=\"twitter:data2\" content=\"2 minutos\" \/>\n<script type=\"application\/ld+json\" class=\"yoast-schema-graph\">{\"@context\":\"https:\\\/\\\/schema.org\",\"@graph\":[{\"@type\":\"Article\",\"@id\":\"https:\\\/\\\/www.aliadospuebla.com\\\/?p=65704#article\",\"isPartOf\":{\"@id\":\"https:\\\/\\\/www.aliadospuebla.com\\\/?p=65704\"},\"author\":{\"name\":\"Aliados17\",\"@id\":\"https:\\\/\\\/www.aliadospuebla.com\\\/#\\\/schema\\\/person\\\/5da7dd09320bd4f392b710017ed5f8ad\"},\"headline\":\"San Jer\u00f3nimo Tecuanipan sede del Primer Encuentro Intermunicipal de Protecci\u00f3n Civil, Salud y Asistencia P\u00fablica\",\"datePublished\":\"2021-12-01T03:13:32+00:00\",\"mainEntityOfPage\":{\"@id\":\"https:\\\/\\\/www.aliadospuebla.com\\\/?p=65704\"},\"wordCount\":472,\"commentCount\":0,\"image\":{\"@id\":\"https:\\\/\\\/www.aliadospuebla.com\\\/?p=65704#primaryimage\"},\"thumbnailUrl\":\"https:\\\/\\\/www.aliadospuebla.com\\\/web2017\\\/wp-content\\\/uploads\\\/2021\\\/11\\\/214-San-Jeronimo-Tecuanipan.jpg\",\"keywords\":[\"\u00c1ngel Cuanalo\",\"contingencia volc\u00e1nica\",\"Cristian Hern\u00e1ndez\",\"Encuentro Intermunicipal\",\"protecci\u00f3n civil\",\"regi\u00f3n Izta-Popo\",\"SALUD\",\"San Jer\u00f3nimo Tecuanipan\"],\"articleSection\":[\"Municipios\"],\"inLanguage\":\"es\",\"potentialAction\":[{\"@type\":\"CommentAction\",\"name\":\"Comment\",\"target\":[\"https:\\\/\\\/www.aliadospuebla.com\\\/?p=65704#respond\"]}]},{\"@type\":\"WebPage\",\"@id\":\"https:\\\/\\\/www.aliadospuebla.com\\\/?p=65704\",\"url\":\"https:\\\/\\\/www.aliadospuebla.com\\\/?p=65704\",\"name\":\"San Jer\u00f3nimo Tecuanipan sede del Primer Encuentro Intermunicipal de Protecci\u00f3n Civil, Salud y Asistencia P\u00fablica - AliadosPuebla\",\"isPartOf\":{\"@id\":\"https:\\\/\\\/www.aliadospuebla.com\\\/#website\"},\"primaryImageOfPage\":{\"@id\":\"https:\\\/\\\/www.aliadospuebla.com\\\/?p=65704#primaryimage\"},\"image\":{\"@id\":\"https:\\\/\\\/www.aliadospuebla.com\\\/?p=65704#primaryimage\"},\"thumbnailUrl\":\"https:\\\/\\\/www.aliadospuebla.com\\\/web2017\\\/wp-content\\\/uploads\\\/2021\\\/11\\\/214-San-Jeronimo-Tecuanipan.jpg\",\"datePublished\":\"2021-12-01T03:13:32+00:00\",\"author\":{\"@id\":\"https:\\\/\\\/www.aliadospuebla.com\\\/#\\\/schema\\\/person\\\/5da7dd09320bd4f392b710017ed5f8ad\"},\"breadcrumb\":{\"@id\":\"https:\\\/\\\/www.aliadospuebla.com\\\/?p=65704#breadcrumb\"},\"inLanguage\":\"es\",\"potentialAction\":[{\"@type\":\"ReadAction\",\"target\":[\"https:\\\/\\\/www.aliadospuebla.com\\\/?p=65704\"]}]},{\"@type\":\"ImageObject\",\"inLanguage\":\"es\",\"@id\":\"https:\\\/\\\/www.aliadospuebla.com\\\/?p=65704#primaryimage\",\"url\":\"https:\\\/\\\/www.aliadospuebla.com\\\/web2017\\\/wp-content\\\/uploads\\\/2021\\\/11\\\/214-San-Jeronimo-Tecuanipan.jpg\",\"contentUrl\":\"https:\\\/\\\/www.aliadospuebla.com\\\/web2017\\\/wp-content\\\/uploads\\\/2021\\\/11\\\/214-San-Jeronimo-Tecuanipan.jpg\",\"width\":600,\"height\":450},{\"@type\":\"BreadcrumbList\",\"@id\":\"https:\\\/\\\/www.aliadospuebla.com\\\/?p=65704#breadcrumb\",\"itemListElement\":[{\"@type\":\"ListItem\",\"position\":1,\"name\":\"Portada\",\"item\":\"https:\\\/\\\/www.aliadospuebla.com\\\/\"},{\"@type\":\"ListItem\",\"position\":2,\"name\":\"San Jer\u00f3nimo Tecuanipan sede del Primer Encuentro Intermunicipal de Protecci\u00f3n Civil, Salud y Asistencia P\u00fablica\"}]},{\"@type\":\"WebSite\",\"@id\":\"https:\\\/\\\/www.aliadospuebla.com\\\/#website\",\"url\":\"https:\\\/\\\/www.aliadospuebla.com\\\/\",\"name\":\"AliadosPuebla\",\"description\":\"La informaci\u00f3n en tus manos\",\"potentialAction\":[{\"@type\":\"SearchAction\",\"target\":{\"@type\":\"EntryPoint\",\"urlTemplate\":\"https:\\\/\\\/www.aliadospuebla.com\\\/?s={search_term_string}\"},\"query-input\":{\"@type\":\"PropertyValueSpecification\",\"valueRequired\":true,\"valueName\":\"search_term_string\"}}],\"inLanguage\":\"es\"},{\"@type\":\"Person\",\"@id\":\"https:\\\/\\\/www.aliadospuebla.com\\\/#\\\/schema\\\/person\\\/5da7dd09320bd4f392b710017ed5f8ad\",\"name\":\"Aliados17\",\"image\":{\"@type\":\"ImageObject\",\"inLanguage\":\"es\",\"@id\":\"https:\\\/\\\/www.aliadospuebla.com\\\/web2017\\\/wp-content\\\/uploads\\\/2025\\\/03\\\/cropped-para-perfil-8-anos-1-96x96.jpg\",\"url\":\"https:\\\/\\\/www.aliadospuebla.com\\\/web2017\\\/wp-content\\\/uploads\\\/2025\\\/03\\\/cropped-para-perfil-8-anos-1-96x96.jpg\",\"contentUrl\":\"https:\\\/\\\/www.aliadospuebla.com\\\/web2017\\\/wp-content\\\/uploads\\\/2025\\\/03\\\/cropped-para-perfil-8-anos-1-96x96.jpg\",\"caption\":\"Aliados17\"},\"sameAs\":[\"https:\\\/\\\/www.aliados17.com\",\"https:\\\/\\\/www.facebook.com\\\/Aliados17Pue\",\"https:\\\/\\\/x.com\\\/AliadosPuebla\"],\"url\":\"https:\\\/\\\/www.aliadospuebla.com\\\/?author=2\"}]}<\/script>\n<!-- \/ Yoast SEO plugin. -->","yoast_head_json":{"title":"San Jer\u00f3nimo Tecuanipan sede del Primer Encuentro Intermunicipal de Protecci\u00f3n Civil, Salud y Asistencia P\u00fablica - AliadosPuebla","robots":{"index":"index","follow":"follow","max-snippet":"max-snippet:-1","max-image-preview":"max-image-preview:large","max-video-preview":"max-video-preview:-1"},"canonical":"https:\/\/www.aliadospuebla.com\/?p=65704","og_locale":"es_ES","og_type":"article","og_title":"San Jer\u00f3nimo Tecuanipan sede del Primer Encuentro Intermunicipal de Protecci\u00f3n Civil, Salud y Asistencia P\u00fablica - AliadosPuebla","og_description":"&#8211;Capacitaci\u00f3n del personal de salud y protecci\u00f3n civil para salvaguardar vidas en caso de contingencia &nbsp; San Jer\u00f3nimo Tecuanipan, Pue.- Con la firme convicci\u00f3n de trabajar en favor de la seguridad de los ciudadanos del municipio y dem\u00e1s que conforman la regi\u00f3n\u00a0 Izta-Popo\u00a0 se llev\u00f3 a cabo el Primer Encuentro Intermunicipal de Protecci\u00f3n Civil, Salud y Asistencia P\u00fablica. El presidente municipal \u00c1ngel Cuanalo mencion\u00f3 al respecto que es necesario estar bien capacitados y coordinados con los municipios que integran la regi\u00f3n Izta-Popo para hacer frente de manera efectiva \u00a0a cualquier\u00a0 contingencia volc\u00e1nica. Los municipios que participan en este encuentro son Cuautlancingo,\u00a0 San Nicol\u00e1s de los Ranchos, Nealtican, San Juan Tianguismanalco, San Gregorio Atzompa y Santa Isabel Cholula. Uno de los puntos clave tratados fue la&hellip;Leer m\u00e1s...","og_url":"https:\/\/www.aliadospuebla.com\/?p=65704","og_site_name":"AliadosPuebla","article_author":"https:\/\/www.facebook.com\/Aliados17Pue","article_published_time":"2021-12-01T03:13:32+00:00","og_image":[{"width":600,"height":450,"url":"https:\/\/www.aliadospuebla.com\/web2017\/wp-content\/uploads\/2021\/11\/214-San-Jeronimo-Tecuanipan.jpg","type":"image\/jpeg"}],"author":"Aliados17","twitter_card":"summary_large_image","twitter_creator":"@AliadosPuebla","twitter_misc":{"Escrito por":"Aliados17","Tiempo de lectura":"2 minutos"},"schema":{"@context":"https:\/\/schema.org","@graph":[{"@type":"Article","@id":"https:\/\/www.aliadospuebla.com\/?p=65704#article","isPartOf":{"@id":"https:\/\/www.aliadospuebla.com\/?p=65704"},"author":{"name":"Aliados17","@id":"https:\/\/www.aliadospuebla.com\/#\/schema\/person\/5da7dd09320bd4f392b710017ed5f8ad"},"headline":"San Jer\u00f3nimo Tecuanipan sede del Primer Encuentro Intermunicipal de Protecci\u00f3n Civil, Salud y Asistencia P\u00fablica","datePublished":"2021-12-01T03:13:32+00:00","mainEntityOfPage":{"@id":"https:\/\/www.aliadospuebla.com\/?p=65704"},"wordCount":472,"commentCount":0,"image":{"@id":"https:\/\/www.aliadospuebla.com\/?p=65704#primaryimage"},"thumbnailUrl":"https:\/\/www.aliadospuebla.com\/web2017\/wp-content\/uploads\/2021\/11\/214-San-Jeronimo-Tecuanipan.jpg","keywords":["\u00c1ngel Cuanalo","contingencia volc\u00e1nica","Cristian Hern\u00e1ndez","Encuentro Intermunicipal","protecci\u00f3n civil","regi\u00f3n Izta-Popo","SALUD","San Jer\u00f3nimo Tecuanipan"],"articleSection":["Municipios"],"inLanguage":"es","potentialAction":[{"@type":"CommentAction","name":"Comment","target":["https:\/\/www.aliadospuebla.com\/?p=65704#respond"]}]},{"@type":"WebPage","@id":"https:\/\/www.aliadospuebla.com\/?p=65704","url":"https:\/\/www.aliadospuebla.com\/?p=65704","name":"San Jer\u00f3nimo Tecuanipan sede del Primer Encuentro Intermunicipal de Protecci\u00f3n Civil, Salud y Asistencia P\u00fablica - AliadosPuebla","isPartOf":{"@id":"https:\/\/www.aliadospuebla.com\/#website"},"primaryImageOfPage":{"@id":"https:\/\/www.aliadospuebla.com\/?p=65704#primaryimage"},"image":{"@id":"https:\/\/www.aliadospuebla.com\/?p=65704#primaryimage"},"thumbnailUrl":"https:\/\/www.aliadospuebla.com\/web2017\/wp-content\/uploads\/2021\/11\/214-San-Jeronimo-Tecuanipan.jpg","datePublished":"2021-12-01T03:13:32+00:00","author":{"@id":"https:\/\/www.aliadospuebla.com\/#\/schema\/person\/5da7dd09320bd4f392b710017ed5f8ad"},"breadcrumb":{"@id":"https:\/\/www.aliadospuebla.com\/?p=65704#breadcrumb"},"inLanguage":"es","potentialAction":[{"@type":"ReadAction","target":["https:\/\/www.aliadospuebla.com\/?p=65704"]}]},{"@type":"ImageObject","inLanguage":"es","@id":"https:\/\/www.aliadospuebla.com\/?p=65704#primaryimage","url":"https:\/\/www.aliadospuebla.com\/web2017\/wp-content\/uploads\/2021\/11\/214-San-Jeronimo-Tecuanipan.jpg","contentUrl":"https:\/\/www.aliadospuebla.com\/web2017\/wp-content\/uploads\/2021\/11\/214-San-Jeronimo-Tecuanipan.jpg","width":600,"height":450},{"@type":"BreadcrumbList","@id":"https:\/\/www.aliadospuebla.com\/?p=65704#breadcrumb","itemListElement":[{"@type":"ListItem","position":1,"name":"Portada","item":"https:\/\/www.aliadospuebla.com\/"},{"@type":"ListItem","position":2,"name":"San Jer\u00f3nimo Tecuanipan sede del Primer Encuentro Intermunicipal de Protecci\u00f3n Civil, Salud y Asistencia P\u00fablica"}]},{"@type":"WebSite","@id":"https:\/\/www.aliadospuebla.com\/#website","url":"https:\/\/www.aliadospuebla.com\/","name":"AliadosPuebla","description":"La informaci\u00f3n en tus manos","potentialAction":[{"@type":"SearchAction","target":{"@type":"EntryPoint","urlTemplate":"https:\/\/www.aliadospuebla.com\/?s={search_term_string}"},"query-input":{"@type":"PropertyValueSpecification","valueRequired":true,"valueName":"search_term_string"}}],"inLanguage":"es"},{"@type":"Person","@id":"https:\/\/www.aliadospuebla.com\/#\/schema\/person\/5da7dd09320bd4f392b710017ed5f8ad","name":"Aliados17","image":{"@type":"ImageObject","inLanguage":"es","@id":"https:\/\/www.aliadospuebla.com\/web2017\/wp-content\/uploads\/2025\/03\/cropped-para-perfil-8-anos-1-96x96.jpg","url":"https:\/\/www.aliadospuebla.com\/web2017\/wp-content\/uploads\/2025\/03\/cropped-para-perfil-8-anos-1-96x96.jpg","contentUrl":"https:\/\/www.aliadospuebla.com\/web2017\/wp-content\/uploads\/2025\/03\/cropped-para-perfil-8-anos-1-96x96.jpg","caption":"Aliados17"},"sameAs":["https:\/\/www.aliados17.com","https:\/\/www.facebook.com\/Aliados17Pue","https:\/\/x.com\/AliadosPuebla"],"url":"https:\/\/www.aliadospuebla.com\/?author=2"}]}},"views":12,"_links":{"self":[{"href":"https:\/\/www.aliadospuebla.com\/index.php?rest_route=\/wp\/v2\/posts\/65704","targetHints":{"allow":["GET"]}}],"collection":[{"href":"https:\/\/www.aliadospuebla.com\/index.php?rest_route=\/wp\/v2\/posts"}],"about":[{"href":"https:\/\/www.aliadospuebla.com\/index.php?rest_route=\/wp\/v2\/types\/post"}],"author":[{"embeddable":true,"href":"https:\/\/www.aliadospuebla.com\/index.php?rest_route=\/wp\/v2\/users\/2"}],"replies":[{"embeddable":true,"href":"https:\/\/www.aliadospuebla.com\/index.php?rest_route=%2Fwp%2Fv2%2Fcomments&post=65704"}],"version-history":[{"count":1,"href":"https:\/\/www.aliadospuebla.com\/index.php?rest_route=\/wp\/v2\/posts\/65704\/revisions"}],"predecessor-version":[{"id":65706,"href":"https:\/\/www.aliadospuebla.com\/index.php?rest_route=\/wp\/v2\/posts\/65704\/revisions\/65706"}],"wp:featuredmedia":[{"embeddable":true,"href":"https:\/\/www.aliadospuebla.com\/index.php?rest_route=\/wp\/v2\/media\/65705"}],"wp:attachment":[{"href":"https:\/\/www.aliadospuebla.com\/index.php?rest_route=%2Fwp%2Fv2%2Fmedia&parent=65704"}],"wp:term":[{"taxonomy":"category","embeddable":true,"href":"https:\/\/www.aliadospuebla.com\/index.php?rest_route=%2Fwp%2Fv2%2Fcategories&post=65704"},{"taxonomy":"post_tag","embeddable":true,"href":"https:\/\/www.aliadospuebla.com\/index.php?rest_route=%2Fwp%2Fv2%2Ftags&post=65704"}],"curies":[{"name":"wp","href":"https:\/\/api.w.org\/{rel}","templated":true}]}}