{"id":65355,"date":"2021-11-23T21:42:28","date_gmt":"2021-11-24T03:42:28","guid":{"rendered":"https:\/\/www.aliados17.com\/?p=65355"},"modified":"2021-11-23T21:42:28","modified_gmt":"2021-11-24T03:42:28","slug":"imparten-taller-de-liderazgo-pedagogico-a-orientadoras-de-caics-de-cuautlancingo","status":"publish","type":"post","link":"https:\/\/www.aliadospuebla.com\/?p=65355","title":{"rendered":"Imparten taller de \u201cLiderazgo Pedag\u00f3gico\u201d a orientadoras de CAIC\u00b4s de Cuautlancingo"},"content":{"rendered":"<p>CUAUTLANCINGO, Pue.- La presidenta del Sistema DIF municipal, <strong>Mayra Ram\u00edrez Escamilla<\/strong> particip\u00f3 en el taller \u201cLiderazgo Pedag\u00f3gico\u201d que<\/p>\n<p>se imparti\u00f3 a las orientadoras de los Centro de Asistencia Infantil Comunitario (<strong>Caic<\/strong>).<\/p>\n<p><strong>Ram\u00edrez Escamilla<\/strong> se\u00f1al\u00f3 que los talleres que se han impartido a trav\u00e9s de la Coordinaci\u00f3n de<strong> Caic\u00b4s<\/strong> es con la intenci\u00f3n de crear espacios de<\/p>\n<p>convivencia sana entre maestros, padres de familia y alumnos.<\/p>\n<p>\u201cYo quiero ser una aliada de ustedes para mejorar la situaci\u00f3n en la medida en que nos sea posible, creo que s\u00ed llevamos acciones por m\u00ednimas que<\/p>\n<p>parezcan van lograr transformar vidas\u201d, mencion\u00f3.<\/p>\n<p>Acompa\u00f1ada por el presidente municipal <strong>Filomeno Sarmiento Torres<\/strong>, <strong>Mayra Ram\u00edrez Escamilla<\/strong> adelant\u00f3 que en pr\u00f3ximos d\u00edas se har\u00e1 un<\/p>\n<p>recorrido por las instalaciones de los <strong>Caic\u00b4s<\/strong> para supervisar la infraestructura educativa.<\/p>\n<p>Indic\u00f3 que trabajar\u00e1 en conjunto con la Regidur\u00eda de Educaci\u00f3n y con la Coordinaci\u00f3n de Alimentos del DIF para supervisar los desayunadores e ir<\/p>\n<p>dando soluci\u00f3n a las necesidades de los alumnos y alumnas de los <strong>Caic\u00b4s<\/strong>.<\/p>\n<p>Cabe se\u00f1alar que el Sistema DIF municipal inici\u00f3 la campa\u00f1a \u201cAbrigando Sue\u00f1os\u201d para recibir chamarras, su\u00e9teres, chalecos y cobijas ante la<\/p>\n<p>temporada de fr\u00edo. Se contar\u00e1 con tres centros de acopios ubicados en la Presidencia Municipal, Cruz del Sur y el Centro de Desarrollo Comunitario<\/p>\n<p>(CDC).<\/p>\n","protected":false},"excerpt":{"rendered":"<p>CUAUTLANCINGO, Pue.- La presidenta del Sistema DIF municipal, Mayra Ram\u00edrez Escamilla particip\u00f3 en el taller \u201cLiderazgo Pedag\u00f3gico\u201d que se imparti\u00f3 a las orientadoras de los Centro de Asistencia Infantil Comunitario (Caic). Ram\u00edrez Escamilla se\u00f1al\u00f3 que los talleres que se han impartido a trav\u00e9s de la Coordinaci\u00f3n de Caic\u00b4s es con la intenci\u00f3n de crear espacios de convivencia sana entre maestros, padres de familia y alumnos. \u201cYo quiero ser una aliada de ustedes para mejorar la situaci\u00f3n en la medida en que nos sea posible, creo que s\u00ed llevamos acciones por m\u00ednimas que parezcan van lograr transformar vidas\u201d, mencion\u00f3. Acompa\u00f1ada por el presidente municipal Filomeno Sarmiento Torres, Mayra Ram\u00edrez Escamilla adelant\u00f3 que en pr\u00f3ximos d\u00edas se har\u00e1 un recorrido por las instalaciones de los Caic\u00b4s para&hellip;<\/p>\n<p class=\"excerpt-more\"><a class=\"blog-excerpt button\" href=\"https:\/\/www.aliadospuebla.com\/?p=65355\">Leer m\u00e1s&#8230;<\/a><\/p>\n","protected":false},"author":2,"featured_media":65356,"comment_status":"open","ping_status":"open","sticky":false,"template":"","format":"standard","meta":{"_monsterinsights_skip_tracking":false,"footnotes":""},"categories":[4],"tags":[17430,629,18,383,3869,728],"class_list":["post-65355","post","type-post","status-publish","format-standard","has-post-thumbnail","hentry","category-municipios","tag-abrigando-suenos","tag-caics","tag-cuautlancingo","tag-dif-municipal","tag-filomeno-sarmiento-torres","tag-mayra-ramirez-escamilla"],"yoast_head":"<!-- This site is optimized with the Yoast SEO plugin v28.4 - https:\/\/yoast.com\/product\/yoast-seo-wordpress\/ -->\n<title>Imparten taller de \u201cLiderazgo Pedag\u00f3gico\u201d a orientadoras de CAIC\u00b4s de Cuautlancingo - AliadosPuebla<\/title>\n<meta name=\"description\" content=\"Imparten taller de \u201cLiderazgo Pedag\u00f3gico\u201d a orientadoras de CAIC\u00b4s\" \/>\n<meta name=\"robots\" content=\"index, follow, max-snippet:-1, max-image-preview:large, max-video-preview:-1\" \/>\n<link rel=\"canonical\" href=\"https:\/\/www.aliadospuebla.com\/?p=65355\" \/>\n<meta property=\"og:locale\" content=\"es_ES\" \/>\n<meta property=\"og:type\" content=\"article\" \/>\n<meta property=\"og:title\" content=\"Imparten taller de \u201cLiderazgo Pedag\u00f3gico\u201d a orientadoras de CAIC\u00b4s de Cuautlancingo - AliadosPuebla\" \/>\n<meta property=\"og:description\" content=\"Imparten taller de \u201cLiderazgo Pedag\u00f3gico\u201d a orientadoras de CAIC\u00b4s\" \/>\n<meta property=\"og:url\" content=\"https:\/\/www.aliadospuebla.com\/?p=65355\" \/>\n<meta property=\"og:site_name\" content=\"AliadosPuebla\" \/>\n<meta property=\"article:author\" content=\"https:\/\/www.facebook.com\/Aliados17Pue\" \/>\n<meta property=\"article:published_time\" content=\"2021-11-24T03:42:28+00:00\" \/>\n<meta property=\"og:image\" content=\"https:\/\/www.aliadospuebla.com\/web2017\/wp-content\/uploads\/2021\/11\/158-Cuautlancingo.jpg\" \/>\n\t<meta property=\"og:image:width\" content=\"600\" \/>\n\t<meta property=\"og:image:height\" content=\"450\" \/>\n\t<meta property=\"og:image:type\" content=\"image\/jpeg\" \/>\n<meta name=\"author\" content=\"Aliados17\" \/>\n<meta name=\"twitter:card\" content=\"summary_large_image\" \/>\n<meta name=\"twitter:creator\" content=\"@AliadosPuebla\" \/>\n<meta name=\"twitter:label1\" content=\"Escrito por\" \/>\n\t<meta name=\"twitter:data1\" content=\"Aliados17\" \/>\n\t<meta name=\"twitter:label2\" content=\"Tiempo de lectura\" \/>\n\t<meta name=\"twitter:data2\" content=\"1 minuto\" \/>\n<script type=\"application\/ld+json\" class=\"yoast-schema-graph\">{\"@context\":\"https:\\\/\\\/schema.org\",\"@graph\":[{\"@type\":\"Article\",\"@id\":\"https:\\\/\\\/www.aliadospuebla.com\\\/?p=65355#article\",\"isPartOf\":{\"@id\":\"https:\\\/\\\/www.aliadospuebla.com\\\/?p=65355\"},\"author\":{\"name\":\"Aliados17\",\"@id\":\"https:\\\/\\\/www.aliadospuebla.com\\\/#\\\/schema\\\/person\\\/5da7dd09320bd4f392b710017ed5f8ad\"},\"headline\":\"Imparten taller de \u201cLiderazgo Pedag\u00f3gico\u201d a orientadoras de CAIC\u00b4s de Cuautlancingo\",\"datePublished\":\"2021-11-24T03:42:28+00:00\",\"mainEntityOfPage\":{\"@id\":\"https:\\\/\\\/www.aliadospuebla.com\\\/?p=65355\"},\"wordCount\":251,\"commentCount\":0,\"image\":{\"@id\":\"https:\\\/\\\/www.aliadospuebla.com\\\/?p=65355#primaryimage\"},\"thumbnailUrl\":\"https:\\\/\\\/www.aliadospuebla.com\\\/web2017\\\/wp-content\\\/uploads\\\/2021\\\/11\\\/158-Cuautlancingo.jpg\",\"keywords\":[\"Abrigando sue\u00f1os\",\"CAICS\",\"Cuautlancingo\",\"DIF MUNICIPAL\",\"FILOMENO SARMIENTO TORRES\",\"MAYRA RAM\u00cdREZ ESCAMILLA\"],\"articleSection\":[\"Municipios\"],\"inLanguage\":\"es\",\"potentialAction\":[{\"@type\":\"CommentAction\",\"name\":\"Comment\",\"target\":[\"https:\\\/\\\/www.aliadospuebla.com\\\/?p=65355#respond\"]}]},{\"@type\":\"WebPage\",\"@id\":\"https:\\\/\\\/www.aliadospuebla.com\\\/?p=65355\",\"url\":\"https:\\\/\\\/www.aliadospuebla.com\\\/?p=65355\",\"name\":\"Imparten taller de \u201cLiderazgo Pedag\u00f3gico\u201d a orientadoras de CAIC\u00b4s de Cuautlancingo - AliadosPuebla\",\"isPartOf\":{\"@id\":\"https:\\\/\\\/www.aliadospuebla.com\\\/#website\"},\"primaryImageOfPage\":{\"@id\":\"https:\\\/\\\/www.aliadospuebla.com\\\/?p=65355#primaryimage\"},\"image\":{\"@id\":\"https:\\\/\\\/www.aliadospuebla.com\\\/?p=65355#primaryimage\"},\"thumbnailUrl\":\"https:\\\/\\\/www.aliadospuebla.com\\\/web2017\\\/wp-content\\\/uploads\\\/2021\\\/11\\\/158-Cuautlancingo.jpg\",\"datePublished\":\"2021-11-24T03:42:28+00:00\",\"author\":{\"@id\":\"https:\\\/\\\/www.aliadospuebla.com\\\/#\\\/schema\\\/person\\\/5da7dd09320bd4f392b710017ed5f8ad\"},\"description\":\"Imparten taller de \u201cLiderazgo Pedag\u00f3gico\u201d a orientadoras de CAIC\u00b4s\",\"breadcrumb\":{\"@id\":\"https:\\\/\\\/www.aliadospuebla.com\\\/?p=65355#breadcrumb\"},\"inLanguage\":\"es\",\"potentialAction\":[{\"@type\":\"ReadAction\",\"target\":[\"https:\\\/\\\/www.aliadospuebla.com\\\/?p=65355\"]}]},{\"@type\":\"ImageObject\",\"inLanguage\":\"es\",\"@id\":\"https:\\\/\\\/www.aliadospuebla.com\\\/?p=65355#primaryimage\",\"url\":\"https:\\\/\\\/www.aliadospuebla.com\\\/web2017\\\/wp-content\\\/uploads\\\/2021\\\/11\\\/158-Cuautlancingo.jpg\",\"contentUrl\":\"https:\\\/\\\/www.aliadospuebla.com\\\/web2017\\\/wp-content\\\/uploads\\\/2021\\\/11\\\/158-Cuautlancingo.jpg\",\"width\":600,\"height\":450},{\"@type\":\"BreadcrumbList\",\"@id\":\"https:\\\/\\\/www.aliadospuebla.com\\\/?p=65355#breadcrumb\",\"itemListElement\":[{\"@type\":\"ListItem\",\"position\":1,\"name\":\"Portada\",\"item\":\"https:\\\/\\\/www.aliadospuebla.com\\\/\"},{\"@type\":\"ListItem\",\"position\":2,\"name\":\"Imparten taller de \u201cLiderazgo Pedag\u00f3gico\u201d a orientadoras de CAIC\u00b4s de Cuautlancingo\"}]},{\"@type\":\"WebSite\",\"@id\":\"https:\\\/\\\/www.aliadospuebla.com\\\/#website\",\"url\":\"https:\\\/\\\/www.aliadospuebla.com\\\/\",\"name\":\"AliadosPuebla\",\"description\":\"La informaci\u00f3n en tus manos\",\"potentialAction\":[{\"@type\":\"SearchAction\",\"target\":{\"@type\":\"EntryPoint\",\"urlTemplate\":\"https:\\\/\\\/www.aliadospuebla.com\\\/?s={search_term_string}\"},\"query-input\":{\"@type\":\"PropertyValueSpecification\",\"valueRequired\":true,\"valueName\":\"search_term_string\"}}],\"inLanguage\":\"es\"},{\"@type\":\"Person\",\"@id\":\"https:\\\/\\\/www.aliadospuebla.com\\\/#\\\/schema\\\/person\\\/5da7dd09320bd4f392b710017ed5f8ad\",\"name\":\"Aliados17\",\"image\":{\"@type\":\"ImageObject\",\"inLanguage\":\"es\",\"@id\":\"https:\\\/\\\/www.aliadospuebla.com\\\/web2017\\\/wp-content\\\/uploads\\\/2025\\\/03\\\/cropped-para-perfil-8-anos-1-96x96.jpg\",\"url\":\"https:\\\/\\\/www.aliadospuebla.com\\\/web2017\\\/wp-content\\\/uploads\\\/2025\\\/03\\\/cropped-para-perfil-8-anos-1-96x96.jpg\",\"contentUrl\":\"https:\\\/\\\/www.aliadospuebla.com\\\/web2017\\\/wp-content\\\/uploads\\\/2025\\\/03\\\/cropped-para-perfil-8-anos-1-96x96.jpg\",\"caption\":\"Aliados17\"},\"sameAs\":[\"https:\\\/\\\/www.aliados17.com\",\"https:\\\/\\\/www.facebook.com\\\/Aliados17Pue\",\"https:\\\/\\\/x.com\\\/AliadosPuebla\"],\"url\":\"https:\\\/\\\/www.aliadospuebla.com\\\/?author=2\"}]}<\/script>\n<!-- \/ Yoast SEO plugin. -->","yoast_head_json":{"title":"Imparten taller de \u201cLiderazgo Pedag\u00f3gico\u201d a orientadoras de CAIC\u00b4s de Cuautlancingo - AliadosPuebla","description":"Imparten taller de \u201cLiderazgo Pedag\u00f3gico\u201d a orientadoras de CAIC\u00b4s","robots":{"index":"index","follow":"follow","max-snippet":"max-snippet:-1","max-image-preview":"max-image-preview:large","max-video-preview":"max-video-preview:-1"},"canonical":"https:\/\/www.aliadospuebla.com\/?p=65355","og_locale":"es_ES","og_type":"article","og_title":"Imparten taller de \u201cLiderazgo Pedag\u00f3gico\u201d a orientadoras de CAIC\u00b4s de Cuautlancingo - AliadosPuebla","og_description":"Imparten taller de \u201cLiderazgo Pedag\u00f3gico\u201d a orientadoras de CAIC\u00b4s","og_url":"https:\/\/www.aliadospuebla.com\/?p=65355","og_site_name":"AliadosPuebla","article_author":"https:\/\/www.facebook.com\/Aliados17Pue","article_published_time":"2021-11-24T03:42:28+00:00","og_image":[{"width":600,"height":450,"url":"https:\/\/www.aliadospuebla.com\/web2017\/wp-content\/uploads\/2021\/11\/158-Cuautlancingo.jpg","type":"image\/jpeg"}],"author":"Aliados17","twitter_card":"summary_large_image","twitter_creator":"@AliadosPuebla","twitter_misc":{"Escrito por":"Aliados17","Tiempo de lectura":"1 minuto"},"schema":{"@context":"https:\/\/schema.org","@graph":[{"@type":"Article","@id":"https:\/\/www.aliadospuebla.com\/?p=65355#article","isPartOf":{"@id":"https:\/\/www.aliadospuebla.com\/?p=65355"},"author":{"name":"Aliados17","@id":"https:\/\/www.aliadospuebla.com\/#\/schema\/person\/5da7dd09320bd4f392b710017ed5f8ad"},"headline":"Imparten taller de \u201cLiderazgo Pedag\u00f3gico\u201d a orientadoras de CAIC\u00b4s de Cuautlancingo","datePublished":"2021-11-24T03:42:28+00:00","mainEntityOfPage":{"@id":"https:\/\/www.aliadospuebla.com\/?p=65355"},"wordCount":251,"commentCount":0,"image":{"@id":"https:\/\/www.aliadospuebla.com\/?p=65355#primaryimage"},"thumbnailUrl":"https:\/\/www.aliadospuebla.com\/web2017\/wp-content\/uploads\/2021\/11\/158-Cuautlancingo.jpg","keywords":["Abrigando sue\u00f1os","CAICS","Cuautlancingo","DIF MUNICIPAL","FILOMENO SARMIENTO TORRES","MAYRA RAM\u00cdREZ ESCAMILLA"],"articleSection":["Municipios"],"inLanguage":"es","potentialAction":[{"@type":"CommentAction","name":"Comment","target":["https:\/\/www.aliadospuebla.com\/?p=65355#respond"]}]},{"@type":"WebPage","@id":"https:\/\/www.aliadospuebla.com\/?p=65355","url":"https:\/\/www.aliadospuebla.com\/?p=65355","name":"Imparten taller de \u201cLiderazgo Pedag\u00f3gico\u201d a orientadoras de CAIC\u00b4s de Cuautlancingo - AliadosPuebla","isPartOf":{"@id":"https:\/\/www.aliadospuebla.com\/#website"},"primaryImageOfPage":{"@id":"https:\/\/www.aliadospuebla.com\/?p=65355#primaryimage"},"image":{"@id":"https:\/\/www.aliadospuebla.com\/?p=65355#primaryimage"},"thumbnailUrl":"https:\/\/www.aliadospuebla.com\/web2017\/wp-content\/uploads\/2021\/11\/158-Cuautlancingo.jpg","datePublished":"2021-11-24T03:42:28+00:00","author":{"@id":"https:\/\/www.aliadospuebla.com\/#\/schema\/person\/5da7dd09320bd4f392b710017ed5f8ad"},"description":"Imparten taller de \u201cLiderazgo Pedag\u00f3gico\u201d a orientadoras de CAIC\u00b4s","breadcrumb":{"@id":"https:\/\/www.aliadospuebla.com\/?p=65355#breadcrumb"},"inLanguage":"es","potentialAction":[{"@type":"ReadAction","target":["https:\/\/www.aliadospuebla.com\/?p=65355"]}]},{"@type":"ImageObject","inLanguage":"es","@id":"https:\/\/www.aliadospuebla.com\/?p=65355#primaryimage","url":"https:\/\/www.aliadospuebla.com\/web2017\/wp-content\/uploads\/2021\/11\/158-Cuautlancingo.jpg","contentUrl":"https:\/\/www.aliadospuebla.com\/web2017\/wp-content\/uploads\/2021\/11\/158-Cuautlancingo.jpg","width":600,"height":450},{"@type":"BreadcrumbList","@id":"https:\/\/www.aliadospuebla.com\/?p=65355#breadcrumb","itemListElement":[{"@type":"ListItem","position":1,"name":"Portada","item":"https:\/\/www.aliadospuebla.com\/"},{"@type":"ListItem","position":2,"name":"Imparten taller de \u201cLiderazgo Pedag\u00f3gico\u201d a orientadoras de CAIC\u00b4s de Cuautlancingo"}]},{"@type":"WebSite","@id":"https:\/\/www.aliadospuebla.com\/#website","url":"https:\/\/www.aliadospuebla.com\/","name":"AliadosPuebla","description":"La informaci\u00f3n en tus manos","potentialAction":[{"@type":"SearchAction","target":{"@type":"EntryPoint","urlTemplate":"https:\/\/www.aliadospuebla.com\/?s={search_term_string}"},"query-input":{"@type":"PropertyValueSpecification","valueRequired":true,"valueName":"search_term_string"}}],"inLanguage":"es"},{"@type":"Person","@id":"https:\/\/www.aliadospuebla.com\/#\/schema\/person\/5da7dd09320bd4f392b710017ed5f8ad","name":"Aliados17","image":{"@type":"ImageObject","inLanguage":"es","@id":"https:\/\/www.aliadospuebla.com\/web2017\/wp-content\/uploads\/2025\/03\/cropped-para-perfil-8-anos-1-96x96.jpg","url":"https:\/\/www.aliadospuebla.com\/web2017\/wp-content\/uploads\/2025\/03\/cropped-para-perfil-8-anos-1-96x96.jpg","contentUrl":"https:\/\/www.aliadospuebla.com\/web2017\/wp-content\/uploads\/2025\/03\/cropped-para-perfil-8-anos-1-96x96.jpg","caption":"Aliados17"},"sameAs":["https:\/\/www.aliados17.com","https:\/\/www.facebook.com\/Aliados17Pue","https:\/\/x.com\/AliadosPuebla"],"url":"https:\/\/www.aliadospuebla.com\/?author=2"}]}},"views":10,"_links":{"self":[{"href":"https:\/\/www.aliadospuebla.com\/index.php?rest_route=\/wp\/v2\/posts\/65355","targetHints":{"allow":["GET"]}}],"collection":[{"href":"https:\/\/www.aliadospuebla.com\/index.php?rest_route=\/wp\/v2\/posts"}],"about":[{"href":"https:\/\/www.aliadospuebla.com\/index.php?rest_route=\/wp\/v2\/types\/post"}],"author":[{"embeddable":true,"href":"https:\/\/www.aliadospuebla.com\/index.php?rest_route=\/wp\/v2\/users\/2"}],"replies":[{"embeddable":true,"href":"https:\/\/www.aliadospuebla.com\/index.php?rest_route=%2Fwp%2Fv2%2Fcomments&post=65355"}],"version-history":[{"count":1,"href":"https:\/\/www.aliadospuebla.com\/index.php?rest_route=\/wp\/v2\/posts\/65355\/revisions"}],"predecessor-version":[{"id":65357,"href":"https:\/\/www.aliadospuebla.com\/index.php?rest_route=\/wp\/v2\/posts\/65355\/revisions\/65357"}],"wp:featuredmedia":[{"embeddable":true,"href":"https:\/\/www.aliadospuebla.com\/index.php?rest_route=\/wp\/v2\/media\/65356"}],"wp:attachment":[{"href":"https:\/\/www.aliadospuebla.com\/index.php?rest_route=%2Fwp%2Fv2%2Fmedia&parent=65355"}],"wp:term":[{"taxonomy":"category","embeddable":true,"href":"https:\/\/www.aliadospuebla.com\/index.php?rest_route=%2Fwp%2Fv2%2Fcategories&post=65355"},{"taxonomy":"post_tag","embeddable":true,"href":"https:\/\/www.aliadospuebla.com\/index.php?rest_route=%2Fwp%2Fv2%2Ftags&post=65355"}],"curies":[{"name":"wp","href":"https:\/\/api.w.org\/{rel}","templated":true}]}}