{"id":65252,"date":"2021-11-22T17:43:54","date_gmt":"2021-11-22T23:43:54","guid":{"rendered":"https:\/\/www.aliados17.com\/?p=65252"},"modified":"2021-11-22T17:43:54","modified_gmt":"2021-11-22T23:43:54","slug":"presenta-paola-angon-actividades-del-vaniloquio-2021-en-san-pedro-cholula","status":"publish","type":"post","link":"https:\/\/www.aliadospuebla.com\/?p=65252","title":{"rendered":"PRESENTA PAOLA ANGON ACTIVIDADES DEL VANILOQUIO 2021 EN SAN PEDRO CHOLULA"},"content":{"rendered":"<p>San Pedro Cholula, Pue.- Al anunciar la edici\u00f3n n\u00famero 30 del \u201c<strong>Festival Vaniloquio<\/strong>\u201d,<\/p>\n<p>la presidenta <strong>Paola Angon<\/strong> afirm\u00f3 que para reactivar la<\/p>\n<p>econom\u00eda y la vida social en <strong>San Pedro Cholula<\/strong>, su gobierno est\u00e1 apostado en la organizaci\u00f3n y promoci\u00f3n de actividades culturales y tur\u00edsticas.<\/p>\n<p>En rueda de prensa, acompa\u00f1ada por Jorge Ojeda, Secretario de Cultura, Turismo y Desarrollo Econ\u00f3mico, Angon Silva invit\u00f3 a la sociedad en general a<\/p>\n<p>visitar el municipio, del 26 al 28 de noviembre, para participar en las actividades culturales que se llevar\u00e1n a cabo en el marco de este tradicional evento.<\/p>\n<p>En este sentido, la edil se\u00f1al\u00f3 que el gobierno municipal contin\u00faa trabajando en la recuperaci\u00f3n y dignificaci\u00f3n de espacios p\u00fablicos con el fin de<\/p>\n<p>impulsar este tipo de actividades, como se har\u00e1 para las fiestas decembrinas, donde se est\u00e1n preparando diferentes sorpresas para la ciudadan\u00eda.<\/p>\n<p>Asimismo, Angon Silva refiri\u00f3 que durante los eventos del Vaniloquio 2021 se contar\u00e1 con el apoyo de la Secretar\u00eda de Seguridad Ciudadana para<\/p>\n<p>mayor tranquilidad de los habitantes de San Pedro Cholula, visitantes y turistas.<\/p>\n<p>En su oportunidad, Jorge Ojeda, dio a conocer que durante la semana del Vaniloquio se espera una ocupaci\u00f3n hotelera del 65 por ciento, con una<\/p>\n<p>asistencia estimada de 4 mil visitantes y una derrama econ\u00f3mica de 3.5 millones de pesos.<\/p>\n<p>Detall\u00f3 que para el viernes 26 a las 18:30 horas, en el atrio del Convento de San Gabriel, se presentar\u00e1 la Sinf\u00f3nica Juvenil de Puebla y a las 19:45<\/p>\n<p>horas, frente a Casa del Caballero \u00c1guila habr\u00e1 una funci\u00f3n de ballet folkl\u00f3rico.<\/p>\n<p>Para el s\u00e1bado 27 de noviembre a las 18:00 horas en el Kiosco del z\u00f3calo de San Pedro Cholula, se presentar\u00e1 el grupo Los Beatos, quienes<\/p>\n<p>interpretar\u00e1n temas de la legendaria banda inglesa, \u201cThe Beatles\u201d.<\/p>\n<p>A las 19:45 horas, se contar\u00e1 con la participaci\u00f3n del Centro de Capacitaci\u00f3n de M\u00fasica de Bandas \u201cCECAMBA\u201d, en Plaza de la Concordia, para finalizar<\/p>\n<p>a las 20:45 horas con el \u201cConcierto de Campanas\u201d, en el que participar\u00e1n 8 templos y 22 campaneros.<\/p>\n<p>Finalmente, el domingo 28 concluyen los eventos, con la presentaci\u00f3n del Ballet Folkl\u00f3rico Vagabundos Tour, a las 13:00 horas en el z\u00f3calo de San<\/p>\n<p>Pedro Cholula.<\/p>\n<p>Cabe mencionar que en esta ocasi\u00f3n, en el concierto de campanas est\u00e1n involucradas la Parroquia San Pedro, el convento de San Gabriel, el Santuario<\/p>\n<p>de los Remedios, las iglesias de Santo Entierro, San Miguel, San Pedrito, la Capilla Real de Naturales y San Juan Calvario.<\/p>\n<p>Es importante se\u00f1alar que todas las actividades del Vaniloquio 2021 son gratuitas y contar\u00e1n con los protocolos de seguridad p\u00fablica y prevenci\u00f3n<\/p>\n<p>sanitaria.<\/p>\n","protected":false},"excerpt":{"rendered":"<p>San Pedro Cholula, Pue.- Al anunciar la edici\u00f3n n\u00famero 30 del \u201cFestival Vaniloquio\u201d, la presidenta Paola Angon afirm\u00f3 que para reactivar la econom\u00eda y la vida social en San Pedro Cholula, su gobierno est\u00e1 apostado en la organizaci\u00f3n y promoci\u00f3n de actividades culturales y tur\u00edsticas. En rueda de prensa, acompa\u00f1ada por Jorge Ojeda, Secretario de Cultura, Turismo y Desarrollo Econ\u00f3mico, Angon Silva invit\u00f3 a la sociedad en general a visitar el municipio, del 26 al 28 de noviembre, para participar en las actividades culturales que se llevar\u00e1n a cabo en el marco de este tradicional evento. En este sentido, la edil se\u00f1al\u00f3 que el gobierno municipal contin\u00faa trabajando en la recuperaci\u00f3n y dignificaci\u00f3n de espacios p\u00fablicos con el fin de impulsar este tipo de actividades,&hellip;<\/p>\n<p class=\"excerpt-more\"><a class=\"blog-excerpt button\" href=\"https:\/\/www.aliadospuebla.com\/?p=65252\">Leer m\u00e1s&#8230;<\/a><\/p>\n","protected":false},"author":2,"featured_media":65255,"comment_status":"open","ping_status":"open","sticky":false,"template":"","format":"standard","meta":{"_monsterinsights_skip_tracking":false,"footnotes":""},"categories":[4],"tags":[2173,17389,17387,17388,15797,387],"class_list":["post-65252","post","type-post","status-publish","format-standard","has-post-thumbnail","hentry","category-municipios","tag-actividades-culturales","tag-dignificacion-de-espacios-publicos","tag-festival-vaniloquio","tag-jorge-ojeda","tag-paola-angon","tag-san-pedro-cholula"],"yoast_head":"<!-- This site is optimized with the Yoast SEO plugin v28.3 - https:\/\/yoast.com\/product\/yoast-seo-wordpress\/ -->\n<title>PRESENTA PAOLA ANGON ACTIVIDADES DEL VANILOQUIO 2021 EN SAN PEDRO CHOLULA - AliadosPuebla<\/title>\n<meta name=\"robots\" content=\"index, follow, max-snippet:-1, max-image-preview:large, max-video-preview:-1\" \/>\n<link rel=\"canonical\" href=\"https:\/\/www.aliadospuebla.com\/?p=65252\" \/>\n<meta property=\"og:locale\" content=\"es_ES\" \/>\n<meta property=\"og:type\" content=\"article\" \/>\n<meta property=\"og:title\" content=\"PRESENTA PAOLA ANGON ACTIVIDADES DEL VANILOQUIO 2021 EN SAN PEDRO CHOLULA - AliadosPuebla\" \/>\n<meta property=\"og:description\" content=\"San Pedro Cholula, Pue.- Al anunciar la edici\u00f3n n\u00famero 30 del \u201cFestival Vaniloquio\u201d, la presidenta Paola Angon afirm\u00f3 que para reactivar la econom\u00eda y la vida social en San Pedro Cholula, su gobierno est\u00e1 apostado en la organizaci\u00f3n y promoci\u00f3n de actividades culturales y tur\u00edsticas. En rueda de prensa, acompa\u00f1ada por Jorge Ojeda, Secretario de Cultura, Turismo y Desarrollo Econ\u00f3mico, Angon Silva invit\u00f3 a la sociedad en general a visitar el municipio, del 26 al 28 de noviembre, para participar en las actividades culturales que se llevar\u00e1n a cabo en el marco de este tradicional evento. En este sentido, la edil se\u00f1al\u00f3 que el gobierno municipal contin\u00faa trabajando en la recuperaci\u00f3n y dignificaci\u00f3n de espacios p\u00fablicos con el fin de impulsar este tipo de actividades,&hellip;Leer m\u00e1s...\" \/>\n<meta property=\"og:url\" content=\"https:\/\/www.aliadospuebla.com\/?p=65252\" \/>\n<meta property=\"og:site_name\" content=\"AliadosPuebla\" \/>\n<meta property=\"article:author\" content=\"https:\/\/www.facebook.com\/Aliados17Pue\" \/>\n<meta property=\"article:published_time\" content=\"2021-11-22T23:43:54+00:00\" \/>\n<meta property=\"og:image\" content=\"https:\/\/www.aliadospuebla.com\/web2017\/wp-content\/uploads\/2021\/11\/150-Vaniloquio-en-San-Pedro-Cholula.jpg\" \/>\n\t<meta property=\"og:image:width\" content=\"600\" \/>\n\t<meta property=\"og:image:height\" content=\"450\" \/>\n\t<meta property=\"og:image:type\" content=\"image\/jpeg\" \/>\n<meta name=\"author\" content=\"Aliados17\" \/>\n<meta name=\"twitter:card\" content=\"summary_large_image\" \/>\n<meta name=\"twitter:creator\" content=\"@AliadosPuebla\" \/>\n<meta name=\"twitter:label1\" content=\"Escrito por\" \/>\n\t<meta name=\"twitter:data1\" content=\"Aliados17\" \/>\n\t<meta name=\"twitter:label2\" content=\"Tiempo de lectura\" \/>\n\t<meta name=\"twitter:data2\" content=\"2 minutos\" \/>\n<script type=\"application\/ld+json\" class=\"yoast-schema-graph\">{\"@context\":\"https:\\\/\\\/schema.org\",\"@graph\":[{\"@type\":\"Article\",\"@id\":\"https:\\\/\\\/www.aliadospuebla.com\\\/?p=65252#article\",\"isPartOf\":{\"@id\":\"https:\\\/\\\/www.aliadospuebla.com\\\/?p=65252\"},\"author\":{\"name\":\"Aliados17\",\"@id\":\"https:\\\/\\\/www.aliadospuebla.com\\\/#\\\/schema\\\/person\\\/5da7dd09320bd4f392b710017ed5f8ad\"},\"headline\":\"PRESENTA PAOLA ANGON ACTIVIDADES DEL VANILOQUIO 2021 EN SAN PEDRO CHOLULA\",\"datePublished\":\"2021-11-22T23:43:54+00:00\",\"mainEntityOfPage\":{\"@id\":\"https:\\\/\\\/www.aliadospuebla.com\\\/?p=65252\"},\"wordCount\":460,\"commentCount\":0,\"image\":{\"@id\":\"https:\\\/\\\/www.aliadospuebla.com\\\/?p=65252#primaryimage\"},\"thumbnailUrl\":\"https:\\\/\\\/www.aliadospuebla.com\\\/web2017\\\/wp-content\\\/uploads\\\/2021\\\/11\\\/150-Vaniloquio-en-San-Pedro-Cholula.jpg\",\"keywords\":[\"ACTIVIDADES CULTURALES\",\"dignificaci\u00f3n de espacios p\u00fablicos\",\"Festival Vaniloquio\",\"Jorge Ojeda\",\"PAOLA ANGON\",\"SAN PEDRO CHOLULA\"],\"articleSection\":[\"Municipios\"],\"inLanguage\":\"es\",\"potentialAction\":[{\"@type\":\"CommentAction\",\"name\":\"Comment\",\"target\":[\"https:\\\/\\\/www.aliadospuebla.com\\\/?p=65252#respond\"]}]},{\"@type\":\"WebPage\",\"@id\":\"https:\\\/\\\/www.aliadospuebla.com\\\/?p=65252\",\"url\":\"https:\\\/\\\/www.aliadospuebla.com\\\/?p=65252\",\"name\":\"PRESENTA PAOLA ANGON ACTIVIDADES DEL VANILOQUIO 2021 EN SAN PEDRO CHOLULA - AliadosPuebla\",\"isPartOf\":{\"@id\":\"https:\\\/\\\/www.aliadospuebla.com\\\/#website\"},\"primaryImageOfPage\":{\"@id\":\"https:\\\/\\\/www.aliadospuebla.com\\\/?p=65252#primaryimage\"},\"image\":{\"@id\":\"https:\\\/\\\/www.aliadospuebla.com\\\/?p=65252#primaryimage\"},\"thumbnailUrl\":\"https:\\\/\\\/www.aliadospuebla.com\\\/web2017\\\/wp-content\\\/uploads\\\/2021\\\/11\\\/150-Vaniloquio-en-San-Pedro-Cholula.jpg\",\"datePublished\":\"2021-11-22T23:43:54+00:00\",\"author\":{\"@id\":\"https:\\\/\\\/www.aliadospuebla.com\\\/#\\\/schema\\\/person\\\/5da7dd09320bd4f392b710017ed5f8ad\"},\"breadcrumb\":{\"@id\":\"https:\\\/\\\/www.aliadospuebla.com\\\/?p=65252#breadcrumb\"},\"inLanguage\":\"es\",\"potentialAction\":[{\"@type\":\"ReadAction\",\"target\":[\"https:\\\/\\\/www.aliadospuebla.com\\\/?p=65252\"]}]},{\"@type\":\"ImageObject\",\"inLanguage\":\"es\",\"@id\":\"https:\\\/\\\/www.aliadospuebla.com\\\/?p=65252#primaryimage\",\"url\":\"https:\\\/\\\/www.aliadospuebla.com\\\/web2017\\\/wp-content\\\/uploads\\\/2021\\\/11\\\/150-Vaniloquio-en-San-Pedro-Cholula.jpg\",\"contentUrl\":\"https:\\\/\\\/www.aliadospuebla.com\\\/web2017\\\/wp-content\\\/uploads\\\/2021\\\/11\\\/150-Vaniloquio-en-San-Pedro-Cholula.jpg\",\"width\":600,\"height\":450},{\"@type\":\"BreadcrumbList\",\"@id\":\"https:\\\/\\\/www.aliadospuebla.com\\\/?p=65252#breadcrumb\",\"itemListElement\":[{\"@type\":\"ListItem\",\"position\":1,\"name\":\"Portada\",\"item\":\"https:\\\/\\\/www.aliadospuebla.com\\\/\"},{\"@type\":\"ListItem\",\"position\":2,\"name\":\"PRESENTA PAOLA ANGON ACTIVIDADES DEL VANILOQUIO 2021 EN SAN PEDRO CHOLULA\"}]},{\"@type\":\"WebSite\",\"@id\":\"https:\\\/\\\/www.aliadospuebla.com\\\/#website\",\"url\":\"https:\\\/\\\/www.aliadospuebla.com\\\/\",\"name\":\"AliadosPuebla\",\"description\":\"La informaci\u00f3n en tus manos\",\"potentialAction\":[{\"@type\":\"SearchAction\",\"target\":{\"@type\":\"EntryPoint\",\"urlTemplate\":\"https:\\\/\\\/www.aliadospuebla.com\\\/?s={search_term_string}\"},\"query-input\":{\"@type\":\"PropertyValueSpecification\",\"valueRequired\":true,\"valueName\":\"search_term_string\"}}],\"inLanguage\":\"es\"},{\"@type\":\"Person\",\"@id\":\"https:\\\/\\\/www.aliadospuebla.com\\\/#\\\/schema\\\/person\\\/5da7dd09320bd4f392b710017ed5f8ad\",\"name\":\"Aliados17\",\"image\":{\"@type\":\"ImageObject\",\"inLanguage\":\"es\",\"@id\":\"https:\\\/\\\/www.aliadospuebla.com\\\/web2017\\\/wp-content\\\/uploads\\\/2025\\\/03\\\/cropped-para-perfil-8-anos-1-96x96.jpg\",\"url\":\"https:\\\/\\\/www.aliadospuebla.com\\\/web2017\\\/wp-content\\\/uploads\\\/2025\\\/03\\\/cropped-para-perfil-8-anos-1-96x96.jpg\",\"contentUrl\":\"https:\\\/\\\/www.aliadospuebla.com\\\/web2017\\\/wp-content\\\/uploads\\\/2025\\\/03\\\/cropped-para-perfil-8-anos-1-96x96.jpg\",\"caption\":\"Aliados17\"},\"sameAs\":[\"https:\\\/\\\/www.aliados17.com\",\"https:\\\/\\\/www.facebook.com\\\/Aliados17Pue\",\"https:\\\/\\\/x.com\\\/AliadosPuebla\"],\"url\":\"https:\\\/\\\/www.aliadospuebla.com\\\/?author=2\"}]}<\/script>\n<!-- \/ Yoast SEO plugin. -->","yoast_head_json":{"title":"PRESENTA PAOLA ANGON ACTIVIDADES DEL VANILOQUIO 2021 EN SAN PEDRO CHOLULA - AliadosPuebla","robots":{"index":"index","follow":"follow","max-snippet":"max-snippet:-1","max-image-preview":"max-image-preview:large","max-video-preview":"max-video-preview:-1"},"canonical":"https:\/\/www.aliadospuebla.com\/?p=65252","og_locale":"es_ES","og_type":"article","og_title":"PRESENTA PAOLA ANGON ACTIVIDADES DEL VANILOQUIO 2021 EN SAN PEDRO CHOLULA - AliadosPuebla","og_description":"San Pedro Cholula, Pue.- Al anunciar la edici\u00f3n n\u00famero 30 del \u201cFestival Vaniloquio\u201d, la presidenta Paola Angon afirm\u00f3 que para reactivar la econom\u00eda y la vida social en San Pedro Cholula, su gobierno est\u00e1 apostado en la organizaci\u00f3n y promoci\u00f3n de actividades culturales y tur\u00edsticas. En rueda de prensa, acompa\u00f1ada por Jorge Ojeda, Secretario de Cultura, Turismo y Desarrollo Econ\u00f3mico, Angon Silva invit\u00f3 a la sociedad en general a visitar el municipio, del 26 al 28 de noviembre, para participar en las actividades culturales que se llevar\u00e1n a cabo en el marco de este tradicional evento. En este sentido, la edil se\u00f1al\u00f3 que el gobierno municipal contin\u00faa trabajando en la recuperaci\u00f3n y dignificaci\u00f3n de espacios p\u00fablicos con el fin de impulsar este tipo de actividades,&hellip;Leer m\u00e1s...","og_url":"https:\/\/www.aliadospuebla.com\/?p=65252","og_site_name":"AliadosPuebla","article_author":"https:\/\/www.facebook.com\/Aliados17Pue","article_published_time":"2021-11-22T23:43:54+00:00","og_image":[{"width":600,"height":450,"url":"https:\/\/www.aliadospuebla.com\/web2017\/wp-content\/uploads\/2021\/11\/150-Vaniloquio-en-San-Pedro-Cholula.jpg","type":"image\/jpeg"}],"author":"Aliados17","twitter_card":"summary_large_image","twitter_creator":"@AliadosPuebla","twitter_misc":{"Escrito por":"Aliados17","Tiempo de lectura":"2 minutos"},"schema":{"@context":"https:\/\/schema.org","@graph":[{"@type":"Article","@id":"https:\/\/www.aliadospuebla.com\/?p=65252#article","isPartOf":{"@id":"https:\/\/www.aliadospuebla.com\/?p=65252"},"author":{"name":"Aliados17","@id":"https:\/\/www.aliadospuebla.com\/#\/schema\/person\/5da7dd09320bd4f392b710017ed5f8ad"},"headline":"PRESENTA PAOLA ANGON ACTIVIDADES DEL VANILOQUIO 2021 EN SAN PEDRO CHOLULA","datePublished":"2021-11-22T23:43:54+00:00","mainEntityOfPage":{"@id":"https:\/\/www.aliadospuebla.com\/?p=65252"},"wordCount":460,"commentCount":0,"image":{"@id":"https:\/\/www.aliadospuebla.com\/?p=65252#primaryimage"},"thumbnailUrl":"https:\/\/www.aliadospuebla.com\/web2017\/wp-content\/uploads\/2021\/11\/150-Vaniloquio-en-San-Pedro-Cholula.jpg","keywords":["ACTIVIDADES CULTURALES","dignificaci\u00f3n de espacios p\u00fablicos","Festival Vaniloquio","Jorge Ojeda","PAOLA ANGON","SAN PEDRO CHOLULA"],"articleSection":["Municipios"],"inLanguage":"es","potentialAction":[{"@type":"CommentAction","name":"Comment","target":["https:\/\/www.aliadospuebla.com\/?p=65252#respond"]}]},{"@type":"WebPage","@id":"https:\/\/www.aliadospuebla.com\/?p=65252","url":"https:\/\/www.aliadospuebla.com\/?p=65252","name":"PRESENTA PAOLA ANGON ACTIVIDADES DEL VANILOQUIO 2021 EN SAN PEDRO CHOLULA - AliadosPuebla","isPartOf":{"@id":"https:\/\/www.aliadospuebla.com\/#website"},"primaryImageOfPage":{"@id":"https:\/\/www.aliadospuebla.com\/?p=65252#primaryimage"},"image":{"@id":"https:\/\/www.aliadospuebla.com\/?p=65252#primaryimage"},"thumbnailUrl":"https:\/\/www.aliadospuebla.com\/web2017\/wp-content\/uploads\/2021\/11\/150-Vaniloquio-en-San-Pedro-Cholula.jpg","datePublished":"2021-11-22T23:43:54+00:00","author":{"@id":"https:\/\/www.aliadospuebla.com\/#\/schema\/person\/5da7dd09320bd4f392b710017ed5f8ad"},"breadcrumb":{"@id":"https:\/\/www.aliadospuebla.com\/?p=65252#breadcrumb"},"inLanguage":"es","potentialAction":[{"@type":"ReadAction","target":["https:\/\/www.aliadospuebla.com\/?p=65252"]}]},{"@type":"ImageObject","inLanguage":"es","@id":"https:\/\/www.aliadospuebla.com\/?p=65252#primaryimage","url":"https:\/\/www.aliadospuebla.com\/web2017\/wp-content\/uploads\/2021\/11\/150-Vaniloquio-en-San-Pedro-Cholula.jpg","contentUrl":"https:\/\/www.aliadospuebla.com\/web2017\/wp-content\/uploads\/2021\/11\/150-Vaniloquio-en-San-Pedro-Cholula.jpg","width":600,"height":450},{"@type":"BreadcrumbList","@id":"https:\/\/www.aliadospuebla.com\/?p=65252#breadcrumb","itemListElement":[{"@type":"ListItem","position":1,"name":"Portada","item":"https:\/\/www.aliadospuebla.com\/"},{"@type":"ListItem","position":2,"name":"PRESENTA PAOLA ANGON ACTIVIDADES DEL VANILOQUIO 2021 EN SAN PEDRO CHOLULA"}]},{"@type":"WebSite","@id":"https:\/\/www.aliadospuebla.com\/#website","url":"https:\/\/www.aliadospuebla.com\/","name":"AliadosPuebla","description":"La informaci\u00f3n en tus manos","potentialAction":[{"@type":"SearchAction","target":{"@type":"EntryPoint","urlTemplate":"https:\/\/www.aliadospuebla.com\/?s={search_term_string}"},"query-input":{"@type":"PropertyValueSpecification","valueRequired":true,"valueName":"search_term_string"}}],"inLanguage":"es"},{"@type":"Person","@id":"https:\/\/www.aliadospuebla.com\/#\/schema\/person\/5da7dd09320bd4f392b710017ed5f8ad","name":"Aliados17","image":{"@type":"ImageObject","inLanguage":"es","@id":"https:\/\/www.aliadospuebla.com\/web2017\/wp-content\/uploads\/2025\/03\/cropped-para-perfil-8-anos-1-96x96.jpg","url":"https:\/\/www.aliadospuebla.com\/web2017\/wp-content\/uploads\/2025\/03\/cropped-para-perfil-8-anos-1-96x96.jpg","contentUrl":"https:\/\/www.aliadospuebla.com\/web2017\/wp-content\/uploads\/2025\/03\/cropped-para-perfil-8-anos-1-96x96.jpg","caption":"Aliados17"},"sameAs":["https:\/\/www.aliados17.com","https:\/\/www.facebook.com\/Aliados17Pue","https:\/\/x.com\/AliadosPuebla"],"url":"https:\/\/www.aliadospuebla.com\/?author=2"}]}},"views":7,"_links":{"self":[{"href":"https:\/\/www.aliadospuebla.com\/index.php?rest_route=\/wp\/v2\/posts\/65252","targetHints":{"allow":["GET"]}}],"collection":[{"href":"https:\/\/www.aliadospuebla.com\/index.php?rest_route=\/wp\/v2\/posts"}],"about":[{"href":"https:\/\/www.aliadospuebla.com\/index.php?rest_route=\/wp\/v2\/types\/post"}],"author":[{"embeddable":true,"href":"https:\/\/www.aliadospuebla.com\/index.php?rest_route=\/wp\/v2\/users\/2"}],"replies":[{"embeddable":true,"href":"https:\/\/www.aliadospuebla.com\/index.php?rest_route=%2Fwp%2Fv2%2Fcomments&post=65252"}],"version-history":[{"count":1,"href":"https:\/\/www.aliadospuebla.com\/index.php?rest_route=\/wp\/v2\/posts\/65252\/revisions"}],"predecessor-version":[{"id":65256,"href":"https:\/\/www.aliadospuebla.com\/index.php?rest_route=\/wp\/v2\/posts\/65252\/revisions\/65256"}],"wp:featuredmedia":[{"embeddable":true,"href":"https:\/\/www.aliadospuebla.com\/index.php?rest_route=\/wp\/v2\/media\/65255"}],"wp:attachment":[{"href":"https:\/\/www.aliadospuebla.com\/index.php?rest_route=%2Fwp%2Fv2%2Fmedia&parent=65252"}],"wp:term":[{"taxonomy":"category","embeddable":true,"href":"https:\/\/www.aliadospuebla.com\/index.php?rest_route=%2Fwp%2Fv2%2Fcategories&post=65252"},{"taxonomy":"post_tag","embeddable":true,"href":"https:\/\/www.aliadospuebla.com\/index.php?rest_route=%2Fwp%2Fv2%2Ftags&post=65252"}],"curies":[{"name":"wp","href":"https:\/\/api.w.org\/{rel}","templated":true}]}}