{"id":65087,"date":"2021-11-18T18:47:01","date_gmt":"2021-11-19T00:47:01","guid":{"rendered":"https:\/\/www.aliados17.com\/?p=65087"},"modified":"2021-11-18T18:47:01","modified_gmt":"2021-11-19T00:47:01","slug":"feria-nacional-del-arbol-y-la-esfera-una-tradicion-de-puebla-y-de-mexico-lorenzo-rivera","status":"publish","type":"post","link":"https:\/\/www.aliadospuebla.com\/?p=65087","title":{"rendered":"Feria Nacional del \u00c1rbol y la Esfera, una tradici\u00f3n de Puebla y de M\u00e9xico: Lorenzo Rivera"},"content":{"rendered":"<h3>Se espera la visita de m\u00e1s de 250 mil turistas<\/h3>\n<p>Ciudad de M\u00e9xico.- Desde 2012, el municipio serrano de <strong>Chignahuapan<\/strong><\/p>\n<p>recibi\u00f3 la denominaci\u00f3n de <strong>Pueblo M\u00e1gico<\/strong> y es el \u00fanico municipio del pa\u00eds<\/p>\n<p>que durante todo el a\u00f1o se vive la magia de la <strong>Navidad<\/strong> a trav\u00e9s de las esferas y los pinos.<\/p>\n<p>Ante la imponente <strong>Virgen de la Inmaculada Concepci\u00f3n<\/strong>, la imagen religiosa bajo techo<\/p>\n<p>m\u00e1s grande de Latinoam\u00e9rica, el <strong>kiosco estilo Mud\u00e9jar<\/strong> y su Laguna formada por 9 ojos de agua;<\/p>\n<p>los chignahuapenses se preparan para recibir a m\u00e1s de 250 mil visitantes nacionales e internacionales<\/p>\n<p>que en una semana estar\u00e1n dejando una derrama econ\u00f3mica superior a los 200 millones de pesos,<\/p>\n<p>adelant\u00f3 el Presidente Municipal,<strong> Lorenzo Rivera Nava<\/strong> ante diversos medios de comunicaci\u00f3n.<\/p>\n<p>El edil, hizo hincapi\u00e9 en la importancia de potenciar las diversas actividades econ\u00f3micas fundamentales<\/p>\n<p>para<strong> Chignahuapan<\/strong> como lo es la producci\u00f3n de esferas y \u00e1rboles de navidad que con esta feria,<\/p>\n<p>se inaugura la temporada m\u00e1s importante de comercializaci\u00f3n.<\/p>\n<h3>La derrama econ\u00f3mica superar\u00e1 los 200 mdp<\/h3>\n<p>En m\u00e1s de 400 talleres, los artesanos fabrican anualmente m\u00e1s de 100 millones de esferas<\/p>\n<p>y el municipio cuenta con un territorio aproximadamente de 150 hect\u00e1reas de bosque<\/p>\n<p>donde se producen \u00e1rboles de navidad listos ya para su venta.<\/p>\n<p>En conferencia de prensa y teniendo como sede el Museo de Arte Popular en la Ciudad de M\u00e9xico,<\/p>\n<p>los funcionarios chignahuapenses explicaron que diversos prestadores de servicios<\/p>\n<p>en ramas como la hoteler\u00eda, gastronom\u00eda, artesan\u00eda, productores forestales, entre otros,<\/p>\n<p>est\u00e1n preparados para recibir a los visitantes que despu\u00e9s de casi dos a\u00f1os de pandemia<\/p>\n<p>esperan llegar al m\u00e1gico lugar de la eterna Navidad.<\/p>\n<p><strong>Lorenzo Rivera<\/strong> coment\u00f3 que el objetivo principal de esta feria es que la pr\u00f3xima celebraci\u00f3n,<\/p>\n<p>que se llevar\u00e1 a cabo del 26 de noviembre al 05 de diciembre, cuente con diversas actividades<\/p>\n<p>como espect\u00e1culos musicales donde participar\u00e1n la Arrolladora Banda Lim\u00f3n, Los \u00c1ngeles Azules,<\/p>\n<p>Yuridia, Moenia, Matisse entre otros, as\u00ed como presentaciones gastron\u00f3micas y culturales,<\/p>\n<p>para posicionar esta feria como una de las m\u00e1s importantes no solo de <strong>Puebla<\/strong> sino de todo el pa\u00eds,<\/p>\n<p>a fin de que Chignahuapan est\u00e9 en los ojos del mundo.<\/p>\n<p>Las principales v\u00edas de acceso al pueblo m\u00e1gico son a trav\u00e9s de la autopista Huachinango- Zacatl\u00e1n<\/p>\n<p>y por la carretera federal 119 Tlaxco-Chignahuapan.<\/p>\n","protected":false},"excerpt":{"rendered":"<p>Se espera la visita de m\u00e1s de 250 mil turistas Ciudad de M\u00e9xico.- Desde 2012, el municipio serrano de Chignahuapan recibi\u00f3 la denominaci\u00f3n de Pueblo M\u00e1gico y es el \u00fanico municipio del pa\u00eds que durante todo el a\u00f1o se vive la magia de la Navidad a trav\u00e9s de las esferas y los pinos. Ante la imponente Virgen de la Inmaculada Concepci\u00f3n, la imagen religiosa bajo techo m\u00e1s grande de Latinoam\u00e9rica, el kiosco estilo Mud\u00e9jar y su Laguna formada por 9 ojos de agua; los chignahuapenses se preparan para recibir a m\u00e1s de 250 mil visitantes nacionales e internacionales que en una semana estar\u00e1n dejando una derrama econ\u00f3mica superior a los 200 millones de pesos, adelant\u00f3 el Presidente Municipal, Lorenzo Rivera Nava ante diversos medios de&hellip;<\/p>\n<p class=\"excerpt-more\"><a class=\"blog-excerpt button\" href=\"https:\/\/www.aliadospuebla.com\/?p=65087\">Leer m\u00e1s&#8230;<\/a><\/p>\n","protected":false},"author":2,"featured_media":65092,"comment_status":"open","ping_status":"open","sticky":false,"template":"","format":"standard","meta":{"_monsterinsights_skip_tracking":false,"footnotes":""},"categories":[4],"tags":[117,17314,3908,511,127],"class_list":["post-65087","post","type-post","status-publish","format-standard","has-post-thumbnail","hentry","category-municipios","tag-chignahuapan","tag-esfera","tag-feria","tag-lorenzo-rivera-nava","tag-turismo"],"yoast_head":"<!-- This site is optimized with the Yoast SEO plugin v28.4 - https:\/\/yoast.com\/product\/yoast-seo-wordpress\/ -->\n<title>Feria Nacional del \u00c1rbol y la Esfera, una tradici\u00f3n de Puebla y de M\u00e9xico: Lorenzo Rivera - AliadosPuebla<\/title>\n<meta name=\"robots\" content=\"index, follow, max-snippet:-1, max-image-preview:large, max-video-preview:-1\" \/>\n<link rel=\"canonical\" href=\"https:\/\/www.aliadospuebla.com\/?p=65087\" \/>\n<meta property=\"og:locale\" content=\"es_ES\" \/>\n<meta property=\"og:type\" content=\"article\" \/>\n<meta property=\"og:title\" content=\"Feria Nacional del \u00c1rbol y la Esfera, una tradici\u00f3n de Puebla y de M\u00e9xico: Lorenzo Rivera - AliadosPuebla\" \/>\n<meta property=\"og:description\" content=\"Se espera la visita de m\u00e1s de 250 mil turistas Ciudad de M\u00e9xico.- Desde 2012, el municipio serrano de Chignahuapan recibi\u00f3 la denominaci\u00f3n de Pueblo M\u00e1gico y es el \u00fanico municipio del pa\u00eds que durante todo el a\u00f1o se vive la magia de la Navidad a trav\u00e9s de las esferas y los pinos. Ante la imponente Virgen de la Inmaculada Concepci\u00f3n, la imagen religiosa bajo techo m\u00e1s grande de Latinoam\u00e9rica, el kiosco estilo Mud\u00e9jar y su Laguna formada por 9 ojos de agua; los chignahuapenses se preparan para recibir a m\u00e1s de 250 mil visitantes nacionales e internacionales que en una semana estar\u00e1n dejando una derrama econ\u00f3mica superior a los 200 millones de pesos, adelant\u00f3 el Presidente Municipal, Lorenzo Rivera Nava ante diversos medios de&hellip;Leer m\u00e1s...\" \/>\n<meta property=\"og:url\" content=\"https:\/\/www.aliadospuebla.com\/?p=65087\" \/>\n<meta property=\"og:site_name\" content=\"AliadosPuebla\" \/>\n<meta property=\"article:author\" content=\"https:\/\/www.facebook.com\/Aliados17Pue\" \/>\n<meta property=\"article:published_time\" content=\"2021-11-19T00:47:01+00:00\" \/>\n<meta property=\"og:image\" content=\"https:\/\/www.aliadospuebla.com\/web2017\/wp-content\/uploads\/2021\/11\/127-chignahuapan.jpg\" \/>\n\t<meta property=\"og:image:width\" content=\"600\" \/>\n\t<meta property=\"og:image:height\" content=\"450\" \/>\n\t<meta property=\"og:image:type\" content=\"image\/jpeg\" \/>\n<meta name=\"author\" content=\"Aliados17\" \/>\n<meta name=\"twitter:card\" content=\"summary_large_image\" \/>\n<meta name=\"twitter:creator\" content=\"@AliadosPuebla\" \/>\n<meta name=\"twitter:label1\" content=\"Escrito por\" \/>\n\t<meta name=\"twitter:data1\" content=\"Aliados17\" \/>\n\t<meta name=\"twitter:label2\" content=\"Tiempo de lectura\" \/>\n\t<meta name=\"twitter:data2\" content=\"2 minutos\" \/>\n<script type=\"application\/ld+json\" class=\"yoast-schema-graph\">{\"@context\":\"https:\\\/\\\/schema.org\",\"@graph\":[{\"@type\":\"Article\",\"@id\":\"https:\\\/\\\/www.aliadospuebla.com\\\/?p=65087#article\",\"isPartOf\":{\"@id\":\"https:\\\/\\\/www.aliadospuebla.com\\\/?p=65087\"},\"author\":{\"name\":\"Aliados17\",\"@id\":\"https:\\\/\\\/www.aliadospuebla.com\\\/#\\\/schema\\\/person\\\/5da7dd09320bd4f392b710017ed5f8ad\"},\"headline\":\"Feria Nacional del \u00c1rbol y la Esfera, una tradici\u00f3n de Puebla y de M\u00e9xico: Lorenzo Rivera\",\"datePublished\":\"2021-11-19T00:47:01+00:00\",\"mainEntityOfPage\":{\"@id\":\"https:\\\/\\\/www.aliadospuebla.com\\\/?p=65087\"},\"wordCount\":431,\"commentCount\":0,\"image\":{\"@id\":\"https:\\\/\\\/www.aliadospuebla.com\\\/?p=65087#primaryimage\"},\"thumbnailUrl\":\"https:\\\/\\\/www.aliadospuebla.com\\\/web2017\\\/wp-content\\\/uploads\\\/2021\\\/11\\\/127-chignahuapan.jpg\",\"keywords\":[\"Chignahuapan\",\"Esfera\",\"FERIA\",\"LORENZO RIVERA NAVA\",\"turismo\"],\"articleSection\":[\"Municipios\"],\"inLanguage\":\"es\",\"potentialAction\":[{\"@type\":\"CommentAction\",\"name\":\"Comment\",\"target\":[\"https:\\\/\\\/www.aliadospuebla.com\\\/?p=65087#respond\"]}]},{\"@type\":\"WebPage\",\"@id\":\"https:\\\/\\\/www.aliadospuebla.com\\\/?p=65087\",\"url\":\"https:\\\/\\\/www.aliadospuebla.com\\\/?p=65087\",\"name\":\"Feria Nacional del \u00c1rbol y la Esfera, una tradici\u00f3n de Puebla y de M\u00e9xico: Lorenzo Rivera - AliadosPuebla\",\"isPartOf\":{\"@id\":\"https:\\\/\\\/www.aliadospuebla.com\\\/#website\"},\"primaryImageOfPage\":{\"@id\":\"https:\\\/\\\/www.aliadospuebla.com\\\/?p=65087#primaryimage\"},\"image\":{\"@id\":\"https:\\\/\\\/www.aliadospuebla.com\\\/?p=65087#primaryimage\"},\"thumbnailUrl\":\"https:\\\/\\\/www.aliadospuebla.com\\\/web2017\\\/wp-content\\\/uploads\\\/2021\\\/11\\\/127-chignahuapan.jpg\",\"datePublished\":\"2021-11-19T00:47:01+00:00\",\"author\":{\"@id\":\"https:\\\/\\\/www.aliadospuebla.com\\\/#\\\/schema\\\/person\\\/5da7dd09320bd4f392b710017ed5f8ad\"},\"breadcrumb\":{\"@id\":\"https:\\\/\\\/www.aliadospuebla.com\\\/?p=65087#breadcrumb\"},\"inLanguage\":\"es\",\"potentialAction\":[{\"@type\":\"ReadAction\",\"target\":[\"https:\\\/\\\/www.aliadospuebla.com\\\/?p=65087\"]}]},{\"@type\":\"ImageObject\",\"inLanguage\":\"es\",\"@id\":\"https:\\\/\\\/www.aliadospuebla.com\\\/?p=65087#primaryimage\",\"url\":\"https:\\\/\\\/www.aliadospuebla.com\\\/web2017\\\/wp-content\\\/uploads\\\/2021\\\/11\\\/127-chignahuapan.jpg\",\"contentUrl\":\"https:\\\/\\\/www.aliadospuebla.com\\\/web2017\\\/wp-content\\\/uploads\\\/2021\\\/11\\\/127-chignahuapan.jpg\",\"width\":600,\"height\":450},{\"@type\":\"BreadcrumbList\",\"@id\":\"https:\\\/\\\/www.aliadospuebla.com\\\/?p=65087#breadcrumb\",\"itemListElement\":[{\"@type\":\"ListItem\",\"position\":1,\"name\":\"Portada\",\"item\":\"https:\\\/\\\/www.aliadospuebla.com\\\/\"},{\"@type\":\"ListItem\",\"position\":2,\"name\":\"Feria Nacional del \u00c1rbol y la Esfera, una tradici\u00f3n de Puebla y de M\u00e9xico: Lorenzo Rivera\"}]},{\"@type\":\"WebSite\",\"@id\":\"https:\\\/\\\/www.aliadospuebla.com\\\/#website\",\"url\":\"https:\\\/\\\/www.aliadospuebla.com\\\/\",\"name\":\"AliadosPuebla\",\"description\":\"La informaci\u00f3n en tus manos\",\"potentialAction\":[{\"@type\":\"SearchAction\",\"target\":{\"@type\":\"EntryPoint\",\"urlTemplate\":\"https:\\\/\\\/www.aliadospuebla.com\\\/?s={search_term_string}\"},\"query-input\":{\"@type\":\"PropertyValueSpecification\",\"valueRequired\":true,\"valueName\":\"search_term_string\"}}],\"inLanguage\":\"es\"},{\"@type\":\"Person\",\"@id\":\"https:\\\/\\\/www.aliadospuebla.com\\\/#\\\/schema\\\/person\\\/5da7dd09320bd4f392b710017ed5f8ad\",\"name\":\"Aliados17\",\"image\":{\"@type\":\"ImageObject\",\"inLanguage\":\"es\",\"@id\":\"https:\\\/\\\/www.aliadospuebla.com\\\/web2017\\\/wp-content\\\/uploads\\\/2025\\\/03\\\/cropped-para-perfil-8-anos-1-96x96.jpg\",\"url\":\"https:\\\/\\\/www.aliadospuebla.com\\\/web2017\\\/wp-content\\\/uploads\\\/2025\\\/03\\\/cropped-para-perfil-8-anos-1-96x96.jpg\",\"contentUrl\":\"https:\\\/\\\/www.aliadospuebla.com\\\/web2017\\\/wp-content\\\/uploads\\\/2025\\\/03\\\/cropped-para-perfil-8-anos-1-96x96.jpg\",\"caption\":\"Aliados17\"},\"sameAs\":[\"https:\\\/\\\/www.aliados17.com\",\"https:\\\/\\\/www.facebook.com\\\/Aliados17Pue\",\"https:\\\/\\\/x.com\\\/AliadosPuebla\"],\"url\":\"https:\\\/\\\/www.aliadospuebla.com\\\/?author=2\"}]}<\/script>\n<!-- \/ Yoast SEO plugin. -->","yoast_head_json":{"title":"Feria Nacional del \u00c1rbol y la Esfera, una tradici\u00f3n de Puebla y de M\u00e9xico: Lorenzo Rivera - AliadosPuebla","robots":{"index":"index","follow":"follow","max-snippet":"max-snippet:-1","max-image-preview":"max-image-preview:large","max-video-preview":"max-video-preview:-1"},"canonical":"https:\/\/www.aliadospuebla.com\/?p=65087","og_locale":"es_ES","og_type":"article","og_title":"Feria Nacional del \u00c1rbol y la Esfera, una tradici\u00f3n de Puebla y de M\u00e9xico: Lorenzo Rivera - AliadosPuebla","og_description":"Se espera la visita de m\u00e1s de 250 mil turistas Ciudad de M\u00e9xico.- Desde 2012, el municipio serrano de Chignahuapan recibi\u00f3 la denominaci\u00f3n de Pueblo M\u00e1gico y es el \u00fanico municipio del pa\u00eds que durante todo el a\u00f1o se vive la magia de la Navidad a trav\u00e9s de las esferas y los pinos. Ante la imponente Virgen de la Inmaculada Concepci\u00f3n, la imagen religiosa bajo techo m\u00e1s grande de Latinoam\u00e9rica, el kiosco estilo Mud\u00e9jar y su Laguna formada por 9 ojos de agua; los chignahuapenses se preparan para recibir a m\u00e1s de 250 mil visitantes nacionales e internacionales que en una semana estar\u00e1n dejando una derrama econ\u00f3mica superior a los 200 millones de pesos, adelant\u00f3 el Presidente Municipal, Lorenzo Rivera Nava ante diversos medios de&hellip;Leer m\u00e1s...","og_url":"https:\/\/www.aliadospuebla.com\/?p=65087","og_site_name":"AliadosPuebla","article_author":"https:\/\/www.facebook.com\/Aliados17Pue","article_published_time":"2021-11-19T00:47:01+00:00","og_image":[{"width":600,"height":450,"url":"https:\/\/www.aliadospuebla.com\/web2017\/wp-content\/uploads\/2021\/11\/127-chignahuapan.jpg","type":"image\/jpeg"}],"author":"Aliados17","twitter_card":"summary_large_image","twitter_creator":"@AliadosPuebla","twitter_misc":{"Escrito por":"Aliados17","Tiempo de lectura":"2 minutos"},"schema":{"@context":"https:\/\/schema.org","@graph":[{"@type":"Article","@id":"https:\/\/www.aliadospuebla.com\/?p=65087#article","isPartOf":{"@id":"https:\/\/www.aliadospuebla.com\/?p=65087"},"author":{"name":"Aliados17","@id":"https:\/\/www.aliadospuebla.com\/#\/schema\/person\/5da7dd09320bd4f392b710017ed5f8ad"},"headline":"Feria Nacional del \u00c1rbol y la Esfera, una tradici\u00f3n de Puebla y de M\u00e9xico: Lorenzo Rivera","datePublished":"2021-11-19T00:47:01+00:00","mainEntityOfPage":{"@id":"https:\/\/www.aliadospuebla.com\/?p=65087"},"wordCount":431,"commentCount":0,"image":{"@id":"https:\/\/www.aliadospuebla.com\/?p=65087#primaryimage"},"thumbnailUrl":"https:\/\/www.aliadospuebla.com\/web2017\/wp-content\/uploads\/2021\/11\/127-chignahuapan.jpg","keywords":["Chignahuapan","Esfera","FERIA","LORENZO RIVERA NAVA","turismo"],"articleSection":["Municipios"],"inLanguage":"es","potentialAction":[{"@type":"CommentAction","name":"Comment","target":["https:\/\/www.aliadospuebla.com\/?p=65087#respond"]}]},{"@type":"WebPage","@id":"https:\/\/www.aliadospuebla.com\/?p=65087","url":"https:\/\/www.aliadospuebla.com\/?p=65087","name":"Feria Nacional del \u00c1rbol y la Esfera, una tradici\u00f3n de Puebla y de M\u00e9xico: Lorenzo Rivera - AliadosPuebla","isPartOf":{"@id":"https:\/\/www.aliadospuebla.com\/#website"},"primaryImageOfPage":{"@id":"https:\/\/www.aliadospuebla.com\/?p=65087#primaryimage"},"image":{"@id":"https:\/\/www.aliadospuebla.com\/?p=65087#primaryimage"},"thumbnailUrl":"https:\/\/www.aliadospuebla.com\/web2017\/wp-content\/uploads\/2021\/11\/127-chignahuapan.jpg","datePublished":"2021-11-19T00:47:01+00:00","author":{"@id":"https:\/\/www.aliadospuebla.com\/#\/schema\/person\/5da7dd09320bd4f392b710017ed5f8ad"},"breadcrumb":{"@id":"https:\/\/www.aliadospuebla.com\/?p=65087#breadcrumb"},"inLanguage":"es","potentialAction":[{"@type":"ReadAction","target":["https:\/\/www.aliadospuebla.com\/?p=65087"]}]},{"@type":"ImageObject","inLanguage":"es","@id":"https:\/\/www.aliadospuebla.com\/?p=65087#primaryimage","url":"https:\/\/www.aliadospuebla.com\/web2017\/wp-content\/uploads\/2021\/11\/127-chignahuapan.jpg","contentUrl":"https:\/\/www.aliadospuebla.com\/web2017\/wp-content\/uploads\/2021\/11\/127-chignahuapan.jpg","width":600,"height":450},{"@type":"BreadcrumbList","@id":"https:\/\/www.aliadospuebla.com\/?p=65087#breadcrumb","itemListElement":[{"@type":"ListItem","position":1,"name":"Portada","item":"https:\/\/www.aliadospuebla.com\/"},{"@type":"ListItem","position":2,"name":"Feria Nacional del \u00c1rbol y la Esfera, una tradici\u00f3n de Puebla y de M\u00e9xico: Lorenzo Rivera"}]},{"@type":"WebSite","@id":"https:\/\/www.aliadospuebla.com\/#website","url":"https:\/\/www.aliadospuebla.com\/","name":"AliadosPuebla","description":"La informaci\u00f3n en tus manos","potentialAction":[{"@type":"SearchAction","target":{"@type":"EntryPoint","urlTemplate":"https:\/\/www.aliadospuebla.com\/?s={search_term_string}"},"query-input":{"@type":"PropertyValueSpecification","valueRequired":true,"valueName":"search_term_string"}}],"inLanguage":"es"},{"@type":"Person","@id":"https:\/\/www.aliadospuebla.com\/#\/schema\/person\/5da7dd09320bd4f392b710017ed5f8ad","name":"Aliados17","image":{"@type":"ImageObject","inLanguage":"es","@id":"https:\/\/www.aliadospuebla.com\/web2017\/wp-content\/uploads\/2025\/03\/cropped-para-perfil-8-anos-1-96x96.jpg","url":"https:\/\/www.aliadospuebla.com\/web2017\/wp-content\/uploads\/2025\/03\/cropped-para-perfil-8-anos-1-96x96.jpg","contentUrl":"https:\/\/www.aliadospuebla.com\/web2017\/wp-content\/uploads\/2025\/03\/cropped-para-perfil-8-anos-1-96x96.jpg","caption":"Aliados17"},"sameAs":["https:\/\/www.aliados17.com","https:\/\/www.facebook.com\/Aliados17Pue","https:\/\/x.com\/AliadosPuebla"],"url":"https:\/\/www.aliadospuebla.com\/?author=2"}]}},"views":6,"_links":{"self":[{"href":"https:\/\/www.aliadospuebla.com\/index.php?rest_route=\/wp\/v2\/posts\/65087","targetHints":{"allow":["GET"]}}],"collection":[{"href":"https:\/\/www.aliadospuebla.com\/index.php?rest_route=\/wp\/v2\/posts"}],"about":[{"href":"https:\/\/www.aliadospuebla.com\/index.php?rest_route=\/wp\/v2\/types\/post"}],"author":[{"embeddable":true,"href":"https:\/\/www.aliadospuebla.com\/index.php?rest_route=\/wp\/v2\/users\/2"}],"replies":[{"embeddable":true,"href":"https:\/\/www.aliadospuebla.com\/index.php?rest_route=%2Fwp%2Fv2%2Fcomments&post=65087"}],"version-history":[{"count":1,"href":"https:\/\/www.aliadospuebla.com\/index.php?rest_route=\/wp\/v2\/posts\/65087\/revisions"}],"predecessor-version":[{"id":65093,"href":"https:\/\/www.aliadospuebla.com\/index.php?rest_route=\/wp\/v2\/posts\/65087\/revisions\/65093"}],"wp:featuredmedia":[{"embeddable":true,"href":"https:\/\/www.aliadospuebla.com\/index.php?rest_route=\/wp\/v2\/media\/65092"}],"wp:attachment":[{"href":"https:\/\/www.aliadospuebla.com\/index.php?rest_route=%2Fwp%2Fv2%2Fmedia&parent=65087"}],"wp:term":[{"taxonomy":"category","embeddable":true,"href":"https:\/\/www.aliadospuebla.com\/index.php?rest_route=%2Fwp%2Fv2%2Fcategories&post=65087"},{"taxonomy":"post_tag","embeddable":true,"href":"https:\/\/www.aliadospuebla.com\/index.php?rest_route=%2Fwp%2Fv2%2Ftags&post=65087"}],"curies":[{"name":"wp","href":"https:\/\/api.w.org\/{rel}","templated":true}]}}