{"id":64840,"date":"2021-11-13T09:22:52","date_gmt":"2021-11-13T15:22:52","guid":{"rendered":"https:\/\/www.aliados17.com\/?p=64840"},"modified":"2021-11-13T09:22:52","modified_gmt":"2021-11-13T15:22:52","slug":"presentan-a-jeimy-1a-reina-de-la-25-feria-nacional-del-arbol-y-la-esfera-en-chignahuapan","status":"publish","type":"post","link":"https:\/\/www.aliadospuebla.com\/?p=64840","title":{"rendered":"Presentan a Jeimy 1a. Reina de la 25 Feria Nacional del \u00c1rbol y la Esfera en Chignahuapan"},"content":{"rendered":"<h3>Representar a Chignahuapan, un honor en esta pr\u00f3xima celebraci\u00f3n: Jeimy<\/h3>\n<p>Chignahuapan, Puebla.- Como parte de los protocolos tradicionales de la XXV edici\u00f3n de la Feria Nacional del \u00c1rbol y la Esfera, la noche del viernes, se<\/p>\n<p>hizo la presentaci\u00f3n oficial de la reina electa: Jeimy 1a.<\/p>\n<p>En el evento se proyect\u00f3 el video promocional as\u00ed como la foto oficial de quien representar\u00e1 por un a\u00f1o al Pueblo M\u00e1gico de Chignahuapan, estando<\/p>\n<p>presentes el edil, Lorenzo Rivera; la Presidenta del DIF, Rosy Nava; as\u00ed como Jos\u00e9 Carmona Le\u00f3n, Presidente del Comit\u00e9 de la Feria e invitados<\/p>\n<p>especiales.<\/p>\n<p>Parte de las tareas que Jeimy 1a. desempe\u00f1ar\u00e1, ser\u00e1 la difusi\u00f3n de la cultura y tradiciones del pueblo serrano as\u00ed como la divulgaci\u00f3n de las actividades<\/p>\n<p>tur\u00edsticas que se desarrollen durante su reinado.<\/p>\n<p>Lorenzo Rivera dijo sentirse emocionado de continuar con las costumbres que orgullosamente distinguen a los chignahuapenses y conjugar valores y tradiciones que sigan engrandeciendo al municipio.<\/p>\n<p>Por su parte, la reina electa, mencion\u00f3 que ser\u00e1 un honor para ella representar a Chignahuapan y exaltar las riquezas naturales, culturales y<\/p>\n<p>gastron\u00f3micas con las que cuentan.<\/p>\n<p>Se espera que con esta y otras actividades, previas a la inauguraci\u00f3n de la Feria Nacional este pr\u00f3ximo 26 de noviembre, se siga incentivando la llegada<\/p>\n<p>de m\u00e1s de 100 mil visitantes para la gran celebraci\u00f3n.<\/p>\n","protected":false},"excerpt":{"rendered":"<p>Representar a Chignahuapan, un honor en esta pr\u00f3xima celebraci\u00f3n: Jeimy Chignahuapan, Puebla.- Como parte de los protocolos tradicionales de la XXV edici\u00f3n de la Feria Nacional del \u00c1rbol y la Esfera, la noche del viernes, se hizo la presentaci\u00f3n oficial de la reina electa: Jeimy 1a. En el evento se proyect\u00f3 el video promocional as\u00ed como la foto oficial de quien representar\u00e1 por un a\u00f1o al Pueblo M\u00e1gico de Chignahuapan, estando presentes el edil, Lorenzo Rivera; la Presidenta del DIF, Rosy Nava; as\u00ed como Jos\u00e9 Carmona Le\u00f3n, Presidente del Comit\u00e9 de la Feria e invitados especiales. Parte de las tareas que Jeimy 1a. desempe\u00f1ar\u00e1, ser\u00e1 la difusi\u00f3n de la cultura y tradiciones del pueblo serrano as\u00ed como la divulgaci\u00f3n de las actividades tur\u00edsticas que se&hellip;<\/p>\n<p class=\"excerpt-more\"><a class=\"blog-excerpt button\" href=\"https:\/\/www.aliadospuebla.com\/?p=64840\">Leer m\u00e1s&#8230;<\/a><\/p>\n","protected":false},"author":2,"featured_media":64841,"comment_status":"open","ping_status":"open","sticky":false,"template":"","format":"standard","meta":{"_monsterinsights_skip_tracking":false,"footnotes":""},"categories":[4],"tags":[17210,117,158,511,17209,127],"class_list":["post-64840","post","type-post","status-publish","format-standard","has-post-thumbnail","hentry","category-municipios","tag-25-feria-del-arbol-y-la-esfera","tag-chignahuapan","tag-cultura","tag-lorenzo-rivera-nava","tag-reina-de-la-feria","tag-turismo"],"yoast_head":"<!-- This site is optimized with the Yoast SEO plugin v28.4 - https:\/\/yoast.com\/product\/yoast-seo-wordpress\/ -->\n<title>Presentan a Jeimy 1a. Reina de la 25 Feria Nacional del \u00c1rbol y la Esfera en Chignahuapan - AliadosPuebla<\/title>\n<meta name=\"robots\" content=\"index, follow, max-snippet:-1, max-image-preview:large, max-video-preview:-1\" \/>\n<link rel=\"canonical\" href=\"https:\/\/www.aliadospuebla.com\/?p=64840\" \/>\n<meta property=\"og:locale\" content=\"es_ES\" \/>\n<meta property=\"og:type\" content=\"article\" \/>\n<meta property=\"og:title\" content=\"Presentan a Jeimy 1a. Reina de la 25 Feria Nacional del \u00c1rbol y la Esfera en Chignahuapan - AliadosPuebla\" \/>\n<meta property=\"og:description\" content=\"Representar a Chignahuapan, un honor en esta pr\u00f3xima celebraci\u00f3n: Jeimy Chignahuapan, Puebla.- Como parte de los protocolos tradicionales de la XXV edici\u00f3n de la Feria Nacional del \u00c1rbol y la Esfera, la noche del viernes, se hizo la presentaci\u00f3n oficial de la reina electa: Jeimy 1a. En el evento se proyect\u00f3 el video promocional as\u00ed como la foto oficial de quien representar\u00e1 por un a\u00f1o al Pueblo M\u00e1gico de Chignahuapan, estando presentes el edil, Lorenzo Rivera; la Presidenta del DIF, Rosy Nava; as\u00ed como Jos\u00e9 Carmona Le\u00f3n, Presidente del Comit\u00e9 de la Feria e invitados especiales. Parte de las tareas que Jeimy 1a. desempe\u00f1ar\u00e1, ser\u00e1 la difusi\u00f3n de la cultura y tradiciones del pueblo serrano as\u00ed como la divulgaci\u00f3n de las actividades tur\u00edsticas que se&hellip;Leer m\u00e1s...\" \/>\n<meta property=\"og:url\" content=\"https:\/\/www.aliadospuebla.com\/?p=64840\" \/>\n<meta property=\"og:site_name\" content=\"AliadosPuebla\" \/>\n<meta property=\"article:author\" content=\"https:\/\/www.facebook.com\/Aliados17Pue\" \/>\n<meta property=\"article:published_time\" content=\"2021-11-13T15:22:52+00:00\" \/>\n<meta property=\"og:image\" content=\"https:\/\/www.aliadospuebla.com\/web2017\/wp-content\/uploads\/2021\/11\/084-reina-de-la-feria.jpg\" \/>\n\t<meta property=\"og:image:width\" content=\"600\" \/>\n\t<meta property=\"og:image:height\" content=\"450\" \/>\n\t<meta property=\"og:image:type\" content=\"image\/jpeg\" \/>\n<meta name=\"author\" content=\"Aliados17\" \/>\n<meta name=\"twitter:card\" content=\"summary_large_image\" \/>\n<meta name=\"twitter:creator\" content=\"@AliadosPuebla\" \/>\n<meta name=\"twitter:label1\" content=\"Escrito por\" \/>\n\t<meta name=\"twitter:data1\" content=\"Aliados17\" \/>\n\t<meta name=\"twitter:label2\" content=\"Tiempo de lectura\" \/>\n\t<meta name=\"twitter:data2\" content=\"1 minuto\" \/>\n<script type=\"application\/ld+json\" class=\"yoast-schema-graph\">{\"@context\":\"https:\\\/\\\/schema.org\",\"@graph\":[{\"@type\":\"Article\",\"@id\":\"https:\\\/\\\/www.aliadospuebla.com\\\/?p=64840#article\",\"isPartOf\":{\"@id\":\"https:\\\/\\\/www.aliadospuebla.com\\\/?p=64840\"},\"author\":{\"name\":\"Aliados17\",\"@id\":\"https:\\\/\\\/www.aliadospuebla.com\\\/#\\\/schema\\\/person\\\/5da7dd09320bd4f392b710017ed5f8ad\"},\"headline\":\"Presentan a Jeimy 1a. Reina de la 25 Feria Nacional del \u00c1rbol y la Esfera en Chignahuapan\",\"datePublished\":\"2021-11-13T15:22:52+00:00\",\"mainEntityOfPage\":{\"@id\":\"https:\\\/\\\/www.aliadospuebla.com\\\/?p=64840\"},\"wordCount\":250,\"commentCount\":0,\"image\":{\"@id\":\"https:\\\/\\\/www.aliadospuebla.com\\\/?p=64840#primaryimage\"},\"thumbnailUrl\":\"https:\\\/\\\/www.aliadospuebla.com\\\/web2017\\\/wp-content\\\/uploads\\\/2021\\\/11\\\/084-reina-de-la-feria.jpg\",\"keywords\":[\"25 Feria del \u00e1rbol y la esfera\",\"Chignahuapan\",\"Cultura\",\"LORENZO RIVERA NAVA\",\"Reina de la feria\",\"turismo\"],\"articleSection\":[\"Municipios\"],\"inLanguage\":\"es\",\"potentialAction\":[{\"@type\":\"CommentAction\",\"name\":\"Comment\",\"target\":[\"https:\\\/\\\/www.aliadospuebla.com\\\/?p=64840#respond\"]}]},{\"@type\":\"WebPage\",\"@id\":\"https:\\\/\\\/www.aliadospuebla.com\\\/?p=64840\",\"url\":\"https:\\\/\\\/www.aliadospuebla.com\\\/?p=64840\",\"name\":\"Presentan a Jeimy 1a. Reina de la 25 Feria Nacional del \u00c1rbol y la Esfera en Chignahuapan - AliadosPuebla\",\"isPartOf\":{\"@id\":\"https:\\\/\\\/www.aliadospuebla.com\\\/#website\"},\"primaryImageOfPage\":{\"@id\":\"https:\\\/\\\/www.aliadospuebla.com\\\/?p=64840#primaryimage\"},\"image\":{\"@id\":\"https:\\\/\\\/www.aliadospuebla.com\\\/?p=64840#primaryimage\"},\"thumbnailUrl\":\"https:\\\/\\\/www.aliadospuebla.com\\\/web2017\\\/wp-content\\\/uploads\\\/2021\\\/11\\\/084-reina-de-la-feria.jpg\",\"datePublished\":\"2021-11-13T15:22:52+00:00\",\"author\":{\"@id\":\"https:\\\/\\\/www.aliadospuebla.com\\\/#\\\/schema\\\/person\\\/5da7dd09320bd4f392b710017ed5f8ad\"},\"breadcrumb\":{\"@id\":\"https:\\\/\\\/www.aliadospuebla.com\\\/?p=64840#breadcrumb\"},\"inLanguage\":\"es\",\"potentialAction\":[{\"@type\":\"ReadAction\",\"target\":[\"https:\\\/\\\/www.aliadospuebla.com\\\/?p=64840\"]}]},{\"@type\":\"ImageObject\",\"inLanguage\":\"es\",\"@id\":\"https:\\\/\\\/www.aliadospuebla.com\\\/?p=64840#primaryimage\",\"url\":\"https:\\\/\\\/www.aliadospuebla.com\\\/web2017\\\/wp-content\\\/uploads\\\/2021\\\/11\\\/084-reina-de-la-feria.jpg\",\"contentUrl\":\"https:\\\/\\\/www.aliadospuebla.com\\\/web2017\\\/wp-content\\\/uploads\\\/2021\\\/11\\\/084-reina-de-la-feria.jpg\",\"width\":600,\"height\":450},{\"@type\":\"BreadcrumbList\",\"@id\":\"https:\\\/\\\/www.aliadospuebla.com\\\/?p=64840#breadcrumb\",\"itemListElement\":[{\"@type\":\"ListItem\",\"position\":1,\"name\":\"Portada\",\"item\":\"https:\\\/\\\/www.aliadospuebla.com\\\/\"},{\"@type\":\"ListItem\",\"position\":2,\"name\":\"Presentan a Jeimy 1a. Reina de la 25 Feria Nacional del \u00c1rbol y la Esfera en Chignahuapan\"}]},{\"@type\":\"WebSite\",\"@id\":\"https:\\\/\\\/www.aliadospuebla.com\\\/#website\",\"url\":\"https:\\\/\\\/www.aliadospuebla.com\\\/\",\"name\":\"AliadosPuebla\",\"description\":\"La informaci\u00f3n en tus manos\",\"potentialAction\":[{\"@type\":\"SearchAction\",\"target\":{\"@type\":\"EntryPoint\",\"urlTemplate\":\"https:\\\/\\\/www.aliadospuebla.com\\\/?s={search_term_string}\"},\"query-input\":{\"@type\":\"PropertyValueSpecification\",\"valueRequired\":true,\"valueName\":\"search_term_string\"}}],\"inLanguage\":\"es\"},{\"@type\":\"Person\",\"@id\":\"https:\\\/\\\/www.aliadospuebla.com\\\/#\\\/schema\\\/person\\\/5da7dd09320bd4f392b710017ed5f8ad\",\"name\":\"Aliados17\",\"image\":{\"@type\":\"ImageObject\",\"inLanguage\":\"es\",\"@id\":\"https:\\\/\\\/www.aliadospuebla.com\\\/web2017\\\/wp-content\\\/uploads\\\/2025\\\/03\\\/cropped-para-perfil-8-anos-1-96x96.jpg\",\"url\":\"https:\\\/\\\/www.aliadospuebla.com\\\/web2017\\\/wp-content\\\/uploads\\\/2025\\\/03\\\/cropped-para-perfil-8-anos-1-96x96.jpg\",\"contentUrl\":\"https:\\\/\\\/www.aliadospuebla.com\\\/web2017\\\/wp-content\\\/uploads\\\/2025\\\/03\\\/cropped-para-perfil-8-anos-1-96x96.jpg\",\"caption\":\"Aliados17\"},\"sameAs\":[\"https:\\\/\\\/www.aliados17.com\",\"https:\\\/\\\/www.facebook.com\\\/Aliados17Pue\",\"https:\\\/\\\/x.com\\\/AliadosPuebla\"],\"url\":\"https:\\\/\\\/www.aliadospuebla.com\\\/?author=2\"}]}<\/script>\n<!-- \/ Yoast SEO plugin. -->","yoast_head_json":{"title":"Presentan a Jeimy 1a. Reina de la 25 Feria Nacional del \u00c1rbol y la Esfera en Chignahuapan - AliadosPuebla","robots":{"index":"index","follow":"follow","max-snippet":"max-snippet:-1","max-image-preview":"max-image-preview:large","max-video-preview":"max-video-preview:-1"},"canonical":"https:\/\/www.aliadospuebla.com\/?p=64840","og_locale":"es_ES","og_type":"article","og_title":"Presentan a Jeimy 1a. Reina de la 25 Feria Nacional del \u00c1rbol y la Esfera en Chignahuapan - AliadosPuebla","og_description":"Representar a Chignahuapan, un honor en esta pr\u00f3xima celebraci\u00f3n: Jeimy Chignahuapan, Puebla.- Como parte de los protocolos tradicionales de la XXV edici\u00f3n de la Feria Nacional del \u00c1rbol y la Esfera, la noche del viernes, se hizo la presentaci\u00f3n oficial de la reina electa: Jeimy 1a. En el evento se proyect\u00f3 el video promocional as\u00ed como la foto oficial de quien representar\u00e1 por un a\u00f1o al Pueblo M\u00e1gico de Chignahuapan, estando presentes el edil, Lorenzo Rivera; la Presidenta del DIF, Rosy Nava; as\u00ed como Jos\u00e9 Carmona Le\u00f3n, Presidente del Comit\u00e9 de la Feria e invitados especiales. Parte de las tareas que Jeimy 1a. desempe\u00f1ar\u00e1, ser\u00e1 la difusi\u00f3n de la cultura y tradiciones del pueblo serrano as\u00ed como la divulgaci\u00f3n de las actividades tur\u00edsticas que se&hellip;Leer m\u00e1s...","og_url":"https:\/\/www.aliadospuebla.com\/?p=64840","og_site_name":"AliadosPuebla","article_author":"https:\/\/www.facebook.com\/Aliados17Pue","article_published_time":"2021-11-13T15:22:52+00:00","og_image":[{"width":600,"height":450,"url":"https:\/\/www.aliadospuebla.com\/web2017\/wp-content\/uploads\/2021\/11\/084-reina-de-la-feria.jpg","type":"image\/jpeg"}],"author":"Aliados17","twitter_card":"summary_large_image","twitter_creator":"@AliadosPuebla","twitter_misc":{"Escrito por":"Aliados17","Tiempo de lectura":"1 minuto"},"schema":{"@context":"https:\/\/schema.org","@graph":[{"@type":"Article","@id":"https:\/\/www.aliadospuebla.com\/?p=64840#article","isPartOf":{"@id":"https:\/\/www.aliadospuebla.com\/?p=64840"},"author":{"name":"Aliados17","@id":"https:\/\/www.aliadospuebla.com\/#\/schema\/person\/5da7dd09320bd4f392b710017ed5f8ad"},"headline":"Presentan a Jeimy 1a. Reina de la 25 Feria Nacional del \u00c1rbol y la Esfera en Chignahuapan","datePublished":"2021-11-13T15:22:52+00:00","mainEntityOfPage":{"@id":"https:\/\/www.aliadospuebla.com\/?p=64840"},"wordCount":250,"commentCount":0,"image":{"@id":"https:\/\/www.aliadospuebla.com\/?p=64840#primaryimage"},"thumbnailUrl":"https:\/\/www.aliadospuebla.com\/web2017\/wp-content\/uploads\/2021\/11\/084-reina-de-la-feria.jpg","keywords":["25 Feria del \u00e1rbol y la esfera","Chignahuapan","Cultura","LORENZO RIVERA NAVA","Reina de la feria","turismo"],"articleSection":["Municipios"],"inLanguage":"es","potentialAction":[{"@type":"CommentAction","name":"Comment","target":["https:\/\/www.aliadospuebla.com\/?p=64840#respond"]}]},{"@type":"WebPage","@id":"https:\/\/www.aliadospuebla.com\/?p=64840","url":"https:\/\/www.aliadospuebla.com\/?p=64840","name":"Presentan a Jeimy 1a. Reina de la 25 Feria Nacional del \u00c1rbol y la Esfera en Chignahuapan - AliadosPuebla","isPartOf":{"@id":"https:\/\/www.aliadospuebla.com\/#website"},"primaryImageOfPage":{"@id":"https:\/\/www.aliadospuebla.com\/?p=64840#primaryimage"},"image":{"@id":"https:\/\/www.aliadospuebla.com\/?p=64840#primaryimage"},"thumbnailUrl":"https:\/\/www.aliadospuebla.com\/web2017\/wp-content\/uploads\/2021\/11\/084-reina-de-la-feria.jpg","datePublished":"2021-11-13T15:22:52+00:00","author":{"@id":"https:\/\/www.aliadospuebla.com\/#\/schema\/person\/5da7dd09320bd4f392b710017ed5f8ad"},"breadcrumb":{"@id":"https:\/\/www.aliadospuebla.com\/?p=64840#breadcrumb"},"inLanguage":"es","potentialAction":[{"@type":"ReadAction","target":["https:\/\/www.aliadospuebla.com\/?p=64840"]}]},{"@type":"ImageObject","inLanguage":"es","@id":"https:\/\/www.aliadospuebla.com\/?p=64840#primaryimage","url":"https:\/\/www.aliadospuebla.com\/web2017\/wp-content\/uploads\/2021\/11\/084-reina-de-la-feria.jpg","contentUrl":"https:\/\/www.aliadospuebla.com\/web2017\/wp-content\/uploads\/2021\/11\/084-reina-de-la-feria.jpg","width":600,"height":450},{"@type":"BreadcrumbList","@id":"https:\/\/www.aliadospuebla.com\/?p=64840#breadcrumb","itemListElement":[{"@type":"ListItem","position":1,"name":"Portada","item":"https:\/\/www.aliadospuebla.com\/"},{"@type":"ListItem","position":2,"name":"Presentan a Jeimy 1a. Reina de la 25 Feria Nacional del \u00c1rbol y la Esfera en Chignahuapan"}]},{"@type":"WebSite","@id":"https:\/\/www.aliadospuebla.com\/#website","url":"https:\/\/www.aliadospuebla.com\/","name":"AliadosPuebla","description":"La informaci\u00f3n en tus manos","potentialAction":[{"@type":"SearchAction","target":{"@type":"EntryPoint","urlTemplate":"https:\/\/www.aliadospuebla.com\/?s={search_term_string}"},"query-input":{"@type":"PropertyValueSpecification","valueRequired":true,"valueName":"search_term_string"}}],"inLanguage":"es"},{"@type":"Person","@id":"https:\/\/www.aliadospuebla.com\/#\/schema\/person\/5da7dd09320bd4f392b710017ed5f8ad","name":"Aliados17","image":{"@type":"ImageObject","inLanguage":"es","@id":"https:\/\/www.aliadospuebla.com\/web2017\/wp-content\/uploads\/2025\/03\/cropped-para-perfil-8-anos-1-96x96.jpg","url":"https:\/\/www.aliadospuebla.com\/web2017\/wp-content\/uploads\/2025\/03\/cropped-para-perfil-8-anos-1-96x96.jpg","contentUrl":"https:\/\/www.aliadospuebla.com\/web2017\/wp-content\/uploads\/2025\/03\/cropped-para-perfil-8-anos-1-96x96.jpg","caption":"Aliados17"},"sameAs":["https:\/\/www.aliados17.com","https:\/\/www.facebook.com\/Aliados17Pue","https:\/\/x.com\/AliadosPuebla"],"url":"https:\/\/www.aliadospuebla.com\/?author=2"}]}},"views":8,"_links":{"self":[{"href":"https:\/\/www.aliadospuebla.com\/index.php?rest_route=\/wp\/v2\/posts\/64840","targetHints":{"allow":["GET"]}}],"collection":[{"href":"https:\/\/www.aliadospuebla.com\/index.php?rest_route=\/wp\/v2\/posts"}],"about":[{"href":"https:\/\/www.aliadospuebla.com\/index.php?rest_route=\/wp\/v2\/types\/post"}],"author":[{"embeddable":true,"href":"https:\/\/www.aliadospuebla.com\/index.php?rest_route=\/wp\/v2\/users\/2"}],"replies":[{"embeddable":true,"href":"https:\/\/www.aliadospuebla.com\/index.php?rest_route=%2Fwp%2Fv2%2Fcomments&post=64840"}],"version-history":[{"count":1,"href":"https:\/\/www.aliadospuebla.com\/index.php?rest_route=\/wp\/v2\/posts\/64840\/revisions"}],"predecessor-version":[{"id":64842,"href":"https:\/\/www.aliadospuebla.com\/index.php?rest_route=\/wp\/v2\/posts\/64840\/revisions\/64842"}],"wp:featuredmedia":[{"embeddable":true,"href":"https:\/\/www.aliadospuebla.com\/index.php?rest_route=\/wp\/v2\/media\/64841"}],"wp:attachment":[{"href":"https:\/\/www.aliadospuebla.com\/index.php?rest_route=%2Fwp%2Fv2%2Fmedia&parent=64840"}],"wp:term":[{"taxonomy":"category","embeddable":true,"href":"https:\/\/www.aliadospuebla.com\/index.php?rest_route=%2Fwp%2Fv2%2Fcategories&post=64840"},{"taxonomy":"post_tag","embeddable":true,"href":"https:\/\/www.aliadospuebla.com\/index.php?rest_route=%2Fwp%2Fv2%2Ftags&post=64840"}],"curies":[{"name":"wp","href":"https:\/\/api.w.org\/{rel}","templated":true}]}}