{"id":64776,"date":"2021-11-12T10:28:49","date_gmt":"2021-11-12T16:28:49","guid":{"rendered":"https:\/\/www.aliados17.com\/?p=64776"},"modified":"2021-11-12T10:28:49","modified_gmt":"2021-11-12T16:28:49","slug":"instituto-municipal-de-la-mujer-de-amozoc-invita-a-la-jornada-para-erradicar-embarazo-infantil-y-adolescente","status":"publish","type":"post","link":"https:\/\/www.aliadospuebla.com\/?p=64776","title":{"rendered":"Instituto Municipal de la Mujer de Amozoc invita a la jornada para erradicar embarazo infantil y adolescente"},"content":{"rendered":"<h3>En 2020 Puebla registr\u00f3 m\u00e1s de 200 embarazos en ni\u00f1as menores de 15 a\u00f1os.<\/h3>\n<p>Amozoc, Pue.-\u00a0 El Instituto Municipal de la Mujer de <strong>Amozoc<\/strong><\/p>\n<p>invita a la ciuadan\u00eda en general a\u00a0 participar este pr\u00f3ximo<\/p>\n<p>13 de noviembre en la jornada de educaci\u00f3n para la erradicaci\u00f3n<\/p>\n<p>del embarazo infantil y la disminuci\u00f3n del embarazo en adolescentes<\/p>\n<p>que se llevar\u00e1 a cabo en el z\u00f3calo municipal en un horario de 9:00 a 14:00 horas.<\/p>\n<p>El Ayuntamiento de Amozoc, presidido por <strong>Mario de la Rosa Romero<\/strong> contin\u00faa<\/p>\n<p>apoyando a los ciudadanos con asesor\u00edas jur\u00eddicas y psicol\u00f3gicas para mejorar<\/p>\n<p>su calidad de vida y mantener un sano desarrollo mental.<\/p>\n<p>Para tal motivo ofrece de manera gratuita<\/p>\n<p><strong>Asesor\u00eda jur\u00eddica<\/strong> en:<br \/>\nViolencia Familiar<br \/>\nPensi\u00f3n de alimentos<br \/>\nSeparaci\u00f3n o divorcio<\/p>\n<p><strong>Atenci\u00f3n psicol\u00f3gica<\/strong> en:<br \/>\nDuelos o p\u00e9rdidas<br \/>\nViolencia<br \/>\nAcoso<br \/>\nBullying<br \/>\nY todo tipo de transtorno emocional.<\/p>\n","protected":false},"excerpt":{"rendered":"<p>En 2020 Puebla registr\u00f3 m\u00e1s de 200 embarazos en ni\u00f1as menores de 15 a\u00f1os. Amozoc, Pue.-\u00a0 El Instituto Municipal de la Mujer de Amozoc invita a la ciuadan\u00eda en general a\u00a0 participar este pr\u00f3ximo 13 de noviembre en la jornada de educaci\u00f3n para la erradicaci\u00f3n del embarazo infantil y la disminuci\u00f3n del embarazo en adolescentes que se llevar\u00e1 a cabo en el z\u00f3calo municipal en un horario de 9:00 a 14:00 horas. El Ayuntamiento de Amozoc, presidido por Mario de la Rosa Romero contin\u00faa apoyando a los ciudadanos con asesor\u00edas jur\u00eddicas y psicol\u00f3gicas para mejorar su calidad de vida y mantener un sano desarrollo mental. Para tal motivo ofrece de manera gratuita Asesor\u00eda jur\u00eddica en: Violencia Familiar Pensi\u00f3n de alimentos Separaci\u00f3n o divorcio Atenci\u00f3n psicol\u00f3gica&hellip;<\/p>\n<p class=\"excerpt-more\"><a class=\"blog-excerpt button\" href=\"https:\/\/www.aliadospuebla.com\/?p=64776\">Leer m\u00e1s&#8230;<\/a><\/p>\n","protected":false},"author":2,"featured_media":64777,"comment_status":"open","ping_status":"open","sticky":false,"template":"","format":"standard","meta":{"_monsterinsights_skip_tracking":false,"footnotes":""},"categories":[4],"tags":[1667,2084,12040,17176,17177,8898],"class_list":["post-64776","post","type-post","status-publish","format-standard","has-post-thumbnail","hentry","category-municipios","tag-amozoc","tag-apoyo-psicologico","tag-asesoria-juridica","tag-embrazo-infantil","tag-erradicacion","tag-mario-de-la-rosa-romero"],"yoast_head":"<!-- This site is optimized with the Yoast SEO plugin v28.4 - https:\/\/yoast.com\/product\/yoast-seo-wordpress\/ -->\n<title>Instituto Municipal de la Mujer de Amozoc invita a la jornada para erradicar embarazo infantil y adolescente - AliadosPuebla<\/title>\n<meta name=\"description\" content=\"Instituto Municipal de la Mujer de Amozoc invita a la jornada para erradicar embarazo infantil y adolescente.\" \/>\n<meta name=\"robots\" content=\"index, follow, max-snippet:-1, max-image-preview:large, max-video-preview:-1\" \/>\n<link rel=\"canonical\" href=\"https:\/\/www.aliadospuebla.com\/?p=64776\" \/>\n<meta property=\"og:locale\" content=\"es_ES\" \/>\n<meta property=\"og:type\" content=\"article\" \/>\n<meta property=\"og:title\" content=\"Instituto Municipal de la Mujer de Amozoc invita a la jornada para erradicar embarazo infantil y adolescente - AliadosPuebla\" \/>\n<meta property=\"og:description\" content=\"Instituto Municipal de la Mujer de Amozoc invita a la jornada para erradicar embarazo infantil y adolescente.\" \/>\n<meta property=\"og:url\" content=\"https:\/\/www.aliadospuebla.com\/?p=64776\" \/>\n<meta property=\"og:site_name\" content=\"AliadosPuebla\" \/>\n<meta property=\"article:author\" content=\"https:\/\/www.facebook.com\/Aliados17Pue\" \/>\n<meta property=\"article:published_time\" content=\"2021-11-12T16:28:49+00:00\" \/>\n<meta property=\"og:image\" content=\"https:\/\/www.aliadospuebla.com\/web2017\/wp-content\/uploads\/2021\/11\/073-embarazo-infantil.jpg\" \/>\n\t<meta property=\"og:image:width\" content=\"600\" \/>\n\t<meta property=\"og:image:height\" content=\"450\" \/>\n\t<meta property=\"og:image:type\" content=\"image\/jpeg\" \/>\n<meta name=\"author\" content=\"Aliados17\" \/>\n<meta name=\"twitter:card\" content=\"summary_large_image\" \/>\n<meta name=\"twitter:creator\" content=\"@AliadosPuebla\" \/>\n<meta name=\"twitter:label1\" content=\"Escrito por\" \/>\n\t<meta name=\"twitter:data1\" content=\"Aliados17\" \/>\n\t<meta name=\"twitter:label2\" content=\"Tiempo de lectura\" \/>\n\t<meta name=\"twitter:data2\" content=\"1 minuto\" \/>\n<script type=\"application\/ld+json\" class=\"yoast-schema-graph\">{\"@context\":\"https:\\\/\\\/schema.org\",\"@graph\":[{\"@type\":\"Article\",\"@id\":\"https:\\\/\\\/www.aliadospuebla.com\\\/?p=64776#article\",\"isPartOf\":{\"@id\":\"https:\\\/\\\/www.aliadospuebla.com\\\/?p=64776\"},\"author\":{\"name\":\"Aliados17\",\"@id\":\"https:\\\/\\\/www.aliadospuebla.com\\\/#\\\/schema\\\/person\\\/5da7dd09320bd4f392b710017ed5f8ad\"},\"headline\":\"Instituto Municipal de la Mujer de Amozoc invita a la jornada para erradicar embarazo infantil y adolescente\",\"datePublished\":\"2021-11-12T16:28:49+00:00\",\"mainEntityOfPage\":{\"@id\":\"https:\\\/\\\/www.aliadospuebla.com\\\/?p=64776\"},\"wordCount\":170,\"commentCount\":0,\"image\":{\"@id\":\"https:\\\/\\\/www.aliadospuebla.com\\\/?p=64776#primaryimage\"},\"thumbnailUrl\":\"https:\\\/\\\/www.aliadospuebla.com\\\/web2017\\\/wp-content\\\/uploads\\\/2021\\\/11\\\/073-embarazo-infantil.jpg\",\"keywords\":[\"AMOZOC\",\"APOYO PSICOL\u00d3GICO\",\"asesor\u00eda jur\u00eddica\",\"embrazo infantil\",\"erradicaci\u00f3n\",\"MARIO DE LA ROSA ROMERO\"],\"articleSection\":[\"Municipios\"],\"inLanguage\":\"es\",\"potentialAction\":[{\"@type\":\"CommentAction\",\"name\":\"Comment\",\"target\":[\"https:\\\/\\\/www.aliadospuebla.com\\\/?p=64776#respond\"]}]},{\"@type\":\"WebPage\",\"@id\":\"https:\\\/\\\/www.aliadospuebla.com\\\/?p=64776\",\"url\":\"https:\\\/\\\/www.aliadospuebla.com\\\/?p=64776\",\"name\":\"Instituto Municipal de la Mujer de Amozoc invita a la jornada para erradicar embarazo infantil y adolescente - AliadosPuebla\",\"isPartOf\":{\"@id\":\"https:\\\/\\\/www.aliadospuebla.com\\\/#website\"},\"primaryImageOfPage\":{\"@id\":\"https:\\\/\\\/www.aliadospuebla.com\\\/?p=64776#primaryimage\"},\"image\":{\"@id\":\"https:\\\/\\\/www.aliadospuebla.com\\\/?p=64776#primaryimage\"},\"thumbnailUrl\":\"https:\\\/\\\/www.aliadospuebla.com\\\/web2017\\\/wp-content\\\/uploads\\\/2021\\\/11\\\/073-embarazo-infantil.jpg\",\"datePublished\":\"2021-11-12T16:28:49+00:00\",\"author\":{\"@id\":\"https:\\\/\\\/www.aliadospuebla.com\\\/#\\\/schema\\\/person\\\/5da7dd09320bd4f392b710017ed5f8ad\"},\"description\":\"Instituto Municipal de la Mujer de Amozoc invita a la jornada para erradicar embarazo infantil y adolescente.\",\"breadcrumb\":{\"@id\":\"https:\\\/\\\/www.aliadospuebla.com\\\/?p=64776#breadcrumb\"},\"inLanguage\":\"es\",\"potentialAction\":[{\"@type\":\"ReadAction\",\"target\":[\"https:\\\/\\\/www.aliadospuebla.com\\\/?p=64776\"]}]},{\"@type\":\"ImageObject\",\"inLanguage\":\"es\",\"@id\":\"https:\\\/\\\/www.aliadospuebla.com\\\/?p=64776#primaryimage\",\"url\":\"https:\\\/\\\/www.aliadospuebla.com\\\/web2017\\\/wp-content\\\/uploads\\\/2021\\\/11\\\/073-embarazo-infantil.jpg\",\"contentUrl\":\"https:\\\/\\\/www.aliadospuebla.com\\\/web2017\\\/wp-content\\\/uploads\\\/2021\\\/11\\\/073-embarazo-infantil.jpg\",\"width\":600,\"height\":450},{\"@type\":\"BreadcrumbList\",\"@id\":\"https:\\\/\\\/www.aliadospuebla.com\\\/?p=64776#breadcrumb\",\"itemListElement\":[{\"@type\":\"ListItem\",\"position\":1,\"name\":\"Portada\",\"item\":\"https:\\\/\\\/www.aliadospuebla.com\\\/\"},{\"@type\":\"ListItem\",\"position\":2,\"name\":\"Instituto Municipal de la Mujer de Amozoc invita a la jornada para erradicar embarazo infantil y adolescente\"}]},{\"@type\":\"WebSite\",\"@id\":\"https:\\\/\\\/www.aliadospuebla.com\\\/#website\",\"url\":\"https:\\\/\\\/www.aliadospuebla.com\\\/\",\"name\":\"AliadosPuebla\",\"description\":\"La informaci\u00f3n en tus manos\",\"potentialAction\":[{\"@type\":\"SearchAction\",\"target\":{\"@type\":\"EntryPoint\",\"urlTemplate\":\"https:\\\/\\\/www.aliadospuebla.com\\\/?s={search_term_string}\"},\"query-input\":{\"@type\":\"PropertyValueSpecification\",\"valueRequired\":true,\"valueName\":\"search_term_string\"}}],\"inLanguage\":\"es\"},{\"@type\":\"Person\",\"@id\":\"https:\\\/\\\/www.aliadospuebla.com\\\/#\\\/schema\\\/person\\\/5da7dd09320bd4f392b710017ed5f8ad\",\"name\":\"Aliados17\",\"image\":{\"@type\":\"ImageObject\",\"inLanguage\":\"es\",\"@id\":\"https:\\\/\\\/www.aliadospuebla.com\\\/web2017\\\/wp-content\\\/uploads\\\/2025\\\/03\\\/cropped-para-perfil-8-anos-1-96x96.jpg\",\"url\":\"https:\\\/\\\/www.aliadospuebla.com\\\/web2017\\\/wp-content\\\/uploads\\\/2025\\\/03\\\/cropped-para-perfil-8-anos-1-96x96.jpg\",\"contentUrl\":\"https:\\\/\\\/www.aliadospuebla.com\\\/web2017\\\/wp-content\\\/uploads\\\/2025\\\/03\\\/cropped-para-perfil-8-anos-1-96x96.jpg\",\"caption\":\"Aliados17\"},\"sameAs\":[\"https:\\\/\\\/www.aliados17.com\",\"https:\\\/\\\/www.facebook.com\\\/Aliados17Pue\",\"https:\\\/\\\/x.com\\\/AliadosPuebla\"],\"url\":\"https:\\\/\\\/www.aliadospuebla.com\\\/?author=2\"}]}<\/script>\n<!-- \/ Yoast SEO plugin. -->","yoast_head_json":{"title":"Instituto Municipal de la Mujer de Amozoc invita a la jornada para erradicar embarazo infantil y adolescente - AliadosPuebla","description":"Instituto Municipal de la Mujer de Amozoc invita a la jornada para erradicar embarazo infantil y adolescente.","robots":{"index":"index","follow":"follow","max-snippet":"max-snippet:-1","max-image-preview":"max-image-preview:large","max-video-preview":"max-video-preview:-1"},"canonical":"https:\/\/www.aliadospuebla.com\/?p=64776","og_locale":"es_ES","og_type":"article","og_title":"Instituto Municipal de la Mujer de Amozoc invita a la jornada para erradicar embarazo infantil y adolescente - AliadosPuebla","og_description":"Instituto Municipal de la Mujer de Amozoc invita a la jornada para erradicar embarazo infantil y adolescente.","og_url":"https:\/\/www.aliadospuebla.com\/?p=64776","og_site_name":"AliadosPuebla","article_author":"https:\/\/www.facebook.com\/Aliados17Pue","article_published_time":"2021-11-12T16:28:49+00:00","og_image":[{"width":600,"height":450,"url":"https:\/\/www.aliadospuebla.com\/web2017\/wp-content\/uploads\/2021\/11\/073-embarazo-infantil.jpg","type":"image\/jpeg"}],"author":"Aliados17","twitter_card":"summary_large_image","twitter_creator":"@AliadosPuebla","twitter_misc":{"Escrito por":"Aliados17","Tiempo de lectura":"1 minuto"},"schema":{"@context":"https:\/\/schema.org","@graph":[{"@type":"Article","@id":"https:\/\/www.aliadospuebla.com\/?p=64776#article","isPartOf":{"@id":"https:\/\/www.aliadospuebla.com\/?p=64776"},"author":{"name":"Aliados17","@id":"https:\/\/www.aliadospuebla.com\/#\/schema\/person\/5da7dd09320bd4f392b710017ed5f8ad"},"headline":"Instituto Municipal de la Mujer de Amozoc invita a la jornada para erradicar embarazo infantil y adolescente","datePublished":"2021-11-12T16:28:49+00:00","mainEntityOfPage":{"@id":"https:\/\/www.aliadospuebla.com\/?p=64776"},"wordCount":170,"commentCount":0,"image":{"@id":"https:\/\/www.aliadospuebla.com\/?p=64776#primaryimage"},"thumbnailUrl":"https:\/\/www.aliadospuebla.com\/web2017\/wp-content\/uploads\/2021\/11\/073-embarazo-infantil.jpg","keywords":["AMOZOC","APOYO PSICOL\u00d3GICO","asesor\u00eda jur\u00eddica","embrazo infantil","erradicaci\u00f3n","MARIO DE LA ROSA ROMERO"],"articleSection":["Municipios"],"inLanguage":"es","potentialAction":[{"@type":"CommentAction","name":"Comment","target":["https:\/\/www.aliadospuebla.com\/?p=64776#respond"]}]},{"@type":"WebPage","@id":"https:\/\/www.aliadospuebla.com\/?p=64776","url":"https:\/\/www.aliadospuebla.com\/?p=64776","name":"Instituto Municipal de la Mujer de Amozoc invita a la jornada para erradicar embarazo infantil y adolescente - AliadosPuebla","isPartOf":{"@id":"https:\/\/www.aliadospuebla.com\/#website"},"primaryImageOfPage":{"@id":"https:\/\/www.aliadospuebla.com\/?p=64776#primaryimage"},"image":{"@id":"https:\/\/www.aliadospuebla.com\/?p=64776#primaryimage"},"thumbnailUrl":"https:\/\/www.aliadospuebla.com\/web2017\/wp-content\/uploads\/2021\/11\/073-embarazo-infantil.jpg","datePublished":"2021-11-12T16:28:49+00:00","author":{"@id":"https:\/\/www.aliadospuebla.com\/#\/schema\/person\/5da7dd09320bd4f392b710017ed5f8ad"},"description":"Instituto Municipal de la Mujer de Amozoc invita a la jornada para erradicar embarazo infantil y adolescente.","breadcrumb":{"@id":"https:\/\/www.aliadospuebla.com\/?p=64776#breadcrumb"},"inLanguage":"es","potentialAction":[{"@type":"ReadAction","target":["https:\/\/www.aliadospuebla.com\/?p=64776"]}]},{"@type":"ImageObject","inLanguage":"es","@id":"https:\/\/www.aliadospuebla.com\/?p=64776#primaryimage","url":"https:\/\/www.aliadospuebla.com\/web2017\/wp-content\/uploads\/2021\/11\/073-embarazo-infantil.jpg","contentUrl":"https:\/\/www.aliadospuebla.com\/web2017\/wp-content\/uploads\/2021\/11\/073-embarazo-infantil.jpg","width":600,"height":450},{"@type":"BreadcrumbList","@id":"https:\/\/www.aliadospuebla.com\/?p=64776#breadcrumb","itemListElement":[{"@type":"ListItem","position":1,"name":"Portada","item":"https:\/\/www.aliadospuebla.com\/"},{"@type":"ListItem","position":2,"name":"Instituto Municipal de la Mujer de Amozoc invita a la jornada para erradicar embarazo infantil y adolescente"}]},{"@type":"WebSite","@id":"https:\/\/www.aliadospuebla.com\/#website","url":"https:\/\/www.aliadospuebla.com\/","name":"AliadosPuebla","description":"La informaci\u00f3n en tus manos","potentialAction":[{"@type":"SearchAction","target":{"@type":"EntryPoint","urlTemplate":"https:\/\/www.aliadospuebla.com\/?s={search_term_string}"},"query-input":{"@type":"PropertyValueSpecification","valueRequired":true,"valueName":"search_term_string"}}],"inLanguage":"es"},{"@type":"Person","@id":"https:\/\/www.aliadospuebla.com\/#\/schema\/person\/5da7dd09320bd4f392b710017ed5f8ad","name":"Aliados17","image":{"@type":"ImageObject","inLanguage":"es","@id":"https:\/\/www.aliadospuebla.com\/web2017\/wp-content\/uploads\/2025\/03\/cropped-para-perfil-8-anos-1-96x96.jpg","url":"https:\/\/www.aliadospuebla.com\/web2017\/wp-content\/uploads\/2025\/03\/cropped-para-perfil-8-anos-1-96x96.jpg","contentUrl":"https:\/\/www.aliadospuebla.com\/web2017\/wp-content\/uploads\/2025\/03\/cropped-para-perfil-8-anos-1-96x96.jpg","caption":"Aliados17"},"sameAs":["https:\/\/www.aliados17.com","https:\/\/www.facebook.com\/Aliados17Pue","https:\/\/x.com\/AliadosPuebla"],"url":"https:\/\/www.aliadospuebla.com\/?author=2"}]}},"views":10,"_links":{"self":[{"href":"https:\/\/www.aliadospuebla.com\/index.php?rest_route=\/wp\/v2\/posts\/64776","targetHints":{"allow":["GET"]}}],"collection":[{"href":"https:\/\/www.aliadospuebla.com\/index.php?rest_route=\/wp\/v2\/posts"}],"about":[{"href":"https:\/\/www.aliadospuebla.com\/index.php?rest_route=\/wp\/v2\/types\/post"}],"author":[{"embeddable":true,"href":"https:\/\/www.aliadospuebla.com\/index.php?rest_route=\/wp\/v2\/users\/2"}],"replies":[{"embeddable":true,"href":"https:\/\/www.aliadospuebla.com\/index.php?rest_route=%2Fwp%2Fv2%2Fcomments&post=64776"}],"version-history":[{"count":1,"href":"https:\/\/www.aliadospuebla.com\/index.php?rest_route=\/wp\/v2\/posts\/64776\/revisions"}],"predecessor-version":[{"id":64778,"href":"https:\/\/www.aliadospuebla.com\/index.php?rest_route=\/wp\/v2\/posts\/64776\/revisions\/64778"}],"wp:featuredmedia":[{"embeddable":true,"href":"https:\/\/www.aliadospuebla.com\/index.php?rest_route=\/wp\/v2\/media\/64777"}],"wp:attachment":[{"href":"https:\/\/www.aliadospuebla.com\/index.php?rest_route=%2Fwp%2Fv2%2Fmedia&parent=64776"}],"wp:term":[{"taxonomy":"category","embeddable":true,"href":"https:\/\/www.aliadospuebla.com\/index.php?rest_route=%2Fwp%2Fv2%2Fcategories&post=64776"},{"taxonomy":"post_tag","embeddable":true,"href":"https:\/\/www.aliadospuebla.com\/index.php?rest_route=%2Fwp%2Fv2%2Ftags&post=64776"}],"curies":[{"name":"wp","href":"https:\/\/api.w.org\/{rel}","templated":true}]}}