{"id":64770,"date":"2021-11-12T09:42:35","date_gmt":"2021-11-12T15:42:35","guid":{"rendered":"https:\/\/www.aliados17.com\/?p=64770"},"modified":"2021-11-12T09:42:35","modified_gmt":"2021-11-12T15:42:35","slug":"chignahuapan-para-mexico-y-el-mundo-anuncia-su-25-feria-nacional-del-arbol-y-la-esfera","status":"publish","type":"post","link":"https:\/\/www.aliadospuebla.com\/?p=64770","title":{"rendered":"CHIGNAHUAPAN PARA M\u00c9XICO Y EL MUNDO ANUNCIA SU 25 FERIA NACIONAL DEL \u00c1RBOL Y LA ESFERA"},"content":{"rendered":"<h2>Del 26 de noviembre al 5 de diciembre m\u00e1s de 4 mil \u00e1rboles listos para llegar a casa.<\/h2>\n<p>Puebla, Pue.- En rueda de prensa, el presidente municipal de <strong>Chignahuapan<\/strong>,<\/p>\n<p><strong>Lorenzo Rivera Nava<\/strong>, contin\u00faa fortaleciendo la promoci\u00f3n tur\u00edstica para<\/p>\n<p>su municipio.<\/p>\n<p>Posterior al gran \u00e9xito del pasado Festival de la Luz y La Vida hoy se present\u00f3 la<strong> Feria Nacional del \u00c1rbol\u00a0<\/strong><\/p>\n<p><strong>y la Esfera<\/strong> en su 25 aniversario que promete duplicar la asistencia de visitantes a 90 mil.<\/p>\n<p>Con estos eventos, no s\u00f3lo se genera derrama econ\u00f3mica para las familias artesanas y productoras de \u00e1rboles<\/p>\n<p>del municipio, si no tambi\u00e9n de los aleda\u00f1os, ya que se garantiza la ocupaci\u00f3n hotelera y restaurantera por<\/p>\n<p>los visitantes provenientes no solo del interior del estado de Puebla, tambi\u00e9n de otros estados de la<\/p>\n<p>Rep\u00fablica e incluso de otros pa\u00edses.<\/p>\n<p>En su intervenci\u00f3n el edil chignahuapense\u00a0 dio a conocer un cartel muy nutrido para deleitar a los visitantes<\/p>\n<p>y ciudadanos con eventos culturales, art\u00edsticos y deportivos durante la semana de feria.<\/p>\n<h3>Artesanos de Chignahuapan producen anualmente m\u00e1s de 9 millones de esferas.<\/h3>\n<p>Mencion\u00f3 que son 400 talleres los que producen las esferas desde el mes de febrero, las cuales han logrado<\/p>\n<p>exportar a pa\u00edses como Espa\u00f1a e Italia y estados de la Rep\u00fablica Mexicana.<\/p>\n<p>Aunado a los eventos de feria se instalar\u00e1 iluminaci\u00f3n alusiva a la temporada navide\u00f1a\u00a0 en las principales<\/p>\n<p>calles del municipio, buscando generar una grata estancia de nuestros visitantes, esto aunado a la seguridad<\/p>\n<p>que ser\u00e1 implementada con la polic\u00eda municipal y la solicitud al estado del apoyo de la polic\u00eda tur\u00edstica,<\/p>\n<p>contando tambi\u00e9n con la calidez de nuestra gente.<\/p>\n<p><strong>Entre 2 mil y 4 mil \u00e1rboles disponibles y registrados ante CONAFOR.<\/strong><\/p>\n<p>En cuesti\u00f3n de los \u00e1rboles que ser\u00e1n comercializados mencion\u00f3 que ser\u00e1n entre 2 mil y 4 mil la producci\u00f3n<\/p>\n<p>que estar\u00e1 lista para su venta.<\/p>\n<p>Cabe mencionar que los productores cuentan con los permisos de la CONAFOR y est\u00e1n regulados para<\/p>\n<p>no afectar el ecosistema al momento de su corte, ya que son viveros especializados, por lo cual los<\/p>\n<p>\u00e1rboles cuentan con un registro para su libre traslado dentro del pa\u00eds.<\/p>\n<p>Finalmente <strong>Lorenzo Rivera Nava<\/strong>, invit\u00f3\u00a0 a los poblanos\u00a0 a visitar el Pueblo M\u00e1gico de <strong>Chignahuapan<\/strong><\/p>\n<p>que es considerado la puerta a la Sierra Norte y disfrutar de los paisajes naturales que ofrece as\u00ed<\/p>\n<p>como de su artesan\u00eda y gastronom\u00eda.<\/p>\n<p>Para mayor informaci\u00f3n se sugiera visitar la p\u00e1gina<a href=\"https:\/\/chignahuapan.gob.mx\/\"> https:\/\/chignahuapan.gob.mx\/<\/a><\/p>\n<p>&nbsp;<\/p>\n","protected":false},"excerpt":{"rendered":"<p>Del 26 de noviembre al 5 de diciembre m\u00e1s de 4 mil \u00e1rboles listos para llegar a casa. Puebla, Pue.- En rueda de prensa, el presidente municipal de Chignahuapan, Lorenzo Rivera Nava, contin\u00faa fortaleciendo la promoci\u00f3n tur\u00edstica para su municipio. Posterior al gran \u00e9xito del pasado Festival de la Luz y La Vida hoy se present\u00f3 la Feria Nacional del \u00c1rbol\u00a0 y la Esfera en su 25 aniversario que promete duplicar la asistencia de visitantes a 90 mil. Con estos eventos, no s\u00f3lo se genera derrama econ\u00f3mica para las familias artesanas y productoras de \u00e1rboles del municipio, si no tambi\u00e9n de los aleda\u00f1os, ya que se garantiza la ocupaci\u00f3n hotelera y restaurantera por los visitantes provenientes no solo del interior del estado de Puebla, tambi\u00e9n&hellip;<\/p>\n<p class=\"excerpt-more\"><a class=\"blog-excerpt button\" href=\"https:\/\/www.aliadospuebla.com\/?p=64770\">Leer m\u00e1s&#8230;<\/a><\/p>\n","protected":false},"author":2,"featured_media":64771,"comment_status":"open","ping_status":"open","sticky":false,"template":"","format":"standard","meta":{"_monsterinsights_skip_tracking":false,"footnotes":""},"categories":[4],"tags":[117,17175,511,34,127],"class_list":["post-64770","post","type-post","status-publish","format-standard","has-post-thumbnail","hentry","category-municipios","tag-chignahuapan","tag-feria-del-arbol-y-la-esfera","tag-lorenzo-rivera-nava","tag-pueblo-magico","tag-turismo"],"yoast_head":"<!-- This site is optimized with the Yoast SEO plugin v28.4 - https:\/\/yoast.com\/product\/yoast-seo-wordpress\/ -->\n<title>CHIGNAHUAPAN PARA M\u00c9XICO Y EL MUNDO ANUNCIA SU 25 FERIA NACIONAL DEL \u00c1RBOL Y LA ESFERA - AliadosPuebla<\/title>\n<meta name=\"robots\" content=\"index, follow, max-snippet:-1, max-image-preview:large, max-video-preview:-1\" \/>\n<link rel=\"canonical\" href=\"https:\/\/www.aliadospuebla.com\/?p=64770\" \/>\n<meta property=\"og:locale\" content=\"es_ES\" \/>\n<meta property=\"og:type\" content=\"article\" \/>\n<meta property=\"og:title\" content=\"CHIGNAHUAPAN PARA M\u00c9XICO Y EL MUNDO ANUNCIA SU 25 FERIA NACIONAL DEL \u00c1RBOL Y LA ESFERA - AliadosPuebla\" \/>\n<meta property=\"og:description\" content=\"Del 26 de noviembre al 5 de diciembre m\u00e1s de 4 mil \u00e1rboles listos para llegar a casa. Puebla, Pue.- En rueda de prensa, el presidente municipal de Chignahuapan, Lorenzo Rivera Nava, contin\u00faa fortaleciendo la promoci\u00f3n tur\u00edstica para su municipio. Posterior al gran \u00e9xito del pasado Festival de la Luz y La Vida hoy se present\u00f3 la Feria Nacional del \u00c1rbol\u00a0 y la Esfera en su 25 aniversario que promete duplicar la asistencia de visitantes a 90 mil. Con estos eventos, no s\u00f3lo se genera derrama econ\u00f3mica para las familias artesanas y productoras de \u00e1rboles del municipio, si no tambi\u00e9n de los aleda\u00f1os, ya que se garantiza la ocupaci\u00f3n hotelera y restaurantera por los visitantes provenientes no solo del interior del estado de Puebla, tambi\u00e9n&hellip;Leer m\u00e1s...\" \/>\n<meta property=\"og:url\" content=\"https:\/\/www.aliadospuebla.com\/?p=64770\" \/>\n<meta property=\"og:site_name\" content=\"AliadosPuebla\" \/>\n<meta property=\"article:author\" content=\"https:\/\/www.facebook.com\/Aliados17Pue\" \/>\n<meta property=\"article:published_time\" content=\"2021-11-12T15:42:35+00:00\" \/>\n<meta property=\"og:image\" content=\"https:\/\/www.aliadospuebla.com\/web2017\/wp-content\/uploads\/2021\/11\/071-Feria.jpg\" \/>\n\t<meta property=\"og:image:width\" content=\"600\" \/>\n\t<meta property=\"og:image:height\" content=\"450\" \/>\n\t<meta property=\"og:image:type\" content=\"image\/jpeg\" \/>\n<meta name=\"author\" content=\"Aliados17\" \/>\n<meta name=\"twitter:card\" content=\"summary_large_image\" \/>\n<meta name=\"twitter:creator\" content=\"@AliadosPuebla\" \/>\n<meta name=\"twitter:label1\" content=\"Escrito por\" \/>\n\t<meta name=\"twitter:data1\" content=\"Aliados17\" \/>\n\t<meta name=\"twitter:label2\" content=\"Tiempo de lectura\" \/>\n\t<meta name=\"twitter:data2\" content=\"2 minutos\" \/>\n<script type=\"application\/ld+json\" class=\"yoast-schema-graph\">{\"@context\":\"https:\\\/\\\/schema.org\",\"@graph\":[{\"@type\":\"Article\",\"@id\":\"https:\\\/\\\/www.aliadospuebla.com\\\/?p=64770#article\",\"isPartOf\":{\"@id\":\"https:\\\/\\\/www.aliadospuebla.com\\\/?p=64770\"},\"author\":{\"name\":\"Aliados17\",\"@id\":\"https:\\\/\\\/www.aliadospuebla.com\\\/#\\\/schema\\\/person\\\/5da7dd09320bd4f392b710017ed5f8ad\"},\"headline\":\"CHIGNAHUAPAN PARA M\u00c9XICO Y EL MUNDO ANUNCIA SU 25 FERIA NACIONAL DEL \u00c1RBOL Y LA ESFERA\",\"datePublished\":\"2021-11-12T15:42:35+00:00\",\"mainEntityOfPage\":{\"@id\":\"https:\\\/\\\/www.aliadospuebla.com\\\/?p=64770\"},\"wordCount\":445,\"commentCount\":0,\"image\":{\"@id\":\"https:\\\/\\\/www.aliadospuebla.com\\\/?p=64770#primaryimage\"},\"thumbnailUrl\":\"https:\\\/\\\/www.aliadospuebla.com\\\/web2017\\\/wp-content\\\/uploads\\\/2021\\\/11\\\/071-Feria.jpg\",\"keywords\":[\"Chignahuapan\",\"Feria del \u00e1rbol y la esfera\",\"LORENZO RIVERA NAVA\",\"Pueblo Magico\",\"turismo\"],\"articleSection\":[\"Municipios\"],\"inLanguage\":\"es\",\"potentialAction\":[{\"@type\":\"CommentAction\",\"name\":\"Comment\",\"target\":[\"https:\\\/\\\/www.aliadospuebla.com\\\/?p=64770#respond\"]}]},{\"@type\":\"WebPage\",\"@id\":\"https:\\\/\\\/www.aliadospuebla.com\\\/?p=64770\",\"url\":\"https:\\\/\\\/www.aliadospuebla.com\\\/?p=64770\",\"name\":\"CHIGNAHUAPAN PARA M\u00c9XICO Y EL MUNDO ANUNCIA SU 25 FERIA NACIONAL DEL \u00c1RBOL Y LA ESFERA - AliadosPuebla\",\"isPartOf\":{\"@id\":\"https:\\\/\\\/www.aliadospuebla.com\\\/#website\"},\"primaryImageOfPage\":{\"@id\":\"https:\\\/\\\/www.aliadospuebla.com\\\/?p=64770#primaryimage\"},\"image\":{\"@id\":\"https:\\\/\\\/www.aliadospuebla.com\\\/?p=64770#primaryimage\"},\"thumbnailUrl\":\"https:\\\/\\\/www.aliadospuebla.com\\\/web2017\\\/wp-content\\\/uploads\\\/2021\\\/11\\\/071-Feria.jpg\",\"datePublished\":\"2021-11-12T15:42:35+00:00\",\"author\":{\"@id\":\"https:\\\/\\\/www.aliadospuebla.com\\\/#\\\/schema\\\/person\\\/5da7dd09320bd4f392b710017ed5f8ad\"},\"breadcrumb\":{\"@id\":\"https:\\\/\\\/www.aliadospuebla.com\\\/?p=64770#breadcrumb\"},\"inLanguage\":\"es\",\"potentialAction\":[{\"@type\":\"ReadAction\",\"target\":[\"https:\\\/\\\/www.aliadospuebla.com\\\/?p=64770\"]}]},{\"@type\":\"ImageObject\",\"inLanguage\":\"es\",\"@id\":\"https:\\\/\\\/www.aliadospuebla.com\\\/?p=64770#primaryimage\",\"url\":\"https:\\\/\\\/www.aliadospuebla.com\\\/web2017\\\/wp-content\\\/uploads\\\/2021\\\/11\\\/071-Feria.jpg\",\"contentUrl\":\"https:\\\/\\\/www.aliadospuebla.com\\\/web2017\\\/wp-content\\\/uploads\\\/2021\\\/11\\\/071-Feria.jpg\",\"width\":600,\"height\":450},{\"@type\":\"BreadcrumbList\",\"@id\":\"https:\\\/\\\/www.aliadospuebla.com\\\/?p=64770#breadcrumb\",\"itemListElement\":[{\"@type\":\"ListItem\",\"position\":1,\"name\":\"Portada\",\"item\":\"https:\\\/\\\/www.aliadospuebla.com\\\/\"},{\"@type\":\"ListItem\",\"position\":2,\"name\":\"CHIGNAHUAPAN PARA M\u00c9XICO Y EL MUNDO ANUNCIA SU 25 FERIA NACIONAL DEL \u00c1RBOL Y LA ESFERA\"}]},{\"@type\":\"WebSite\",\"@id\":\"https:\\\/\\\/www.aliadospuebla.com\\\/#website\",\"url\":\"https:\\\/\\\/www.aliadospuebla.com\\\/\",\"name\":\"AliadosPuebla\",\"description\":\"La informaci\u00f3n en tus manos\",\"potentialAction\":[{\"@type\":\"SearchAction\",\"target\":{\"@type\":\"EntryPoint\",\"urlTemplate\":\"https:\\\/\\\/www.aliadospuebla.com\\\/?s={search_term_string}\"},\"query-input\":{\"@type\":\"PropertyValueSpecification\",\"valueRequired\":true,\"valueName\":\"search_term_string\"}}],\"inLanguage\":\"es\"},{\"@type\":\"Person\",\"@id\":\"https:\\\/\\\/www.aliadospuebla.com\\\/#\\\/schema\\\/person\\\/5da7dd09320bd4f392b710017ed5f8ad\",\"name\":\"Aliados17\",\"image\":{\"@type\":\"ImageObject\",\"inLanguage\":\"es\",\"@id\":\"https:\\\/\\\/www.aliadospuebla.com\\\/web2017\\\/wp-content\\\/uploads\\\/2025\\\/03\\\/cropped-para-perfil-8-anos-1-96x96.jpg\",\"url\":\"https:\\\/\\\/www.aliadospuebla.com\\\/web2017\\\/wp-content\\\/uploads\\\/2025\\\/03\\\/cropped-para-perfil-8-anos-1-96x96.jpg\",\"contentUrl\":\"https:\\\/\\\/www.aliadospuebla.com\\\/web2017\\\/wp-content\\\/uploads\\\/2025\\\/03\\\/cropped-para-perfil-8-anos-1-96x96.jpg\",\"caption\":\"Aliados17\"},\"sameAs\":[\"https:\\\/\\\/www.aliados17.com\",\"https:\\\/\\\/www.facebook.com\\\/Aliados17Pue\",\"https:\\\/\\\/x.com\\\/AliadosPuebla\"],\"url\":\"https:\\\/\\\/www.aliadospuebla.com\\\/?author=2\"}]}<\/script>\n<!-- \/ Yoast SEO plugin. -->","yoast_head_json":{"title":"CHIGNAHUAPAN PARA M\u00c9XICO Y EL MUNDO ANUNCIA SU 25 FERIA NACIONAL DEL \u00c1RBOL Y LA ESFERA - AliadosPuebla","robots":{"index":"index","follow":"follow","max-snippet":"max-snippet:-1","max-image-preview":"max-image-preview:large","max-video-preview":"max-video-preview:-1"},"canonical":"https:\/\/www.aliadospuebla.com\/?p=64770","og_locale":"es_ES","og_type":"article","og_title":"CHIGNAHUAPAN PARA M\u00c9XICO Y EL MUNDO ANUNCIA SU 25 FERIA NACIONAL DEL \u00c1RBOL Y LA ESFERA - AliadosPuebla","og_description":"Del 26 de noviembre al 5 de diciembre m\u00e1s de 4 mil \u00e1rboles listos para llegar a casa. Puebla, Pue.- En rueda de prensa, el presidente municipal de Chignahuapan, Lorenzo Rivera Nava, contin\u00faa fortaleciendo la promoci\u00f3n tur\u00edstica para su municipio. Posterior al gran \u00e9xito del pasado Festival de la Luz y La Vida hoy se present\u00f3 la Feria Nacional del \u00c1rbol\u00a0 y la Esfera en su 25 aniversario que promete duplicar la asistencia de visitantes a 90 mil. Con estos eventos, no s\u00f3lo se genera derrama econ\u00f3mica para las familias artesanas y productoras de \u00e1rboles del municipio, si no tambi\u00e9n de los aleda\u00f1os, ya que se garantiza la ocupaci\u00f3n hotelera y restaurantera por los visitantes provenientes no solo del interior del estado de Puebla, tambi\u00e9n&hellip;Leer m\u00e1s...","og_url":"https:\/\/www.aliadospuebla.com\/?p=64770","og_site_name":"AliadosPuebla","article_author":"https:\/\/www.facebook.com\/Aliados17Pue","article_published_time":"2021-11-12T15:42:35+00:00","og_image":[{"width":600,"height":450,"url":"https:\/\/www.aliadospuebla.com\/web2017\/wp-content\/uploads\/2021\/11\/071-Feria.jpg","type":"image\/jpeg"}],"author":"Aliados17","twitter_card":"summary_large_image","twitter_creator":"@AliadosPuebla","twitter_misc":{"Escrito por":"Aliados17","Tiempo de lectura":"2 minutos"},"schema":{"@context":"https:\/\/schema.org","@graph":[{"@type":"Article","@id":"https:\/\/www.aliadospuebla.com\/?p=64770#article","isPartOf":{"@id":"https:\/\/www.aliadospuebla.com\/?p=64770"},"author":{"name":"Aliados17","@id":"https:\/\/www.aliadospuebla.com\/#\/schema\/person\/5da7dd09320bd4f392b710017ed5f8ad"},"headline":"CHIGNAHUAPAN PARA M\u00c9XICO Y EL MUNDO ANUNCIA SU 25 FERIA NACIONAL DEL \u00c1RBOL Y LA ESFERA","datePublished":"2021-11-12T15:42:35+00:00","mainEntityOfPage":{"@id":"https:\/\/www.aliadospuebla.com\/?p=64770"},"wordCount":445,"commentCount":0,"image":{"@id":"https:\/\/www.aliadospuebla.com\/?p=64770#primaryimage"},"thumbnailUrl":"https:\/\/www.aliadospuebla.com\/web2017\/wp-content\/uploads\/2021\/11\/071-Feria.jpg","keywords":["Chignahuapan","Feria del \u00e1rbol y la esfera","LORENZO RIVERA NAVA","Pueblo Magico","turismo"],"articleSection":["Municipios"],"inLanguage":"es","potentialAction":[{"@type":"CommentAction","name":"Comment","target":["https:\/\/www.aliadospuebla.com\/?p=64770#respond"]}]},{"@type":"WebPage","@id":"https:\/\/www.aliadospuebla.com\/?p=64770","url":"https:\/\/www.aliadospuebla.com\/?p=64770","name":"CHIGNAHUAPAN PARA M\u00c9XICO Y EL MUNDO ANUNCIA SU 25 FERIA NACIONAL DEL \u00c1RBOL Y LA ESFERA - AliadosPuebla","isPartOf":{"@id":"https:\/\/www.aliadospuebla.com\/#website"},"primaryImageOfPage":{"@id":"https:\/\/www.aliadospuebla.com\/?p=64770#primaryimage"},"image":{"@id":"https:\/\/www.aliadospuebla.com\/?p=64770#primaryimage"},"thumbnailUrl":"https:\/\/www.aliadospuebla.com\/web2017\/wp-content\/uploads\/2021\/11\/071-Feria.jpg","datePublished":"2021-11-12T15:42:35+00:00","author":{"@id":"https:\/\/www.aliadospuebla.com\/#\/schema\/person\/5da7dd09320bd4f392b710017ed5f8ad"},"breadcrumb":{"@id":"https:\/\/www.aliadospuebla.com\/?p=64770#breadcrumb"},"inLanguage":"es","potentialAction":[{"@type":"ReadAction","target":["https:\/\/www.aliadospuebla.com\/?p=64770"]}]},{"@type":"ImageObject","inLanguage":"es","@id":"https:\/\/www.aliadospuebla.com\/?p=64770#primaryimage","url":"https:\/\/www.aliadospuebla.com\/web2017\/wp-content\/uploads\/2021\/11\/071-Feria.jpg","contentUrl":"https:\/\/www.aliadospuebla.com\/web2017\/wp-content\/uploads\/2021\/11\/071-Feria.jpg","width":600,"height":450},{"@type":"BreadcrumbList","@id":"https:\/\/www.aliadospuebla.com\/?p=64770#breadcrumb","itemListElement":[{"@type":"ListItem","position":1,"name":"Portada","item":"https:\/\/www.aliadospuebla.com\/"},{"@type":"ListItem","position":2,"name":"CHIGNAHUAPAN PARA M\u00c9XICO Y EL MUNDO ANUNCIA SU 25 FERIA NACIONAL DEL \u00c1RBOL Y LA ESFERA"}]},{"@type":"WebSite","@id":"https:\/\/www.aliadospuebla.com\/#website","url":"https:\/\/www.aliadospuebla.com\/","name":"AliadosPuebla","description":"La informaci\u00f3n en tus manos","potentialAction":[{"@type":"SearchAction","target":{"@type":"EntryPoint","urlTemplate":"https:\/\/www.aliadospuebla.com\/?s={search_term_string}"},"query-input":{"@type":"PropertyValueSpecification","valueRequired":true,"valueName":"search_term_string"}}],"inLanguage":"es"},{"@type":"Person","@id":"https:\/\/www.aliadospuebla.com\/#\/schema\/person\/5da7dd09320bd4f392b710017ed5f8ad","name":"Aliados17","image":{"@type":"ImageObject","inLanguage":"es","@id":"https:\/\/www.aliadospuebla.com\/web2017\/wp-content\/uploads\/2025\/03\/cropped-para-perfil-8-anos-1-96x96.jpg","url":"https:\/\/www.aliadospuebla.com\/web2017\/wp-content\/uploads\/2025\/03\/cropped-para-perfil-8-anos-1-96x96.jpg","contentUrl":"https:\/\/www.aliadospuebla.com\/web2017\/wp-content\/uploads\/2025\/03\/cropped-para-perfil-8-anos-1-96x96.jpg","caption":"Aliados17"},"sameAs":["https:\/\/www.aliados17.com","https:\/\/www.facebook.com\/Aliados17Pue","https:\/\/x.com\/AliadosPuebla"],"url":"https:\/\/www.aliadospuebla.com\/?author=2"}]}},"views":8,"_links":{"self":[{"href":"https:\/\/www.aliadospuebla.com\/index.php?rest_route=\/wp\/v2\/posts\/64770","targetHints":{"allow":["GET"]}}],"collection":[{"href":"https:\/\/www.aliadospuebla.com\/index.php?rest_route=\/wp\/v2\/posts"}],"about":[{"href":"https:\/\/www.aliadospuebla.com\/index.php?rest_route=\/wp\/v2\/types\/post"}],"author":[{"embeddable":true,"href":"https:\/\/www.aliadospuebla.com\/index.php?rest_route=\/wp\/v2\/users\/2"}],"replies":[{"embeddable":true,"href":"https:\/\/www.aliadospuebla.com\/index.php?rest_route=%2Fwp%2Fv2%2Fcomments&post=64770"}],"version-history":[{"count":1,"href":"https:\/\/www.aliadospuebla.com\/index.php?rest_route=\/wp\/v2\/posts\/64770\/revisions"}],"predecessor-version":[{"id":64772,"href":"https:\/\/www.aliadospuebla.com\/index.php?rest_route=\/wp\/v2\/posts\/64770\/revisions\/64772"}],"wp:featuredmedia":[{"embeddable":true,"href":"https:\/\/www.aliadospuebla.com\/index.php?rest_route=\/wp\/v2\/media\/64771"}],"wp:attachment":[{"href":"https:\/\/www.aliadospuebla.com\/index.php?rest_route=%2Fwp%2Fv2%2Fmedia&parent=64770"}],"wp:term":[{"taxonomy":"category","embeddable":true,"href":"https:\/\/www.aliadospuebla.com\/index.php?rest_route=%2Fwp%2Fv2%2Fcategories&post=64770"},{"taxonomy":"post_tag","embeddable":true,"href":"https:\/\/www.aliadospuebla.com\/index.php?rest_route=%2Fwp%2Fv2%2Ftags&post=64770"}],"curies":[{"name":"wp","href":"https:\/\/api.w.org\/{rel}","templated":true}]}}