{"id":64608,"date":"2021-11-09T18:57:16","date_gmt":"2021-11-10T00:57:16","guid":{"rendered":"https:\/\/www.aliados17.com\/?p=64608"},"modified":"2021-11-09T18:57:16","modified_gmt":"2021-11-10T00:57:16","slug":"alcalde-de-cuautlancingo-filomeno-sarmiento-torres-firma-convenio-con-gobierno-del-estado-para-regularizar-predios","status":"publish","type":"post","link":"https:\/\/www.aliadospuebla.com\/?p=64608","title":{"rendered":"Alcalde de Cuautlancingo, Filomeno Sarmiento Torres firma convenio con gobierno del Estado para regularizar predios"},"content":{"rendered":"<p>CUAUTLANCINGO, Pue.- El presidente municipal, Filomeno Sarmiento Torres,<\/p>\n<p>firm\u00f3 el Convenio de colaboraci\u00f3n para el Programa de Regularizaci\u00f3n de Predios R\u00fasticos,<\/p>\n<p>Urbanos y Suburbanos en el R\u00e9gimen de Propiedad Privada del Estado de Puebla<\/p>\n<p>con el que se busca que los ciudadanos obtengan documentos de propiedad de sus predios,<\/p>\n<p>tener certeza jur\u00eddica y obtener t\u00edtulos de propiedad a bajo costo con tramites sencillos y agiles.<\/p>\n<p>Los ciudadanos que tengan alg\u00fan predio r\u00fastico, urbano o suburbano en Cuautlancingo,<\/p>\n<p>podr\u00e1n acudir a la presidencia municipal en un horario de 9:00 a.m. a 5:00 p.m.<\/p>\n<p>de lunes a viernes para solicitar la inscripci\u00f3n a dicho programa.<\/p>\n<p>Cabe mencionar que la regularizaci\u00f3n de predios aplica para aquellos que se encuentren<br \/>\nen el r\u00e9gimen de propiedad privada, a t\u00edtulo de due\u00f1o, de manera pac\u00edfica, p\u00fablica, continua,<\/p>\n<p>de buena fe, por diez a\u00f1os o m\u00e1s y tambi\u00e9n beneficiar\u00e1 a personas migrantes poblanos<\/p>\n<p>que residan en el extranjero.<\/p>\n<p>No aplica para aquellos predios inscritos en el Registro P\u00fablico de la Propiedad,<\/p>\n<p>cuando el predio pertenecer al r\u00e9gimen de propiedad ejidal, comunal o social<\/p>\n<p>y el predio est\u00e1 ubicado en zonas de riesgo o en \u00e1reas de protecci\u00f3n ecol\u00f3gica.<\/p>\n<p>Los requisitos que se deben presentar en la ventanilla son:<\/p>\n<p>Identificaci\u00f3n oficial vigente (INE, pasaporte, cartilla o acta de nacimiento), CURP,<\/p>\n<p>Comprobante de pago de servicios (recibo de agua, luz o tel\u00e9fono, solo aplica para predios<\/p>\n<p>urbanos y subarbanos), Croquis con referencias (medidas y colindancias a mano alzada),<\/p>\n<p>Formato de Colindantes, Formato de ingreso al programa debidamente requisitado,<\/p>\n<p>Protesta de decir verdad en caso de predios urbanos y suburbanos, y constancia<\/p>\n<p>de que el predio regularizar no se encuentre en zona de riesgo.<\/p>\n","protected":false},"excerpt":{"rendered":"<p>CUAUTLANCINGO, Pue.- El presidente municipal, Filomeno Sarmiento Torres, firm\u00f3 el Convenio de colaboraci\u00f3n para el Programa de Regularizaci\u00f3n de Predios R\u00fasticos, Urbanos y Suburbanos en el R\u00e9gimen de Propiedad Privada del Estado de Puebla con el que se busca que los ciudadanos obtengan documentos de propiedad de sus predios, tener certeza jur\u00eddica y obtener t\u00edtulos de propiedad a bajo costo con tramites sencillos y agiles. Los ciudadanos que tengan alg\u00fan predio r\u00fastico, urbano o suburbano en Cuautlancingo, podr\u00e1n acudir a la presidencia municipal en un horario de 9:00 a.m. a 5:00 p.m. de lunes a viernes para solicitar la inscripci\u00f3n a dicho programa. Cabe mencionar que la regularizaci\u00f3n de predios aplica para aquellos que se encuentren en el r\u00e9gimen de propiedad privada, a t\u00edtulo de&hellip;<\/p>\n<p class=\"excerpt-more\"><a class=\"blog-excerpt button\" href=\"https:\/\/www.aliadospuebla.com\/?p=64608\">Leer m\u00e1s&#8230;<\/a><\/p>\n","protected":false},"author":2,"featured_media":64609,"comment_status":"open","ping_status":"open","sticky":false,"template":"","format":"standard","meta":{"_monsterinsights_skip_tracking":false,"footnotes":""},"categories":[4],"tags":[360,18,3869,9552,9551],"class_list":["post-64608","post","type-post","status-publish","format-standard","has-post-thumbnail","hentry","category-municipios","tag-convenio","tag-cuautlancingo","tag-filomeno-sarmiento-torres","tag-predios","tag-regularizacion"],"yoast_head":"<!-- This site is optimized with the Yoast SEO plugin v28.4 - https:\/\/yoast.com\/product\/yoast-seo-wordpress\/ -->\n<title>Alcalde de Cuautlancingo, Filomeno Sarmiento Torres firma convenio con gobierno del Estado para regularizar predios - AliadosPuebla<\/title>\n<meta name=\"description\" content=\"Firma convenio gobierno municipal de Cuautlancingo con gobierno del estado para regularizar predios r\u00fasticos\" \/>\n<meta name=\"robots\" content=\"index, follow, max-snippet:-1, max-image-preview:large, max-video-preview:-1\" \/>\n<link rel=\"canonical\" href=\"https:\/\/www.aliadospuebla.com\/?p=64608\" \/>\n<meta property=\"og:locale\" content=\"es_ES\" \/>\n<meta property=\"og:type\" content=\"article\" \/>\n<meta property=\"og:title\" content=\"Alcalde de Cuautlancingo, Filomeno Sarmiento Torres firma convenio con gobierno del Estado para regularizar predios - AliadosPuebla\" \/>\n<meta property=\"og:description\" content=\"Firma convenio gobierno municipal de Cuautlancingo con gobierno del estado para regularizar predios r\u00fasticos\" \/>\n<meta property=\"og:url\" content=\"https:\/\/www.aliadospuebla.com\/?p=64608\" \/>\n<meta property=\"og:site_name\" content=\"AliadosPuebla\" \/>\n<meta property=\"article:author\" content=\"https:\/\/www.facebook.com\/Aliados17Pue\" \/>\n<meta property=\"article:published_time\" content=\"2021-11-10T00:57:16+00:00\" \/>\n<meta property=\"og:image\" content=\"https:\/\/www.aliadospuebla.com\/web2017\/wp-content\/uploads\/2021\/11\/040-Cuautlancingo-predios.jpg\" \/>\n\t<meta property=\"og:image:width\" content=\"600\" \/>\n\t<meta property=\"og:image:height\" content=\"450\" \/>\n\t<meta property=\"og:image:type\" content=\"image\/jpeg\" \/>\n<meta name=\"author\" content=\"Aliados17\" \/>\n<meta name=\"twitter:card\" content=\"summary_large_image\" \/>\n<meta name=\"twitter:creator\" content=\"@AliadosPuebla\" \/>\n<meta name=\"twitter:label1\" content=\"Escrito por\" \/>\n\t<meta name=\"twitter:data1\" content=\"Aliados17\" \/>\n\t<meta name=\"twitter:label2\" content=\"Tiempo de lectura\" \/>\n\t<meta name=\"twitter:data2\" content=\"2 minutos\" \/>\n<script type=\"application\/ld+json\" class=\"yoast-schema-graph\">{\"@context\":\"https:\\\/\\\/schema.org\",\"@graph\":[{\"@type\":\"Article\",\"@id\":\"https:\\\/\\\/www.aliadospuebla.com\\\/?p=64608#article\",\"isPartOf\":{\"@id\":\"https:\\\/\\\/www.aliadospuebla.com\\\/?p=64608\"},\"author\":{\"name\":\"Aliados17\",\"@id\":\"https:\\\/\\\/www.aliadospuebla.com\\\/#\\\/schema\\\/person\\\/5da7dd09320bd4f392b710017ed5f8ad\"},\"headline\":\"Alcalde de Cuautlancingo, Filomeno Sarmiento Torres firma convenio con gobierno del Estado para regularizar predios\",\"datePublished\":\"2021-11-10T00:57:16+00:00\",\"mainEntityOfPage\":{\"@id\":\"https:\\\/\\\/www.aliadospuebla.com\\\/?p=64608\"},\"wordCount\":315,\"commentCount\":0,\"image\":{\"@id\":\"https:\\\/\\\/www.aliadospuebla.com\\\/?p=64608#primaryimage\"},\"thumbnailUrl\":\"https:\\\/\\\/www.aliadospuebla.com\\\/web2017\\\/wp-content\\\/uploads\\\/2021\\\/11\\\/040-Cuautlancingo-predios.jpg\",\"keywords\":[\"CONVENIO\",\"Cuautlancingo\",\"FILOMENO SARMIENTO TORRES\",\"predios\",\"regularizaci\u00f3n\"],\"articleSection\":[\"Municipios\"],\"inLanguage\":\"es\",\"potentialAction\":[{\"@type\":\"CommentAction\",\"name\":\"Comment\",\"target\":[\"https:\\\/\\\/www.aliadospuebla.com\\\/?p=64608#respond\"]}]},{\"@type\":\"WebPage\",\"@id\":\"https:\\\/\\\/www.aliadospuebla.com\\\/?p=64608\",\"url\":\"https:\\\/\\\/www.aliadospuebla.com\\\/?p=64608\",\"name\":\"Alcalde de Cuautlancingo, Filomeno Sarmiento Torres firma convenio con gobierno del Estado para regularizar predios - AliadosPuebla\",\"isPartOf\":{\"@id\":\"https:\\\/\\\/www.aliadospuebla.com\\\/#website\"},\"primaryImageOfPage\":{\"@id\":\"https:\\\/\\\/www.aliadospuebla.com\\\/?p=64608#primaryimage\"},\"image\":{\"@id\":\"https:\\\/\\\/www.aliadospuebla.com\\\/?p=64608#primaryimage\"},\"thumbnailUrl\":\"https:\\\/\\\/www.aliadospuebla.com\\\/web2017\\\/wp-content\\\/uploads\\\/2021\\\/11\\\/040-Cuautlancingo-predios.jpg\",\"datePublished\":\"2021-11-10T00:57:16+00:00\",\"author\":{\"@id\":\"https:\\\/\\\/www.aliadospuebla.com\\\/#\\\/schema\\\/person\\\/5da7dd09320bd4f392b710017ed5f8ad\"},\"description\":\"Firma convenio gobierno municipal de Cuautlancingo con gobierno del estado para regularizar predios r\u00fasticos\",\"breadcrumb\":{\"@id\":\"https:\\\/\\\/www.aliadospuebla.com\\\/?p=64608#breadcrumb\"},\"inLanguage\":\"es\",\"potentialAction\":[{\"@type\":\"ReadAction\",\"target\":[\"https:\\\/\\\/www.aliadospuebla.com\\\/?p=64608\"]}]},{\"@type\":\"ImageObject\",\"inLanguage\":\"es\",\"@id\":\"https:\\\/\\\/www.aliadospuebla.com\\\/?p=64608#primaryimage\",\"url\":\"https:\\\/\\\/www.aliadospuebla.com\\\/web2017\\\/wp-content\\\/uploads\\\/2021\\\/11\\\/040-Cuautlancingo-predios.jpg\",\"contentUrl\":\"https:\\\/\\\/www.aliadospuebla.com\\\/web2017\\\/wp-content\\\/uploads\\\/2021\\\/11\\\/040-Cuautlancingo-predios.jpg\",\"width\":600,\"height\":450},{\"@type\":\"BreadcrumbList\",\"@id\":\"https:\\\/\\\/www.aliadospuebla.com\\\/?p=64608#breadcrumb\",\"itemListElement\":[{\"@type\":\"ListItem\",\"position\":1,\"name\":\"Portada\",\"item\":\"https:\\\/\\\/www.aliadospuebla.com\\\/\"},{\"@type\":\"ListItem\",\"position\":2,\"name\":\"Alcalde de Cuautlancingo, Filomeno Sarmiento Torres firma convenio con gobierno del Estado para regularizar predios\"}]},{\"@type\":\"WebSite\",\"@id\":\"https:\\\/\\\/www.aliadospuebla.com\\\/#website\",\"url\":\"https:\\\/\\\/www.aliadospuebla.com\\\/\",\"name\":\"AliadosPuebla\",\"description\":\"La informaci\u00f3n en tus manos\",\"potentialAction\":[{\"@type\":\"SearchAction\",\"target\":{\"@type\":\"EntryPoint\",\"urlTemplate\":\"https:\\\/\\\/www.aliadospuebla.com\\\/?s={search_term_string}\"},\"query-input\":{\"@type\":\"PropertyValueSpecification\",\"valueRequired\":true,\"valueName\":\"search_term_string\"}}],\"inLanguage\":\"es\"},{\"@type\":\"Person\",\"@id\":\"https:\\\/\\\/www.aliadospuebla.com\\\/#\\\/schema\\\/person\\\/5da7dd09320bd4f392b710017ed5f8ad\",\"name\":\"Aliados17\",\"image\":{\"@type\":\"ImageObject\",\"inLanguage\":\"es\",\"@id\":\"https:\\\/\\\/www.aliadospuebla.com\\\/web2017\\\/wp-content\\\/uploads\\\/2025\\\/03\\\/cropped-para-perfil-8-anos-1-96x96.jpg\",\"url\":\"https:\\\/\\\/www.aliadospuebla.com\\\/web2017\\\/wp-content\\\/uploads\\\/2025\\\/03\\\/cropped-para-perfil-8-anos-1-96x96.jpg\",\"contentUrl\":\"https:\\\/\\\/www.aliadospuebla.com\\\/web2017\\\/wp-content\\\/uploads\\\/2025\\\/03\\\/cropped-para-perfil-8-anos-1-96x96.jpg\",\"caption\":\"Aliados17\"},\"sameAs\":[\"https:\\\/\\\/www.aliados17.com\",\"https:\\\/\\\/www.facebook.com\\\/Aliados17Pue\",\"https:\\\/\\\/x.com\\\/AliadosPuebla\"],\"url\":\"https:\\\/\\\/www.aliadospuebla.com\\\/?author=2\"}]}<\/script>\n<!-- \/ Yoast SEO plugin. -->","yoast_head_json":{"title":"Alcalde de Cuautlancingo, Filomeno Sarmiento Torres firma convenio con gobierno del Estado para regularizar predios - AliadosPuebla","description":"Firma convenio gobierno municipal de Cuautlancingo con gobierno del estado para regularizar predios r\u00fasticos","robots":{"index":"index","follow":"follow","max-snippet":"max-snippet:-1","max-image-preview":"max-image-preview:large","max-video-preview":"max-video-preview:-1"},"canonical":"https:\/\/www.aliadospuebla.com\/?p=64608","og_locale":"es_ES","og_type":"article","og_title":"Alcalde de Cuautlancingo, Filomeno Sarmiento Torres firma convenio con gobierno del Estado para regularizar predios - AliadosPuebla","og_description":"Firma convenio gobierno municipal de Cuautlancingo con gobierno del estado para regularizar predios r\u00fasticos","og_url":"https:\/\/www.aliadospuebla.com\/?p=64608","og_site_name":"AliadosPuebla","article_author":"https:\/\/www.facebook.com\/Aliados17Pue","article_published_time":"2021-11-10T00:57:16+00:00","og_image":[{"width":600,"height":450,"url":"https:\/\/www.aliadospuebla.com\/web2017\/wp-content\/uploads\/2021\/11\/040-Cuautlancingo-predios.jpg","type":"image\/jpeg"}],"author":"Aliados17","twitter_card":"summary_large_image","twitter_creator":"@AliadosPuebla","twitter_misc":{"Escrito por":"Aliados17","Tiempo de lectura":"2 minutos"},"schema":{"@context":"https:\/\/schema.org","@graph":[{"@type":"Article","@id":"https:\/\/www.aliadospuebla.com\/?p=64608#article","isPartOf":{"@id":"https:\/\/www.aliadospuebla.com\/?p=64608"},"author":{"name":"Aliados17","@id":"https:\/\/www.aliadospuebla.com\/#\/schema\/person\/5da7dd09320bd4f392b710017ed5f8ad"},"headline":"Alcalde de Cuautlancingo, Filomeno Sarmiento Torres firma convenio con gobierno del Estado para regularizar predios","datePublished":"2021-11-10T00:57:16+00:00","mainEntityOfPage":{"@id":"https:\/\/www.aliadospuebla.com\/?p=64608"},"wordCount":315,"commentCount":0,"image":{"@id":"https:\/\/www.aliadospuebla.com\/?p=64608#primaryimage"},"thumbnailUrl":"https:\/\/www.aliadospuebla.com\/web2017\/wp-content\/uploads\/2021\/11\/040-Cuautlancingo-predios.jpg","keywords":["CONVENIO","Cuautlancingo","FILOMENO SARMIENTO TORRES","predios","regularizaci\u00f3n"],"articleSection":["Municipios"],"inLanguage":"es","potentialAction":[{"@type":"CommentAction","name":"Comment","target":["https:\/\/www.aliadospuebla.com\/?p=64608#respond"]}]},{"@type":"WebPage","@id":"https:\/\/www.aliadospuebla.com\/?p=64608","url":"https:\/\/www.aliadospuebla.com\/?p=64608","name":"Alcalde de Cuautlancingo, Filomeno Sarmiento Torres firma convenio con gobierno del Estado para regularizar predios - AliadosPuebla","isPartOf":{"@id":"https:\/\/www.aliadospuebla.com\/#website"},"primaryImageOfPage":{"@id":"https:\/\/www.aliadospuebla.com\/?p=64608#primaryimage"},"image":{"@id":"https:\/\/www.aliadospuebla.com\/?p=64608#primaryimage"},"thumbnailUrl":"https:\/\/www.aliadospuebla.com\/web2017\/wp-content\/uploads\/2021\/11\/040-Cuautlancingo-predios.jpg","datePublished":"2021-11-10T00:57:16+00:00","author":{"@id":"https:\/\/www.aliadospuebla.com\/#\/schema\/person\/5da7dd09320bd4f392b710017ed5f8ad"},"description":"Firma convenio gobierno municipal de Cuautlancingo con gobierno del estado para regularizar predios r\u00fasticos","breadcrumb":{"@id":"https:\/\/www.aliadospuebla.com\/?p=64608#breadcrumb"},"inLanguage":"es","potentialAction":[{"@type":"ReadAction","target":["https:\/\/www.aliadospuebla.com\/?p=64608"]}]},{"@type":"ImageObject","inLanguage":"es","@id":"https:\/\/www.aliadospuebla.com\/?p=64608#primaryimage","url":"https:\/\/www.aliadospuebla.com\/web2017\/wp-content\/uploads\/2021\/11\/040-Cuautlancingo-predios.jpg","contentUrl":"https:\/\/www.aliadospuebla.com\/web2017\/wp-content\/uploads\/2021\/11\/040-Cuautlancingo-predios.jpg","width":600,"height":450},{"@type":"BreadcrumbList","@id":"https:\/\/www.aliadospuebla.com\/?p=64608#breadcrumb","itemListElement":[{"@type":"ListItem","position":1,"name":"Portada","item":"https:\/\/www.aliadospuebla.com\/"},{"@type":"ListItem","position":2,"name":"Alcalde de Cuautlancingo, Filomeno Sarmiento Torres firma convenio con gobierno del Estado para regularizar predios"}]},{"@type":"WebSite","@id":"https:\/\/www.aliadospuebla.com\/#website","url":"https:\/\/www.aliadospuebla.com\/","name":"AliadosPuebla","description":"La informaci\u00f3n en tus manos","potentialAction":[{"@type":"SearchAction","target":{"@type":"EntryPoint","urlTemplate":"https:\/\/www.aliadospuebla.com\/?s={search_term_string}"},"query-input":{"@type":"PropertyValueSpecification","valueRequired":true,"valueName":"search_term_string"}}],"inLanguage":"es"},{"@type":"Person","@id":"https:\/\/www.aliadospuebla.com\/#\/schema\/person\/5da7dd09320bd4f392b710017ed5f8ad","name":"Aliados17","image":{"@type":"ImageObject","inLanguage":"es","@id":"https:\/\/www.aliadospuebla.com\/web2017\/wp-content\/uploads\/2025\/03\/cropped-para-perfil-8-anos-1-96x96.jpg","url":"https:\/\/www.aliadospuebla.com\/web2017\/wp-content\/uploads\/2025\/03\/cropped-para-perfil-8-anos-1-96x96.jpg","contentUrl":"https:\/\/www.aliadospuebla.com\/web2017\/wp-content\/uploads\/2025\/03\/cropped-para-perfil-8-anos-1-96x96.jpg","caption":"Aliados17"},"sameAs":["https:\/\/www.aliados17.com","https:\/\/www.facebook.com\/Aliados17Pue","https:\/\/x.com\/AliadosPuebla"],"url":"https:\/\/www.aliadospuebla.com\/?author=2"}]}},"views":10,"_links":{"self":[{"href":"https:\/\/www.aliadospuebla.com\/index.php?rest_route=\/wp\/v2\/posts\/64608","targetHints":{"allow":["GET"]}}],"collection":[{"href":"https:\/\/www.aliadospuebla.com\/index.php?rest_route=\/wp\/v2\/posts"}],"about":[{"href":"https:\/\/www.aliadospuebla.com\/index.php?rest_route=\/wp\/v2\/types\/post"}],"author":[{"embeddable":true,"href":"https:\/\/www.aliadospuebla.com\/index.php?rest_route=\/wp\/v2\/users\/2"}],"replies":[{"embeddable":true,"href":"https:\/\/www.aliadospuebla.com\/index.php?rest_route=%2Fwp%2Fv2%2Fcomments&post=64608"}],"version-history":[{"count":1,"href":"https:\/\/www.aliadospuebla.com\/index.php?rest_route=\/wp\/v2\/posts\/64608\/revisions"}],"predecessor-version":[{"id":64610,"href":"https:\/\/www.aliadospuebla.com\/index.php?rest_route=\/wp\/v2\/posts\/64608\/revisions\/64610"}],"wp:featuredmedia":[{"embeddable":true,"href":"https:\/\/www.aliadospuebla.com\/index.php?rest_route=\/wp\/v2\/media\/64609"}],"wp:attachment":[{"href":"https:\/\/www.aliadospuebla.com\/index.php?rest_route=%2Fwp%2Fv2%2Fmedia&parent=64608"}],"wp:term":[{"taxonomy":"category","embeddable":true,"href":"https:\/\/www.aliadospuebla.com\/index.php?rest_route=%2Fwp%2Fv2%2Fcategories&post=64608"},{"taxonomy":"post_tag","embeddable":true,"href":"https:\/\/www.aliadospuebla.com\/index.php?rest_route=%2Fwp%2Fv2%2Ftags&post=64608"}],"curies":[{"name":"wp","href":"https:\/\/api.w.org\/{rel}","templated":true}]}}