{"id":64469,"date":"2021-11-08T15:41:15","date_gmt":"2021-11-08T21:41:15","guid":{"rendered":"https:\/\/www.aliados17.com\/?p=64469"},"modified":"2021-11-08T15:41:15","modified_gmt":"2021-11-08T21:41:15","slug":"promueve-eduaro-rivera-mayor-transparencia-en-el-ayuntamiento-de-puebla","status":"publish","type":"post","link":"https:\/\/www.aliadospuebla.com\/?p=64469","title":{"rendered":"PROMUEVE EDUARO RIVERA MAYOR TRANSPARENCIA EN EL AYUNTAMIENTO DE PUEBLA"},"content":{"rendered":"<p>La Coordinaci\u00f3n General<\/p>\n<p>de Transparencia<\/p>\n<p>del municipio capitalino<\/p>\n<p>y el Comit\u00e9 Ciudadano<\/p>\n<p>del Sistema Estatal<\/p>\n<p>Anticorrupci\u00f3n<\/p>\n<p>firmaron un convenio<\/p>\n<p>de colaboraci\u00f3n.<\/p>\n<p>Eduardo Rivera P\u00e9rez,<\/p>\n<p>Presidente Municipal de Puebla,<\/p>\n<p>firm\u00f3 a nombre<\/p>\n<p>del Ayuntamiento de Puebla<\/p>\n<p>un convenio<\/p>\n<p>de colaboraci\u00f3n para trabajar<\/p>\n<p>de forma conjunta<\/p>\n<p>con el Comit\u00e9 Estatal<\/p>\n<p>de Participaci\u00f3n Ciudadana (CEPC)<\/p>\n<p>del Sistema Estatal<\/p>\n<p>Anticorrupci\u00f3n (SEA).<\/p>\n<p>Con la r\u00fabrica<\/p>\n<p>del documento<\/p>\n<p>se fortalecen los lazos<\/p>\n<p>institucionales<\/p>\n<p>para garantizar mecanismos<\/p>\n<p>de integridad, legalidad<\/p>\n<p>y rendici\u00f3n<\/p>\n<p>de cuentas en la administraci\u00f3n<\/p>\n<p>p\u00fablica municipal capitalina.<\/p>\n<p>Adem\u00e1s del mun\u00edcipe<\/p>\n<p>Eduardo Rivera P\u00e9rez, por parte<\/p>\n<p>del gobierno local poblano<\/p>\n<p>participaron Luz del Carmen Rosillo Mart\u00ednez,<\/p>\n<p>Coordinadora General de Transparencia,<\/p>\n<p>y Alejandra Escand\u00f3n Torres,<\/p>\n<p>titular de la Contralor\u00eda Municipal;<\/p>\n<p>mientras que<\/p>\n<p>de la representaci\u00f3n ciudadana<\/p>\n<p>del SEA intervinieron<\/p>\n<p>Mary Carmen Leyva Bathory,<\/p>\n<p>presidenta del CEPC;<\/p>\n<p>as\u00ed como Eira Zago Castro,<\/p>\n<p>Francisco Javier Mariscal Magdaleno<\/p>\n<p>y Jos\u00e9 Alejandro Guill\u00e9n,<\/p>\n<p>integrantes del Comit\u00e9.<\/p>\n","protected":false},"excerpt":{"rendered":"<p>La Coordinaci\u00f3n General de Transparencia del municipio capitalino y el Comit\u00e9 Ciudadano del Sistema Estatal Anticorrupci\u00f3n firmaron un convenio de colaboraci\u00f3n. Eduardo Rivera P\u00e9rez, Presidente Municipal de Puebla, firm\u00f3 a nombre del Ayuntamiento de Puebla un convenio de colaboraci\u00f3n para trabajar de forma conjunta con el Comit\u00e9 Estatal de Participaci\u00f3n Ciudadana (CEPC) del Sistema Estatal Anticorrupci\u00f3n (SEA). Con la r\u00fabrica del documento se fortalecen los lazos institucionales para garantizar mecanismos de integridad, legalidad y rendici\u00f3n de cuentas en la administraci\u00f3n p\u00fablica municipal capitalina. Adem\u00e1s del mun\u00edcipe Eduardo Rivera P\u00e9rez, por parte del gobierno local poblano participaron Luz del Carmen Rosillo Mart\u00ednez, Coordinadora General de Transparencia, y Alejandra Escand\u00f3n Torres, titular de la Contralor\u00eda Municipal; mientras que de la representaci\u00f3n ciudadana del SEA intervinieron Mary Carmen&hellip;<\/p>\n<p class=\"excerpt-more\"><a class=\"blog-excerpt button\" href=\"https:\/\/www.aliadospuebla.com\/?p=64469\">Leer m\u00e1s&#8230;<\/a><\/p>\n","protected":false},"author":2,"featured_media":64474,"comment_status":"open","ping_status":"open","sticky":false,"template":"","format":"standard","meta":{"_monsterinsights_skip_tracking":false,"footnotes":""},"categories":[62],"tags":[499,8343,360,13593,4527,2936,551],"class_list":["post-64469","post","type-post","status-publish","format-standard","has-post-thumbnail","hentry","category-capital","tag-anticorrupcion","tag-cepc","tag-convenio","tag-convenio-con-hospital-imss","tag-eduardo-rivera-perez","tag-rendicion-de-cuentas","tag-transparencia"],"yoast_head":"<!-- This site is optimized with the Yoast SEO plugin v28.3 - https:\/\/yoast.com\/product\/yoast-seo-wordpress\/ -->\n<title>PROMUEVE EDUARO RIVERA MAYOR TRANSPARENCIA EN EL AYUNTAMIENTO DE PUEBLA - AliadosPuebla<\/title>\n<meta name=\"description\" content=\"Firmo el edil capitalino Eduardo Rivera P\u00e9rez convenio de transparencia con la CEPC y el comit\u00e9 estatal anticorrupci\u00f3n (SEA).\" \/>\n<meta name=\"robots\" content=\"index, follow, max-snippet:-1, max-image-preview:large, max-video-preview:-1\" \/>\n<link rel=\"canonical\" href=\"https:\/\/www.aliadospuebla.com\/?p=64469\" \/>\n<meta property=\"og:locale\" content=\"es_ES\" \/>\n<meta property=\"og:type\" content=\"article\" \/>\n<meta property=\"og:title\" content=\"PROMUEVE EDUARO RIVERA MAYOR TRANSPARENCIA EN EL AYUNTAMIENTO DE PUEBLA - AliadosPuebla\" \/>\n<meta property=\"og:description\" content=\"Firmo el edil capitalino Eduardo Rivera P\u00e9rez convenio de transparencia con la CEPC y el comit\u00e9 estatal anticorrupci\u00f3n (SEA).\" \/>\n<meta property=\"og:url\" content=\"https:\/\/www.aliadospuebla.com\/?p=64469\" \/>\n<meta property=\"og:site_name\" content=\"AliadosPuebla\" \/>\n<meta property=\"article:author\" content=\"https:\/\/www.facebook.com\/Aliados17Pue\" \/>\n<meta property=\"article:published_time\" content=\"2021-11-08T21:41:15+00:00\" \/>\n<meta property=\"og:image\" content=\"https:\/\/www.aliadospuebla.com\/web2017\/wp-content\/uploads\/2021\/11\/017-convenio.jpg\" \/>\n\t<meta property=\"og:image:width\" content=\"600\" \/>\n\t<meta property=\"og:image:height\" content=\"450\" \/>\n\t<meta property=\"og:image:type\" content=\"image\/jpeg\" \/>\n<meta name=\"author\" content=\"Aliados17\" \/>\n<meta name=\"twitter:card\" content=\"summary_large_image\" \/>\n<meta name=\"twitter:creator\" content=\"@AliadosPuebla\" \/>\n<meta name=\"twitter:label1\" content=\"Escrito por\" \/>\n\t<meta name=\"twitter:data1\" content=\"Aliados17\" \/>\n\t<meta name=\"twitter:label2\" content=\"Tiempo de lectura\" \/>\n\t<meta name=\"twitter:data2\" content=\"1 minuto\" \/>\n<script type=\"application\/ld+json\" class=\"yoast-schema-graph\">{\"@context\":\"https:\\\/\\\/schema.org\",\"@graph\":[{\"@type\":\"Article\",\"@id\":\"https:\\\/\\\/www.aliadospuebla.com\\\/?p=64469#article\",\"isPartOf\":{\"@id\":\"https:\\\/\\\/www.aliadospuebla.com\\\/?p=64469\"},\"author\":{\"name\":\"Aliados17\",\"@id\":\"https:\\\/\\\/www.aliadospuebla.com\\\/#\\\/schema\\\/person\\\/5da7dd09320bd4f392b710017ed5f8ad\"},\"headline\":\"PROMUEVE EDUARO RIVERA MAYOR TRANSPARENCIA EN EL AYUNTAMIENTO DE PUEBLA\",\"datePublished\":\"2021-11-08T21:41:15+00:00\",\"mainEntityOfPage\":{\"@id\":\"https:\\\/\\\/www.aliadospuebla.com\\\/?p=64469\"},\"wordCount\":175,\"commentCount\":0,\"image\":{\"@id\":\"https:\\\/\\\/www.aliadospuebla.com\\\/?p=64469#primaryimage\"},\"thumbnailUrl\":\"https:\\\/\\\/www.aliadospuebla.com\\\/web2017\\\/wp-content\\\/uploads\\\/2021\\\/11\\\/017-convenio.jpg\",\"keywords\":[\"ANTICORRUPCI\u00d3N\",\"CEPC\",\"CONVENIO\",\"Convenio con Hospital IMSS\",\"EDUARDO RIVERA P\u00c9REZ\",\"RENDICI\u00d3N DE CUENTAS\",\"TRANSPARENCIA\"],\"articleSection\":[\"Capital\"],\"inLanguage\":\"es\",\"potentialAction\":[{\"@type\":\"CommentAction\",\"name\":\"Comment\",\"target\":[\"https:\\\/\\\/www.aliadospuebla.com\\\/?p=64469#respond\"]}]},{\"@type\":\"WebPage\",\"@id\":\"https:\\\/\\\/www.aliadospuebla.com\\\/?p=64469\",\"url\":\"https:\\\/\\\/www.aliadospuebla.com\\\/?p=64469\",\"name\":\"PROMUEVE EDUARO RIVERA MAYOR TRANSPARENCIA EN EL AYUNTAMIENTO DE PUEBLA - AliadosPuebla\",\"isPartOf\":{\"@id\":\"https:\\\/\\\/www.aliadospuebla.com\\\/#website\"},\"primaryImageOfPage\":{\"@id\":\"https:\\\/\\\/www.aliadospuebla.com\\\/?p=64469#primaryimage\"},\"image\":{\"@id\":\"https:\\\/\\\/www.aliadospuebla.com\\\/?p=64469#primaryimage\"},\"thumbnailUrl\":\"https:\\\/\\\/www.aliadospuebla.com\\\/web2017\\\/wp-content\\\/uploads\\\/2021\\\/11\\\/017-convenio.jpg\",\"datePublished\":\"2021-11-08T21:41:15+00:00\",\"author\":{\"@id\":\"https:\\\/\\\/www.aliadospuebla.com\\\/#\\\/schema\\\/person\\\/5da7dd09320bd4f392b710017ed5f8ad\"},\"description\":\"Firmo el edil capitalino Eduardo Rivera P\u00e9rez convenio de transparencia con la CEPC y el comit\u00e9 estatal anticorrupci\u00f3n (SEA).\",\"breadcrumb\":{\"@id\":\"https:\\\/\\\/www.aliadospuebla.com\\\/?p=64469#breadcrumb\"},\"inLanguage\":\"es\",\"potentialAction\":[{\"@type\":\"ReadAction\",\"target\":[\"https:\\\/\\\/www.aliadospuebla.com\\\/?p=64469\"]}]},{\"@type\":\"ImageObject\",\"inLanguage\":\"es\",\"@id\":\"https:\\\/\\\/www.aliadospuebla.com\\\/?p=64469#primaryimage\",\"url\":\"https:\\\/\\\/www.aliadospuebla.com\\\/web2017\\\/wp-content\\\/uploads\\\/2021\\\/11\\\/017-convenio.jpg\",\"contentUrl\":\"https:\\\/\\\/www.aliadospuebla.com\\\/web2017\\\/wp-content\\\/uploads\\\/2021\\\/11\\\/017-convenio.jpg\",\"width\":600,\"height\":450},{\"@type\":\"BreadcrumbList\",\"@id\":\"https:\\\/\\\/www.aliadospuebla.com\\\/?p=64469#breadcrumb\",\"itemListElement\":[{\"@type\":\"ListItem\",\"position\":1,\"name\":\"Portada\",\"item\":\"https:\\\/\\\/www.aliadospuebla.com\\\/\"},{\"@type\":\"ListItem\",\"position\":2,\"name\":\"PROMUEVE EDUARO RIVERA MAYOR TRANSPARENCIA EN EL AYUNTAMIENTO DE PUEBLA\"}]},{\"@type\":\"WebSite\",\"@id\":\"https:\\\/\\\/www.aliadospuebla.com\\\/#website\",\"url\":\"https:\\\/\\\/www.aliadospuebla.com\\\/\",\"name\":\"AliadosPuebla\",\"description\":\"La informaci\u00f3n en tus manos\",\"potentialAction\":[{\"@type\":\"SearchAction\",\"target\":{\"@type\":\"EntryPoint\",\"urlTemplate\":\"https:\\\/\\\/www.aliadospuebla.com\\\/?s={search_term_string}\"},\"query-input\":{\"@type\":\"PropertyValueSpecification\",\"valueRequired\":true,\"valueName\":\"search_term_string\"}}],\"inLanguage\":\"es\"},{\"@type\":\"Person\",\"@id\":\"https:\\\/\\\/www.aliadospuebla.com\\\/#\\\/schema\\\/person\\\/5da7dd09320bd4f392b710017ed5f8ad\",\"name\":\"Aliados17\",\"image\":{\"@type\":\"ImageObject\",\"inLanguage\":\"es\",\"@id\":\"https:\\\/\\\/www.aliadospuebla.com\\\/web2017\\\/wp-content\\\/uploads\\\/2025\\\/03\\\/cropped-para-perfil-8-anos-1-96x96.jpg\",\"url\":\"https:\\\/\\\/www.aliadospuebla.com\\\/web2017\\\/wp-content\\\/uploads\\\/2025\\\/03\\\/cropped-para-perfil-8-anos-1-96x96.jpg\",\"contentUrl\":\"https:\\\/\\\/www.aliadospuebla.com\\\/web2017\\\/wp-content\\\/uploads\\\/2025\\\/03\\\/cropped-para-perfil-8-anos-1-96x96.jpg\",\"caption\":\"Aliados17\"},\"sameAs\":[\"https:\\\/\\\/www.aliados17.com\",\"https:\\\/\\\/www.facebook.com\\\/Aliados17Pue\",\"https:\\\/\\\/x.com\\\/AliadosPuebla\"],\"url\":\"https:\\\/\\\/www.aliadospuebla.com\\\/?author=2\"}]}<\/script>\n<!-- \/ Yoast SEO plugin. -->","yoast_head_json":{"title":"PROMUEVE EDUARO RIVERA MAYOR TRANSPARENCIA EN EL AYUNTAMIENTO DE PUEBLA - AliadosPuebla","description":"Firmo el edil capitalino Eduardo Rivera P\u00e9rez convenio de transparencia con la CEPC y el comit\u00e9 estatal anticorrupci\u00f3n (SEA).","robots":{"index":"index","follow":"follow","max-snippet":"max-snippet:-1","max-image-preview":"max-image-preview:large","max-video-preview":"max-video-preview:-1"},"canonical":"https:\/\/www.aliadospuebla.com\/?p=64469","og_locale":"es_ES","og_type":"article","og_title":"PROMUEVE EDUARO RIVERA MAYOR TRANSPARENCIA EN EL AYUNTAMIENTO DE PUEBLA - AliadosPuebla","og_description":"Firmo el edil capitalino Eduardo Rivera P\u00e9rez convenio de transparencia con la CEPC y el comit\u00e9 estatal anticorrupci\u00f3n (SEA).","og_url":"https:\/\/www.aliadospuebla.com\/?p=64469","og_site_name":"AliadosPuebla","article_author":"https:\/\/www.facebook.com\/Aliados17Pue","article_published_time":"2021-11-08T21:41:15+00:00","og_image":[{"width":600,"height":450,"url":"https:\/\/www.aliadospuebla.com\/web2017\/wp-content\/uploads\/2021\/11\/017-convenio.jpg","type":"image\/jpeg"}],"author":"Aliados17","twitter_card":"summary_large_image","twitter_creator":"@AliadosPuebla","twitter_misc":{"Escrito por":"Aliados17","Tiempo de lectura":"1 minuto"},"schema":{"@context":"https:\/\/schema.org","@graph":[{"@type":"Article","@id":"https:\/\/www.aliadospuebla.com\/?p=64469#article","isPartOf":{"@id":"https:\/\/www.aliadospuebla.com\/?p=64469"},"author":{"name":"Aliados17","@id":"https:\/\/www.aliadospuebla.com\/#\/schema\/person\/5da7dd09320bd4f392b710017ed5f8ad"},"headline":"PROMUEVE EDUARO RIVERA MAYOR TRANSPARENCIA EN EL AYUNTAMIENTO DE PUEBLA","datePublished":"2021-11-08T21:41:15+00:00","mainEntityOfPage":{"@id":"https:\/\/www.aliadospuebla.com\/?p=64469"},"wordCount":175,"commentCount":0,"image":{"@id":"https:\/\/www.aliadospuebla.com\/?p=64469#primaryimage"},"thumbnailUrl":"https:\/\/www.aliadospuebla.com\/web2017\/wp-content\/uploads\/2021\/11\/017-convenio.jpg","keywords":["ANTICORRUPCI\u00d3N","CEPC","CONVENIO","Convenio con Hospital IMSS","EDUARDO RIVERA P\u00c9REZ","RENDICI\u00d3N DE CUENTAS","TRANSPARENCIA"],"articleSection":["Capital"],"inLanguage":"es","potentialAction":[{"@type":"CommentAction","name":"Comment","target":["https:\/\/www.aliadospuebla.com\/?p=64469#respond"]}]},{"@type":"WebPage","@id":"https:\/\/www.aliadospuebla.com\/?p=64469","url":"https:\/\/www.aliadospuebla.com\/?p=64469","name":"PROMUEVE EDUARO RIVERA MAYOR TRANSPARENCIA EN EL AYUNTAMIENTO DE PUEBLA - AliadosPuebla","isPartOf":{"@id":"https:\/\/www.aliadospuebla.com\/#website"},"primaryImageOfPage":{"@id":"https:\/\/www.aliadospuebla.com\/?p=64469#primaryimage"},"image":{"@id":"https:\/\/www.aliadospuebla.com\/?p=64469#primaryimage"},"thumbnailUrl":"https:\/\/www.aliadospuebla.com\/web2017\/wp-content\/uploads\/2021\/11\/017-convenio.jpg","datePublished":"2021-11-08T21:41:15+00:00","author":{"@id":"https:\/\/www.aliadospuebla.com\/#\/schema\/person\/5da7dd09320bd4f392b710017ed5f8ad"},"description":"Firmo el edil capitalino Eduardo Rivera P\u00e9rez convenio de transparencia con la CEPC y el comit\u00e9 estatal anticorrupci\u00f3n (SEA).","breadcrumb":{"@id":"https:\/\/www.aliadospuebla.com\/?p=64469#breadcrumb"},"inLanguage":"es","potentialAction":[{"@type":"ReadAction","target":["https:\/\/www.aliadospuebla.com\/?p=64469"]}]},{"@type":"ImageObject","inLanguage":"es","@id":"https:\/\/www.aliadospuebla.com\/?p=64469#primaryimage","url":"https:\/\/www.aliadospuebla.com\/web2017\/wp-content\/uploads\/2021\/11\/017-convenio.jpg","contentUrl":"https:\/\/www.aliadospuebla.com\/web2017\/wp-content\/uploads\/2021\/11\/017-convenio.jpg","width":600,"height":450},{"@type":"BreadcrumbList","@id":"https:\/\/www.aliadospuebla.com\/?p=64469#breadcrumb","itemListElement":[{"@type":"ListItem","position":1,"name":"Portada","item":"https:\/\/www.aliadospuebla.com\/"},{"@type":"ListItem","position":2,"name":"PROMUEVE EDUARO RIVERA MAYOR TRANSPARENCIA EN EL AYUNTAMIENTO DE PUEBLA"}]},{"@type":"WebSite","@id":"https:\/\/www.aliadospuebla.com\/#website","url":"https:\/\/www.aliadospuebla.com\/","name":"AliadosPuebla","description":"La informaci\u00f3n en tus manos","potentialAction":[{"@type":"SearchAction","target":{"@type":"EntryPoint","urlTemplate":"https:\/\/www.aliadospuebla.com\/?s={search_term_string}"},"query-input":{"@type":"PropertyValueSpecification","valueRequired":true,"valueName":"search_term_string"}}],"inLanguage":"es"},{"@type":"Person","@id":"https:\/\/www.aliadospuebla.com\/#\/schema\/person\/5da7dd09320bd4f392b710017ed5f8ad","name":"Aliados17","image":{"@type":"ImageObject","inLanguage":"es","@id":"https:\/\/www.aliadospuebla.com\/web2017\/wp-content\/uploads\/2025\/03\/cropped-para-perfil-8-anos-1-96x96.jpg","url":"https:\/\/www.aliadospuebla.com\/web2017\/wp-content\/uploads\/2025\/03\/cropped-para-perfil-8-anos-1-96x96.jpg","contentUrl":"https:\/\/www.aliadospuebla.com\/web2017\/wp-content\/uploads\/2025\/03\/cropped-para-perfil-8-anos-1-96x96.jpg","caption":"Aliados17"},"sameAs":["https:\/\/www.aliados17.com","https:\/\/www.facebook.com\/Aliados17Pue","https:\/\/x.com\/AliadosPuebla"],"url":"https:\/\/www.aliadospuebla.com\/?author=2"}]}},"views":8,"_links":{"self":[{"href":"https:\/\/www.aliadospuebla.com\/index.php?rest_route=\/wp\/v2\/posts\/64469","targetHints":{"allow":["GET"]}}],"collection":[{"href":"https:\/\/www.aliadospuebla.com\/index.php?rest_route=\/wp\/v2\/posts"}],"about":[{"href":"https:\/\/www.aliadospuebla.com\/index.php?rest_route=\/wp\/v2\/types\/post"}],"author":[{"embeddable":true,"href":"https:\/\/www.aliadospuebla.com\/index.php?rest_route=\/wp\/v2\/users\/2"}],"replies":[{"embeddable":true,"href":"https:\/\/www.aliadospuebla.com\/index.php?rest_route=%2Fwp%2Fv2%2Fcomments&post=64469"}],"version-history":[{"count":1,"href":"https:\/\/www.aliadospuebla.com\/index.php?rest_route=\/wp\/v2\/posts\/64469\/revisions"}],"predecessor-version":[{"id":64476,"href":"https:\/\/www.aliadospuebla.com\/index.php?rest_route=\/wp\/v2\/posts\/64469\/revisions\/64476"}],"wp:featuredmedia":[{"embeddable":true,"href":"https:\/\/www.aliadospuebla.com\/index.php?rest_route=\/wp\/v2\/media\/64474"}],"wp:attachment":[{"href":"https:\/\/www.aliadospuebla.com\/index.php?rest_route=%2Fwp%2Fv2%2Fmedia&parent=64469"}],"wp:term":[{"taxonomy":"category","embeddable":true,"href":"https:\/\/www.aliadospuebla.com\/index.php?rest_route=%2Fwp%2Fv2%2Fcategories&post=64469"},{"taxonomy":"post_tag","embeddable":true,"href":"https:\/\/www.aliadospuebla.com\/index.php?rest_route=%2Fwp%2Fv2%2Ftags&post=64469"}],"curies":[{"name":"wp","href":"https:\/\/api.w.org\/{rel}","templated":true}]}}