{"id":64441,"date":"2021-11-07T16:01:25","date_gmt":"2021-11-07T22:01:25","guid":{"rendered":"https:\/\/www.aliados17.com\/?p=64441"},"modified":"2021-11-07T16:01:25","modified_gmt":"2021-11-07T22:01:25","slug":"brindaran-apoyos-funcionales-para-personas-con-discapacidad-en-la-capital-de-tlaxcala","status":"publish","type":"post","link":"https:\/\/www.aliadospuebla.com\/?p=64441","title":{"rendered":"Brindar\u00e1n apoyos funcionales para personas con discapacidad en la capital de Tlaxcala"},"content":{"rendered":"<p>La Administraci\u00f3n<\/p>\n<p>del Patrimonio\u00a0 de la<\/p>\n<p>Beneficencia P\u00fablica<\/p>\n<p>del Estado<\/p>\n<p>de Tlaxcala (APBET)<\/p>\n<p>entregar\u00e1 apoyos<\/p>\n<p>funcionales<\/p>\n<p>a personas<\/p>\n<p>en situaci\u00f3n<\/p>\n<p>de vulnerabilidad que sean<\/p>\n<p>residentes del municipio<\/p>\n<p>de Tlaxcala;<\/p>\n<p>ayudas funcionales y\/<\/p>\n<p>o apoyos especiales<\/p>\n<p>para favorecer<\/p>\n<p>la rehabilitaci\u00f3n,<\/p>\n<p>inclusi\u00f3n social<\/p>\n<p>y en su caso,<\/p>\n<p>prevenir discapacidades<\/p>\n<p>secundarias.<\/p>\n<p>Es por ello que<\/p>\n<p>el Sistema DIF<\/p>\n<p>Municipal y<\/p>\n<p>el Instituto Municipal<\/p>\n<p>de Tlaxcala para Personas<\/p>\n<p>con Discapacidad (IMTPD),<\/p>\n<p>har\u00e1n el registro de las personas<\/p>\n<p>interesadas en obtener<\/p>\n<p>diversos beneficios<\/p>\n<p>a trav\u00e9s de diversas jornadas.<\/p>\n<p>De esta forma se brindar\u00e1n<\/p>\n<p>instrumentos, dispositivos<\/p>\n<p>o herramientas que permitan<\/p>\n<p>a las personas con discapacidad<\/p>\n<p>temporal o permanente,<\/p>\n<p>realizar actividades como desplazarse,<\/p>\n<p>obtener movimiento, escuchar,<\/p>\n<p>ver, caminar, trabajar<\/p>\n<p>y mejorar considerablemente<\/p>\n<p>su calidad de vida.<\/p>\n<p>Estas jornadas se realizar\u00e1n<\/p>\n<p>de la siguiente forma:<\/p>\n<p>Jornadas Auditivas:<\/p>\n<p>Atenci\u00f3n a personas<\/p>\n<p>con dificultades auditivas<\/p>\n<p>que requieran aparatos<\/p>\n<p>especiales para<\/p>\n<p>mejorar esta condici\u00f3n.<\/p>\n<p>Jornadas Prot\u00e9sicas:<\/p>\n<p>Atenci\u00f3n a personas<\/p>\n<p>con problemas \u00f3seos<\/p>\n<p>o discapacidad motriz<\/p>\n<p>que requieran pr\u00f3tesis<\/p>\n<p>de cadera y de rodilla,<\/p>\n<p>principalmente.<\/p>\n<p>Jornadas Visuales:<\/p>\n<p>Atenci\u00f3n a personas<\/p>\n<p>con discapacidad visual<\/p>\n<p>a quienes se les proporcionaran<\/p>\n<p>facilidades y tratamientos<\/p>\n<p>para mejorar su condici\u00f3n.<\/p>\n<p>Jornadas de Movilidad:<\/p>\n<p>Atenci\u00f3n a personas<\/p>\n<p>con discapacidad motriz<\/p>\n<p>que requieran<\/p>\n<p>aparatos funcionales<\/p>\n<p>como sillas de ruedas,<\/p>\n<p>andadera y bastones.<\/p>\n<p>Jornadas Reconstructivas:<\/p>\n<p>Atenci\u00f3n prioritaria<\/p>\n<p>a pacientes sobrevivientes<\/p>\n<p>de c\u00e1ncer que requieran pr\u00f3tesis<\/p>\n<p>o implantes mamarios<\/p>\n<p>mediante cirug\u00eda reconstructiva.<\/p>\n<p>Jornadas de Reconstrucci\u00f3n Dental:<\/p>\n<p>Atenci\u00f3n a adultos<\/p>\n<p>mayores y mujeres<\/p>\n<p>v\u00edctimas de violencia<\/p>\n<p>que requieran pr\u00f3tesis dentales<\/p>\n<p>removibles para mejorar<\/p>\n<p>su aspecto bucal<\/p>\n<p>y su ingesta de alimentos.<\/p>\n<p>Los apoyos funcionales se dar\u00e1n<\/p>\n<p>de forma gratuita<\/p>\n<p>a aquellos solicitantes<\/p>\n<p>que cumplan<\/p>\n<p>con los siguientes<\/p>\n<p>requisitos para su registro:<\/p>\n<ul>\n<li>Dictamen m\u00e9dico<\/li>\n<li>Fotocopia de identificaci\u00f3n del paciente<\/li>\n<li>Fotocopia de la CURP del paciente<\/li>\n<li>Comprobante de domicilio<\/li>\n<li>(importante que la direcci\u00f3n coincida con la de la identificaci\u00f3n del paciente)<\/li>\n<\/ul>\n<p>Las y los interesados<\/p>\n<p>en recibir los apoyos funcionales<\/p>\n<p>en Tlaxcala Capital pueden inscribirse<\/p>\n<p>con la trabajadora social<\/p>\n<p>del IMTPD, Rosa Nelly Vel\u00e1zquez Rodr\u00edguez,<\/p>\n<p>al tel\u00e9fono 2461874320<\/p>\n<p>y\/o con el psic\u00f3logo<\/p>\n<p>del DIF Municipal<\/p>\n<p>de Tlaxcala Omar Alejandro<\/p>\n<p>Casiano Bautista<\/p>\n<p>al n\u00famero: 2461069217<\/p>\n","protected":false},"excerpt":{"rendered":"<p>La Administraci\u00f3n del Patrimonio\u00a0 de la Beneficencia P\u00fablica del Estado de Tlaxcala (APBET) entregar\u00e1 apoyos funcionales a personas en situaci\u00f3n de vulnerabilidad que sean residentes del municipio de Tlaxcala; ayudas funcionales y\/ o apoyos especiales para favorecer la rehabilitaci\u00f3n, inclusi\u00f3n social y en su caso, prevenir discapacidades secundarias. Es por ello que el Sistema DIF Municipal y el Instituto Municipal de Tlaxcala para Personas con Discapacidad (IMTPD), har\u00e1n el registro de las personas interesadas en obtener diversos beneficios a trav\u00e9s de diversas jornadas. De esta forma se brindar\u00e1n instrumentos, dispositivos o herramientas que permitan a las personas con discapacidad temporal o permanente, realizar actividades como desplazarse, obtener movimiento, escuchar, ver, caminar, trabajar y mejorar considerablemente su calidad de vida. Estas jornadas se realizar\u00e1n de la&hellip;<\/p>\n<p class=\"excerpt-more\"><a class=\"blog-excerpt button\" href=\"https:\/\/www.aliadospuebla.com\/?p=64441\">Leer m\u00e1s&#8230;<\/a><\/p>\n","protected":false},"author":2,"featured_media":64442,"comment_status":"open","ping_status":"open","sticky":false,"template":"","format":"standard","meta":{"_monsterinsights_skip_tracking":false,"footnotes":""},"categories":[8304],"tags":[3876,17037,821,17036,11417],"class_list":["post-64441","post","type-post","status-publish","format-standard","has-post-thumbnail","hentry","category-nacional","tag-apoyos-funcionales","tag-beneficiencia-publica","tag-inclusion","tag-personas-con-discapacidades","tag-tlaxcala-capital"],"yoast_head":"<!-- This site is optimized with the Yoast SEO plugin v28.4 - https:\/\/yoast.com\/product\/yoast-seo-wordpress\/ -->\n<title>Brindar\u00e1n apoyos funcionales para personas con discapacidad en la capital de Tlaxcala - AliadosPuebla<\/title>\n<meta name=\"robots\" content=\"index, follow, max-snippet:-1, max-image-preview:large, max-video-preview:-1\" \/>\n<link rel=\"canonical\" href=\"https:\/\/www.aliadospuebla.com\/?p=64441\" \/>\n<meta property=\"og:locale\" content=\"es_ES\" \/>\n<meta property=\"og:type\" content=\"article\" \/>\n<meta property=\"og:title\" content=\"Brindar\u00e1n apoyos funcionales para personas con discapacidad en la capital de Tlaxcala - AliadosPuebla\" \/>\n<meta property=\"og:description\" content=\"La Administraci\u00f3n del Patrimonio\u00a0 de la Beneficencia P\u00fablica del Estado de Tlaxcala (APBET) entregar\u00e1 apoyos funcionales a personas en situaci\u00f3n de vulnerabilidad que sean residentes del municipio de Tlaxcala; ayudas funcionales y\/ o apoyos especiales para favorecer la rehabilitaci\u00f3n, inclusi\u00f3n social y en su caso, prevenir discapacidades secundarias. Es por ello que el Sistema DIF Municipal y el Instituto Municipal de Tlaxcala para Personas con Discapacidad (IMTPD), har\u00e1n el registro de las personas interesadas en obtener diversos beneficios a trav\u00e9s de diversas jornadas. De esta forma se brindar\u00e1n instrumentos, dispositivos o herramientas que permitan a las personas con discapacidad temporal o permanente, realizar actividades como desplazarse, obtener movimiento, escuchar, ver, caminar, trabajar y mejorar considerablemente su calidad de vida. Estas jornadas se realizar\u00e1n de la&hellip;Leer m\u00e1s...\" \/>\n<meta property=\"og:url\" content=\"https:\/\/www.aliadospuebla.com\/?p=64441\" \/>\n<meta property=\"og:site_name\" content=\"AliadosPuebla\" \/>\n<meta property=\"article:author\" content=\"https:\/\/www.facebook.com\/Aliados17Pue\" \/>\n<meta property=\"article:published_time\" content=\"2021-11-07T22:01:25+00:00\" \/>\n<meta property=\"og:image\" content=\"https:\/\/www.aliadospuebla.com\/web2017\/wp-content\/uploads\/2021\/11\/010-jornadas.jpg\" \/>\n\t<meta property=\"og:image:width\" content=\"600\" \/>\n\t<meta property=\"og:image:height\" content=\"450\" \/>\n\t<meta property=\"og:image:type\" content=\"image\/jpeg\" \/>\n<meta name=\"author\" content=\"Aliados17\" \/>\n<meta name=\"twitter:card\" content=\"summary_large_image\" \/>\n<meta name=\"twitter:creator\" content=\"@AliadosPuebla\" \/>\n<meta name=\"twitter:label1\" content=\"Escrito por\" \/>\n\t<meta name=\"twitter:data1\" content=\"Aliados17\" \/>\n\t<meta name=\"twitter:label2\" content=\"Tiempo de lectura\" \/>\n\t<meta name=\"twitter:data2\" content=\"2 minutos\" \/>\n<script type=\"application\/ld+json\" class=\"yoast-schema-graph\">{\"@context\":\"https:\\\/\\\/schema.org\",\"@graph\":[{\"@type\":\"Article\",\"@id\":\"https:\\\/\\\/www.aliadospuebla.com\\\/?p=64441#article\",\"isPartOf\":{\"@id\":\"https:\\\/\\\/www.aliadospuebla.com\\\/?p=64441\"},\"author\":{\"name\":\"Aliados17\",\"@id\":\"https:\\\/\\\/www.aliadospuebla.com\\\/#\\\/schema\\\/person\\\/5da7dd09320bd4f392b710017ed5f8ad\"},\"headline\":\"Brindar\u00e1n apoyos funcionales para personas con discapacidad en la capital de Tlaxcala\",\"datePublished\":\"2021-11-07T22:01:25+00:00\",\"mainEntityOfPage\":{\"@id\":\"https:\\\/\\\/www.aliadospuebla.com\\\/?p=64441\"},\"wordCount\":387,\"commentCount\":0,\"image\":{\"@id\":\"https:\\\/\\\/www.aliadospuebla.com\\\/?p=64441#primaryimage\"},\"thumbnailUrl\":\"https:\\\/\\\/www.aliadospuebla.com\\\/web2017\\\/wp-content\\\/uploads\\\/2021\\\/11\\\/010-jornadas.jpg\",\"keywords\":[\"APOYOS FUNCIONALES\",\"Beneficiencia p\u00fablica\",\"INCLUSI\u00d3N\",\"personas con discapacidades\",\"TLAXCALA CAPITAL\"],\"articleSection\":[\"Nacional\"],\"inLanguage\":\"es\",\"potentialAction\":[{\"@type\":\"CommentAction\",\"name\":\"Comment\",\"target\":[\"https:\\\/\\\/www.aliadospuebla.com\\\/?p=64441#respond\"]}]},{\"@type\":\"WebPage\",\"@id\":\"https:\\\/\\\/www.aliadospuebla.com\\\/?p=64441\",\"url\":\"https:\\\/\\\/www.aliadospuebla.com\\\/?p=64441\",\"name\":\"Brindar\u00e1n apoyos funcionales para personas con discapacidad en la capital de Tlaxcala - AliadosPuebla\",\"isPartOf\":{\"@id\":\"https:\\\/\\\/www.aliadospuebla.com\\\/#website\"},\"primaryImageOfPage\":{\"@id\":\"https:\\\/\\\/www.aliadospuebla.com\\\/?p=64441#primaryimage\"},\"image\":{\"@id\":\"https:\\\/\\\/www.aliadospuebla.com\\\/?p=64441#primaryimage\"},\"thumbnailUrl\":\"https:\\\/\\\/www.aliadospuebla.com\\\/web2017\\\/wp-content\\\/uploads\\\/2021\\\/11\\\/010-jornadas.jpg\",\"datePublished\":\"2021-11-07T22:01:25+00:00\",\"author\":{\"@id\":\"https:\\\/\\\/www.aliadospuebla.com\\\/#\\\/schema\\\/person\\\/5da7dd09320bd4f392b710017ed5f8ad\"},\"breadcrumb\":{\"@id\":\"https:\\\/\\\/www.aliadospuebla.com\\\/?p=64441#breadcrumb\"},\"inLanguage\":\"es\",\"potentialAction\":[{\"@type\":\"ReadAction\",\"target\":[\"https:\\\/\\\/www.aliadospuebla.com\\\/?p=64441\"]}]},{\"@type\":\"ImageObject\",\"inLanguage\":\"es\",\"@id\":\"https:\\\/\\\/www.aliadospuebla.com\\\/?p=64441#primaryimage\",\"url\":\"https:\\\/\\\/www.aliadospuebla.com\\\/web2017\\\/wp-content\\\/uploads\\\/2021\\\/11\\\/010-jornadas.jpg\",\"contentUrl\":\"https:\\\/\\\/www.aliadospuebla.com\\\/web2017\\\/wp-content\\\/uploads\\\/2021\\\/11\\\/010-jornadas.jpg\",\"width\":600,\"height\":450},{\"@type\":\"BreadcrumbList\",\"@id\":\"https:\\\/\\\/www.aliadospuebla.com\\\/?p=64441#breadcrumb\",\"itemListElement\":[{\"@type\":\"ListItem\",\"position\":1,\"name\":\"Portada\",\"item\":\"https:\\\/\\\/www.aliadospuebla.com\\\/\"},{\"@type\":\"ListItem\",\"position\":2,\"name\":\"Brindar\u00e1n apoyos funcionales para personas con discapacidad en la capital de Tlaxcala\"}]},{\"@type\":\"WebSite\",\"@id\":\"https:\\\/\\\/www.aliadospuebla.com\\\/#website\",\"url\":\"https:\\\/\\\/www.aliadospuebla.com\\\/\",\"name\":\"AliadosPuebla\",\"description\":\"La informaci\u00f3n en tus manos\",\"potentialAction\":[{\"@type\":\"SearchAction\",\"target\":{\"@type\":\"EntryPoint\",\"urlTemplate\":\"https:\\\/\\\/www.aliadospuebla.com\\\/?s={search_term_string}\"},\"query-input\":{\"@type\":\"PropertyValueSpecification\",\"valueRequired\":true,\"valueName\":\"search_term_string\"}}],\"inLanguage\":\"es\"},{\"@type\":\"Person\",\"@id\":\"https:\\\/\\\/www.aliadospuebla.com\\\/#\\\/schema\\\/person\\\/5da7dd09320bd4f392b710017ed5f8ad\",\"name\":\"Aliados17\",\"image\":{\"@type\":\"ImageObject\",\"inLanguage\":\"es\",\"@id\":\"https:\\\/\\\/www.aliadospuebla.com\\\/web2017\\\/wp-content\\\/uploads\\\/2025\\\/03\\\/cropped-para-perfil-8-anos-1-96x96.jpg\",\"url\":\"https:\\\/\\\/www.aliadospuebla.com\\\/web2017\\\/wp-content\\\/uploads\\\/2025\\\/03\\\/cropped-para-perfil-8-anos-1-96x96.jpg\",\"contentUrl\":\"https:\\\/\\\/www.aliadospuebla.com\\\/web2017\\\/wp-content\\\/uploads\\\/2025\\\/03\\\/cropped-para-perfil-8-anos-1-96x96.jpg\",\"caption\":\"Aliados17\"},\"sameAs\":[\"https:\\\/\\\/www.aliados17.com\",\"https:\\\/\\\/www.facebook.com\\\/Aliados17Pue\",\"https:\\\/\\\/x.com\\\/AliadosPuebla\"],\"url\":\"https:\\\/\\\/www.aliadospuebla.com\\\/?author=2\"}]}<\/script>\n<!-- \/ Yoast SEO plugin. -->","yoast_head_json":{"title":"Brindar\u00e1n apoyos funcionales para personas con discapacidad en la capital de Tlaxcala - AliadosPuebla","robots":{"index":"index","follow":"follow","max-snippet":"max-snippet:-1","max-image-preview":"max-image-preview:large","max-video-preview":"max-video-preview:-1"},"canonical":"https:\/\/www.aliadospuebla.com\/?p=64441","og_locale":"es_ES","og_type":"article","og_title":"Brindar\u00e1n apoyos funcionales para personas con discapacidad en la capital de Tlaxcala - AliadosPuebla","og_description":"La Administraci\u00f3n del Patrimonio\u00a0 de la Beneficencia P\u00fablica del Estado de Tlaxcala (APBET) entregar\u00e1 apoyos funcionales a personas en situaci\u00f3n de vulnerabilidad que sean residentes del municipio de Tlaxcala; ayudas funcionales y\/ o apoyos especiales para favorecer la rehabilitaci\u00f3n, inclusi\u00f3n social y en su caso, prevenir discapacidades secundarias. Es por ello que el Sistema DIF Municipal y el Instituto Municipal de Tlaxcala para Personas con Discapacidad (IMTPD), har\u00e1n el registro de las personas interesadas en obtener diversos beneficios a trav\u00e9s de diversas jornadas. De esta forma se brindar\u00e1n instrumentos, dispositivos o herramientas que permitan a las personas con discapacidad temporal o permanente, realizar actividades como desplazarse, obtener movimiento, escuchar, ver, caminar, trabajar y mejorar considerablemente su calidad de vida. Estas jornadas se realizar\u00e1n de la&hellip;Leer m\u00e1s...","og_url":"https:\/\/www.aliadospuebla.com\/?p=64441","og_site_name":"AliadosPuebla","article_author":"https:\/\/www.facebook.com\/Aliados17Pue","article_published_time":"2021-11-07T22:01:25+00:00","og_image":[{"width":600,"height":450,"url":"https:\/\/www.aliadospuebla.com\/web2017\/wp-content\/uploads\/2021\/11\/010-jornadas.jpg","type":"image\/jpeg"}],"author":"Aliados17","twitter_card":"summary_large_image","twitter_creator":"@AliadosPuebla","twitter_misc":{"Escrito por":"Aliados17","Tiempo de lectura":"2 minutos"},"schema":{"@context":"https:\/\/schema.org","@graph":[{"@type":"Article","@id":"https:\/\/www.aliadospuebla.com\/?p=64441#article","isPartOf":{"@id":"https:\/\/www.aliadospuebla.com\/?p=64441"},"author":{"name":"Aliados17","@id":"https:\/\/www.aliadospuebla.com\/#\/schema\/person\/5da7dd09320bd4f392b710017ed5f8ad"},"headline":"Brindar\u00e1n apoyos funcionales para personas con discapacidad en la capital de Tlaxcala","datePublished":"2021-11-07T22:01:25+00:00","mainEntityOfPage":{"@id":"https:\/\/www.aliadospuebla.com\/?p=64441"},"wordCount":387,"commentCount":0,"image":{"@id":"https:\/\/www.aliadospuebla.com\/?p=64441#primaryimage"},"thumbnailUrl":"https:\/\/www.aliadospuebla.com\/web2017\/wp-content\/uploads\/2021\/11\/010-jornadas.jpg","keywords":["APOYOS FUNCIONALES","Beneficiencia p\u00fablica","INCLUSI\u00d3N","personas con discapacidades","TLAXCALA CAPITAL"],"articleSection":["Nacional"],"inLanguage":"es","potentialAction":[{"@type":"CommentAction","name":"Comment","target":["https:\/\/www.aliadospuebla.com\/?p=64441#respond"]}]},{"@type":"WebPage","@id":"https:\/\/www.aliadospuebla.com\/?p=64441","url":"https:\/\/www.aliadospuebla.com\/?p=64441","name":"Brindar\u00e1n apoyos funcionales para personas con discapacidad en la capital de Tlaxcala - AliadosPuebla","isPartOf":{"@id":"https:\/\/www.aliadospuebla.com\/#website"},"primaryImageOfPage":{"@id":"https:\/\/www.aliadospuebla.com\/?p=64441#primaryimage"},"image":{"@id":"https:\/\/www.aliadospuebla.com\/?p=64441#primaryimage"},"thumbnailUrl":"https:\/\/www.aliadospuebla.com\/web2017\/wp-content\/uploads\/2021\/11\/010-jornadas.jpg","datePublished":"2021-11-07T22:01:25+00:00","author":{"@id":"https:\/\/www.aliadospuebla.com\/#\/schema\/person\/5da7dd09320bd4f392b710017ed5f8ad"},"breadcrumb":{"@id":"https:\/\/www.aliadospuebla.com\/?p=64441#breadcrumb"},"inLanguage":"es","potentialAction":[{"@type":"ReadAction","target":["https:\/\/www.aliadospuebla.com\/?p=64441"]}]},{"@type":"ImageObject","inLanguage":"es","@id":"https:\/\/www.aliadospuebla.com\/?p=64441#primaryimage","url":"https:\/\/www.aliadospuebla.com\/web2017\/wp-content\/uploads\/2021\/11\/010-jornadas.jpg","contentUrl":"https:\/\/www.aliadospuebla.com\/web2017\/wp-content\/uploads\/2021\/11\/010-jornadas.jpg","width":600,"height":450},{"@type":"BreadcrumbList","@id":"https:\/\/www.aliadospuebla.com\/?p=64441#breadcrumb","itemListElement":[{"@type":"ListItem","position":1,"name":"Portada","item":"https:\/\/www.aliadospuebla.com\/"},{"@type":"ListItem","position":2,"name":"Brindar\u00e1n apoyos funcionales para personas con discapacidad en la capital de Tlaxcala"}]},{"@type":"WebSite","@id":"https:\/\/www.aliadospuebla.com\/#website","url":"https:\/\/www.aliadospuebla.com\/","name":"AliadosPuebla","description":"La informaci\u00f3n en tus manos","potentialAction":[{"@type":"SearchAction","target":{"@type":"EntryPoint","urlTemplate":"https:\/\/www.aliadospuebla.com\/?s={search_term_string}"},"query-input":{"@type":"PropertyValueSpecification","valueRequired":true,"valueName":"search_term_string"}}],"inLanguage":"es"},{"@type":"Person","@id":"https:\/\/www.aliadospuebla.com\/#\/schema\/person\/5da7dd09320bd4f392b710017ed5f8ad","name":"Aliados17","image":{"@type":"ImageObject","inLanguage":"es","@id":"https:\/\/www.aliadospuebla.com\/web2017\/wp-content\/uploads\/2025\/03\/cropped-para-perfil-8-anos-1-96x96.jpg","url":"https:\/\/www.aliadospuebla.com\/web2017\/wp-content\/uploads\/2025\/03\/cropped-para-perfil-8-anos-1-96x96.jpg","contentUrl":"https:\/\/www.aliadospuebla.com\/web2017\/wp-content\/uploads\/2025\/03\/cropped-para-perfil-8-anos-1-96x96.jpg","caption":"Aliados17"},"sameAs":["https:\/\/www.aliados17.com","https:\/\/www.facebook.com\/Aliados17Pue","https:\/\/x.com\/AliadosPuebla"],"url":"https:\/\/www.aliadospuebla.com\/?author=2"}]}},"views":11,"_links":{"self":[{"href":"https:\/\/www.aliadospuebla.com\/index.php?rest_route=\/wp\/v2\/posts\/64441","targetHints":{"allow":["GET"]}}],"collection":[{"href":"https:\/\/www.aliadospuebla.com\/index.php?rest_route=\/wp\/v2\/posts"}],"about":[{"href":"https:\/\/www.aliadospuebla.com\/index.php?rest_route=\/wp\/v2\/types\/post"}],"author":[{"embeddable":true,"href":"https:\/\/www.aliadospuebla.com\/index.php?rest_route=\/wp\/v2\/users\/2"}],"replies":[{"embeddable":true,"href":"https:\/\/www.aliadospuebla.com\/index.php?rest_route=%2Fwp%2Fv2%2Fcomments&post=64441"}],"version-history":[{"count":1,"href":"https:\/\/www.aliadospuebla.com\/index.php?rest_route=\/wp\/v2\/posts\/64441\/revisions"}],"predecessor-version":[{"id":64443,"href":"https:\/\/www.aliadospuebla.com\/index.php?rest_route=\/wp\/v2\/posts\/64441\/revisions\/64443"}],"wp:featuredmedia":[{"embeddable":true,"href":"https:\/\/www.aliadospuebla.com\/index.php?rest_route=\/wp\/v2\/media\/64442"}],"wp:attachment":[{"href":"https:\/\/www.aliadospuebla.com\/index.php?rest_route=%2Fwp%2Fv2%2Fmedia&parent=64441"}],"wp:term":[{"taxonomy":"category","embeddable":true,"href":"https:\/\/www.aliadospuebla.com\/index.php?rest_route=%2Fwp%2Fv2%2Fcategories&post=64441"},{"taxonomy":"post_tag","embeddable":true,"href":"https:\/\/www.aliadospuebla.com\/index.php?rest_route=%2Fwp%2Fv2%2Ftags&post=64441"}],"curies":[{"name":"wp","href":"https:\/\/api.w.org\/{rel}","templated":true}]}}