{"id":63929,"date":"2021-10-28T23:22:55","date_gmt":"2021-10-29T04:22:55","guid":{"rendered":"https:\/\/www.aliados17.com\/?p=63929"},"modified":"2021-10-28T23:22:55","modified_gmt":"2021-10-29T04:22:55","slug":"gobierno-del-estado-convoca-a-empresarios-comerciantes-y-artesanos-a-participar-en-la-expo-tlaxcala","status":"publish","type":"post","link":"https:\/\/www.aliadospuebla.com\/?p=63929","title":{"rendered":"GOBIERNO DEL ESTADO CONVOCA A EMPRESARIOS, COMERCIANTES Y ARTESANOS A PARTICIPAR EN LA EXPO TLAXCALA"},"content":{"rendered":"<p>El Patronato para las Exposiciones y Ferias en la Ciudad de Tlaxcala convoca a<br \/>\ncomerciantes, empresarios y artesanos a participar en la pr\u00f3xima Expo Artesanal,<br \/>\nTextil e Industrial Tlaxcala 2021 que se desarrollar\u00e1 del 11 al 21 de noviembre.<\/p>\n<p>El objetivo de la exposici\u00f3n es impulsar el desarrollo econ\u00f3mico de la regi\u00f3n, luego<br \/>\nde que la pandemia por Covid-19 afect\u00f3 a diversos sectores de la Tlaxcala.<\/p>\n<p>La Expo se desarrollar\u00e1 en el Centro de Convenciones, ubicado en el Recinto<br \/>\nFerial, donde los participantes podr\u00e1n dar a conocer sus productos y artesan\u00edas al<br \/>\np\u00fablico en general, por un periodo de 10 d\u00edas, en un horario de 11:00 a 21:00<br \/>\nhoras.<\/p>\n<p>El costo de los espacios para los interesados ser\u00e1 mediante una cuota de<br \/>\nrecuperaci\u00f3n, pues el objetivo es apoyar a las micro, peque\u00f1as y medianas<br \/>\nempresas, as\u00ed como a comerciantes y artesanos, a promover sus productos previo<br \/>\na la temporada decembrina.<\/p>\n<p>Para mayor informaci\u00f3n, los interesados podr\u00e1n comunicarse a los n\u00fameros<br \/>\ntelef\u00f3nicos del patronato 246 462 8012 o 246 466 8592.<\/p>\n","protected":false},"excerpt":{"rendered":"<p>El Patronato para las Exposiciones y Ferias en la Ciudad de Tlaxcala convoca a comerciantes, empresarios y artesanos a participar en la pr\u00f3xima Expo Artesanal, Textil e Industrial Tlaxcala 2021 que se desarrollar\u00e1 del 11 al 21 de noviembre. El objetivo de la exposici\u00f3n es impulsar el desarrollo econ\u00f3mico de la regi\u00f3n, luego de que la pandemia por Covid-19 afect\u00f3 a diversos sectores de la Tlaxcala. La Expo se desarrollar\u00e1 en el Centro de Convenciones, ubicado en el Recinto Ferial, donde los participantes podr\u00e1n dar a conocer sus productos y artesan\u00edas al p\u00fablico en general, por un periodo de 10 d\u00edas, en un horario de 11:00 a 21:00 horas. El costo de los espacios para los interesados ser\u00e1 mediante una cuota de recuperaci\u00f3n, pues el&hellip;<\/p>\n<p class=\"excerpt-more\"><a class=\"blog-excerpt button\" href=\"https:\/\/www.aliadospuebla.com\/?p=63929\">Leer m\u00e1s&#8230;<\/a><\/p>\n","protected":false},"author":2,"featured_media":63932,"comment_status":"open","ping_status":"open","sticky":false,"template":"","format":"standard","meta":{"_monsterinsights_skip_tracking":false,"footnotes":""},"categories":[8304],"tags":[1406,16787,16786,16785,13106],"class_list":["post-63929","post","type-post","status-publish","format-standard","has-post-thumbnail","hentry","category-nacional","tag-artesanias","tag-ciudad-de-tlaxcala","tag-expo-artesanal","tag-expo-tlaxcala","tag-feria-tlaxcala"],"yoast_head":"<!-- This site is optimized with the Yoast SEO plugin v28.4 - https:\/\/yoast.com\/product\/yoast-seo-wordpress\/ -->\n<title>GOBIERNO DEL ESTADO CONVOCA A EMPRESARIOS, COMERCIANTES Y ARTESANOS A PARTICIPAR EN LA EXPO TLAXCALA - AliadosPuebla<\/title>\n<meta name=\"description\" content=\"El Patronato para las Exposiciones y Ferias en la Ciudad de Tlaxcala convoca a comerciantes, empresarios y artesanos a..\" \/>\n<meta name=\"robots\" content=\"index, follow, max-snippet:-1, max-image-preview:large, max-video-preview:-1\" \/>\n<link rel=\"canonical\" href=\"https:\/\/www.aliadospuebla.com\/?p=63929\" \/>\n<meta property=\"og:locale\" content=\"es_ES\" \/>\n<meta property=\"og:type\" content=\"article\" \/>\n<meta property=\"og:title\" content=\"GOBIERNO DEL ESTADO CONVOCA A EMPRESARIOS, COMERCIANTES Y ARTESANOS A PARTICIPAR EN LA EXPO TLAXCALA - AliadosPuebla\" \/>\n<meta property=\"og:description\" content=\"El Patronato para las Exposiciones y Ferias en la Ciudad de Tlaxcala convoca a comerciantes, empresarios y artesanos a..\" \/>\n<meta property=\"og:url\" content=\"https:\/\/www.aliadospuebla.com\/?p=63929\" \/>\n<meta property=\"og:site_name\" content=\"AliadosPuebla\" \/>\n<meta property=\"article:author\" content=\"https:\/\/www.facebook.com\/Aliados17Pue\" \/>\n<meta property=\"article:published_time\" content=\"2021-10-29T04:22:55+00:00\" \/>\n<meta property=\"og:image\" content=\"https:\/\/www.aliadospuebla.com\/web2017\/wp-content\/uploads\/2021\/10\/8-tLAXCALA.jpg\" \/>\n\t<meta property=\"og:image:width\" content=\"600\" \/>\n\t<meta property=\"og:image:height\" content=\"450\" \/>\n\t<meta property=\"og:image:type\" content=\"image\/jpeg\" \/>\n<meta name=\"author\" content=\"Aliados17\" \/>\n<meta name=\"twitter:card\" content=\"summary_large_image\" \/>\n<meta name=\"twitter:creator\" content=\"@AliadosPuebla\" \/>\n<meta name=\"twitter:label1\" content=\"Escrito por\" \/>\n\t<meta name=\"twitter:data1\" content=\"Aliados17\" \/>\n\t<meta name=\"twitter:label2\" content=\"Tiempo de lectura\" \/>\n\t<meta name=\"twitter:data2\" content=\"1 minuto\" \/>\n<script type=\"application\/ld+json\" class=\"yoast-schema-graph\">{\"@context\":\"https:\\\/\\\/schema.org\",\"@graph\":[{\"@type\":\"Article\",\"@id\":\"https:\\\/\\\/www.aliadospuebla.com\\\/?p=63929#article\",\"isPartOf\":{\"@id\":\"https:\\\/\\\/www.aliadospuebla.com\\\/?p=63929\"},\"author\":{\"name\":\"Aliados17\",\"@id\":\"https:\\\/\\\/www.aliadospuebla.com\\\/#\\\/schema\\\/person\\\/5da7dd09320bd4f392b710017ed5f8ad\"},\"headline\":\"GOBIERNO DEL ESTADO CONVOCA A EMPRESARIOS, COMERCIANTES Y ARTESANOS A PARTICIPAR EN LA EXPO TLAXCALA\",\"datePublished\":\"2021-10-29T04:22:55+00:00\",\"mainEntityOfPage\":{\"@id\":\"https:\\\/\\\/www.aliadospuebla.com\\\/?p=63929\"},\"wordCount\":187,\"commentCount\":0,\"image\":{\"@id\":\"https:\\\/\\\/www.aliadospuebla.com\\\/?p=63929#primaryimage\"},\"thumbnailUrl\":\"https:\\\/\\\/www.aliadospuebla.com\\\/web2017\\\/wp-content\\\/uploads\\\/2021\\\/10\\\/8-tLAXCALA.jpg\",\"keywords\":[\"ARTESAN\u00cdAS\",\"Ciudad de Tlaxcala\",\"Expo Artesanal\",\"Expo Tlaxcala\",\"Feria Tlaxcala\"],\"articleSection\":[\"Nacional\"],\"inLanguage\":\"es\",\"potentialAction\":[{\"@type\":\"CommentAction\",\"name\":\"Comment\",\"target\":[\"https:\\\/\\\/www.aliadospuebla.com\\\/?p=63929#respond\"]}]},{\"@type\":\"WebPage\",\"@id\":\"https:\\\/\\\/www.aliadospuebla.com\\\/?p=63929\",\"url\":\"https:\\\/\\\/www.aliadospuebla.com\\\/?p=63929\",\"name\":\"GOBIERNO DEL ESTADO CONVOCA A EMPRESARIOS, COMERCIANTES Y ARTESANOS A PARTICIPAR EN LA EXPO TLAXCALA - AliadosPuebla\",\"isPartOf\":{\"@id\":\"https:\\\/\\\/www.aliadospuebla.com\\\/#website\"},\"primaryImageOfPage\":{\"@id\":\"https:\\\/\\\/www.aliadospuebla.com\\\/?p=63929#primaryimage\"},\"image\":{\"@id\":\"https:\\\/\\\/www.aliadospuebla.com\\\/?p=63929#primaryimage\"},\"thumbnailUrl\":\"https:\\\/\\\/www.aliadospuebla.com\\\/web2017\\\/wp-content\\\/uploads\\\/2021\\\/10\\\/8-tLAXCALA.jpg\",\"datePublished\":\"2021-10-29T04:22:55+00:00\",\"author\":{\"@id\":\"https:\\\/\\\/www.aliadospuebla.com\\\/#\\\/schema\\\/person\\\/5da7dd09320bd4f392b710017ed5f8ad\"},\"description\":\"El Patronato para las Exposiciones y Ferias en la Ciudad de Tlaxcala convoca a comerciantes, empresarios y artesanos a..\",\"breadcrumb\":{\"@id\":\"https:\\\/\\\/www.aliadospuebla.com\\\/?p=63929#breadcrumb\"},\"inLanguage\":\"es\",\"potentialAction\":[{\"@type\":\"ReadAction\",\"target\":[\"https:\\\/\\\/www.aliadospuebla.com\\\/?p=63929\"]}]},{\"@type\":\"ImageObject\",\"inLanguage\":\"es\",\"@id\":\"https:\\\/\\\/www.aliadospuebla.com\\\/?p=63929#primaryimage\",\"url\":\"https:\\\/\\\/www.aliadospuebla.com\\\/web2017\\\/wp-content\\\/uploads\\\/2021\\\/10\\\/8-tLAXCALA.jpg\",\"contentUrl\":\"https:\\\/\\\/www.aliadospuebla.com\\\/web2017\\\/wp-content\\\/uploads\\\/2021\\\/10\\\/8-tLAXCALA.jpg\",\"width\":600,\"height\":450},{\"@type\":\"BreadcrumbList\",\"@id\":\"https:\\\/\\\/www.aliadospuebla.com\\\/?p=63929#breadcrumb\",\"itemListElement\":[{\"@type\":\"ListItem\",\"position\":1,\"name\":\"Portada\",\"item\":\"https:\\\/\\\/www.aliadospuebla.com\\\/\"},{\"@type\":\"ListItem\",\"position\":2,\"name\":\"GOBIERNO DEL ESTADO CONVOCA A EMPRESARIOS, COMERCIANTES Y ARTESANOS A PARTICIPAR EN LA EXPO TLAXCALA\"}]},{\"@type\":\"WebSite\",\"@id\":\"https:\\\/\\\/www.aliadospuebla.com\\\/#website\",\"url\":\"https:\\\/\\\/www.aliadospuebla.com\\\/\",\"name\":\"AliadosPuebla\",\"description\":\"La informaci\u00f3n en tus manos\",\"potentialAction\":[{\"@type\":\"SearchAction\",\"target\":{\"@type\":\"EntryPoint\",\"urlTemplate\":\"https:\\\/\\\/www.aliadospuebla.com\\\/?s={search_term_string}\"},\"query-input\":{\"@type\":\"PropertyValueSpecification\",\"valueRequired\":true,\"valueName\":\"search_term_string\"}}],\"inLanguage\":\"es\"},{\"@type\":\"Person\",\"@id\":\"https:\\\/\\\/www.aliadospuebla.com\\\/#\\\/schema\\\/person\\\/5da7dd09320bd4f392b710017ed5f8ad\",\"name\":\"Aliados17\",\"image\":{\"@type\":\"ImageObject\",\"inLanguage\":\"es\",\"@id\":\"https:\\\/\\\/www.aliadospuebla.com\\\/web2017\\\/wp-content\\\/uploads\\\/2025\\\/03\\\/cropped-para-perfil-8-anos-1-96x96.jpg\",\"url\":\"https:\\\/\\\/www.aliadospuebla.com\\\/web2017\\\/wp-content\\\/uploads\\\/2025\\\/03\\\/cropped-para-perfil-8-anos-1-96x96.jpg\",\"contentUrl\":\"https:\\\/\\\/www.aliadospuebla.com\\\/web2017\\\/wp-content\\\/uploads\\\/2025\\\/03\\\/cropped-para-perfil-8-anos-1-96x96.jpg\",\"caption\":\"Aliados17\"},\"sameAs\":[\"https:\\\/\\\/www.aliados17.com\",\"https:\\\/\\\/www.facebook.com\\\/Aliados17Pue\",\"https:\\\/\\\/x.com\\\/AliadosPuebla\"],\"url\":\"https:\\\/\\\/www.aliadospuebla.com\\\/?author=2\"}]}<\/script>\n<!-- \/ Yoast SEO plugin. -->","yoast_head_json":{"title":"GOBIERNO DEL ESTADO CONVOCA A EMPRESARIOS, COMERCIANTES Y ARTESANOS A PARTICIPAR EN LA EXPO TLAXCALA - AliadosPuebla","description":"El Patronato para las Exposiciones y Ferias en la Ciudad de Tlaxcala convoca a comerciantes, empresarios y artesanos a..","robots":{"index":"index","follow":"follow","max-snippet":"max-snippet:-1","max-image-preview":"max-image-preview:large","max-video-preview":"max-video-preview:-1"},"canonical":"https:\/\/www.aliadospuebla.com\/?p=63929","og_locale":"es_ES","og_type":"article","og_title":"GOBIERNO DEL ESTADO CONVOCA A EMPRESARIOS, COMERCIANTES Y ARTESANOS A PARTICIPAR EN LA EXPO TLAXCALA - AliadosPuebla","og_description":"El Patronato para las Exposiciones y Ferias en la Ciudad de Tlaxcala convoca a comerciantes, empresarios y artesanos a..","og_url":"https:\/\/www.aliadospuebla.com\/?p=63929","og_site_name":"AliadosPuebla","article_author":"https:\/\/www.facebook.com\/Aliados17Pue","article_published_time":"2021-10-29T04:22:55+00:00","og_image":[{"width":600,"height":450,"url":"https:\/\/www.aliadospuebla.com\/web2017\/wp-content\/uploads\/2021\/10\/8-tLAXCALA.jpg","type":"image\/jpeg"}],"author":"Aliados17","twitter_card":"summary_large_image","twitter_creator":"@AliadosPuebla","twitter_misc":{"Escrito por":"Aliados17","Tiempo de lectura":"1 minuto"},"schema":{"@context":"https:\/\/schema.org","@graph":[{"@type":"Article","@id":"https:\/\/www.aliadospuebla.com\/?p=63929#article","isPartOf":{"@id":"https:\/\/www.aliadospuebla.com\/?p=63929"},"author":{"name":"Aliados17","@id":"https:\/\/www.aliadospuebla.com\/#\/schema\/person\/5da7dd09320bd4f392b710017ed5f8ad"},"headline":"GOBIERNO DEL ESTADO CONVOCA A EMPRESARIOS, COMERCIANTES Y ARTESANOS A PARTICIPAR EN LA EXPO TLAXCALA","datePublished":"2021-10-29T04:22:55+00:00","mainEntityOfPage":{"@id":"https:\/\/www.aliadospuebla.com\/?p=63929"},"wordCount":187,"commentCount":0,"image":{"@id":"https:\/\/www.aliadospuebla.com\/?p=63929#primaryimage"},"thumbnailUrl":"https:\/\/www.aliadospuebla.com\/web2017\/wp-content\/uploads\/2021\/10\/8-tLAXCALA.jpg","keywords":["ARTESAN\u00cdAS","Ciudad de Tlaxcala","Expo Artesanal","Expo Tlaxcala","Feria Tlaxcala"],"articleSection":["Nacional"],"inLanguage":"es","potentialAction":[{"@type":"CommentAction","name":"Comment","target":["https:\/\/www.aliadospuebla.com\/?p=63929#respond"]}]},{"@type":"WebPage","@id":"https:\/\/www.aliadospuebla.com\/?p=63929","url":"https:\/\/www.aliadospuebla.com\/?p=63929","name":"GOBIERNO DEL ESTADO CONVOCA A EMPRESARIOS, COMERCIANTES Y ARTESANOS A PARTICIPAR EN LA EXPO TLAXCALA - AliadosPuebla","isPartOf":{"@id":"https:\/\/www.aliadospuebla.com\/#website"},"primaryImageOfPage":{"@id":"https:\/\/www.aliadospuebla.com\/?p=63929#primaryimage"},"image":{"@id":"https:\/\/www.aliadospuebla.com\/?p=63929#primaryimage"},"thumbnailUrl":"https:\/\/www.aliadospuebla.com\/web2017\/wp-content\/uploads\/2021\/10\/8-tLAXCALA.jpg","datePublished":"2021-10-29T04:22:55+00:00","author":{"@id":"https:\/\/www.aliadospuebla.com\/#\/schema\/person\/5da7dd09320bd4f392b710017ed5f8ad"},"description":"El Patronato para las Exposiciones y Ferias en la Ciudad de Tlaxcala convoca a comerciantes, empresarios y artesanos a..","breadcrumb":{"@id":"https:\/\/www.aliadospuebla.com\/?p=63929#breadcrumb"},"inLanguage":"es","potentialAction":[{"@type":"ReadAction","target":["https:\/\/www.aliadospuebla.com\/?p=63929"]}]},{"@type":"ImageObject","inLanguage":"es","@id":"https:\/\/www.aliadospuebla.com\/?p=63929#primaryimage","url":"https:\/\/www.aliadospuebla.com\/web2017\/wp-content\/uploads\/2021\/10\/8-tLAXCALA.jpg","contentUrl":"https:\/\/www.aliadospuebla.com\/web2017\/wp-content\/uploads\/2021\/10\/8-tLAXCALA.jpg","width":600,"height":450},{"@type":"BreadcrumbList","@id":"https:\/\/www.aliadospuebla.com\/?p=63929#breadcrumb","itemListElement":[{"@type":"ListItem","position":1,"name":"Portada","item":"https:\/\/www.aliadospuebla.com\/"},{"@type":"ListItem","position":2,"name":"GOBIERNO DEL ESTADO CONVOCA A EMPRESARIOS, COMERCIANTES Y ARTESANOS A PARTICIPAR EN LA EXPO TLAXCALA"}]},{"@type":"WebSite","@id":"https:\/\/www.aliadospuebla.com\/#website","url":"https:\/\/www.aliadospuebla.com\/","name":"AliadosPuebla","description":"La informaci\u00f3n en tus manos","potentialAction":[{"@type":"SearchAction","target":{"@type":"EntryPoint","urlTemplate":"https:\/\/www.aliadospuebla.com\/?s={search_term_string}"},"query-input":{"@type":"PropertyValueSpecification","valueRequired":true,"valueName":"search_term_string"}}],"inLanguage":"es"},{"@type":"Person","@id":"https:\/\/www.aliadospuebla.com\/#\/schema\/person\/5da7dd09320bd4f392b710017ed5f8ad","name":"Aliados17","image":{"@type":"ImageObject","inLanguage":"es","@id":"https:\/\/www.aliadospuebla.com\/web2017\/wp-content\/uploads\/2025\/03\/cropped-para-perfil-8-anos-1-96x96.jpg","url":"https:\/\/www.aliadospuebla.com\/web2017\/wp-content\/uploads\/2025\/03\/cropped-para-perfil-8-anos-1-96x96.jpg","contentUrl":"https:\/\/www.aliadospuebla.com\/web2017\/wp-content\/uploads\/2025\/03\/cropped-para-perfil-8-anos-1-96x96.jpg","caption":"Aliados17"},"sameAs":["https:\/\/www.aliados17.com","https:\/\/www.facebook.com\/Aliados17Pue","https:\/\/x.com\/AliadosPuebla"],"url":"https:\/\/www.aliadospuebla.com\/?author=2"}]}},"views":11,"_links":{"self":[{"href":"https:\/\/www.aliadospuebla.com\/index.php?rest_route=\/wp\/v2\/posts\/63929","targetHints":{"allow":["GET"]}}],"collection":[{"href":"https:\/\/www.aliadospuebla.com\/index.php?rest_route=\/wp\/v2\/posts"}],"about":[{"href":"https:\/\/www.aliadospuebla.com\/index.php?rest_route=\/wp\/v2\/types\/post"}],"author":[{"embeddable":true,"href":"https:\/\/www.aliadospuebla.com\/index.php?rest_route=\/wp\/v2\/users\/2"}],"replies":[{"embeddable":true,"href":"https:\/\/www.aliadospuebla.com\/index.php?rest_route=%2Fwp%2Fv2%2Fcomments&post=63929"}],"version-history":[{"count":1,"href":"https:\/\/www.aliadospuebla.com\/index.php?rest_route=\/wp\/v2\/posts\/63929\/revisions"}],"predecessor-version":[{"id":63931,"href":"https:\/\/www.aliadospuebla.com\/index.php?rest_route=\/wp\/v2\/posts\/63929\/revisions\/63931"}],"wp:featuredmedia":[{"embeddable":true,"href":"https:\/\/www.aliadospuebla.com\/index.php?rest_route=\/wp\/v2\/media\/63932"}],"wp:attachment":[{"href":"https:\/\/www.aliadospuebla.com\/index.php?rest_route=%2Fwp%2Fv2%2Fmedia&parent=63929"}],"wp:term":[{"taxonomy":"category","embeddable":true,"href":"https:\/\/www.aliadospuebla.com\/index.php?rest_route=%2Fwp%2Fv2%2Fcategories&post=63929"},{"taxonomy":"post_tag","embeddable":true,"href":"https:\/\/www.aliadospuebla.com\/index.php?rest_route=%2Fwp%2Fv2%2Ftags&post=63929"}],"curies":[{"name":"wp","href":"https:\/\/api.w.org\/{rel}","templated":true}]}}