{"id":63876,"date":"2021-10-28T09:19:50","date_gmt":"2021-10-28T14:19:50","guid":{"rendered":"https:\/\/www.aliados17.com\/?p=63876"},"modified":"2021-10-28T09:19:50","modified_gmt":"2021-10-28T14:19:50","slug":"presenta-norma-layon-actividades-de-la-fiesta-patronal-de-texmelucan","status":"publish","type":"post","link":"https:\/\/www.aliadospuebla.com\/?p=63876","title":{"rendered":"PRESENTA NORMA LAY\u00d3N ACTIVIDADES DE LA FIESTA PATRONAL DE TEXMELUCAN"},"content":{"rendered":"<div class=\"o9v6fnle cxmmr5t8 oygrvhab hcukyx3x c1et5uql ii04i59q\">\n<div dir=\"auto\">SAN MART\u00cdN TEXMELUCAN, PUE.- La Presidenta Municipal, Norma Lay\u00f3n,<\/div>\n<div dir=\"auto\">dio a conocer este mi\u00e9rcoles, las actividades que se realizar\u00e1n<\/div>\n<div dir=\"auto\">del tres al doce de noviembre como parte de la<\/div>\n<div dir=\"auto\">Fiesta Patronal San Mart\u00edn Obispo de Tours 2021.<\/div>\n<div dir=\"auto\"><\/div>\n<\/div>\n<div class=\"o9v6fnle cxmmr5t8 oygrvhab hcukyx3x c1et5uql ii04i59q\">\n<div dir=\"auto\">La alcaldesa inform\u00f3 que las actividades del programa<\/div>\n<div dir=\"auto\">se organizaron a trav\u00e9s de una mesa en la cual participaron<\/div>\n<div dir=\"auto\">el Presb\u00edtero Alejandro Rafael Hern\u00e1ndez Sosa, el Presidente<\/div>\n<div dir=\"auto\">de la C\u00e1mara Nacional de Comercio en el Municipio,<\/div>\n<div dir=\"auto\">Jos\u00e9 Juan Nava Morales; Honorio Cervantes Hern\u00e1ndez,<\/div>\n<div dir=\"auto\">representante del sector empresarial; Aldo Hern\u00e1ndez Ib\u00e1\u00f1ez<\/div>\n<div dir=\"auto\">representante del Mercado Domingo Arenas, as\u00ed como los directores de Turismo y<\/div>\n<div dir=\"auto\">Cultura, Desarrollo Econ\u00f3mico, Seguridad P\u00fablica, Protecci\u00f3n Civil,<\/div>\n<div dir=\"auto\">la Sindicatura y la Secretaria General de Ayuntamiento.<\/div>\n<div dir=\"auto\"><\/div>\n<\/div>\n<div class=\"o9v6fnle cxmmr5t8 oygrvhab hcukyx3x c1et5uql ii04i59q\">\n<div dir=\"auto\">La mandataria municipal hizo del conocimiento de los medios<\/div>\n<div dir=\"auto\">y de la ciudadan\u00eda el calendario que se va a lleva r a cabo<\/div>\n<div dir=\"auto\">a partir del pr\u00f3ximo mi\u00e9rcoles tres de noviembre.<\/div>\n<\/div>\n<div class=\"o9v6fnle cxmmr5t8 oygrvhab hcukyx3x c1et5uql ii04i59q\">\n<div dir=\"auto\">Por su parte el presidente de la C\u00e1mara Nacional<\/div>\n<div dir=\"auto\">de Comercio de San Martin Texmelucan mencion\u00f3 que:<\/div>\n<div dir=\"auto\">\u201cEs la primera ocasi\u00f3n en la que se le permite participar<\/div>\n<div dir=\"auto\">a la C\u00e1mara Nacional de Comercio en la planeaci\u00f3n de la Feria,<\/div>\n<div dir=\"auto\">en administraciones anteriores lo hab\u00edamos intentado,<\/div>\n<div dir=\"auto\">pues consideramos que el comercio formal establecido<\/div>\n<div dir=\"auto\">es importante para la econom\u00eda de la regi\u00f3n\u201d.<\/div>\n<div dir=\"auto\"><\/div>\n<\/div>\n<div class=\"o9v6fnle cxmmr5t8 oygrvhab hcukyx3x c1et5uql ii04i59q\">\n<div dir=\"auto\">Cabe destacar que en el programa presentado<\/div>\n<div dir=\"auto\">se contemplan actividades religiosas y culturales como danzas,<\/div>\n<div dir=\"auto\">coros art\u00edsticos y rodadas ciclistas y de motocicletas,<\/div>\n<div dir=\"auto\">que se realizar\u00e1n diariamente del mi\u00e9rcoles tres al viernes doce de noviembre.<\/div>\n<\/div>\n<div class=\"o9v6fnle cxmmr5t8 oygrvhab hcukyx3x c1et5uql ii04i59q\">\n<div dir=\"auto\">El Gobierno Municipal de San Mart\u00edn Texmelucan<\/div>\n<div dir=\"auto\">contin\u00faa con sus trabajos para preservar y fomentar las costumbres y tradiciones,<\/div>\n<div dir=\"auto\">manteni\u00e9ndose al margen de los lineamientos que permitan<\/div>\n<div dir=\"auto\">celebraciones seguras que no comprometan la salud de la ciudadan\u00eda.<\/div>\n<\/div>\n","protected":false},"excerpt":{"rendered":"<p>SAN MART\u00cdN TEXMELUCAN, PUE.- La Presidenta Municipal, Norma Lay\u00f3n, dio a conocer este mi\u00e9rcoles, las actividades que se realizar\u00e1n del tres al doce de noviembre como parte de la Fiesta Patronal San Mart\u00edn Obispo de Tours 2021. La alcaldesa inform\u00f3 que las actividades del programa se organizaron a trav\u00e9s de una mesa en la cual participaron el Presb\u00edtero Alejandro Rafael Hern\u00e1ndez Sosa, el Presidente de la C\u00e1mara Nacional de Comercio en el Municipio, Jos\u00e9 Juan Nava Morales; Honorio Cervantes Hern\u00e1ndez, representante del sector empresarial; Aldo Hern\u00e1ndez Ib\u00e1\u00f1ez representante del Mercado Domingo Arenas, as\u00ed como los directores de Turismo y Cultura, Desarrollo Econ\u00f3mico, Seguridad P\u00fablica, Protecci\u00f3n Civil, la Sindicatura y la Secretaria General de Ayuntamiento. La mandataria municipal hizo del conocimiento de los medios y de&hellip;<\/p>\n<p class=\"excerpt-more\"><a class=\"blog-excerpt button\" href=\"https:\/\/www.aliadospuebla.com\/?p=63876\">Leer m\u00e1s&#8230;<\/a><\/p>\n","protected":false},"author":2,"featured_media":63877,"comment_status":"open","ping_status":"open","sticky":false,"template":"","format":"standard","meta":{"_monsterinsights_skip_tracking":false,"footnotes":""},"categories":[4],"tags":[2173,1259,6950,16765,365,710,127],"class_list":["post-63876","post","type-post","status-publish","format-standard","has-post-thumbnail","hentry","category-municipios","tag-actividades-culturales","tag-fiesta-patronal","tag-norma-layon","tag-rodadas","tag-salud","tag-san-martin-texmelucan","tag-turismo"],"yoast_head":"<!-- This site is optimized with the Yoast SEO plugin v28.4 - https:\/\/yoast.com\/product\/yoast-seo-wordpress\/ -->\n<title>PRESENTA NORMA LAY\u00d3N ACTIVIDADES DE LA FIESTA PATRONAL DE TEXMELUCAN - AliadosPuebla<\/title>\n<meta name=\"description\" content=\"La presidenta municipal de San Mart\u00edn Texmelucan presento las actividades a realizar en la Feria patronal del municipio.\" \/>\n<meta name=\"robots\" content=\"index, follow, max-snippet:-1, max-image-preview:large, max-video-preview:-1\" \/>\n<link rel=\"canonical\" href=\"https:\/\/www.aliadospuebla.com\/?p=63876\" \/>\n<meta property=\"og:locale\" content=\"es_ES\" \/>\n<meta property=\"og:type\" content=\"article\" \/>\n<meta property=\"og:title\" content=\"PRESENTA NORMA LAY\u00d3N ACTIVIDADES DE LA FIESTA PATRONAL DE TEXMELUCAN - AliadosPuebla\" \/>\n<meta property=\"og:description\" content=\"La presidenta municipal de San Mart\u00edn Texmelucan presento las actividades a realizar en la Feria patronal del municipio.\" \/>\n<meta property=\"og:url\" content=\"https:\/\/www.aliadospuebla.com\/?p=63876\" \/>\n<meta property=\"og:site_name\" content=\"AliadosPuebla\" \/>\n<meta property=\"article:author\" content=\"https:\/\/www.facebook.com\/Aliados17Pue\" \/>\n<meta property=\"article:published_time\" content=\"2021-10-28T14:19:50+00:00\" \/>\n<meta property=\"og:image\" content=\"https:\/\/www.aliadospuebla.com\/web2017\/wp-content\/uploads\/2021\/10\/155-fiesta-patronal-Texmelucan.jpg\" \/>\n\t<meta property=\"og:image:width\" content=\"600\" \/>\n\t<meta property=\"og:image:height\" content=\"450\" \/>\n\t<meta property=\"og:image:type\" content=\"image\/jpeg\" \/>\n<meta name=\"author\" content=\"Aliados17\" \/>\n<meta name=\"twitter:card\" content=\"summary_large_image\" \/>\n<meta name=\"twitter:creator\" content=\"@AliadosPuebla\" \/>\n<meta name=\"twitter:label1\" content=\"Escrito por\" \/>\n\t<meta name=\"twitter:data1\" content=\"Aliados17\" \/>\n\t<meta name=\"twitter:label2\" content=\"Tiempo de lectura\" \/>\n\t<meta name=\"twitter:data2\" content=\"2 minutos\" \/>\n<script type=\"application\/ld+json\" class=\"yoast-schema-graph\">{\"@context\":\"https:\\\/\\\/schema.org\",\"@graph\":[{\"@type\":\"Article\",\"@id\":\"https:\\\/\\\/www.aliadospuebla.com\\\/?p=63876#article\",\"isPartOf\":{\"@id\":\"https:\\\/\\\/www.aliadospuebla.com\\\/?p=63876\"},\"author\":{\"name\":\"Aliados17\",\"@id\":\"https:\\\/\\\/www.aliadospuebla.com\\\/#\\\/schema\\\/person\\\/5da7dd09320bd4f392b710017ed5f8ad\"},\"headline\":\"PRESENTA NORMA LAY\u00d3N ACTIVIDADES DE LA FIESTA PATRONAL DE TEXMELUCAN\",\"datePublished\":\"2021-10-28T14:19:50+00:00\",\"mainEntityOfPage\":{\"@id\":\"https:\\\/\\\/www.aliadospuebla.com\\\/?p=63876\"},\"wordCount\":321,\"commentCount\":0,\"image\":{\"@id\":\"https:\\\/\\\/www.aliadospuebla.com\\\/?p=63876#primaryimage\"},\"thumbnailUrl\":\"https:\\\/\\\/www.aliadospuebla.com\\\/web2017\\\/wp-content\\\/uploads\\\/2021\\\/10\\\/155-fiesta-patronal-Texmelucan.jpg\",\"keywords\":[\"ACTIVIDADES CULTURALES\",\"FIESTA PATRONAL\",\"NORMA LAY\u00d3N\",\"rodadas\",\"SALUD\",\"SAN MART\u00cdN TEXMELUCAN\",\"turismo\"],\"articleSection\":[\"Municipios\"],\"inLanguage\":\"es\",\"potentialAction\":[{\"@type\":\"CommentAction\",\"name\":\"Comment\",\"target\":[\"https:\\\/\\\/www.aliadospuebla.com\\\/?p=63876#respond\"]}]},{\"@type\":\"WebPage\",\"@id\":\"https:\\\/\\\/www.aliadospuebla.com\\\/?p=63876\",\"url\":\"https:\\\/\\\/www.aliadospuebla.com\\\/?p=63876\",\"name\":\"PRESENTA NORMA LAY\u00d3N ACTIVIDADES DE LA FIESTA PATRONAL DE TEXMELUCAN - AliadosPuebla\",\"isPartOf\":{\"@id\":\"https:\\\/\\\/www.aliadospuebla.com\\\/#website\"},\"primaryImageOfPage\":{\"@id\":\"https:\\\/\\\/www.aliadospuebla.com\\\/?p=63876#primaryimage\"},\"image\":{\"@id\":\"https:\\\/\\\/www.aliadospuebla.com\\\/?p=63876#primaryimage\"},\"thumbnailUrl\":\"https:\\\/\\\/www.aliadospuebla.com\\\/web2017\\\/wp-content\\\/uploads\\\/2021\\\/10\\\/155-fiesta-patronal-Texmelucan.jpg\",\"datePublished\":\"2021-10-28T14:19:50+00:00\",\"author\":{\"@id\":\"https:\\\/\\\/www.aliadospuebla.com\\\/#\\\/schema\\\/person\\\/5da7dd09320bd4f392b710017ed5f8ad\"},\"description\":\"La presidenta municipal de San Mart\u00edn Texmelucan presento las actividades a realizar en la Feria patronal del municipio.\",\"breadcrumb\":{\"@id\":\"https:\\\/\\\/www.aliadospuebla.com\\\/?p=63876#breadcrumb\"},\"inLanguage\":\"es\",\"potentialAction\":[{\"@type\":\"ReadAction\",\"target\":[\"https:\\\/\\\/www.aliadospuebla.com\\\/?p=63876\"]}]},{\"@type\":\"ImageObject\",\"inLanguage\":\"es\",\"@id\":\"https:\\\/\\\/www.aliadospuebla.com\\\/?p=63876#primaryimage\",\"url\":\"https:\\\/\\\/www.aliadospuebla.com\\\/web2017\\\/wp-content\\\/uploads\\\/2021\\\/10\\\/155-fiesta-patronal-Texmelucan.jpg\",\"contentUrl\":\"https:\\\/\\\/www.aliadospuebla.com\\\/web2017\\\/wp-content\\\/uploads\\\/2021\\\/10\\\/155-fiesta-patronal-Texmelucan.jpg\",\"width\":600,\"height\":450},{\"@type\":\"BreadcrumbList\",\"@id\":\"https:\\\/\\\/www.aliadospuebla.com\\\/?p=63876#breadcrumb\",\"itemListElement\":[{\"@type\":\"ListItem\",\"position\":1,\"name\":\"Portada\",\"item\":\"https:\\\/\\\/www.aliadospuebla.com\\\/\"},{\"@type\":\"ListItem\",\"position\":2,\"name\":\"PRESENTA NORMA LAY\u00d3N ACTIVIDADES DE LA FIESTA PATRONAL DE TEXMELUCAN\"}]},{\"@type\":\"WebSite\",\"@id\":\"https:\\\/\\\/www.aliadospuebla.com\\\/#website\",\"url\":\"https:\\\/\\\/www.aliadospuebla.com\\\/\",\"name\":\"AliadosPuebla\",\"description\":\"La informaci\u00f3n en tus manos\",\"potentialAction\":[{\"@type\":\"SearchAction\",\"target\":{\"@type\":\"EntryPoint\",\"urlTemplate\":\"https:\\\/\\\/www.aliadospuebla.com\\\/?s={search_term_string}\"},\"query-input\":{\"@type\":\"PropertyValueSpecification\",\"valueRequired\":true,\"valueName\":\"search_term_string\"}}],\"inLanguage\":\"es\"},{\"@type\":\"Person\",\"@id\":\"https:\\\/\\\/www.aliadospuebla.com\\\/#\\\/schema\\\/person\\\/5da7dd09320bd4f392b710017ed5f8ad\",\"name\":\"Aliados17\",\"image\":{\"@type\":\"ImageObject\",\"inLanguage\":\"es\",\"@id\":\"https:\\\/\\\/www.aliadospuebla.com\\\/web2017\\\/wp-content\\\/uploads\\\/2025\\\/03\\\/cropped-para-perfil-8-anos-1-96x96.jpg\",\"url\":\"https:\\\/\\\/www.aliadospuebla.com\\\/web2017\\\/wp-content\\\/uploads\\\/2025\\\/03\\\/cropped-para-perfil-8-anos-1-96x96.jpg\",\"contentUrl\":\"https:\\\/\\\/www.aliadospuebla.com\\\/web2017\\\/wp-content\\\/uploads\\\/2025\\\/03\\\/cropped-para-perfil-8-anos-1-96x96.jpg\",\"caption\":\"Aliados17\"},\"sameAs\":[\"https:\\\/\\\/www.aliados17.com\",\"https:\\\/\\\/www.facebook.com\\\/Aliados17Pue\",\"https:\\\/\\\/x.com\\\/AliadosPuebla\"],\"url\":\"https:\\\/\\\/www.aliadospuebla.com\\\/?author=2\"}]}<\/script>\n<!-- \/ Yoast SEO plugin. -->","yoast_head_json":{"title":"PRESENTA NORMA LAY\u00d3N ACTIVIDADES DE LA FIESTA PATRONAL DE TEXMELUCAN - AliadosPuebla","description":"La presidenta municipal de San Mart\u00edn Texmelucan presento las actividades a realizar en la Feria patronal del municipio.","robots":{"index":"index","follow":"follow","max-snippet":"max-snippet:-1","max-image-preview":"max-image-preview:large","max-video-preview":"max-video-preview:-1"},"canonical":"https:\/\/www.aliadospuebla.com\/?p=63876","og_locale":"es_ES","og_type":"article","og_title":"PRESENTA NORMA LAY\u00d3N ACTIVIDADES DE LA FIESTA PATRONAL DE TEXMELUCAN - AliadosPuebla","og_description":"La presidenta municipal de San Mart\u00edn Texmelucan presento las actividades a realizar en la Feria patronal del municipio.","og_url":"https:\/\/www.aliadospuebla.com\/?p=63876","og_site_name":"AliadosPuebla","article_author":"https:\/\/www.facebook.com\/Aliados17Pue","article_published_time":"2021-10-28T14:19:50+00:00","og_image":[{"width":600,"height":450,"url":"https:\/\/www.aliadospuebla.com\/web2017\/wp-content\/uploads\/2021\/10\/155-fiesta-patronal-Texmelucan.jpg","type":"image\/jpeg"}],"author":"Aliados17","twitter_card":"summary_large_image","twitter_creator":"@AliadosPuebla","twitter_misc":{"Escrito por":"Aliados17","Tiempo de lectura":"2 minutos"},"schema":{"@context":"https:\/\/schema.org","@graph":[{"@type":"Article","@id":"https:\/\/www.aliadospuebla.com\/?p=63876#article","isPartOf":{"@id":"https:\/\/www.aliadospuebla.com\/?p=63876"},"author":{"name":"Aliados17","@id":"https:\/\/www.aliadospuebla.com\/#\/schema\/person\/5da7dd09320bd4f392b710017ed5f8ad"},"headline":"PRESENTA NORMA LAY\u00d3N ACTIVIDADES DE LA FIESTA PATRONAL DE TEXMELUCAN","datePublished":"2021-10-28T14:19:50+00:00","mainEntityOfPage":{"@id":"https:\/\/www.aliadospuebla.com\/?p=63876"},"wordCount":321,"commentCount":0,"image":{"@id":"https:\/\/www.aliadospuebla.com\/?p=63876#primaryimage"},"thumbnailUrl":"https:\/\/www.aliadospuebla.com\/web2017\/wp-content\/uploads\/2021\/10\/155-fiesta-patronal-Texmelucan.jpg","keywords":["ACTIVIDADES CULTURALES","FIESTA PATRONAL","NORMA LAY\u00d3N","rodadas","SALUD","SAN MART\u00cdN TEXMELUCAN","turismo"],"articleSection":["Municipios"],"inLanguage":"es","potentialAction":[{"@type":"CommentAction","name":"Comment","target":["https:\/\/www.aliadospuebla.com\/?p=63876#respond"]}]},{"@type":"WebPage","@id":"https:\/\/www.aliadospuebla.com\/?p=63876","url":"https:\/\/www.aliadospuebla.com\/?p=63876","name":"PRESENTA NORMA LAY\u00d3N ACTIVIDADES DE LA FIESTA PATRONAL DE TEXMELUCAN - AliadosPuebla","isPartOf":{"@id":"https:\/\/www.aliadospuebla.com\/#website"},"primaryImageOfPage":{"@id":"https:\/\/www.aliadospuebla.com\/?p=63876#primaryimage"},"image":{"@id":"https:\/\/www.aliadospuebla.com\/?p=63876#primaryimage"},"thumbnailUrl":"https:\/\/www.aliadospuebla.com\/web2017\/wp-content\/uploads\/2021\/10\/155-fiesta-patronal-Texmelucan.jpg","datePublished":"2021-10-28T14:19:50+00:00","author":{"@id":"https:\/\/www.aliadospuebla.com\/#\/schema\/person\/5da7dd09320bd4f392b710017ed5f8ad"},"description":"La presidenta municipal de San Mart\u00edn Texmelucan presento las actividades a realizar en la Feria patronal del municipio.","breadcrumb":{"@id":"https:\/\/www.aliadospuebla.com\/?p=63876#breadcrumb"},"inLanguage":"es","potentialAction":[{"@type":"ReadAction","target":["https:\/\/www.aliadospuebla.com\/?p=63876"]}]},{"@type":"ImageObject","inLanguage":"es","@id":"https:\/\/www.aliadospuebla.com\/?p=63876#primaryimage","url":"https:\/\/www.aliadospuebla.com\/web2017\/wp-content\/uploads\/2021\/10\/155-fiesta-patronal-Texmelucan.jpg","contentUrl":"https:\/\/www.aliadospuebla.com\/web2017\/wp-content\/uploads\/2021\/10\/155-fiesta-patronal-Texmelucan.jpg","width":600,"height":450},{"@type":"BreadcrumbList","@id":"https:\/\/www.aliadospuebla.com\/?p=63876#breadcrumb","itemListElement":[{"@type":"ListItem","position":1,"name":"Portada","item":"https:\/\/www.aliadospuebla.com\/"},{"@type":"ListItem","position":2,"name":"PRESENTA NORMA LAY\u00d3N ACTIVIDADES DE LA FIESTA PATRONAL DE TEXMELUCAN"}]},{"@type":"WebSite","@id":"https:\/\/www.aliadospuebla.com\/#website","url":"https:\/\/www.aliadospuebla.com\/","name":"AliadosPuebla","description":"La informaci\u00f3n en tus manos","potentialAction":[{"@type":"SearchAction","target":{"@type":"EntryPoint","urlTemplate":"https:\/\/www.aliadospuebla.com\/?s={search_term_string}"},"query-input":{"@type":"PropertyValueSpecification","valueRequired":true,"valueName":"search_term_string"}}],"inLanguage":"es"},{"@type":"Person","@id":"https:\/\/www.aliadospuebla.com\/#\/schema\/person\/5da7dd09320bd4f392b710017ed5f8ad","name":"Aliados17","image":{"@type":"ImageObject","inLanguage":"es","@id":"https:\/\/www.aliadospuebla.com\/web2017\/wp-content\/uploads\/2025\/03\/cropped-para-perfil-8-anos-1-96x96.jpg","url":"https:\/\/www.aliadospuebla.com\/web2017\/wp-content\/uploads\/2025\/03\/cropped-para-perfil-8-anos-1-96x96.jpg","contentUrl":"https:\/\/www.aliadospuebla.com\/web2017\/wp-content\/uploads\/2025\/03\/cropped-para-perfil-8-anos-1-96x96.jpg","caption":"Aliados17"},"sameAs":["https:\/\/www.aliados17.com","https:\/\/www.facebook.com\/Aliados17Pue","https:\/\/x.com\/AliadosPuebla"],"url":"https:\/\/www.aliadospuebla.com\/?author=2"}]}},"views":6,"_links":{"self":[{"href":"https:\/\/www.aliadospuebla.com\/index.php?rest_route=\/wp\/v2\/posts\/63876","targetHints":{"allow":["GET"]}}],"collection":[{"href":"https:\/\/www.aliadospuebla.com\/index.php?rest_route=\/wp\/v2\/posts"}],"about":[{"href":"https:\/\/www.aliadospuebla.com\/index.php?rest_route=\/wp\/v2\/types\/post"}],"author":[{"embeddable":true,"href":"https:\/\/www.aliadospuebla.com\/index.php?rest_route=\/wp\/v2\/users\/2"}],"replies":[{"embeddable":true,"href":"https:\/\/www.aliadospuebla.com\/index.php?rest_route=%2Fwp%2Fv2%2Fcomments&post=63876"}],"version-history":[{"count":1,"href":"https:\/\/www.aliadospuebla.com\/index.php?rest_route=\/wp\/v2\/posts\/63876\/revisions"}],"predecessor-version":[{"id":63878,"href":"https:\/\/www.aliadospuebla.com\/index.php?rest_route=\/wp\/v2\/posts\/63876\/revisions\/63878"}],"wp:featuredmedia":[{"embeddable":true,"href":"https:\/\/www.aliadospuebla.com\/index.php?rest_route=\/wp\/v2\/media\/63877"}],"wp:attachment":[{"href":"https:\/\/www.aliadospuebla.com\/index.php?rest_route=%2Fwp%2Fv2%2Fmedia&parent=63876"}],"wp:term":[{"taxonomy":"category","embeddable":true,"href":"https:\/\/www.aliadospuebla.com\/index.php?rest_route=%2Fwp%2Fv2%2Fcategories&post=63876"},{"taxonomy":"post_tag","embeddable":true,"href":"https:\/\/www.aliadospuebla.com\/index.php?rest_route=%2Fwp%2Fv2%2Ftags&post=63876"}],"curies":[{"name":"wp","href":"https:\/\/api.w.org\/{rel}","templated":true}]}}