{"id":63864,"date":"2021-10-27T19:26:40","date_gmt":"2021-10-28T00:26:40","guid":{"rendered":"https:\/\/www.aliados17.com\/?p=63864"},"modified":"2021-10-27T19:26:40","modified_gmt":"2021-10-28T00:26:40","slug":"mundo-tlatehui-convoca-a-personal-del-dif-a-enaltecer-el-trabajo-del-organismo","status":"publish","type":"post","link":"https:\/\/www.aliadospuebla.com\/?p=63864","title":{"rendered":"MUNDO TLATEHUI CONVOCA A PERSONAL DEL DIF A ENALTECER EL TRABAJO DEL ORGANISMO"},"content":{"rendered":"<ul>\n<li style=\"font-weight: 400;\" aria-level=\"1\"><b>Lupita Cuautle, presidenta honor\u00edfica del Patronato y Voluntariado de esta instituci\u00f3n asegur\u00f3 que se trabajar\u00e1 de manera cercana a los grupos vulnerables.<\/b><\/li>\n<\/ul>\n<p>&nbsp;<\/p>\n<p><span style=\"font-weight: 400;\">San Andr\u00e9s Cholula, Pue.- Al reunirse con el equipo que<\/span><\/p>\n<p><span style=\"font-weight: 400;\"> integra el Sistema Municipal para el Desarrollo Integral <\/span><\/p>\n<p><span style=\"font-weight: 400;\">de la Familia (DIF), el edil Mundo Tlatehui y la presidenta<\/span><\/p>\n<p><span style=\"font-weight: 400;\"> honor\u00edfica del Patronato y Voluntariado de esta instituci\u00f3n, <\/span><\/p>\n<p><span style=\"font-weight: 400;\">Lupita Cuautle, exhortaron a los servidores p\u00fablicos a ser<\/span><\/p>\n<p><span style=\"font-weight: 400;\"> sensibles, emp\u00e1ticos y solidarios con las personas que <\/span><\/p>\n<p><span style=\"font-weight: 400;\">acuden a solicitar atenci\u00f3n.\u00a0<\/span><\/p>\n<p>&nbsp;<\/p>\n<p><span style=\"font-weight: 400;\">Mundo Tlatehui manifest\u00f3 su agradecimiento por el <\/span><\/p>\n<p><span style=\"font-weight: 400;\">apoyo a los programas sociales que son ejes fundamentales <\/span><\/p>\n<p><span style=\"font-weight: 400;\">de la administraci\u00f3n que encabeza, convocando a los<\/span><\/p>\n<p><span style=\"font-weight: 400;\"> presentes a dar lo mejor de s\u00ed mismos con el prop\u00f3sito<\/span><\/p>\n<p><span style=\"font-weight: 400;\"> de que la ciudadan\u00eda perciba el trabajo realizado.<\/span><\/p>\n<p>&nbsp;<\/p>\n<p><span style=\"font-weight: 400;\">\u00abEstamos obligados a dar resultados\u00bb, sentenci\u00f3 el presidente municipal.\u00a0<\/span><\/p>\n<p>&nbsp;<\/p>\n<p><span style=\"font-weight: 400;\">Tambi\u00e9n, reiter\u00f3 su respaldo a la presidenta honor\u00edfica<\/span><\/p>\n<p><span style=\"font-weight: 400;\"> Lupita Cuautle, como parte de un sue\u00f1o compartido <\/span><\/p>\n<p><span style=\"font-weight: 400;\">que se materializ\u00f3 y del que ahora forma parte el personal<\/span><\/p>\n<p><span style=\"font-weight: 400;\"> del DIF, raz\u00f3n por la cual se mantendr\u00e1 al pendiente del <\/span><\/p>\n<p><span style=\"font-weight: 400;\">desempe\u00f1o del organismo, as\u00ed como de las necesidades <\/span><\/p>\n<p><span style=\"font-weight: 400;\">de los grupos vulnerables.\u00a0<\/span><\/p>\n<p>&nbsp;<\/p>\n<p><span style=\"font-weight: 400;\">Por su parte, Lupita Cuautle agradeci\u00f3 la disposici\u00f3n<\/span><\/p>\n<p><span style=\"font-weight: 400;\"> del personal para juntos cambiar el rumbo de San Andr\u00e9s<\/span><\/p>\n<p><span style=\"font-weight: 400;\"> Cholula, al brindar un trato digno y c\u00e1lido a las familias.\u00a0<\/span><\/p>\n<p>&nbsp;<\/p>\n<p><span style=\"font-weight: 400;\">Resalt\u00f3 la importancia de promover un ambiente de respeto <\/span><\/p>\n<p><span style=\"font-weight: 400;\">al interior del Sistema DIF, en el que se predique con el<\/span><\/p>\n<p><span style=\"font-weight: 400;\"> ejemplo y se refleje la esencia de servir con calidad a <\/span><\/p>\n<p><span style=\"font-weight: 400;\">quienes m\u00e1s lo necesitan.\u00a0<\/span><\/p>\n<p>&nbsp;<\/p>\n<p><span style=\"font-weight: 400;\">Por su parte, Berenice Flores Ramos, coordinadora y <\/span><\/p>\n<p><span style=\"font-weight: 400;\">directora de Casa del Adulto Mayor, enfatiz\u00f3 la importancia <\/span><\/p>\n<p><span style=\"font-weight: 400;\">de la labor que en el DIF se realiza, convocando a <\/span><\/p>\n<p><span style=\"font-weight: 400;\">cumplir con los proyectos establecidos por el Ayuntamiento.<\/span><\/p>\n<p>&nbsp;<\/p>\n<p><span style=\"font-weight: 400;\">\u00abLo que se puede so\u00f1ar se puede lograr\u00bb, refiri\u00f3 Berenice Flores.<\/span><\/p>\n<p>&nbsp;<\/p>\n<p><span style=\"font-weight: 400;\">Finalmente, Daniel Cuevas M\u00e9ndez, coordinador<\/span><\/p>\n<p><span style=\"font-weight: 400;\"> de Asistencia Especializada a Personas con <\/span><\/p>\n<p><span style=\"font-weight: 400;\">Discapacidad del DIF Municipal, reafirm\u00f3 el compromiso<\/span><\/p>\n<p><span style=\"font-weight: 400;\"> que se tiene con las familias, a las que se les debe <\/span><\/p>\n<p><span style=\"font-weight: 400;\">atender siempre con empat\u00eda.\u00a0<\/span><\/p>\n<p>&nbsp;<\/p>\n<p><span style=\"font-weight: 400;\">En el recorrido por las instalaciones del organismo <\/span><\/p>\n<p><span style=\"font-weight: 400;\">tambi\u00e9n particip\u00f3 Anabel P\u00e9rez L\u00f3pez, coordinadora general del DIF Municipal.<\/span><\/p>\n","protected":false},"excerpt":{"rendered":"<p>Lupita Cuautle, presidenta honor\u00edfica del Patronato y Voluntariado de esta instituci\u00f3n asegur\u00f3 que se trabajar\u00e1 de manera cercana a los grupos vulnerables. &nbsp; San Andr\u00e9s Cholula, Pue.- Al reunirse con el equipo que integra el Sistema Municipal para el Desarrollo Integral de la Familia (DIF), el edil Mundo Tlatehui y la presidenta honor\u00edfica del Patronato y Voluntariado de esta instituci\u00f3n, Lupita Cuautle, exhortaron a los servidores p\u00fablicos a ser sensibles, emp\u00e1ticos y solidarios con las personas que acuden a solicitar atenci\u00f3n.\u00a0 &nbsp; Mundo Tlatehui manifest\u00f3 su agradecimiento por el apoyo a los programas sociales que son ejes fundamentales de la administraci\u00f3n que encabeza, convocando a los presentes a dar lo mejor de s\u00ed mismos con el prop\u00f3sito de que la ciudadan\u00eda perciba el trabajo realizado.&hellip;<\/p>\n<p class=\"excerpt-more\"><a class=\"blog-excerpt button\" href=\"https:\/\/www.aliadospuebla.com\/?p=63864\">Leer m\u00e1s&#8230;<\/a><\/p>\n","protected":false},"author":3,"featured_media":63866,"comment_status":"open","ping_status":"open","sticky":false,"template":"","format":"standard","meta":{"_monsterinsights_skip_tracking":false,"footnotes":""},"categories":[4],"tags":[56,607,16664,16281,72,84,272],"class_list":["post-63864","post","type-post","status-publish","format-standard","has-post-thumbnail","hentry","category-municipios","tag-capital","tag-dif","tag-lupita-cuautle","tag-mundo-tlatehui","tag-puebla","tag-san-andres-cholula","tag-sedif"],"yoast_head":"<!-- This site is optimized with the Yoast SEO plugin v28.4 - https:\/\/yoast.com\/product\/yoast-seo-wordpress\/ -->\n<title>MUNDO TLATEHUI CONVOCA A PERSONAL DEL DIF A ENALTECER EL TRABAJO DEL ORGANISMO - AliadosPuebla<\/title>\n<meta name=\"robots\" content=\"index, follow, max-snippet:-1, max-image-preview:large, max-video-preview:-1\" \/>\n<link rel=\"canonical\" href=\"https:\/\/www.aliadospuebla.com\/?p=63864\" \/>\n<meta property=\"og:locale\" content=\"es_ES\" \/>\n<meta property=\"og:type\" content=\"article\" \/>\n<meta property=\"og:title\" content=\"MUNDO TLATEHUI CONVOCA A PERSONAL DEL DIF A ENALTECER EL TRABAJO DEL ORGANISMO - AliadosPuebla\" \/>\n<meta property=\"og:description\" content=\"Lupita Cuautle, presidenta honor\u00edfica del Patronato y Voluntariado de esta instituci\u00f3n asegur\u00f3 que se trabajar\u00e1 de manera cercana a los grupos vulnerables. &nbsp; San Andr\u00e9s Cholula, Pue.- Al reunirse con el equipo que integra el Sistema Municipal para el Desarrollo Integral de la Familia (DIF), el edil Mundo Tlatehui y la presidenta honor\u00edfica del Patronato y Voluntariado de esta instituci\u00f3n, Lupita Cuautle, exhortaron a los servidores p\u00fablicos a ser sensibles, emp\u00e1ticos y solidarios con las personas que acuden a solicitar atenci\u00f3n.\u00a0 &nbsp; Mundo Tlatehui manifest\u00f3 su agradecimiento por el apoyo a los programas sociales que son ejes fundamentales de la administraci\u00f3n que encabeza, convocando a los presentes a dar lo mejor de s\u00ed mismos con el prop\u00f3sito de que la ciudadan\u00eda perciba el trabajo realizado.&hellip;Leer m\u00e1s...\" \/>\n<meta property=\"og:url\" content=\"https:\/\/www.aliadospuebla.com\/?p=63864\" \/>\n<meta property=\"og:site_name\" content=\"AliadosPuebla\" \/>\n<meta property=\"article:published_time\" content=\"2021-10-28T00:26:40+00:00\" \/>\n<meta property=\"og:image\" content=\"https:\/\/www.aliadospuebla.com\/web2017\/wp-content\/uploads\/2021\/10\/SAN-ANDRES-3.jpg\" \/>\n\t<meta property=\"og:image:width\" content=\"600\" \/>\n\t<meta property=\"og:image:height\" content=\"450\" \/>\n\t<meta property=\"og:image:type\" content=\"image\/jpeg\" \/>\n<meta name=\"author\" content=\"Aliados Videos\" \/>\n<meta name=\"twitter:card\" content=\"summary_large_image\" \/>\n<meta name=\"twitter:label1\" content=\"Escrito por\" \/>\n\t<meta name=\"twitter:data1\" content=\"Aliados Videos\" \/>\n\t<meta name=\"twitter:label2\" content=\"Tiempo de lectura\" \/>\n\t<meta name=\"twitter:data2\" content=\"2 minutos\" \/>\n<script type=\"application\/ld+json\" class=\"yoast-schema-graph\">{\"@context\":\"https:\\\/\\\/schema.org\",\"@graph\":[{\"@type\":\"Article\",\"@id\":\"https:\\\/\\\/www.aliadospuebla.com\\\/?p=63864#article\",\"isPartOf\":{\"@id\":\"https:\\\/\\\/www.aliadospuebla.com\\\/?p=63864\"},\"author\":{\"name\":\"Aliados Videos\",\"@id\":\"https:\\\/\\\/www.aliadospuebla.com\\\/#\\\/schema\\\/person\\\/0fd017f23cc5c3f7988d5d58850eec8e\"},\"headline\":\"MUNDO TLATEHUI CONVOCA A PERSONAL DEL DIF A ENALTECER EL TRABAJO DEL ORGANISMO\",\"datePublished\":\"2021-10-28T00:26:40+00:00\",\"mainEntityOfPage\":{\"@id\":\"https:\\\/\\\/www.aliadospuebla.com\\\/?p=63864\"},\"wordCount\":396,\"commentCount\":0,\"image\":{\"@id\":\"https:\\\/\\\/www.aliadospuebla.com\\\/?p=63864#primaryimage\"},\"thumbnailUrl\":\"https:\\\/\\\/www.aliadospuebla.com\\\/web2017\\\/wp-content\\\/uploads\\\/2021\\\/10\\\/SAN-ANDRES-3.jpg\",\"keywords\":[\"capital\",\"DIF\",\"Lupita Cuautle\",\"MUNDO TLATEHUI\",\"Puebla\",\"San Andr\u00e9s Cholula\",\"SEDIF\"],\"articleSection\":[\"Municipios\"],\"inLanguage\":\"es\",\"potentialAction\":[{\"@type\":\"CommentAction\",\"name\":\"Comment\",\"target\":[\"https:\\\/\\\/www.aliadospuebla.com\\\/?p=63864#respond\"]}]},{\"@type\":\"WebPage\",\"@id\":\"https:\\\/\\\/www.aliadospuebla.com\\\/?p=63864\",\"url\":\"https:\\\/\\\/www.aliadospuebla.com\\\/?p=63864\",\"name\":\"MUNDO TLATEHUI CONVOCA A PERSONAL DEL DIF A ENALTECER EL TRABAJO DEL ORGANISMO - AliadosPuebla\",\"isPartOf\":{\"@id\":\"https:\\\/\\\/www.aliadospuebla.com\\\/#website\"},\"primaryImageOfPage\":{\"@id\":\"https:\\\/\\\/www.aliadospuebla.com\\\/?p=63864#primaryimage\"},\"image\":{\"@id\":\"https:\\\/\\\/www.aliadospuebla.com\\\/?p=63864#primaryimage\"},\"thumbnailUrl\":\"https:\\\/\\\/www.aliadospuebla.com\\\/web2017\\\/wp-content\\\/uploads\\\/2021\\\/10\\\/SAN-ANDRES-3.jpg\",\"datePublished\":\"2021-10-28T00:26:40+00:00\",\"author\":{\"@id\":\"https:\\\/\\\/www.aliadospuebla.com\\\/#\\\/schema\\\/person\\\/0fd017f23cc5c3f7988d5d58850eec8e\"},\"breadcrumb\":{\"@id\":\"https:\\\/\\\/www.aliadospuebla.com\\\/?p=63864#breadcrumb\"},\"inLanguage\":\"es\",\"potentialAction\":[{\"@type\":\"ReadAction\",\"target\":[\"https:\\\/\\\/www.aliadospuebla.com\\\/?p=63864\"]}]},{\"@type\":\"ImageObject\",\"inLanguage\":\"es\",\"@id\":\"https:\\\/\\\/www.aliadospuebla.com\\\/?p=63864#primaryimage\",\"url\":\"https:\\\/\\\/www.aliadospuebla.com\\\/web2017\\\/wp-content\\\/uploads\\\/2021\\\/10\\\/SAN-ANDRES-3.jpg\",\"contentUrl\":\"https:\\\/\\\/www.aliadospuebla.com\\\/web2017\\\/wp-content\\\/uploads\\\/2021\\\/10\\\/SAN-ANDRES-3.jpg\",\"width\":600,\"height\":450},{\"@type\":\"BreadcrumbList\",\"@id\":\"https:\\\/\\\/www.aliadospuebla.com\\\/?p=63864#breadcrumb\",\"itemListElement\":[{\"@type\":\"ListItem\",\"position\":1,\"name\":\"Portada\",\"item\":\"https:\\\/\\\/www.aliadospuebla.com\\\/\"},{\"@type\":\"ListItem\",\"position\":2,\"name\":\"MUNDO TLATEHUI CONVOCA A PERSONAL DEL DIF A ENALTECER EL TRABAJO DEL ORGANISMO\"}]},{\"@type\":\"WebSite\",\"@id\":\"https:\\\/\\\/www.aliadospuebla.com\\\/#website\",\"url\":\"https:\\\/\\\/www.aliadospuebla.com\\\/\",\"name\":\"AliadosPuebla\",\"description\":\"La informaci\u00f3n en tus manos\",\"potentialAction\":[{\"@type\":\"SearchAction\",\"target\":{\"@type\":\"EntryPoint\",\"urlTemplate\":\"https:\\\/\\\/www.aliadospuebla.com\\\/?s={search_term_string}\"},\"query-input\":{\"@type\":\"PropertyValueSpecification\",\"valueRequired\":true,\"valueName\":\"search_term_string\"}}],\"inLanguage\":\"es\"},{\"@type\":\"Person\",\"@id\":\"https:\\\/\\\/www.aliadospuebla.com\\\/#\\\/schema\\\/person\\\/0fd017f23cc5c3f7988d5d58850eec8e\",\"name\":\"Aliados Videos\",\"image\":{\"@type\":\"ImageObject\",\"inLanguage\":\"es\",\"@id\":\"https:\\\/\\\/secure.gravatar.com\\\/avatar\\\/42b92de8b2d8339e1e824f3a73ab023a0bec0ee2e3920248085eb1f3160b4083?s=96&d=mm&r=g\",\"url\":\"https:\\\/\\\/secure.gravatar.com\\\/avatar\\\/42b92de8b2d8339e1e824f3a73ab023a0bec0ee2e3920248085eb1f3160b4083?s=96&d=mm&r=g\",\"contentUrl\":\"https:\\\/\\\/secure.gravatar.com\\\/avatar\\\/42b92de8b2d8339e1e824f3a73ab023a0bec0ee2e3920248085eb1f3160b4083?s=96&d=mm&r=g\",\"caption\":\"Aliados Videos\"},\"url\":\"https:\\\/\\\/www.aliadospuebla.com\\\/?author=3\"}]}<\/script>\n<!-- \/ Yoast SEO plugin. -->","yoast_head_json":{"title":"MUNDO TLATEHUI CONVOCA A PERSONAL DEL DIF A ENALTECER EL TRABAJO DEL ORGANISMO - AliadosPuebla","robots":{"index":"index","follow":"follow","max-snippet":"max-snippet:-1","max-image-preview":"max-image-preview:large","max-video-preview":"max-video-preview:-1"},"canonical":"https:\/\/www.aliadospuebla.com\/?p=63864","og_locale":"es_ES","og_type":"article","og_title":"MUNDO TLATEHUI CONVOCA A PERSONAL DEL DIF A ENALTECER EL TRABAJO DEL ORGANISMO - AliadosPuebla","og_description":"Lupita Cuautle, presidenta honor\u00edfica del Patronato y Voluntariado de esta instituci\u00f3n asegur\u00f3 que se trabajar\u00e1 de manera cercana a los grupos vulnerables. &nbsp; San Andr\u00e9s Cholula, Pue.- Al reunirse con el equipo que integra el Sistema Municipal para el Desarrollo Integral de la Familia (DIF), el edil Mundo Tlatehui y la presidenta honor\u00edfica del Patronato y Voluntariado de esta instituci\u00f3n, Lupita Cuautle, exhortaron a los servidores p\u00fablicos a ser sensibles, emp\u00e1ticos y solidarios con las personas que acuden a solicitar atenci\u00f3n.\u00a0 &nbsp; Mundo Tlatehui manifest\u00f3 su agradecimiento por el apoyo a los programas sociales que son ejes fundamentales de la administraci\u00f3n que encabeza, convocando a los presentes a dar lo mejor de s\u00ed mismos con el prop\u00f3sito de que la ciudadan\u00eda perciba el trabajo realizado.&hellip;Leer m\u00e1s...","og_url":"https:\/\/www.aliadospuebla.com\/?p=63864","og_site_name":"AliadosPuebla","article_published_time":"2021-10-28T00:26:40+00:00","og_image":[{"width":600,"height":450,"url":"https:\/\/www.aliadospuebla.com\/web2017\/wp-content\/uploads\/2021\/10\/SAN-ANDRES-3.jpg","type":"image\/jpeg"}],"author":"Aliados Videos","twitter_card":"summary_large_image","twitter_misc":{"Escrito por":"Aliados Videos","Tiempo de lectura":"2 minutos"},"schema":{"@context":"https:\/\/schema.org","@graph":[{"@type":"Article","@id":"https:\/\/www.aliadospuebla.com\/?p=63864#article","isPartOf":{"@id":"https:\/\/www.aliadospuebla.com\/?p=63864"},"author":{"name":"Aliados Videos","@id":"https:\/\/www.aliadospuebla.com\/#\/schema\/person\/0fd017f23cc5c3f7988d5d58850eec8e"},"headline":"MUNDO TLATEHUI CONVOCA A PERSONAL DEL DIF A ENALTECER EL TRABAJO DEL ORGANISMO","datePublished":"2021-10-28T00:26:40+00:00","mainEntityOfPage":{"@id":"https:\/\/www.aliadospuebla.com\/?p=63864"},"wordCount":396,"commentCount":0,"image":{"@id":"https:\/\/www.aliadospuebla.com\/?p=63864#primaryimage"},"thumbnailUrl":"https:\/\/www.aliadospuebla.com\/web2017\/wp-content\/uploads\/2021\/10\/SAN-ANDRES-3.jpg","keywords":["capital","DIF","Lupita Cuautle","MUNDO TLATEHUI","Puebla","San Andr\u00e9s Cholula","SEDIF"],"articleSection":["Municipios"],"inLanguage":"es","potentialAction":[{"@type":"CommentAction","name":"Comment","target":["https:\/\/www.aliadospuebla.com\/?p=63864#respond"]}]},{"@type":"WebPage","@id":"https:\/\/www.aliadospuebla.com\/?p=63864","url":"https:\/\/www.aliadospuebla.com\/?p=63864","name":"MUNDO TLATEHUI CONVOCA A PERSONAL DEL DIF A ENALTECER EL TRABAJO DEL ORGANISMO - AliadosPuebla","isPartOf":{"@id":"https:\/\/www.aliadospuebla.com\/#website"},"primaryImageOfPage":{"@id":"https:\/\/www.aliadospuebla.com\/?p=63864#primaryimage"},"image":{"@id":"https:\/\/www.aliadospuebla.com\/?p=63864#primaryimage"},"thumbnailUrl":"https:\/\/www.aliadospuebla.com\/web2017\/wp-content\/uploads\/2021\/10\/SAN-ANDRES-3.jpg","datePublished":"2021-10-28T00:26:40+00:00","author":{"@id":"https:\/\/www.aliadospuebla.com\/#\/schema\/person\/0fd017f23cc5c3f7988d5d58850eec8e"},"breadcrumb":{"@id":"https:\/\/www.aliadospuebla.com\/?p=63864#breadcrumb"},"inLanguage":"es","potentialAction":[{"@type":"ReadAction","target":["https:\/\/www.aliadospuebla.com\/?p=63864"]}]},{"@type":"ImageObject","inLanguage":"es","@id":"https:\/\/www.aliadospuebla.com\/?p=63864#primaryimage","url":"https:\/\/www.aliadospuebla.com\/web2017\/wp-content\/uploads\/2021\/10\/SAN-ANDRES-3.jpg","contentUrl":"https:\/\/www.aliadospuebla.com\/web2017\/wp-content\/uploads\/2021\/10\/SAN-ANDRES-3.jpg","width":600,"height":450},{"@type":"BreadcrumbList","@id":"https:\/\/www.aliadospuebla.com\/?p=63864#breadcrumb","itemListElement":[{"@type":"ListItem","position":1,"name":"Portada","item":"https:\/\/www.aliadospuebla.com\/"},{"@type":"ListItem","position":2,"name":"MUNDO TLATEHUI CONVOCA A PERSONAL DEL DIF A ENALTECER EL TRABAJO DEL ORGANISMO"}]},{"@type":"WebSite","@id":"https:\/\/www.aliadospuebla.com\/#website","url":"https:\/\/www.aliadospuebla.com\/","name":"AliadosPuebla","description":"La informaci\u00f3n en tus manos","potentialAction":[{"@type":"SearchAction","target":{"@type":"EntryPoint","urlTemplate":"https:\/\/www.aliadospuebla.com\/?s={search_term_string}"},"query-input":{"@type":"PropertyValueSpecification","valueRequired":true,"valueName":"search_term_string"}}],"inLanguage":"es"},{"@type":"Person","@id":"https:\/\/www.aliadospuebla.com\/#\/schema\/person\/0fd017f23cc5c3f7988d5d58850eec8e","name":"Aliados Videos","image":{"@type":"ImageObject","inLanguage":"es","@id":"https:\/\/secure.gravatar.com\/avatar\/42b92de8b2d8339e1e824f3a73ab023a0bec0ee2e3920248085eb1f3160b4083?s=96&d=mm&r=g","url":"https:\/\/secure.gravatar.com\/avatar\/42b92de8b2d8339e1e824f3a73ab023a0bec0ee2e3920248085eb1f3160b4083?s=96&d=mm&r=g","contentUrl":"https:\/\/secure.gravatar.com\/avatar\/42b92de8b2d8339e1e824f3a73ab023a0bec0ee2e3920248085eb1f3160b4083?s=96&d=mm&r=g","caption":"Aliados Videos"},"url":"https:\/\/www.aliadospuebla.com\/?author=3"}]}},"views":8,"_links":{"self":[{"href":"https:\/\/www.aliadospuebla.com\/index.php?rest_route=\/wp\/v2\/posts\/63864","targetHints":{"allow":["GET"]}}],"collection":[{"href":"https:\/\/www.aliadospuebla.com\/index.php?rest_route=\/wp\/v2\/posts"}],"about":[{"href":"https:\/\/www.aliadospuebla.com\/index.php?rest_route=\/wp\/v2\/types\/post"}],"author":[{"embeddable":true,"href":"https:\/\/www.aliadospuebla.com\/index.php?rest_route=\/wp\/v2\/users\/3"}],"replies":[{"embeddable":true,"href":"https:\/\/www.aliadospuebla.com\/index.php?rest_route=%2Fwp%2Fv2%2Fcomments&post=63864"}],"version-history":[{"count":1,"href":"https:\/\/www.aliadospuebla.com\/index.php?rest_route=\/wp\/v2\/posts\/63864\/revisions"}],"predecessor-version":[{"id":63867,"href":"https:\/\/www.aliadospuebla.com\/index.php?rest_route=\/wp\/v2\/posts\/63864\/revisions\/63867"}],"wp:featuredmedia":[{"embeddable":true,"href":"https:\/\/www.aliadospuebla.com\/index.php?rest_route=\/wp\/v2\/media\/63866"}],"wp:attachment":[{"href":"https:\/\/www.aliadospuebla.com\/index.php?rest_route=%2Fwp%2Fv2%2Fmedia&parent=63864"}],"wp:term":[{"taxonomy":"category","embeddable":true,"href":"https:\/\/www.aliadospuebla.com\/index.php?rest_route=%2Fwp%2Fv2%2Fcategories&post=63864"},{"taxonomy":"post_tag","embeddable":true,"href":"https:\/\/www.aliadospuebla.com\/index.php?rest_route=%2Fwp%2Fv2%2Ftags&post=63864"}],"curies":[{"name":"wp","href":"https:\/\/api.w.org\/{rel}","templated":true}]}}