{"id":63809,"date":"2021-10-26T19:51:40","date_gmt":"2021-10-27T00:51:40","guid":{"rendered":"https:\/\/www.aliados17.com\/?p=63809"},"modified":"2021-10-26T19:51:40","modified_gmt":"2021-10-27T00:51:40","slug":"establece-gobierno-de-san-pedro-cholula-esquema-de-coordinacion-durante-los-festejos-por-todos-santos","status":"publish","type":"post","link":"https:\/\/www.aliadospuebla.com\/?p=63809","title":{"rendered":"ESTABLECE GOBIERNO DE SAN PEDRO CHOLULA ESQUEMA DE COORDINACI\u00d3N DURANTE LOS FESTEJOS POR TODOS SANTOS"},"content":{"rendered":"<p>San Pedro Cholula. &#8211; Con el objetivo de que la ciudadan\u00eda<\/p>\n<p>celebre la temporada de Todos Santos en un ambiente de<\/p>\n<p>tranquilidad y con las medidas sanitarias pertinentes, el<\/p>\n<p>Ayuntamiento de San Pedro Cholula informa que se activar\u00e1<\/p>\n<p>un operativo conjunto entre las secretar\u00edas de Seguridad<\/p>\n<p>Ciudadana e Infraestructura y Servicios P\u00fablicos, para tener<\/p>\n<p>un monitoreo permanente de los cholultecas y turistas que<\/p>\n<p>acudan a los panteones y \u00e1reas de libre esparcimiento.<\/p>\n<p>Respecto al horario de operaci\u00f3n de los panteones a cargo<\/p>\n<p>del municipio, en los barrios de Jes\u00fas Tlatempa y La<\/p>\n<p>Magdalena, estar\u00e1n abiertos de 7:00 a 17:00 horas, del<\/p>\n<p>28 al 31 de octubre; respecto a los d\u00edas 1 y 2 de noviembre,<\/p>\n<p>el horario ser\u00e1 de 7:00 a 19:00 horas.<\/p>\n<p>Es importante destacar que el uso correcto del cubrebocas<\/p>\n<p>es indispensable para poder ingresar a los panteones, al<\/p>\n<p>tiempo de que se restringir\u00e1 el acceso a quienes est\u00e9n<\/p>\n<p>consumiendo alimentos o cualquier tipo de bebida.<\/p>\n<p>Durante estos d\u00edas de alta afluencia de visitantes en los<\/p>\n<p>camposantos, las brigadas de la Secretar\u00eda de Infraestructura<\/p>\n<p>y Servicios P\u00fablicos intensificar\u00e1n las labores de limpieza en<\/p>\n<p>las \u00e1reas de uso com\u00fan, as\u00ed como con el vaciado constante<\/p>\n<p>de contenedores de basura.<\/p>\n<p>Por su parte, el Sistema Operador de Agua Potable y<\/p>\n<p>Alcantarillado de San Pedro Cholula (SOSAPACH),<\/p>\n<p>garantizar\u00e1 el abastecimiento de los dep\u00f3sitos de agua<\/p>\n<p>para que los visitantes puedan realizar las labores de<\/p>\n<p>mantenimiento y limpieza de tumbas y nichos<\/p>\n<p>Para fortalecer el clima de tranquilidad, la Secretar\u00eda de<\/p>\n<p>Seguridad Ciudadana (SSC) desplegar\u00e1 un operativo<\/p>\n<p>de patrullaje para inhibir la comisi\u00f3n de actividades<\/p>\n<p>delictivas en inmediaciones de los camposantos que se<\/p>\n<p>ubican en la cabecera y las 13 Juntas Auxiliares.<\/p>\n<p>De igual forma, se mantiene la coordinaci\u00f3n permanente<\/p>\n<p>con las fuerzas estatales y los cuerpos de seguridad de<\/p>\n<p>los municipios vecinos, para actuar de manera inmediata<\/p>\n<p>ante cualquier reporte o emergencia.<\/p>\n<p>Finalmente, personal de Protecci\u00f3n Civil y Bomberos,<\/p>\n<p>adem\u00e1s de verificar que los visitantes cumplan con el<\/p>\n<p>protocolo sanitario de uso correcto de cubre bocas y<\/p>\n<p>distanciamiento social, supervisar\u00e1n las instalaciones<\/p>\n<p>de gas LP y medidas de seguridad de los puestos de<\/p>\n<p>comida que se ubiquen en el exterior de los panteones,<\/p>\n<p>mientras que el equipo de param\u00e9dicos se mantendr\u00e1<\/p>\n<p>alerta para atender posibles casos de insolaci\u00f3n o emergencia m\u00e9dica.<\/p>\n<p>El gobierno que encabeza la presidenta municipal,<\/p>\n<p>Paola Angon, refrenda su compromiso con el trabajo<\/p>\n<p>permanente del ayuntamiento en favor de la<\/p>\n<p>tranquilidad de las familias cholultecas.<\/p>\n","protected":false},"excerpt":{"rendered":"<p>San Pedro Cholula. &#8211; Con el objetivo de que la ciudadan\u00eda celebre la temporada de Todos Santos en un ambiente de tranquilidad y con las medidas sanitarias pertinentes, el Ayuntamiento de San Pedro Cholula informa que se activar\u00e1 un operativo conjunto entre las secretar\u00edas de Seguridad Ciudadana e Infraestructura y Servicios P\u00fablicos, para tener un monitoreo permanente de los cholultecas y turistas que acudan a los panteones y \u00e1reas de libre esparcimiento. Respecto al horario de operaci\u00f3n de los panteones a cargo del municipio, en los barrios de Jes\u00fas Tlatempa y La Magdalena, estar\u00e1n abiertos de 7:00 a 17:00 horas, del 28 al 31 de octubre; respecto a los d\u00edas 1 y 2 de noviembre, el horario ser\u00e1 de 7:00 a 19:00 horas. Es importante&hellip;<\/p>\n<p class=\"excerpt-more\"><a class=\"blog-excerpt button\" href=\"https:\/\/www.aliadospuebla.com\/?p=63809\">Leer m\u00e1s&#8230;<\/a><\/p>\n","protected":false},"author":3,"featured_media":63810,"comment_status":"open","ping_status":"open","sticky":false,"template":"","format":"standard","meta":{"_monsterinsights_skip_tracking":false,"footnotes":""},"categories":[4],"tags":[171,77,15797,72,387,10180],"class_list":["post-63809","post","type-post","status-publish","format-standard","has-post-thumbnail","hentry","category-municipios","tag-ayuntamiento","tag-municipios","tag-paola-angon","tag-puebla","tag-san-pedro-cholula","tag-ssc"],"yoast_head":"<!-- This site is optimized with the Yoast SEO plugin v28.4 - https:\/\/yoast.com\/product\/yoast-seo-wordpress\/ -->\n<title>ESTABLECE GOBIERNO DE SAN PEDRO CHOLULA ESQUEMA DE COORDINACI\u00d3N DURANTE LOS FESTEJOS POR TODOS SANTOS - AliadosPuebla<\/title>\n<meta name=\"robots\" content=\"index, follow, max-snippet:-1, max-image-preview:large, max-video-preview:-1\" \/>\n<link rel=\"canonical\" href=\"https:\/\/www.aliadospuebla.com\/?p=63809\" \/>\n<meta property=\"og:locale\" content=\"es_ES\" \/>\n<meta property=\"og:type\" content=\"article\" \/>\n<meta property=\"og:title\" content=\"ESTABLECE GOBIERNO DE SAN PEDRO CHOLULA ESQUEMA DE COORDINACI\u00d3N DURANTE LOS FESTEJOS POR TODOS SANTOS - AliadosPuebla\" \/>\n<meta property=\"og:description\" content=\"San Pedro Cholula. &#8211; Con el objetivo de que la ciudadan\u00eda celebre la temporada de Todos Santos en un ambiente de tranquilidad y con las medidas sanitarias pertinentes, el Ayuntamiento de San Pedro Cholula informa que se activar\u00e1 un operativo conjunto entre las secretar\u00edas de Seguridad Ciudadana e Infraestructura y Servicios P\u00fablicos, para tener un monitoreo permanente de los cholultecas y turistas que acudan a los panteones y \u00e1reas de libre esparcimiento. Respecto al horario de operaci\u00f3n de los panteones a cargo del municipio, en los barrios de Jes\u00fas Tlatempa y La Magdalena, estar\u00e1n abiertos de 7:00 a 17:00 horas, del 28 al 31 de octubre; respecto a los d\u00edas 1 y 2 de noviembre, el horario ser\u00e1 de 7:00 a 19:00 horas. Es importante&hellip;Leer m\u00e1s...\" \/>\n<meta property=\"og:url\" content=\"https:\/\/www.aliadospuebla.com\/?p=63809\" \/>\n<meta property=\"og:site_name\" content=\"AliadosPuebla\" \/>\n<meta property=\"article:published_time\" content=\"2021-10-27T00:51:40+00:00\" \/>\n<meta property=\"og:image\" content=\"https:\/\/www.aliadospuebla.com\/web2017\/wp-content\/uploads\/2021\/10\/san-pedro-1.jpg\" \/>\n\t<meta property=\"og:image:width\" content=\"600\" \/>\n\t<meta property=\"og:image:height\" content=\"450\" \/>\n\t<meta property=\"og:image:type\" content=\"image\/jpeg\" \/>\n<meta name=\"author\" content=\"Aliados Videos\" \/>\n<meta name=\"twitter:card\" content=\"summary_large_image\" \/>\n<meta name=\"twitter:label1\" content=\"Escrito por\" \/>\n\t<meta name=\"twitter:data1\" content=\"Aliados Videos\" \/>\n\t<meta name=\"twitter:label2\" content=\"Tiempo de lectura\" \/>\n\t<meta name=\"twitter:data2\" content=\"2 minutos\" \/>\n<script type=\"application\/ld+json\" class=\"yoast-schema-graph\">{\"@context\":\"https:\\\/\\\/schema.org\",\"@graph\":[{\"@type\":\"Article\",\"@id\":\"https:\\\/\\\/www.aliadospuebla.com\\\/?p=63809#article\",\"isPartOf\":{\"@id\":\"https:\\\/\\\/www.aliadospuebla.com\\\/?p=63809\"},\"author\":{\"name\":\"Aliados Videos\",\"@id\":\"https:\\\/\\\/www.aliadospuebla.com\\\/#\\\/schema\\\/person\\\/0fd017f23cc5c3f7988d5d58850eec8e\"},\"headline\":\"ESTABLECE GOBIERNO DE SAN PEDRO CHOLULA ESQUEMA DE COORDINACI\u00d3N DURANTE LOS FESTEJOS POR TODOS SANTOS\",\"datePublished\":\"2021-10-27T00:51:40+00:00\",\"mainEntityOfPage\":{\"@id\":\"https:\\\/\\\/www.aliadospuebla.com\\\/?p=63809\"},\"wordCount\":437,\"commentCount\":0,\"image\":{\"@id\":\"https:\\\/\\\/www.aliadospuebla.com\\\/?p=63809#primaryimage\"},\"thumbnailUrl\":\"https:\\\/\\\/www.aliadospuebla.com\\\/web2017\\\/wp-content\\\/uploads\\\/2021\\\/10\\\/san-pedro-1.jpg\",\"keywords\":[\"Ayuntamiento\",\"Municipios\",\"PAOLA ANGON\",\"Puebla\",\"SAN PEDRO CHOLULA\",\"SSC\"],\"articleSection\":[\"Municipios\"],\"inLanguage\":\"es\",\"potentialAction\":[{\"@type\":\"CommentAction\",\"name\":\"Comment\",\"target\":[\"https:\\\/\\\/www.aliadospuebla.com\\\/?p=63809#respond\"]}]},{\"@type\":\"WebPage\",\"@id\":\"https:\\\/\\\/www.aliadospuebla.com\\\/?p=63809\",\"url\":\"https:\\\/\\\/www.aliadospuebla.com\\\/?p=63809\",\"name\":\"ESTABLECE GOBIERNO DE SAN PEDRO CHOLULA ESQUEMA DE COORDINACI\u00d3N DURANTE LOS FESTEJOS POR TODOS SANTOS - AliadosPuebla\",\"isPartOf\":{\"@id\":\"https:\\\/\\\/www.aliadospuebla.com\\\/#website\"},\"primaryImageOfPage\":{\"@id\":\"https:\\\/\\\/www.aliadospuebla.com\\\/?p=63809#primaryimage\"},\"image\":{\"@id\":\"https:\\\/\\\/www.aliadospuebla.com\\\/?p=63809#primaryimage\"},\"thumbnailUrl\":\"https:\\\/\\\/www.aliadospuebla.com\\\/web2017\\\/wp-content\\\/uploads\\\/2021\\\/10\\\/san-pedro-1.jpg\",\"datePublished\":\"2021-10-27T00:51:40+00:00\",\"author\":{\"@id\":\"https:\\\/\\\/www.aliadospuebla.com\\\/#\\\/schema\\\/person\\\/0fd017f23cc5c3f7988d5d58850eec8e\"},\"breadcrumb\":{\"@id\":\"https:\\\/\\\/www.aliadospuebla.com\\\/?p=63809#breadcrumb\"},\"inLanguage\":\"es\",\"potentialAction\":[{\"@type\":\"ReadAction\",\"target\":[\"https:\\\/\\\/www.aliadospuebla.com\\\/?p=63809\"]}]},{\"@type\":\"ImageObject\",\"inLanguage\":\"es\",\"@id\":\"https:\\\/\\\/www.aliadospuebla.com\\\/?p=63809#primaryimage\",\"url\":\"https:\\\/\\\/www.aliadospuebla.com\\\/web2017\\\/wp-content\\\/uploads\\\/2021\\\/10\\\/san-pedro-1.jpg\",\"contentUrl\":\"https:\\\/\\\/www.aliadospuebla.com\\\/web2017\\\/wp-content\\\/uploads\\\/2021\\\/10\\\/san-pedro-1.jpg\",\"width\":600,\"height\":450},{\"@type\":\"BreadcrumbList\",\"@id\":\"https:\\\/\\\/www.aliadospuebla.com\\\/?p=63809#breadcrumb\",\"itemListElement\":[{\"@type\":\"ListItem\",\"position\":1,\"name\":\"Portada\",\"item\":\"https:\\\/\\\/www.aliadospuebla.com\\\/\"},{\"@type\":\"ListItem\",\"position\":2,\"name\":\"ESTABLECE GOBIERNO DE SAN PEDRO CHOLULA ESQUEMA DE COORDINACI\u00d3N DURANTE LOS FESTEJOS POR TODOS SANTOS\"}]},{\"@type\":\"WebSite\",\"@id\":\"https:\\\/\\\/www.aliadospuebla.com\\\/#website\",\"url\":\"https:\\\/\\\/www.aliadospuebla.com\\\/\",\"name\":\"AliadosPuebla\",\"description\":\"La informaci\u00f3n en tus manos\",\"potentialAction\":[{\"@type\":\"SearchAction\",\"target\":{\"@type\":\"EntryPoint\",\"urlTemplate\":\"https:\\\/\\\/www.aliadospuebla.com\\\/?s={search_term_string}\"},\"query-input\":{\"@type\":\"PropertyValueSpecification\",\"valueRequired\":true,\"valueName\":\"search_term_string\"}}],\"inLanguage\":\"es\"},{\"@type\":\"Person\",\"@id\":\"https:\\\/\\\/www.aliadospuebla.com\\\/#\\\/schema\\\/person\\\/0fd017f23cc5c3f7988d5d58850eec8e\",\"name\":\"Aliados Videos\",\"image\":{\"@type\":\"ImageObject\",\"inLanguage\":\"es\",\"@id\":\"https:\\\/\\\/secure.gravatar.com\\\/avatar\\\/42b92de8b2d8339e1e824f3a73ab023a0bec0ee2e3920248085eb1f3160b4083?s=96&d=mm&r=g\",\"url\":\"https:\\\/\\\/secure.gravatar.com\\\/avatar\\\/42b92de8b2d8339e1e824f3a73ab023a0bec0ee2e3920248085eb1f3160b4083?s=96&d=mm&r=g\",\"contentUrl\":\"https:\\\/\\\/secure.gravatar.com\\\/avatar\\\/42b92de8b2d8339e1e824f3a73ab023a0bec0ee2e3920248085eb1f3160b4083?s=96&d=mm&r=g\",\"caption\":\"Aliados Videos\"},\"url\":\"https:\\\/\\\/www.aliadospuebla.com\\\/?author=3\"}]}<\/script>\n<!-- \/ Yoast SEO plugin. -->","yoast_head_json":{"title":"ESTABLECE GOBIERNO DE SAN PEDRO CHOLULA ESQUEMA DE COORDINACI\u00d3N DURANTE LOS FESTEJOS POR TODOS SANTOS - AliadosPuebla","robots":{"index":"index","follow":"follow","max-snippet":"max-snippet:-1","max-image-preview":"max-image-preview:large","max-video-preview":"max-video-preview:-1"},"canonical":"https:\/\/www.aliadospuebla.com\/?p=63809","og_locale":"es_ES","og_type":"article","og_title":"ESTABLECE GOBIERNO DE SAN PEDRO CHOLULA ESQUEMA DE COORDINACI\u00d3N DURANTE LOS FESTEJOS POR TODOS SANTOS - AliadosPuebla","og_description":"San Pedro Cholula. &#8211; Con el objetivo de que la ciudadan\u00eda celebre la temporada de Todos Santos en un ambiente de tranquilidad y con las medidas sanitarias pertinentes, el Ayuntamiento de San Pedro Cholula informa que se activar\u00e1 un operativo conjunto entre las secretar\u00edas de Seguridad Ciudadana e Infraestructura y Servicios P\u00fablicos, para tener un monitoreo permanente de los cholultecas y turistas que acudan a los panteones y \u00e1reas de libre esparcimiento. Respecto al horario de operaci\u00f3n de los panteones a cargo del municipio, en los barrios de Jes\u00fas Tlatempa y La Magdalena, estar\u00e1n abiertos de 7:00 a 17:00 horas, del 28 al 31 de octubre; respecto a los d\u00edas 1 y 2 de noviembre, el horario ser\u00e1 de 7:00 a 19:00 horas. Es importante&hellip;Leer m\u00e1s...","og_url":"https:\/\/www.aliadospuebla.com\/?p=63809","og_site_name":"AliadosPuebla","article_published_time":"2021-10-27T00:51:40+00:00","og_image":[{"width":600,"height":450,"url":"https:\/\/www.aliadospuebla.com\/web2017\/wp-content\/uploads\/2021\/10\/san-pedro-1.jpg","type":"image\/jpeg"}],"author":"Aliados Videos","twitter_card":"summary_large_image","twitter_misc":{"Escrito por":"Aliados Videos","Tiempo de lectura":"2 minutos"},"schema":{"@context":"https:\/\/schema.org","@graph":[{"@type":"Article","@id":"https:\/\/www.aliadospuebla.com\/?p=63809#article","isPartOf":{"@id":"https:\/\/www.aliadospuebla.com\/?p=63809"},"author":{"name":"Aliados Videos","@id":"https:\/\/www.aliadospuebla.com\/#\/schema\/person\/0fd017f23cc5c3f7988d5d58850eec8e"},"headline":"ESTABLECE GOBIERNO DE SAN PEDRO CHOLULA ESQUEMA DE COORDINACI\u00d3N DURANTE LOS FESTEJOS POR TODOS SANTOS","datePublished":"2021-10-27T00:51:40+00:00","mainEntityOfPage":{"@id":"https:\/\/www.aliadospuebla.com\/?p=63809"},"wordCount":437,"commentCount":0,"image":{"@id":"https:\/\/www.aliadospuebla.com\/?p=63809#primaryimage"},"thumbnailUrl":"https:\/\/www.aliadospuebla.com\/web2017\/wp-content\/uploads\/2021\/10\/san-pedro-1.jpg","keywords":["Ayuntamiento","Municipios","PAOLA ANGON","Puebla","SAN PEDRO CHOLULA","SSC"],"articleSection":["Municipios"],"inLanguage":"es","potentialAction":[{"@type":"CommentAction","name":"Comment","target":["https:\/\/www.aliadospuebla.com\/?p=63809#respond"]}]},{"@type":"WebPage","@id":"https:\/\/www.aliadospuebla.com\/?p=63809","url":"https:\/\/www.aliadospuebla.com\/?p=63809","name":"ESTABLECE GOBIERNO DE SAN PEDRO CHOLULA ESQUEMA DE COORDINACI\u00d3N DURANTE LOS FESTEJOS POR TODOS SANTOS - AliadosPuebla","isPartOf":{"@id":"https:\/\/www.aliadospuebla.com\/#website"},"primaryImageOfPage":{"@id":"https:\/\/www.aliadospuebla.com\/?p=63809#primaryimage"},"image":{"@id":"https:\/\/www.aliadospuebla.com\/?p=63809#primaryimage"},"thumbnailUrl":"https:\/\/www.aliadospuebla.com\/web2017\/wp-content\/uploads\/2021\/10\/san-pedro-1.jpg","datePublished":"2021-10-27T00:51:40+00:00","author":{"@id":"https:\/\/www.aliadospuebla.com\/#\/schema\/person\/0fd017f23cc5c3f7988d5d58850eec8e"},"breadcrumb":{"@id":"https:\/\/www.aliadospuebla.com\/?p=63809#breadcrumb"},"inLanguage":"es","potentialAction":[{"@type":"ReadAction","target":["https:\/\/www.aliadospuebla.com\/?p=63809"]}]},{"@type":"ImageObject","inLanguage":"es","@id":"https:\/\/www.aliadospuebla.com\/?p=63809#primaryimage","url":"https:\/\/www.aliadospuebla.com\/web2017\/wp-content\/uploads\/2021\/10\/san-pedro-1.jpg","contentUrl":"https:\/\/www.aliadospuebla.com\/web2017\/wp-content\/uploads\/2021\/10\/san-pedro-1.jpg","width":600,"height":450},{"@type":"BreadcrumbList","@id":"https:\/\/www.aliadospuebla.com\/?p=63809#breadcrumb","itemListElement":[{"@type":"ListItem","position":1,"name":"Portada","item":"https:\/\/www.aliadospuebla.com\/"},{"@type":"ListItem","position":2,"name":"ESTABLECE GOBIERNO DE SAN PEDRO CHOLULA ESQUEMA DE COORDINACI\u00d3N DURANTE LOS FESTEJOS POR TODOS SANTOS"}]},{"@type":"WebSite","@id":"https:\/\/www.aliadospuebla.com\/#website","url":"https:\/\/www.aliadospuebla.com\/","name":"AliadosPuebla","description":"La informaci\u00f3n en tus manos","potentialAction":[{"@type":"SearchAction","target":{"@type":"EntryPoint","urlTemplate":"https:\/\/www.aliadospuebla.com\/?s={search_term_string}"},"query-input":{"@type":"PropertyValueSpecification","valueRequired":true,"valueName":"search_term_string"}}],"inLanguage":"es"},{"@type":"Person","@id":"https:\/\/www.aliadospuebla.com\/#\/schema\/person\/0fd017f23cc5c3f7988d5d58850eec8e","name":"Aliados Videos","image":{"@type":"ImageObject","inLanguage":"es","@id":"https:\/\/secure.gravatar.com\/avatar\/42b92de8b2d8339e1e824f3a73ab023a0bec0ee2e3920248085eb1f3160b4083?s=96&d=mm&r=g","url":"https:\/\/secure.gravatar.com\/avatar\/42b92de8b2d8339e1e824f3a73ab023a0bec0ee2e3920248085eb1f3160b4083?s=96&d=mm&r=g","contentUrl":"https:\/\/secure.gravatar.com\/avatar\/42b92de8b2d8339e1e824f3a73ab023a0bec0ee2e3920248085eb1f3160b4083?s=96&d=mm&r=g","caption":"Aliados Videos"},"url":"https:\/\/www.aliadospuebla.com\/?author=3"}]}},"views":15,"_links":{"self":[{"href":"https:\/\/www.aliadospuebla.com\/index.php?rest_route=\/wp\/v2\/posts\/63809","targetHints":{"allow":["GET"]}}],"collection":[{"href":"https:\/\/www.aliadospuebla.com\/index.php?rest_route=\/wp\/v2\/posts"}],"about":[{"href":"https:\/\/www.aliadospuebla.com\/index.php?rest_route=\/wp\/v2\/types\/post"}],"author":[{"embeddable":true,"href":"https:\/\/www.aliadospuebla.com\/index.php?rest_route=\/wp\/v2\/users\/3"}],"replies":[{"embeddable":true,"href":"https:\/\/www.aliadospuebla.com\/index.php?rest_route=%2Fwp%2Fv2%2Fcomments&post=63809"}],"version-history":[{"count":1,"href":"https:\/\/www.aliadospuebla.com\/index.php?rest_route=\/wp\/v2\/posts\/63809\/revisions"}],"predecessor-version":[{"id":63811,"href":"https:\/\/www.aliadospuebla.com\/index.php?rest_route=\/wp\/v2\/posts\/63809\/revisions\/63811"}],"wp:featuredmedia":[{"embeddable":true,"href":"https:\/\/www.aliadospuebla.com\/index.php?rest_route=\/wp\/v2\/media\/63810"}],"wp:attachment":[{"href":"https:\/\/www.aliadospuebla.com\/index.php?rest_route=%2Fwp%2Fv2%2Fmedia&parent=63809"}],"wp:term":[{"taxonomy":"category","embeddable":true,"href":"https:\/\/www.aliadospuebla.com\/index.php?rest_route=%2Fwp%2Fv2%2Fcategories&post=63809"},{"taxonomy":"post_tag","embeddable":true,"href":"https:\/\/www.aliadospuebla.com\/index.php?rest_route=%2Fwp%2Fv2%2Ftags&post=63809"}],"curies":[{"name":"wp","href":"https:\/\/api.w.org\/{rel}","templated":true}]}}