{"id":63555,"date":"2021-10-19T19:31:11","date_gmt":"2021-10-20T00:31:11","guid":{"rendered":"https:\/\/www.aliados17.com\/?p=63555"},"modified":"2021-10-19T19:31:11","modified_gmt":"2021-10-20T00:31:11","slug":"se-instalan-las-primeras-6-comisiones-en-el-cabildo-de-puebla-para-el-periodo-2021-2024","status":"publish","type":"post","link":"https:\/\/www.aliadospuebla.com\/?p=63555","title":{"rendered":"SE INSTALAN LAS PRIMERAS 6 COMISIONES EN EL CABILDO DE PUEBLA PARA EL PERIODO 2021-2024"},"content":{"rendered":"<p>Las Regidoras y Regidores coincidieron<\/p>\n<p>en trabajar y privilegiar el consenso en favor de la Gobernabilidad de Puebla.<\/p>\n<p>Como parte de la agenda planteada por el Cabildo de Puebla,<\/p>\n<p>y con la intenci\u00f3n de dar inicio con las propuestas<\/p>\n<p>para impulsar proyectos e iniciativas que favorezcan<\/p>\n<p>el desarrollo del municipio, este martes se llev\u00f3 a cabo<\/p>\n<p>la instalaci\u00f3n de las primeras seis comisiones para el periodo 2021-2024,<\/p>\n<p>mismas que est\u00e1n conformadas por cinco integrantes: el presidente y cuatro vocales.<\/p>\n<p>La primera comisi\u00f3n en ser instalada fue la de Bienestar,<\/p>\n<p>presidida por el regidor Luis Franco Mart\u00ednez,<\/p>\n<p>y como vocales: Ana Mar\u00eda Jim\u00e9nez Ortiz, Christian Guzm\u00e1n Jim\u00e9nez,<\/p>\n<p>Alfredo Ram\u00edrez Barra y Ernesto Antonio Aguilar.<\/p>\n<p>Posteriormente, se instal\u00f3 la comisi\u00f3n de Patrimonio y Hacienda P\u00fablica Municipal,<\/p>\n<p>presidida por la regidora Ana Mar\u00eda Jim\u00e9nez Ortiz,<\/p>\n<p>e integrada por los vocales: Susana Riestra Pi\u00f1a,<\/p>\n<p>Christian Guzm\u00e1n Jim\u00e9nez, \u00c1ngel Rivera Ortega y Carlos Montiel Solana.<\/p>\n<p>En lo que respecta a la comisi\u00f3n de Gobernaci\u00f3n,<\/p>\n<p>el regidor Miguel \u00c1ngel Mantilla Mart\u00ednez fue designado como presidente,<\/p>\n<p>aunado a los vocales: Mar\u00eda Dolores Cervantes Moctezuma,<\/p>\n<p>Gabriela Ruiz Ben\u00edtez, Carlos Montiel Solana y Leobardo Rodr\u00edguez Ju\u00e1rez.<\/p>\n<p>Asimismo, la comisi\u00f3n de Infraestructura, Movilidad y Servicios P\u00fablicos<\/p>\n<p>qued\u00f3 a cargo de la regidora Mar\u00eda Fernanda Huerta L\u00f3pez,<\/p>\n<p>e integrada por los vocales: Susana Riestra Pi\u00f1a,<\/p>\n<p>Alfredo Ram\u00edrez Parra, Carlos Montiel Solana y \u00c1ngel Rivera Ortega.<\/p>\n<p>En la instalaci\u00f3n de la comisi\u00f3n de Seguridad, Justicia y Protecci\u00f3n Civil,<\/p>\n<p>se nombr\u00f3 al regidor Fernando Sarur Hern\u00e1ndez como presidente,<\/p>\n<p>y como vocales: Roc\u00edo S\u00e1nchez de la Vega Escalante,<\/p>\n<p>Gabriela Ruiz Ben\u00edtez, Ana Laura Mart\u00ednez Escobar y Miguel \u00c1ngel Mantilla Mart\u00ednez.<\/p>\n<p>Para finalizar la jornada, se instal\u00f3 la comisi\u00f3n Transparencia y Gobierno Abierto,<\/p>\n<p>con la regidora Vanessa Rend\u00f3n Mart\u00ednez como presidenta, e integrada por los vocales:<\/p>\n<p>Ricardo Grau de la Rosa, Alfredo Ram\u00edrez Barra, Leobardo Rodr\u00edguez Ju\u00e1rez y \u00c1ngel Rivera Ortega.<\/p>\n<p>Cabe destacar, que en los pr\u00f3ximos d\u00edas las y los regidores<\/p>\n<p>estar\u00e1n definiendo sus planes de trabajo y calendarios para las sesiones de las comisiones.<\/p>\n","protected":false},"excerpt":{"rendered":"<p>Las Regidoras y Regidores coincidieron en trabajar y privilegiar el consenso en favor de la Gobernabilidad de Puebla. Como parte de la agenda planteada por el Cabildo de Puebla, y con la intenci\u00f3n de dar inicio con las propuestas para impulsar proyectos e iniciativas que favorezcan el desarrollo del municipio, este martes se llev\u00f3 a cabo la instalaci\u00f3n de las primeras seis comisiones para el periodo 2021-2024, mismas que est\u00e1n conformadas por cinco integrantes: el presidente y cuatro vocales. La primera comisi\u00f3n en ser instalada fue la de Bienestar, presidida por el regidor Luis Franco Mart\u00ednez, y como vocales: Ana Mar\u00eda Jim\u00e9nez Ortiz, Christian Guzm\u00e1n Jim\u00e9nez, Alfredo Ram\u00edrez Barra y Ernesto Antonio Aguilar. Posteriormente, se instal\u00f3 la comisi\u00f3n de Patrimonio y Hacienda P\u00fablica Municipal, presidida&hellip;<\/p>\n<p class=\"excerpt-more\"><a class=\"blog-excerpt button\" href=\"https:\/\/www.aliadospuebla.com\/?p=63555\">Leer m\u00e1s&#8230;<\/a><\/p>\n","protected":false},"author":2,"featured_media":63556,"comment_status":"open","ping_status":"open","sticky":false,"template":"","format":"standard","meta":{"_monsterinsights_skip_tracking":false,"footnotes":""},"categories":[62],"tags":[560,6807,4978,1695,3002],"class_list":["post-63555","post","type-post","status-publish","format-standard","has-post-thumbnail","hentry","category-capital","tag-cabildo","tag-comisiones","tag-gobernabilidad","tag-regidoras","tag-regidores"],"yoast_head":"<!-- This site is optimized with the Yoast SEO plugin v28.4 - https:\/\/yoast.com\/product\/yoast-seo-wordpress\/ -->\n<title>SE INSTALAN LAS PRIMERAS 6 COMISIONES EN EL CABILDO DE PUEBLA PARA EL PERIODO 2021-2024 - AliadosPuebla<\/title>\n<meta name=\"robots\" content=\"index, follow, max-snippet:-1, max-image-preview:large, max-video-preview:-1\" \/>\n<link rel=\"canonical\" href=\"https:\/\/www.aliadospuebla.com\/?p=63555\" \/>\n<meta property=\"og:locale\" content=\"es_ES\" \/>\n<meta property=\"og:type\" content=\"article\" \/>\n<meta property=\"og:title\" content=\"SE INSTALAN LAS PRIMERAS 6 COMISIONES EN EL CABILDO DE PUEBLA PARA EL PERIODO 2021-2024 - AliadosPuebla\" \/>\n<meta property=\"og:description\" content=\"Las Regidoras y Regidores coincidieron en trabajar y privilegiar el consenso en favor de la Gobernabilidad de Puebla. Como parte de la agenda planteada por el Cabildo de Puebla, y con la intenci\u00f3n de dar inicio con las propuestas para impulsar proyectos e iniciativas que favorezcan el desarrollo del municipio, este martes se llev\u00f3 a cabo la instalaci\u00f3n de las primeras seis comisiones para el periodo 2021-2024, mismas que est\u00e1n conformadas por cinco integrantes: el presidente y cuatro vocales. La primera comisi\u00f3n en ser instalada fue la de Bienestar, presidida por el regidor Luis Franco Mart\u00ednez, y como vocales: Ana Mar\u00eda Jim\u00e9nez Ortiz, Christian Guzm\u00e1n Jim\u00e9nez, Alfredo Ram\u00edrez Barra y Ernesto Antonio Aguilar. Posteriormente, se instal\u00f3 la comisi\u00f3n de Patrimonio y Hacienda P\u00fablica Municipal, presidida&hellip;Leer m\u00e1s...\" \/>\n<meta property=\"og:url\" content=\"https:\/\/www.aliadospuebla.com\/?p=63555\" \/>\n<meta property=\"og:site_name\" content=\"AliadosPuebla\" \/>\n<meta property=\"article:author\" content=\"https:\/\/www.facebook.com\/Aliados17Pue\" \/>\n<meta property=\"article:published_time\" content=\"2021-10-20T00:31:11+00:00\" \/>\n<meta property=\"og:image\" content=\"https:\/\/www.aliadospuebla.com\/web2017\/wp-content\/uploads\/2021\/10\/090-comisiones.jpg\" \/>\n\t<meta property=\"og:image:width\" content=\"600\" \/>\n\t<meta property=\"og:image:height\" content=\"450\" \/>\n\t<meta property=\"og:image:type\" content=\"image\/jpeg\" \/>\n<meta name=\"author\" content=\"Aliados17\" \/>\n<meta name=\"twitter:card\" content=\"summary_large_image\" \/>\n<meta name=\"twitter:creator\" content=\"@AliadosPuebla\" \/>\n<meta name=\"twitter:label1\" content=\"Escrito por\" \/>\n\t<meta name=\"twitter:data1\" content=\"Aliados17\" \/>\n\t<meta name=\"twitter:label2\" content=\"Tiempo de lectura\" \/>\n\t<meta name=\"twitter:data2\" content=\"2 minutos\" \/>\n<script type=\"application\/ld+json\" class=\"yoast-schema-graph\">{\"@context\":\"https:\\\/\\\/schema.org\",\"@graph\":[{\"@type\":\"Article\",\"@id\":\"https:\\\/\\\/www.aliadospuebla.com\\\/?p=63555#article\",\"isPartOf\":{\"@id\":\"https:\\\/\\\/www.aliadospuebla.com\\\/?p=63555\"},\"author\":{\"name\":\"Aliados17\",\"@id\":\"https:\\\/\\\/www.aliadospuebla.com\\\/#\\\/schema\\\/person\\\/5da7dd09320bd4f392b710017ed5f8ad\"},\"headline\":\"SE INSTALAN LAS PRIMERAS 6 COMISIONES EN EL CABILDO DE PUEBLA PARA EL PERIODO 2021-2024\",\"datePublished\":\"2021-10-20T00:31:11+00:00\",\"mainEntityOfPage\":{\"@id\":\"https:\\\/\\\/www.aliadospuebla.com\\\/?p=63555\"},\"wordCount\":393,\"commentCount\":0,\"image\":{\"@id\":\"https:\\\/\\\/www.aliadospuebla.com\\\/?p=63555#primaryimage\"},\"thumbnailUrl\":\"https:\\\/\\\/www.aliadospuebla.com\\\/web2017\\\/wp-content\\\/uploads\\\/2021\\\/10\\\/090-comisiones.jpg\",\"keywords\":[\"CABILDO\",\"COMISIONES\",\"GOBERNABILIDAD\",\"REGIDORAS\",\"REGIDORES\"],\"articleSection\":[\"Capital\"],\"inLanguage\":\"es\",\"potentialAction\":[{\"@type\":\"CommentAction\",\"name\":\"Comment\",\"target\":[\"https:\\\/\\\/www.aliadospuebla.com\\\/?p=63555#respond\"]}]},{\"@type\":\"WebPage\",\"@id\":\"https:\\\/\\\/www.aliadospuebla.com\\\/?p=63555\",\"url\":\"https:\\\/\\\/www.aliadospuebla.com\\\/?p=63555\",\"name\":\"SE INSTALAN LAS PRIMERAS 6 COMISIONES EN EL CABILDO DE PUEBLA PARA EL PERIODO 2021-2024 - AliadosPuebla\",\"isPartOf\":{\"@id\":\"https:\\\/\\\/www.aliadospuebla.com\\\/#website\"},\"primaryImageOfPage\":{\"@id\":\"https:\\\/\\\/www.aliadospuebla.com\\\/?p=63555#primaryimage\"},\"image\":{\"@id\":\"https:\\\/\\\/www.aliadospuebla.com\\\/?p=63555#primaryimage\"},\"thumbnailUrl\":\"https:\\\/\\\/www.aliadospuebla.com\\\/web2017\\\/wp-content\\\/uploads\\\/2021\\\/10\\\/090-comisiones.jpg\",\"datePublished\":\"2021-10-20T00:31:11+00:00\",\"author\":{\"@id\":\"https:\\\/\\\/www.aliadospuebla.com\\\/#\\\/schema\\\/person\\\/5da7dd09320bd4f392b710017ed5f8ad\"},\"breadcrumb\":{\"@id\":\"https:\\\/\\\/www.aliadospuebla.com\\\/?p=63555#breadcrumb\"},\"inLanguage\":\"es\",\"potentialAction\":[{\"@type\":\"ReadAction\",\"target\":[\"https:\\\/\\\/www.aliadospuebla.com\\\/?p=63555\"]}]},{\"@type\":\"ImageObject\",\"inLanguage\":\"es\",\"@id\":\"https:\\\/\\\/www.aliadospuebla.com\\\/?p=63555#primaryimage\",\"url\":\"https:\\\/\\\/www.aliadospuebla.com\\\/web2017\\\/wp-content\\\/uploads\\\/2021\\\/10\\\/090-comisiones.jpg\",\"contentUrl\":\"https:\\\/\\\/www.aliadospuebla.com\\\/web2017\\\/wp-content\\\/uploads\\\/2021\\\/10\\\/090-comisiones.jpg\",\"width\":600,\"height\":450},{\"@type\":\"BreadcrumbList\",\"@id\":\"https:\\\/\\\/www.aliadospuebla.com\\\/?p=63555#breadcrumb\",\"itemListElement\":[{\"@type\":\"ListItem\",\"position\":1,\"name\":\"Portada\",\"item\":\"https:\\\/\\\/www.aliadospuebla.com\\\/\"},{\"@type\":\"ListItem\",\"position\":2,\"name\":\"SE INSTALAN LAS PRIMERAS 6 COMISIONES EN EL CABILDO DE PUEBLA PARA EL PERIODO 2021-2024\"}]},{\"@type\":\"WebSite\",\"@id\":\"https:\\\/\\\/www.aliadospuebla.com\\\/#website\",\"url\":\"https:\\\/\\\/www.aliadospuebla.com\\\/\",\"name\":\"AliadosPuebla\",\"description\":\"La informaci\u00f3n en tus manos\",\"potentialAction\":[{\"@type\":\"SearchAction\",\"target\":{\"@type\":\"EntryPoint\",\"urlTemplate\":\"https:\\\/\\\/www.aliadospuebla.com\\\/?s={search_term_string}\"},\"query-input\":{\"@type\":\"PropertyValueSpecification\",\"valueRequired\":true,\"valueName\":\"search_term_string\"}}],\"inLanguage\":\"es\"},{\"@type\":\"Person\",\"@id\":\"https:\\\/\\\/www.aliadospuebla.com\\\/#\\\/schema\\\/person\\\/5da7dd09320bd4f392b710017ed5f8ad\",\"name\":\"Aliados17\",\"image\":{\"@type\":\"ImageObject\",\"inLanguage\":\"es\",\"@id\":\"https:\\\/\\\/www.aliadospuebla.com\\\/web2017\\\/wp-content\\\/uploads\\\/2025\\\/03\\\/cropped-para-perfil-8-anos-1-96x96.jpg\",\"url\":\"https:\\\/\\\/www.aliadospuebla.com\\\/web2017\\\/wp-content\\\/uploads\\\/2025\\\/03\\\/cropped-para-perfil-8-anos-1-96x96.jpg\",\"contentUrl\":\"https:\\\/\\\/www.aliadospuebla.com\\\/web2017\\\/wp-content\\\/uploads\\\/2025\\\/03\\\/cropped-para-perfil-8-anos-1-96x96.jpg\",\"caption\":\"Aliados17\"},\"sameAs\":[\"https:\\\/\\\/www.aliados17.com\",\"https:\\\/\\\/www.facebook.com\\\/Aliados17Pue\",\"https:\\\/\\\/x.com\\\/AliadosPuebla\"],\"url\":\"https:\\\/\\\/www.aliadospuebla.com\\\/?author=2\"}]}<\/script>\n<!-- \/ Yoast SEO plugin. -->","yoast_head_json":{"title":"SE INSTALAN LAS PRIMERAS 6 COMISIONES EN EL CABILDO DE PUEBLA PARA EL PERIODO 2021-2024 - AliadosPuebla","robots":{"index":"index","follow":"follow","max-snippet":"max-snippet:-1","max-image-preview":"max-image-preview:large","max-video-preview":"max-video-preview:-1"},"canonical":"https:\/\/www.aliadospuebla.com\/?p=63555","og_locale":"es_ES","og_type":"article","og_title":"SE INSTALAN LAS PRIMERAS 6 COMISIONES EN EL CABILDO DE PUEBLA PARA EL PERIODO 2021-2024 - AliadosPuebla","og_description":"Las Regidoras y Regidores coincidieron en trabajar y privilegiar el consenso en favor de la Gobernabilidad de Puebla. Como parte de la agenda planteada por el Cabildo de Puebla, y con la intenci\u00f3n de dar inicio con las propuestas para impulsar proyectos e iniciativas que favorezcan el desarrollo del municipio, este martes se llev\u00f3 a cabo la instalaci\u00f3n de las primeras seis comisiones para el periodo 2021-2024, mismas que est\u00e1n conformadas por cinco integrantes: el presidente y cuatro vocales. La primera comisi\u00f3n en ser instalada fue la de Bienestar, presidida por el regidor Luis Franco Mart\u00ednez, y como vocales: Ana Mar\u00eda Jim\u00e9nez Ortiz, Christian Guzm\u00e1n Jim\u00e9nez, Alfredo Ram\u00edrez Barra y Ernesto Antonio Aguilar. Posteriormente, se instal\u00f3 la comisi\u00f3n de Patrimonio y Hacienda P\u00fablica Municipal, presidida&hellip;Leer m\u00e1s...","og_url":"https:\/\/www.aliadospuebla.com\/?p=63555","og_site_name":"AliadosPuebla","article_author":"https:\/\/www.facebook.com\/Aliados17Pue","article_published_time":"2021-10-20T00:31:11+00:00","og_image":[{"width":600,"height":450,"url":"https:\/\/www.aliadospuebla.com\/web2017\/wp-content\/uploads\/2021\/10\/090-comisiones.jpg","type":"image\/jpeg"}],"author":"Aliados17","twitter_card":"summary_large_image","twitter_creator":"@AliadosPuebla","twitter_misc":{"Escrito por":"Aliados17","Tiempo de lectura":"2 minutos"},"schema":{"@context":"https:\/\/schema.org","@graph":[{"@type":"Article","@id":"https:\/\/www.aliadospuebla.com\/?p=63555#article","isPartOf":{"@id":"https:\/\/www.aliadospuebla.com\/?p=63555"},"author":{"name":"Aliados17","@id":"https:\/\/www.aliadospuebla.com\/#\/schema\/person\/5da7dd09320bd4f392b710017ed5f8ad"},"headline":"SE INSTALAN LAS PRIMERAS 6 COMISIONES EN EL CABILDO DE PUEBLA PARA EL PERIODO 2021-2024","datePublished":"2021-10-20T00:31:11+00:00","mainEntityOfPage":{"@id":"https:\/\/www.aliadospuebla.com\/?p=63555"},"wordCount":393,"commentCount":0,"image":{"@id":"https:\/\/www.aliadospuebla.com\/?p=63555#primaryimage"},"thumbnailUrl":"https:\/\/www.aliadospuebla.com\/web2017\/wp-content\/uploads\/2021\/10\/090-comisiones.jpg","keywords":["CABILDO","COMISIONES","GOBERNABILIDAD","REGIDORAS","REGIDORES"],"articleSection":["Capital"],"inLanguage":"es","potentialAction":[{"@type":"CommentAction","name":"Comment","target":["https:\/\/www.aliadospuebla.com\/?p=63555#respond"]}]},{"@type":"WebPage","@id":"https:\/\/www.aliadospuebla.com\/?p=63555","url":"https:\/\/www.aliadospuebla.com\/?p=63555","name":"SE INSTALAN LAS PRIMERAS 6 COMISIONES EN EL CABILDO DE PUEBLA PARA EL PERIODO 2021-2024 - AliadosPuebla","isPartOf":{"@id":"https:\/\/www.aliadospuebla.com\/#website"},"primaryImageOfPage":{"@id":"https:\/\/www.aliadospuebla.com\/?p=63555#primaryimage"},"image":{"@id":"https:\/\/www.aliadospuebla.com\/?p=63555#primaryimage"},"thumbnailUrl":"https:\/\/www.aliadospuebla.com\/web2017\/wp-content\/uploads\/2021\/10\/090-comisiones.jpg","datePublished":"2021-10-20T00:31:11+00:00","author":{"@id":"https:\/\/www.aliadospuebla.com\/#\/schema\/person\/5da7dd09320bd4f392b710017ed5f8ad"},"breadcrumb":{"@id":"https:\/\/www.aliadospuebla.com\/?p=63555#breadcrumb"},"inLanguage":"es","potentialAction":[{"@type":"ReadAction","target":["https:\/\/www.aliadospuebla.com\/?p=63555"]}]},{"@type":"ImageObject","inLanguage":"es","@id":"https:\/\/www.aliadospuebla.com\/?p=63555#primaryimage","url":"https:\/\/www.aliadospuebla.com\/web2017\/wp-content\/uploads\/2021\/10\/090-comisiones.jpg","contentUrl":"https:\/\/www.aliadospuebla.com\/web2017\/wp-content\/uploads\/2021\/10\/090-comisiones.jpg","width":600,"height":450},{"@type":"BreadcrumbList","@id":"https:\/\/www.aliadospuebla.com\/?p=63555#breadcrumb","itemListElement":[{"@type":"ListItem","position":1,"name":"Portada","item":"https:\/\/www.aliadospuebla.com\/"},{"@type":"ListItem","position":2,"name":"SE INSTALAN LAS PRIMERAS 6 COMISIONES EN EL CABILDO DE PUEBLA PARA EL PERIODO 2021-2024"}]},{"@type":"WebSite","@id":"https:\/\/www.aliadospuebla.com\/#website","url":"https:\/\/www.aliadospuebla.com\/","name":"AliadosPuebla","description":"La informaci\u00f3n en tus manos","potentialAction":[{"@type":"SearchAction","target":{"@type":"EntryPoint","urlTemplate":"https:\/\/www.aliadospuebla.com\/?s={search_term_string}"},"query-input":{"@type":"PropertyValueSpecification","valueRequired":true,"valueName":"search_term_string"}}],"inLanguage":"es"},{"@type":"Person","@id":"https:\/\/www.aliadospuebla.com\/#\/schema\/person\/5da7dd09320bd4f392b710017ed5f8ad","name":"Aliados17","image":{"@type":"ImageObject","inLanguage":"es","@id":"https:\/\/www.aliadospuebla.com\/web2017\/wp-content\/uploads\/2025\/03\/cropped-para-perfil-8-anos-1-96x96.jpg","url":"https:\/\/www.aliadospuebla.com\/web2017\/wp-content\/uploads\/2025\/03\/cropped-para-perfil-8-anos-1-96x96.jpg","contentUrl":"https:\/\/www.aliadospuebla.com\/web2017\/wp-content\/uploads\/2025\/03\/cropped-para-perfil-8-anos-1-96x96.jpg","caption":"Aliados17"},"sameAs":["https:\/\/www.aliados17.com","https:\/\/www.facebook.com\/Aliados17Pue","https:\/\/x.com\/AliadosPuebla"],"url":"https:\/\/www.aliadospuebla.com\/?author=2"}]}},"views":11,"_links":{"self":[{"href":"https:\/\/www.aliadospuebla.com\/index.php?rest_route=\/wp\/v2\/posts\/63555","targetHints":{"allow":["GET"]}}],"collection":[{"href":"https:\/\/www.aliadospuebla.com\/index.php?rest_route=\/wp\/v2\/posts"}],"about":[{"href":"https:\/\/www.aliadospuebla.com\/index.php?rest_route=\/wp\/v2\/types\/post"}],"author":[{"embeddable":true,"href":"https:\/\/www.aliadospuebla.com\/index.php?rest_route=\/wp\/v2\/users\/2"}],"replies":[{"embeddable":true,"href":"https:\/\/www.aliadospuebla.com\/index.php?rest_route=%2Fwp%2Fv2%2Fcomments&post=63555"}],"version-history":[{"count":1,"href":"https:\/\/www.aliadospuebla.com\/index.php?rest_route=\/wp\/v2\/posts\/63555\/revisions"}],"predecessor-version":[{"id":63557,"href":"https:\/\/www.aliadospuebla.com\/index.php?rest_route=\/wp\/v2\/posts\/63555\/revisions\/63557"}],"wp:featuredmedia":[{"embeddable":true,"href":"https:\/\/www.aliadospuebla.com\/index.php?rest_route=\/wp\/v2\/media\/63556"}],"wp:attachment":[{"href":"https:\/\/www.aliadospuebla.com\/index.php?rest_route=%2Fwp%2Fv2%2Fmedia&parent=63555"}],"wp:term":[{"taxonomy":"category","embeddable":true,"href":"https:\/\/www.aliadospuebla.com\/index.php?rest_route=%2Fwp%2Fv2%2Fcategories&post=63555"},{"taxonomy":"post_tag","embeddable":true,"href":"https:\/\/www.aliadospuebla.com\/index.php?rest_route=%2Fwp%2Fv2%2Ftags&post=63555"}],"curies":[{"name":"wp","href":"https:\/\/api.w.org\/{rel}","templated":true}]}}