{"id":63461,"date":"2021-10-17T21:38:21","date_gmt":"2021-10-18T02:38:21","guid":{"rendered":"https:\/\/www.aliados17.com\/?p=63461"},"modified":"2021-10-17T21:38:21","modified_gmt":"2021-10-18T02:38:21","slug":"zacatlan-eligio-a-un-gran-lider-reconocio-el-gobernador-luis-miguel-barbosa","status":"publish","type":"post","link":"https:\/\/www.aliadospuebla.com\/?p=63461","title":{"rendered":"\u201cZacatl\u00e1n eligi\u00f3 a un gran l\u00edder\u201d reconoci\u00f3 el gobernador Luis Miguel Barbosa"},"content":{"rendered":"<p>Durante la toma de protesta de los integrantes<\/p>\n<p>del ayuntamiento de Zacatl\u00e1n,<\/p>\n<p>el Gobernador del Estado, Luis Miguel Barbosa Huerta<\/p>\n<p>reconoci\u00f3 la experiencia \u00a0y formaci\u00f3n pol\u00edtica<\/p>\n<p>del presidente municipal Jos\u00e9 Luis M\u00e1rquez Mart\u00ednez<\/p>\n<p>a quien le ofreci\u00f3 su respaldo para trabajar<\/p>\n<p>en los diferentes proyectos de desarrollo.<\/p>\n<p>El mandatario destac\u00f3 que Zacatl\u00e1n<\/p>\n<p>es uno de los municipios m\u00e1s importantes de la entidad<\/p>\n<p>y en donde los ciudadanos decidieron leg\u00edtimamente<\/p>\n<p>quien los gobernar\u00e1: \u201chan elegido a un l\u00edder<\/p>\n<p>como pr\u00f3ximo presidente municipal,<\/p>\n<p>lo apoyaremos con los diferentes proyectos que present\u00f3,<\/p>\n<p>aspiremos a realizar cosas grandes y estrat\u00e9gicas,<\/p>\n<p>ac\u00e1 encuentro una visi\u00f3n de gobierno clara,<\/p>\n<p>reposada y din\u00e1mica\u201d, refiri\u00f3 el mandatario estatal.<\/p>\n<p>En tanto el mun\u00edcipe, destac\u00f3 que es momento<\/p>\n<p>de recuperar el rumbo extraviado en Zacatl\u00e1n,<\/p>\n<p>acabar con las complicidades,<\/p>\n<p>\u201c limpiar la casa y no tolerar ning\u00fan acto<\/p>\n<p>de corrupci\u00f3n, ni negocios a costa del erario\u201d.<\/p>\n<p>Le present\u00f3 al gobernador 22 proyectos a realizar<\/p>\n<p>de infraestructura hidr\u00e1ulica, sanitaria y urbana;<\/p>\n<p>modernizaci\u00f3n de caminos y acciones deportivas,<\/p>\n<p>le reconoci\u00f3 ser un pol\u00edtico congruente y solidario.<\/p>\n<p>Adem\u00e1s enlist\u00f3 los programas que arrancaron<\/p>\n<p>desde el primer minuto de su gobierno:<\/p>\n<p>\u201cZacatl\u00e1n Seguro\u201d con 15 nuevas patrullas equipadas; \u201cZacatl\u00e1n se ilumina\u201d en el que se instalar\u00e1n<\/p>\n<p>3 mil nuevas luminarias, \u201cZacatl\u00e1n Limpio\u201d<\/p>\n<p>para mejorar el servicio de recolecci\u00f3n en el municipio,<\/p>\n<p>\u201cMi Pueblito T\u00edpico\u201d para mejorar la imagen urbana,<\/p>\n<p>\u201cZacatl\u00e1n Sana\u201d, que permitir\u00e1 acercar servicios de salud<\/p>\n<p>a trav\u00e9s de unidades m\u00f3viles a la poblaci\u00f3n,<\/p>\n<p>la construcci\u00f3n del Centro de Operaciones<\/p>\n<p>para la guardia nacional y el programa<\/p>\n<p>de mantenimiento de caminos rurales.<\/p>\n<p>\u201cEs tiempo de ser incluyentes, de trabajar para todos<\/p>\n<p>y de recuperar al pueblo m\u00e1gico m\u00e1s importante de Puebla,<\/p>\n<p>vamos a rescatar la tranquilidad y seguridad de los ciudadanos,<\/p>\n<p>es el momento del turismo de vanguardia,<\/p>\n<p>de la instalaci\u00f3n de empresas<\/p>\n<p>y de construir un mejor futuro\u201d. Refiri\u00f3.<\/p>\n<p>Al t\u00e9rmino del evento,\u00a0 dieron el banderazo de salida<\/p>\n<p>a las nuevas patrullas, camiones recolectores de basura<\/p>\n<p>y ambulancias que dar\u00e1n servicio a la poblaci\u00f3n.<\/p>\n","protected":false},"excerpt":{"rendered":"<p>Durante la toma de protesta de los integrantes del ayuntamiento de Zacatl\u00e1n, el Gobernador del Estado, Luis Miguel Barbosa Huerta reconoci\u00f3 la experiencia \u00a0y formaci\u00f3n pol\u00edtica del presidente municipal Jos\u00e9 Luis M\u00e1rquez Mart\u00ednez a quien le ofreci\u00f3 su respaldo para trabajar en los diferentes proyectos de desarrollo. El mandatario destac\u00f3 que Zacatl\u00e1n es uno de los municipios m\u00e1s importantes de la entidad y en donde los ciudadanos decidieron leg\u00edtimamente quien los gobernar\u00e1: \u201chan elegido a un l\u00edder como pr\u00f3ximo presidente municipal, lo apoyaremos con los diferentes proyectos que present\u00f3, aspiremos a realizar cosas grandes y estrat\u00e9gicas, ac\u00e1 encuentro una visi\u00f3n de gobierno clara, reposada y din\u00e1mica\u201d, refiri\u00f3 el mandatario estatal. En tanto el mun\u00edcipe, destac\u00f3 que es momento de recuperar el rumbo extraviado en Zacatl\u00e1n,&hellip;<\/p>\n<p class=\"excerpt-more\"><a class=\"blog-excerpt button\" href=\"https:\/\/www.aliadospuebla.com\/?p=63461\">Leer m\u00e1s&#8230;<\/a><\/p>\n","protected":false},"author":2,"featured_media":63462,"comment_status":"open","ping_status":"open","sticky":false,"template":"","format":"standard","meta":{"_monsterinsights_skip_tracking":false,"footnotes":""},"categories":[4],"tags":[238,16665,14662,8756,1472,16666,894],"class_list":["post-63461","post","type-post","status-publish","format-standard","has-post-thumbnail","hentry","category-municipios","tag-desarrollo","tag-jose-luis-marquez-martinez","tag-lider","tag-miguel-barbosa-huerta","tag-proyectos","tag-vision","tag-zacatlan"],"yoast_head":"<!-- This site is optimized with the Yoast SEO plugin v28.3 - https:\/\/yoast.com\/product\/yoast-seo-wordpress\/ -->\n<title>\u201cZacatl\u00e1n eligi\u00f3 a un gran l\u00edder\u201d reconoci\u00f3 el gobernador Luis Miguel Barbosa - AliadosPuebla<\/title>\n<meta name=\"robots\" content=\"index, follow, max-snippet:-1, max-image-preview:large, max-video-preview:-1\" \/>\n<link rel=\"canonical\" href=\"https:\/\/www.aliadospuebla.com\/?p=63461\" \/>\n<meta property=\"og:locale\" content=\"es_ES\" \/>\n<meta property=\"og:type\" content=\"article\" \/>\n<meta property=\"og:title\" content=\"\u201cZacatl\u00e1n eligi\u00f3 a un gran l\u00edder\u201d reconoci\u00f3 el gobernador Luis Miguel Barbosa - AliadosPuebla\" \/>\n<meta property=\"og:description\" content=\"Durante la toma de protesta de los integrantes del ayuntamiento de Zacatl\u00e1n, el Gobernador del Estado, Luis Miguel Barbosa Huerta reconoci\u00f3 la experiencia \u00a0y formaci\u00f3n pol\u00edtica del presidente municipal Jos\u00e9 Luis M\u00e1rquez Mart\u00ednez a quien le ofreci\u00f3 su respaldo para trabajar en los diferentes proyectos de desarrollo. El mandatario destac\u00f3 que Zacatl\u00e1n es uno de los municipios m\u00e1s importantes de la entidad y en donde los ciudadanos decidieron leg\u00edtimamente quien los gobernar\u00e1: \u201chan elegido a un l\u00edder como pr\u00f3ximo presidente municipal, lo apoyaremos con los diferentes proyectos que present\u00f3, aspiremos a realizar cosas grandes y estrat\u00e9gicas, ac\u00e1 encuentro una visi\u00f3n de gobierno clara, reposada y din\u00e1mica\u201d, refiri\u00f3 el mandatario estatal. En tanto el mun\u00edcipe, destac\u00f3 que es momento de recuperar el rumbo extraviado en Zacatl\u00e1n,&hellip;Leer m\u00e1s...\" \/>\n<meta property=\"og:url\" content=\"https:\/\/www.aliadospuebla.com\/?p=63461\" \/>\n<meta property=\"og:site_name\" content=\"AliadosPuebla\" \/>\n<meta property=\"article:author\" content=\"https:\/\/www.facebook.com\/Aliados17Pue\" \/>\n<meta property=\"article:published_time\" content=\"2021-10-18T02:38:21+00:00\" \/>\n<meta property=\"og:image\" content=\"https:\/\/www.aliadospuebla.com\/web2017\/wp-content\/uploads\/2021\/10\/060-zacatlan.jpg\" \/>\n\t<meta property=\"og:image:width\" content=\"600\" \/>\n\t<meta property=\"og:image:height\" content=\"450\" \/>\n\t<meta property=\"og:image:type\" content=\"image\/jpeg\" \/>\n<meta name=\"author\" content=\"Aliados17\" \/>\n<meta name=\"twitter:card\" content=\"summary_large_image\" \/>\n<meta name=\"twitter:creator\" content=\"@AliadosPuebla\" \/>\n<meta name=\"twitter:label1\" content=\"Escrito por\" \/>\n\t<meta name=\"twitter:data1\" content=\"Aliados17\" \/>\n\t<meta name=\"twitter:label2\" content=\"Tiempo de lectura\" \/>\n\t<meta name=\"twitter:data2\" content=\"2 minutos\" \/>\n<script type=\"application\/ld+json\" class=\"yoast-schema-graph\">{\"@context\":\"https:\\\/\\\/schema.org\",\"@graph\":[{\"@type\":\"Article\",\"@id\":\"https:\\\/\\\/www.aliadospuebla.com\\\/?p=63461#article\",\"isPartOf\":{\"@id\":\"https:\\\/\\\/www.aliadospuebla.com\\\/?p=63461\"},\"author\":{\"name\":\"Aliados17\",\"@id\":\"https:\\\/\\\/www.aliadospuebla.com\\\/#\\\/schema\\\/person\\\/5da7dd09320bd4f392b710017ed5f8ad\"},\"headline\":\"\u201cZacatl\u00e1n eligi\u00f3 a un gran l\u00edder\u201d reconoci\u00f3 el gobernador Luis Miguel Barbosa\",\"datePublished\":\"2021-10-18T02:38:21+00:00\",\"mainEntityOfPage\":{\"@id\":\"https:\\\/\\\/www.aliadospuebla.com\\\/?p=63461\"},\"wordCount\":380,\"commentCount\":0,\"image\":{\"@id\":\"https:\\\/\\\/www.aliadospuebla.com\\\/?p=63461#primaryimage\"},\"thumbnailUrl\":\"https:\\\/\\\/www.aliadospuebla.com\\\/web2017\\\/wp-content\\\/uploads\\\/2021\\\/10\\\/060-zacatlan.jpg\",\"keywords\":[\"desarrollo\",\"Jos\u00e9 Luis M\u00e1rquez Mart\u00ednez\",\"L\u00cdDER\",\"Miguel Barbosa Huerta\",\"PROYECTOS\",\"visi\u00f3n\",\"ZACATL\u00c1N\"],\"articleSection\":[\"Municipios\"],\"inLanguage\":\"es\",\"potentialAction\":[{\"@type\":\"CommentAction\",\"name\":\"Comment\",\"target\":[\"https:\\\/\\\/www.aliadospuebla.com\\\/?p=63461#respond\"]}]},{\"@type\":\"WebPage\",\"@id\":\"https:\\\/\\\/www.aliadospuebla.com\\\/?p=63461\",\"url\":\"https:\\\/\\\/www.aliadospuebla.com\\\/?p=63461\",\"name\":\"\u201cZacatl\u00e1n eligi\u00f3 a un gran l\u00edder\u201d reconoci\u00f3 el gobernador Luis Miguel Barbosa - AliadosPuebla\",\"isPartOf\":{\"@id\":\"https:\\\/\\\/www.aliadospuebla.com\\\/#website\"},\"primaryImageOfPage\":{\"@id\":\"https:\\\/\\\/www.aliadospuebla.com\\\/?p=63461#primaryimage\"},\"image\":{\"@id\":\"https:\\\/\\\/www.aliadospuebla.com\\\/?p=63461#primaryimage\"},\"thumbnailUrl\":\"https:\\\/\\\/www.aliadospuebla.com\\\/web2017\\\/wp-content\\\/uploads\\\/2021\\\/10\\\/060-zacatlan.jpg\",\"datePublished\":\"2021-10-18T02:38:21+00:00\",\"author\":{\"@id\":\"https:\\\/\\\/www.aliadospuebla.com\\\/#\\\/schema\\\/person\\\/5da7dd09320bd4f392b710017ed5f8ad\"},\"breadcrumb\":{\"@id\":\"https:\\\/\\\/www.aliadospuebla.com\\\/?p=63461#breadcrumb\"},\"inLanguage\":\"es\",\"potentialAction\":[{\"@type\":\"ReadAction\",\"target\":[\"https:\\\/\\\/www.aliadospuebla.com\\\/?p=63461\"]}]},{\"@type\":\"ImageObject\",\"inLanguage\":\"es\",\"@id\":\"https:\\\/\\\/www.aliadospuebla.com\\\/?p=63461#primaryimage\",\"url\":\"https:\\\/\\\/www.aliadospuebla.com\\\/web2017\\\/wp-content\\\/uploads\\\/2021\\\/10\\\/060-zacatlan.jpg\",\"contentUrl\":\"https:\\\/\\\/www.aliadospuebla.com\\\/web2017\\\/wp-content\\\/uploads\\\/2021\\\/10\\\/060-zacatlan.jpg\",\"width\":600,\"height\":450},{\"@type\":\"BreadcrumbList\",\"@id\":\"https:\\\/\\\/www.aliadospuebla.com\\\/?p=63461#breadcrumb\",\"itemListElement\":[{\"@type\":\"ListItem\",\"position\":1,\"name\":\"Portada\",\"item\":\"https:\\\/\\\/www.aliadospuebla.com\\\/\"},{\"@type\":\"ListItem\",\"position\":2,\"name\":\"\u201cZacatl\u00e1n eligi\u00f3 a un gran l\u00edder\u201d reconoci\u00f3 el gobernador Luis Miguel Barbosa\"}]},{\"@type\":\"WebSite\",\"@id\":\"https:\\\/\\\/www.aliadospuebla.com\\\/#website\",\"url\":\"https:\\\/\\\/www.aliadospuebla.com\\\/\",\"name\":\"AliadosPuebla\",\"description\":\"La informaci\u00f3n en tus manos\",\"potentialAction\":[{\"@type\":\"SearchAction\",\"target\":{\"@type\":\"EntryPoint\",\"urlTemplate\":\"https:\\\/\\\/www.aliadospuebla.com\\\/?s={search_term_string}\"},\"query-input\":{\"@type\":\"PropertyValueSpecification\",\"valueRequired\":true,\"valueName\":\"search_term_string\"}}],\"inLanguage\":\"es\"},{\"@type\":\"Person\",\"@id\":\"https:\\\/\\\/www.aliadospuebla.com\\\/#\\\/schema\\\/person\\\/5da7dd09320bd4f392b710017ed5f8ad\",\"name\":\"Aliados17\",\"image\":{\"@type\":\"ImageObject\",\"inLanguage\":\"es\",\"@id\":\"https:\\\/\\\/www.aliadospuebla.com\\\/web2017\\\/wp-content\\\/uploads\\\/2025\\\/03\\\/cropped-para-perfil-8-anos-1-96x96.jpg\",\"url\":\"https:\\\/\\\/www.aliadospuebla.com\\\/web2017\\\/wp-content\\\/uploads\\\/2025\\\/03\\\/cropped-para-perfil-8-anos-1-96x96.jpg\",\"contentUrl\":\"https:\\\/\\\/www.aliadospuebla.com\\\/web2017\\\/wp-content\\\/uploads\\\/2025\\\/03\\\/cropped-para-perfil-8-anos-1-96x96.jpg\",\"caption\":\"Aliados17\"},\"sameAs\":[\"https:\\\/\\\/www.aliados17.com\",\"https:\\\/\\\/www.facebook.com\\\/Aliados17Pue\",\"https:\\\/\\\/x.com\\\/AliadosPuebla\"],\"url\":\"https:\\\/\\\/www.aliadospuebla.com\\\/?author=2\"}]}<\/script>\n<!-- \/ Yoast SEO plugin. -->","yoast_head_json":{"title":"\u201cZacatl\u00e1n eligi\u00f3 a un gran l\u00edder\u201d reconoci\u00f3 el gobernador Luis Miguel Barbosa - AliadosPuebla","robots":{"index":"index","follow":"follow","max-snippet":"max-snippet:-1","max-image-preview":"max-image-preview:large","max-video-preview":"max-video-preview:-1"},"canonical":"https:\/\/www.aliadospuebla.com\/?p=63461","og_locale":"es_ES","og_type":"article","og_title":"\u201cZacatl\u00e1n eligi\u00f3 a un gran l\u00edder\u201d reconoci\u00f3 el gobernador Luis Miguel Barbosa - AliadosPuebla","og_description":"Durante la toma de protesta de los integrantes del ayuntamiento de Zacatl\u00e1n, el Gobernador del Estado, Luis Miguel Barbosa Huerta reconoci\u00f3 la experiencia \u00a0y formaci\u00f3n pol\u00edtica del presidente municipal Jos\u00e9 Luis M\u00e1rquez Mart\u00ednez a quien le ofreci\u00f3 su respaldo para trabajar en los diferentes proyectos de desarrollo. El mandatario destac\u00f3 que Zacatl\u00e1n es uno de los municipios m\u00e1s importantes de la entidad y en donde los ciudadanos decidieron leg\u00edtimamente quien los gobernar\u00e1: \u201chan elegido a un l\u00edder como pr\u00f3ximo presidente municipal, lo apoyaremos con los diferentes proyectos que present\u00f3, aspiremos a realizar cosas grandes y estrat\u00e9gicas, ac\u00e1 encuentro una visi\u00f3n de gobierno clara, reposada y din\u00e1mica\u201d, refiri\u00f3 el mandatario estatal. En tanto el mun\u00edcipe, destac\u00f3 que es momento de recuperar el rumbo extraviado en Zacatl\u00e1n,&hellip;Leer m\u00e1s...","og_url":"https:\/\/www.aliadospuebla.com\/?p=63461","og_site_name":"AliadosPuebla","article_author":"https:\/\/www.facebook.com\/Aliados17Pue","article_published_time":"2021-10-18T02:38:21+00:00","og_image":[{"width":600,"height":450,"url":"https:\/\/www.aliadospuebla.com\/web2017\/wp-content\/uploads\/2021\/10\/060-zacatlan.jpg","type":"image\/jpeg"}],"author":"Aliados17","twitter_card":"summary_large_image","twitter_creator":"@AliadosPuebla","twitter_misc":{"Escrito por":"Aliados17","Tiempo de lectura":"2 minutos"},"schema":{"@context":"https:\/\/schema.org","@graph":[{"@type":"Article","@id":"https:\/\/www.aliadospuebla.com\/?p=63461#article","isPartOf":{"@id":"https:\/\/www.aliadospuebla.com\/?p=63461"},"author":{"name":"Aliados17","@id":"https:\/\/www.aliadospuebla.com\/#\/schema\/person\/5da7dd09320bd4f392b710017ed5f8ad"},"headline":"\u201cZacatl\u00e1n eligi\u00f3 a un gran l\u00edder\u201d reconoci\u00f3 el gobernador Luis Miguel Barbosa","datePublished":"2021-10-18T02:38:21+00:00","mainEntityOfPage":{"@id":"https:\/\/www.aliadospuebla.com\/?p=63461"},"wordCount":380,"commentCount":0,"image":{"@id":"https:\/\/www.aliadospuebla.com\/?p=63461#primaryimage"},"thumbnailUrl":"https:\/\/www.aliadospuebla.com\/web2017\/wp-content\/uploads\/2021\/10\/060-zacatlan.jpg","keywords":["desarrollo","Jos\u00e9 Luis M\u00e1rquez Mart\u00ednez","L\u00cdDER","Miguel Barbosa Huerta","PROYECTOS","visi\u00f3n","ZACATL\u00c1N"],"articleSection":["Municipios"],"inLanguage":"es","potentialAction":[{"@type":"CommentAction","name":"Comment","target":["https:\/\/www.aliadospuebla.com\/?p=63461#respond"]}]},{"@type":"WebPage","@id":"https:\/\/www.aliadospuebla.com\/?p=63461","url":"https:\/\/www.aliadospuebla.com\/?p=63461","name":"\u201cZacatl\u00e1n eligi\u00f3 a un gran l\u00edder\u201d reconoci\u00f3 el gobernador Luis Miguel Barbosa - AliadosPuebla","isPartOf":{"@id":"https:\/\/www.aliadospuebla.com\/#website"},"primaryImageOfPage":{"@id":"https:\/\/www.aliadospuebla.com\/?p=63461#primaryimage"},"image":{"@id":"https:\/\/www.aliadospuebla.com\/?p=63461#primaryimage"},"thumbnailUrl":"https:\/\/www.aliadospuebla.com\/web2017\/wp-content\/uploads\/2021\/10\/060-zacatlan.jpg","datePublished":"2021-10-18T02:38:21+00:00","author":{"@id":"https:\/\/www.aliadospuebla.com\/#\/schema\/person\/5da7dd09320bd4f392b710017ed5f8ad"},"breadcrumb":{"@id":"https:\/\/www.aliadospuebla.com\/?p=63461#breadcrumb"},"inLanguage":"es","potentialAction":[{"@type":"ReadAction","target":["https:\/\/www.aliadospuebla.com\/?p=63461"]}]},{"@type":"ImageObject","inLanguage":"es","@id":"https:\/\/www.aliadospuebla.com\/?p=63461#primaryimage","url":"https:\/\/www.aliadospuebla.com\/web2017\/wp-content\/uploads\/2021\/10\/060-zacatlan.jpg","contentUrl":"https:\/\/www.aliadospuebla.com\/web2017\/wp-content\/uploads\/2021\/10\/060-zacatlan.jpg","width":600,"height":450},{"@type":"BreadcrumbList","@id":"https:\/\/www.aliadospuebla.com\/?p=63461#breadcrumb","itemListElement":[{"@type":"ListItem","position":1,"name":"Portada","item":"https:\/\/www.aliadospuebla.com\/"},{"@type":"ListItem","position":2,"name":"\u201cZacatl\u00e1n eligi\u00f3 a un gran l\u00edder\u201d reconoci\u00f3 el gobernador Luis Miguel Barbosa"}]},{"@type":"WebSite","@id":"https:\/\/www.aliadospuebla.com\/#website","url":"https:\/\/www.aliadospuebla.com\/","name":"AliadosPuebla","description":"La informaci\u00f3n en tus manos","potentialAction":[{"@type":"SearchAction","target":{"@type":"EntryPoint","urlTemplate":"https:\/\/www.aliadospuebla.com\/?s={search_term_string}"},"query-input":{"@type":"PropertyValueSpecification","valueRequired":true,"valueName":"search_term_string"}}],"inLanguage":"es"},{"@type":"Person","@id":"https:\/\/www.aliadospuebla.com\/#\/schema\/person\/5da7dd09320bd4f392b710017ed5f8ad","name":"Aliados17","image":{"@type":"ImageObject","inLanguage":"es","@id":"https:\/\/www.aliadospuebla.com\/web2017\/wp-content\/uploads\/2025\/03\/cropped-para-perfil-8-anos-1-96x96.jpg","url":"https:\/\/www.aliadospuebla.com\/web2017\/wp-content\/uploads\/2025\/03\/cropped-para-perfil-8-anos-1-96x96.jpg","contentUrl":"https:\/\/www.aliadospuebla.com\/web2017\/wp-content\/uploads\/2025\/03\/cropped-para-perfil-8-anos-1-96x96.jpg","caption":"Aliados17"},"sameAs":["https:\/\/www.aliados17.com","https:\/\/www.facebook.com\/Aliados17Pue","https:\/\/x.com\/AliadosPuebla"],"url":"https:\/\/www.aliadospuebla.com\/?author=2"}]}},"views":10,"_links":{"self":[{"href":"https:\/\/www.aliadospuebla.com\/index.php?rest_route=\/wp\/v2\/posts\/63461","targetHints":{"allow":["GET"]}}],"collection":[{"href":"https:\/\/www.aliadospuebla.com\/index.php?rest_route=\/wp\/v2\/posts"}],"about":[{"href":"https:\/\/www.aliadospuebla.com\/index.php?rest_route=\/wp\/v2\/types\/post"}],"author":[{"embeddable":true,"href":"https:\/\/www.aliadospuebla.com\/index.php?rest_route=\/wp\/v2\/users\/2"}],"replies":[{"embeddable":true,"href":"https:\/\/www.aliadospuebla.com\/index.php?rest_route=%2Fwp%2Fv2%2Fcomments&post=63461"}],"version-history":[{"count":1,"href":"https:\/\/www.aliadospuebla.com\/index.php?rest_route=\/wp\/v2\/posts\/63461\/revisions"}],"predecessor-version":[{"id":63463,"href":"https:\/\/www.aliadospuebla.com\/index.php?rest_route=\/wp\/v2\/posts\/63461\/revisions\/63463"}],"wp:featuredmedia":[{"embeddable":true,"href":"https:\/\/www.aliadospuebla.com\/index.php?rest_route=\/wp\/v2\/media\/63462"}],"wp:attachment":[{"href":"https:\/\/www.aliadospuebla.com\/index.php?rest_route=%2Fwp%2Fv2%2Fmedia&parent=63461"}],"wp:term":[{"taxonomy":"category","embeddable":true,"href":"https:\/\/www.aliadospuebla.com\/index.php?rest_route=%2Fwp%2Fv2%2Fcategories&post=63461"},{"taxonomy":"post_tag","embeddable":true,"href":"https:\/\/www.aliadospuebla.com\/index.php?rest_route=%2Fwp%2Fv2%2Ftags&post=63461"}],"curies":[{"name":"wp","href":"https:\/\/api.w.org\/{rel}","templated":true}]}}