{"id":63452,"date":"2021-10-17T20:55:30","date_gmt":"2021-10-18T01:55:30","guid":{"rendered":"https:\/\/www.aliados17.com\/?p=63452"},"modified":"2021-10-17T20:55:30","modified_gmt":"2021-10-18T01:55:30","slug":"con-brigadas-de-salud-el-ayuntamiento-de-san-andres-cholula-acerca-servicios-a-la-ciudadania","status":"publish","type":"post","link":"https:\/\/www.aliadospuebla.com\/?p=63452","title":{"rendered":"CON BRIGADAS DE SALUD, EL AYUNTAMIENTO DE SAN ANDR\u00c9S CHOLULA ACERCA SERVICIOS A LA CIUDADAN\u00cdA"},"content":{"rendered":"<p>San Andr\u00e9s Cholula, Puebla.- En seguimiento al compromiso<\/p>\n<p>de consolidar un municipio incluyente y solidario,<\/p>\n<p>el presidente Mundo Tlatehui entreg\u00f3 sillas de ruedas,<\/p>\n<p>bastones y lentes, adem\u00e1s de llevar servicios m\u00e9dicos<\/p>\n<p>a la colonia Gobernadores.<\/p>\n<p>\u201cReitero mi voluntad para construir un entorno<\/p>\n<p>de equilibrio social y para abrirle espacios de participaci\u00f3n<\/p>\n<p>a la poblaci\u00f3n vulnerable, con el fin de que cuenten<\/p>\n<p>con alternativas reales de inclusi\u00f3n social,<\/p>\n<p>econ\u00f3mica, pol\u00edtica y cultural\u201d, enfatiz\u00f3 Mundo Tlatehui.<\/p>\n<p>Sostuvo que con la creaci\u00f3n de la Coordinaci\u00f3n de Atenci\u00f3n<\/p>\n<p>Especializada a Personas con Discapacidad del DIF Municipal,<\/p>\n<p>se priorizar\u00e1 el servicio a grupos vulnerables y extern\u00f3<\/p>\n<p>su gratitud a quienes se han sumado a apoyar<\/p>\n<p>las causas del organismo, a trav\u00e9s de la donaci\u00f3n<\/p>\n<p>de aparatos ortop\u00e9dicos.<\/p>\n<p>En ese sentido, refiri\u00f3 que la actitud solidaria<\/p>\n<p>de las y los sanandrese\u00f1os consolida<\/p>\n<p>una sociedad noble e incluyente.<\/p>\n<p>Tambi\u00e9n hizo patente el compromiso de ayudar<\/p>\n<p>a quienes m\u00e1s lo necesitan, a fin de generar<\/p>\n<p>un equilibrio social en el municipio,<\/p>\n<p>invitando a la poblaci\u00f3n a acercarse<\/p>\n<p>y conocer los servicios que brinda el Ayuntamiento<\/p>\n<p>de San Andr\u00e9s a grupos vulnerables<\/p>\n<p>y a la poblaci\u00f3n en general.<\/p>\n<p>Las jornadas de salud llegar\u00e1n a San Luis Tehuiloyocan, San Rafael C\u00f3mac,<\/p>\n<p>Santa Mar\u00eda Tonantzintla, San Francisco Acatepec, San Antonio Cacalotepec,<\/p>\n<p>San Bernardino Tlaxcalancingo, Emiliano Zapata,<\/p>\n<p>Concepci\u00f3n la Cruz, Concepci\u00f3n Guadalupe y L\u00e1zaro C\u00e1rdenas.<\/p>\n<p>Por su parte, la regidora de Salubridad y Asistencia P\u00fablica,<\/p>\n<p>Iveth Hern\u00e1ndez Cevada, comparti\u00f3 que la salud<\/p>\n<p>es un derecho de todas y todos m\u00e1s no el privilegio de algunas y algunos,<\/p>\n<p>por lo que desde el Ayuntamiento de San Andr\u00e9s Cholula<\/p>\n<p>continuar\u00e1n apoyando a las y los ciudadanos.<\/p>\n<p>En representaci\u00f3n de Lupita Cuautle,<\/p>\n<p>el coordinador de Atenci\u00f3n Especializada<\/p>\n<p>a Personas con Discapacidad del Sistema Municipal DIF,<\/p>\n<p>Daniel Cuevas M\u00e9ndez, expres\u00f3 que en cumplimiento<\/p>\n<p>a la instrucci\u00f3n de la presidenta del organismo,<\/p>\n<p>se realizan acciones con un impacto directo<\/p>\n<p>en la vida de las personas y en la atenci\u00f3n<\/p>\n<p>a las demandas de las familias sanandrese\u00f1as.<\/p>\n<p>Teresa Reyes, vecina de la colonia Gobernadores,<\/p>\n<p>quien fue beneficiada con un aparato ortop\u00e9dico,<\/p>\n<p>agradeci\u00f3 al presidente Mundo Tlatehui<\/p>\n<p>y a la presidenta del DIF Municipal, Lupita Cuautle,<\/p>\n<p>por mantenerse pendientes de las necesidades<\/p>\n<p>de la poblaci\u00f3n, incluso antes del inicio de su gesti\u00f3n.<\/p>\n<p>Cabe destacar que en lo que va de la administraci\u00f3n<\/p>\n<p>que encabeza Mundo Tlatehui, se han entregado<\/p>\n<p>en el municipio 75 aparatos ortop\u00e9dicos<\/p>\n<p>y lentes a personas con discapacidad.<\/p>\n<p>Asimismo, en estas brigadas de salud<\/p>\n<p>se ofrecen de manera gratuita revisiones m\u00e9dicas,<\/p>\n<p>pruebas r\u00e1pidas de Covid-19, VIH, ant\u00edgeno prost\u00e1tico,<\/p>\n<p>glucosa, embarazo, somatometr\u00eda,<\/p>\n<p>mastograf\u00edas y exploraci\u00f3n mamaria.<\/p>\n<p>En el acto estuvieron presentes tambi\u00e9n regidoras,<\/p>\n<p>regidores y el delegado de la Reserva Territorial Atlixc\u00e1yotl,<\/p>\n<p>Conrado Uribe Dinor\u00edn.<\/p>\n","protected":false},"excerpt":{"rendered":"<p>San Andr\u00e9s Cholula, Puebla.- En seguimiento al compromiso de consolidar un municipio incluyente y solidario, el presidente Mundo Tlatehui entreg\u00f3 sillas de ruedas, bastones y lentes, adem\u00e1s de llevar servicios m\u00e9dicos a la colonia Gobernadores. \u201cReitero mi voluntad para construir un entorno de equilibrio social y para abrirle espacios de participaci\u00f3n a la poblaci\u00f3n vulnerable, con el fin de que cuenten con alternativas reales de inclusi\u00f3n social, econ\u00f3mica, pol\u00edtica y cultural\u201d, enfatiz\u00f3 Mundo Tlatehui. Sostuvo que con la creaci\u00f3n de la Coordinaci\u00f3n de Atenci\u00f3n Especializada a Personas con Discapacidad del DIF Municipal, se priorizar\u00e1 el servicio a grupos vulnerables y extern\u00f3 su gratitud a quienes se han sumado a apoyar las causas del organismo, a trav\u00e9s de la donaci\u00f3n de aparatos ortop\u00e9dicos. En ese sentido,&hellip;<\/p>\n<p class=\"excerpt-more\"><a class=\"blog-excerpt button\" href=\"https:\/\/www.aliadospuebla.com\/?p=63452\">Leer m\u00e1s&#8230;<\/a><\/p>\n","protected":false},"author":2,"featured_media":63453,"comment_status":"open","ping_status":"open","sticky":false,"template":"","format":"standard","meta":{"_monsterinsights_skip_tracking":false,"footnotes":""},"categories":[4],"tags":[16663,16664,16281,365,84,1797],"class_list":["post-63452","post","type-post","status-publish","format-standard","has-post-thumbnail","hentry","category-municipios","tag-brigadas-de-salud","tag-lupita-cuautle","tag-mundo-tlatehui","tag-salud","tag-san-andres-cholula","tag-smdif"],"yoast_head":"<!-- This site is optimized with the Yoast SEO plugin v28.4 - https:\/\/yoast.com\/product\/yoast-seo-wordpress\/ -->\n<title>CON BRIGADAS DE SALUD, EL AYUNTAMIENTO DE SAN ANDR\u00c9S CHOLULA ACERCA SERVICIOS A LA CIUDADAN\u00cdA - AliadosPuebla<\/title>\n<meta name=\"robots\" content=\"index, follow, max-snippet:-1, max-image-preview:large, max-video-preview:-1\" \/>\n<link rel=\"canonical\" href=\"https:\/\/www.aliadospuebla.com\/?p=63452\" \/>\n<meta property=\"og:locale\" content=\"es_ES\" \/>\n<meta property=\"og:type\" content=\"article\" \/>\n<meta property=\"og:title\" content=\"CON BRIGADAS DE SALUD, EL AYUNTAMIENTO DE SAN ANDR\u00c9S CHOLULA ACERCA SERVICIOS A LA CIUDADAN\u00cdA - AliadosPuebla\" \/>\n<meta property=\"og:description\" content=\"San Andr\u00e9s Cholula, Puebla.- En seguimiento al compromiso de consolidar un municipio incluyente y solidario, el presidente Mundo Tlatehui entreg\u00f3 sillas de ruedas, bastones y lentes, adem\u00e1s de llevar servicios m\u00e9dicos a la colonia Gobernadores. \u201cReitero mi voluntad para construir un entorno de equilibrio social y para abrirle espacios de participaci\u00f3n a la poblaci\u00f3n vulnerable, con el fin de que cuenten con alternativas reales de inclusi\u00f3n social, econ\u00f3mica, pol\u00edtica y cultural\u201d, enfatiz\u00f3 Mundo Tlatehui. Sostuvo que con la creaci\u00f3n de la Coordinaci\u00f3n de Atenci\u00f3n Especializada a Personas con Discapacidad del DIF Municipal, se priorizar\u00e1 el servicio a grupos vulnerables y extern\u00f3 su gratitud a quienes se han sumado a apoyar las causas del organismo, a trav\u00e9s de la donaci\u00f3n de aparatos ortop\u00e9dicos. En ese sentido,&hellip;Leer m\u00e1s...\" \/>\n<meta property=\"og:url\" content=\"https:\/\/www.aliadospuebla.com\/?p=63452\" \/>\n<meta property=\"og:site_name\" content=\"AliadosPuebla\" \/>\n<meta property=\"article:author\" content=\"https:\/\/www.facebook.com\/Aliados17Pue\" \/>\n<meta property=\"article:published_time\" content=\"2021-10-18T01:55:30+00:00\" \/>\n<meta property=\"og:image\" content=\"https:\/\/www.aliadospuebla.com\/web2017\/wp-content\/uploads\/2021\/10\/057-brigadas-de-salud-en-SACH.jpg\" \/>\n\t<meta property=\"og:image:width\" content=\"600\" \/>\n\t<meta property=\"og:image:height\" content=\"450\" \/>\n\t<meta property=\"og:image:type\" content=\"image\/jpeg\" \/>\n<meta name=\"author\" content=\"Aliados17\" \/>\n<meta name=\"twitter:card\" content=\"summary_large_image\" \/>\n<meta name=\"twitter:creator\" content=\"@AliadosPuebla\" \/>\n<meta name=\"twitter:label1\" content=\"Escrito por\" \/>\n\t<meta name=\"twitter:data1\" content=\"Aliados17\" \/>\n\t<meta name=\"twitter:label2\" content=\"Tiempo de lectura\" \/>\n\t<meta name=\"twitter:data2\" content=\"2 minutos\" \/>\n<script type=\"application\/ld+json\" class=\"yoast-schema-graph\">{\"@context\":\"https:\\\/\\\/schema.org\",\"@graph\":[{\"@type\":\"Article\",\"@id\":\"https:\\\/\\\/www.aliadospuebla.com\\\/?p=63452#article\",\"isPartOf\":{\"@id\":\"https:\\\/\\\/www.aliadospuebla.com\\\/?p=63452\"},\"author\":{\"name\":\"Aliados17\",\"@id\":\"https:\\\/\\\/www.aliadospuebla.com\\\/#\\\/schema\\\/person\\\/5da7dd09320bd4f392b710017ed5f8ad\"},\"headline\":\"CON BRIGADAS DE SALUD, EL AYUNTAMIENTO DE SAN ANDR\u00c9S CHOLULA ACERCA SERVICIOS A LA CIUDADAN\u00cdA\",\"datePublished\":\"2021-10-18T01:55:30+00:00\",\"mainEntityOfPage\":{\"@id\":\"https:\\\/\\\/www.aliadospuebla.com\\\/?p=63452\"},\"wordCount\":518,\"commentCount\":0,\"image\":{\"@id\":\"https:\\\/\\\/www.aliadospuebla.com\\\/?p=63452#primaryimage\"},\"thumbnailUrl\":\"https:\\\/\\\/www.aliadospuebla.com\\\/web2017\\\/wp-content\\\/uploads\\\/2021\\\/10\\\/057-brigadas-de-salud-en-SACH.jpg\",\"keywords\":[\"brigadas de salud\",\"Lupita Cuautle\",\"MUNDO TLATEHUI\",\"SALUD\",\"San Andr\u00e9s Cholula\",\"SMDIF\"],\"articleSection\":[\"Municipios\"],\"inLanguage\":\"es\",\"potentialAction\":[{\"@type\":\"CommentAction\",\"name\":\"Comment\",\"target\":[\"https:\\\/\\\/www.aliadospuebla.com\\\/?p=63452#respond\"]}]},{\"@type\":\"WebPage\",\"@id\":\"https:\\\/\\\/www.aliadospuebla.com\\\/?p=63452\",\"url\":\"https:\\\/\\\/www.aliadospuebla.com\\\/?p=63452\",\"name\":\"CON BRIGADAS DE SALUD, EL AYUNTAMIENTO DE SAN ANDR\u00c9S CHOLULA ACERCA SERVICIOS A LA CIUDADAN\u00cdA - AliadosPuebla\",\"isPartOf\":{\"@id\":\"https:\\\/\\\/www.aliadospuebla.com\\\/#website\"},\"primaryImageOfPage\":{\"@id\":\"https:\\\/\\\/www.aliadospuebla.com\\\/?p=63452#primaryimage\"},\"image\":{\"@id\":\"https:\\\/\\\/www.aliadospuebla.com\\\/?p=63452#primaryimage\"},\"thumbnailUrl\":\"https:\\\/\\\/www.aliadospuebla.com\\\/web2017\\\/wp-content\\\/uploads\\\/2021\\\/10\\\/057-brigadas-de-salud-en-SACH.jpg\",\"datePublished\":\"2021-10-18T01:55:30+00:00\",\"author\":{\"@id\":\"https:\\\/\\\/www.aliadospuebla.com\\\/#\\\/schema\\\/person\\\/5da7dd09320bd4f392b710017ed5f8ad\"},\"breadcrumb\":{\"@id\":\"https:\\\/\\\/www.aliadospuebla.com\\\/?p=63452#breadcrumb\"},\"inLanguage\":\"es\",\"potentialAction\":[{\"@type\":\"ReadAction\",\"target\":[\"https:\\\/\\\/www.aliadospuebla.com\\\/?p=63452\"]}]},{\"@type\":\"ImageObject\",\"inLanguage\":\"es\",\"@id\":\"https:\\\/\\\/www.aliadospuebla.com\\\/?p=63452#primaryimage\",\"url\":\"https:\\\/\\\/www.aliadospuebla.com\\\/web2017\\\/wp-content\\\/uploads\\\/2021\\\/10\\\/057-brigadas-de-salud-en-SACH.jpg\",\"contentUrl\":\"https:\\\/\\\/www.aliadospuebla.com\\\/web2017\\\/wp-content\\\/uploads\\\/2021\\\/10\\\/057-brigadas-de-salud-en-SACH.jpg\",\"width\":600,\"height\":450},{\"@type\":\"BreadcrumbList\",\"@id\":\"https:\\\/\\\/www.aliadospuebla.com\\\/?p=63452#breadcrumb\",\"itemListElement\":[{\"@type\":\"ListItem\",\"position\":1,\"name\":\"Portada\",\"item\":\"https:\\\/\\\/www.aliadospuebla.com\\\/\"},{\"@type\":\"ListItem\",\"position\":2,\"name\":\"CON BRIGADAS DE SALUD, EL AYUNTAMIENTO DE SAN ANDR\u00c9S CHOLULA ACERCA SERVICIOS A LA CIUDADAN\u00cdA\"}]},{\"@type\":\"WebSite\",\"@id\":\"https:\\\/\\\/www.aliadospuebla.com\\\/#website\",\"url\":\"https:\\\/\\\/www.aliadospuebla.com\\\/\",\"name\":\"AliadosPuebla\",\"description\":\"La informaci\u00f3n en tus manos\",\"potentialAction\":[{\"@type\":\"SearchAction\",\"target\":{\"@type\":\"EntryPoint\",\"urlTemplate\":\"https:\\\/\\\/www.aliadospuebla.com\\\/?s={search_term_string}\"},\"query-input\":{\"@type\":\"PropertyValueSpecification\",\"valueRequired\":true,\"valueName\":\"search_term_string\"}}],\"inLanguage\":\"es\"},{\"@type\":\"Person\",\"@id\":\"https:\\\/\\\/www.aliadospuebla.com\\\/#\\\/schema\\\/person\\\/5da7dd09320bd4f392b710017ed5f8ad\",\"name\":\"Aliados17\",\"image\":{\"@type\":\"ImageObject\",\"inLanguage\":\"es\",\"@id\":\"https:\\\/\\\/www.aliadospuebla.com\\\/web2017\\\/wp-content\\\/uploads\\\/2025\\\/03\\\/cropped-para-perfil-8-anos-1-96x96.jpg\",\"url\":\"https:\\\/\\\/www.aliadospuebla.com\\\/web2017\\\/wp-content\\\/uploads\\\/2025\\\/03\\\/cropped-para-perfil-8-anos-1-96x96.jpg\",\"contentUrl\":\"https:\\\/\\\/www.aliadospuebla.com\\\/web2017\\\/wp-content\\\/uploads\\\/2025\\\/03\\\/cropped-para-perfil-8-anos-1-96x96.jpg\",\"caption\":\"Aliados17\"},\"sameAs\":[\"https:\\\/\\\/www.aliados17.com\",\"https:\\\/\\\/www.facebook.com\\\/Aliados17Pue\",\"https:\\\/\\\/x.com\\\/AliadosPuebla\"],\"url\":\"https:\\\/\\\/www.aliadospuebla.com\\\/?author=2\"}]}<\/script>\n<!-- \/ Yoast SEO plugin. -->","yoast_head_json":{"title":"CON BRIGADAS DE SALUD, EL AYUNTAMIENTO DE SAN ANDR\u00c9S CHOLULA ACERCA SERVICIOS A LA CIUDADAN\u00cdA - AliadosPuebla","robots":{"index":"index","follow":"follow","max-snippet":"max-snippet:-1","max-image-preview":"max-image-preview:large","max-video-preview":"max-video-preview:-1"},"canonical":"https:\/\/www.aliadospuebla.com\/?p=63452","og_locale":"es_ES","og_type":"article","og_title":"CON BRIGADAS DE SALUD, EL AYUNTAMIENTO DE SAN ANDR\u00c9S CHOLULA ACERCA SERVICIOS A LA CIUDADAN\u00cdA - AliadosPuebla","og_description":"San Andr\u00e9s Cholula, Puebla.- En seguimiento al compromiso de consolidar un municipio incluyente y solidario, el presidente Mundo Tlatehui entreg\u00f3 sillas de ruedas, bastones y lentes, adem\u00e1s de llevar servicios m\u00e9dicos a la colonia Gobernadores. \u201cReitero mi voluntad para construir un entorno de equilibrio social y para abrirle espacios de participaci\u00f3n a la poblaci\u00f3n vulnerable, con el fin de que cuenten con alternativas reales de inclusi\u00f3n social, econ\u00f3mica, pol\u00edtica y cultural\u201d, enfatiz\u00f3 Mundo Tlatehui. Sostuvo que con la creaci\u00f3n de la Coordinaci\u00f3n de Atenci\u00f3n Especializada a Personas con Discapacidad del DIF Municipal, se priorizar\u00e1 el servicio a grupos vulnerables y extern\u00f3 su gratitud a quienes se han sumado a apoyar las causas del organismo, a trav\u00e9s de la donaci\u00f3n de aparatos ortop\u00e9dicos. En ese sentido,&hellip;Leer m\u00e1s...","og_url":"https:\/\/www.aliadospuebla.com\/?p=63452","og_site_name":"AliadosPuebla","article_author":"https:\/\/www.facebook.com\/Aliados17Pue","article_published_time":"2021-10-18T01:55:30+00:00","og_image":[{"width":600,"height":450,"url":"https:\/\/www.aliadospuebla.com\/web2017\/wp-content\/uploads\/2021\/10\/057-brigadas-de-salud-en-SACH.jpg","type":"image\/jpeg"}],"author":"Aliados17","twitter_card":"summary_large_image","twitter_creator":"@AliadosPuebla","twitter_misc":{"Escrito por":"Aliados17","Tiempo de lectura":"2 minutos"},"schema":{"@context":"https:\/\/schema.org","@graph":[{"@type":"Article","@id":"https:\/\/www.aliadospuebla.com\/?p=63452#article","isPartOf":{"@id":"https:\/\/www.aliadospuebla.com\/?p=63452"},"author":{"name":"Aliados17","@id":"https:\/\/www.aliadospuebla.com\/#\/schema\/person\/5da7dd09320bd4f392b710017ed5f8ad"},"headline":"CON BRIGADAS DE SALUD, EL AYUNTAMIENTO DE SAN ANDR\u00c9S CHOLULA ACERCA SERVICIOS A LA CIUDADAN\u00cdA","datePublished":"2021-10-18T01:55:30+00:00","mainEntityOfPage":{"@id":"https:\/\/www.aliadospuebla.com\/?p=63452"},"wordCount":518,"commentCount":0,"image":{"@id":"https:\/\/www.aliadospuebla.com\/?p=63452#primaryimage"},"thumbnailUrl":"https:\/\/www.aliadospuebla.com\/web2017\/wp-content\/uploads\/2021\/10\/057-brigadas-de-salud-en-SACH.jpg","keywords":["brigadas de salud","Lupita Cuautle","MUNDO TLATEHUI","SALUD","San Andr\u00e9s Cholula","SMDIF"],"articleSection":["Municipios"],"inLanguage":"es","potentialAction":[{"@type":"CommentAction","name":"Comment","target":["https:\/\/www.aliadospuebla.com\/?p=63452#respond"]}]},{"@type":"WebPage","@id":"https:\/\/www.aliadospuebla.com\/?p=63452","url":"https:\/\/www.aliadospuebla.com\/?p=63452","name":"CON BRIGADAS DE SALUD, EL AYUNTAMIENTO DE SAN ANDR\u00c9S CHOLULA ACERCA SERVICIOS A LA CIUDADAN\u00cdA - AliadosPuebla","isPartOf":{"@id":"https:\/\/www.aliadospuebla.com\/#website"},"primaryImageOfPage":{"@id":"https:\/\/www.aliadospuebla.com\/?p=63452#primaryimage"},"image":{"@id":"https:\/\/www.aliadospuebla.com\/?p=63452#primaryimage"},"thumbnailUrl":"https:\/\/www.aliadospuebla.com\/web2017\/wp-content\/uploads\/2021\/10\/057-brigadas-de-salud-en-SACH.jpg","datePublished":"2021-10-18T01:55:30+00:00","author":{"@id":"https:\/\/www.aliadospuebla.com\/#\/schema\/person\/5da7dd09320bd4f392b710017ed5f8ad"},"breadcrumb":{"@id":"https:\/\/www.aliadospuebla.com\/?p=63452#breadcrumb"},"inLanguage":"es","potentialAction":[{"@type":"ReadAction","target":["https:\/\/www.aliadospuebla.com\/?p=63452"]}]},{"@type":"ImageObject","inLanguage":"es","@id":"https:\/\/www.aliadospuebla.com\/?p=63452#primaryimage","url":"https:\/\/www.aliadospuebla.com\/web2017\/wp-content\/uploads\/2021\/10\/057-brigadas-de-salud-en-SACH.jpg","contentUrl":"https:\/\/www.aliadospuebla.com\/web2017\/wp-content\/uploads\/2021\/10\/057-brigadas-de-salud-en-SACH.jpg","width":600,"height":450},{"@type":"BreadcrumbList","@id":"https:\/\/www.aliadospuebla.com\/?p=63452#breadcrumb","itemListElement":[{"@type":"ListItem","position":1,"name":"Portada","item":"https:\/\/www.aliadospuebla.com\/"},{"@type":"ListItem","position":2,"name":"CON BRIGADAS DE SALUD, EL AYUNTAMIENTO DE SAN ANDR\u00c9S CHOLULA ACERCA SERVICIOS A LA CIUDADAN\u00cdA"}]},{"@type":"WebSite","@id":"https:\/\/www.aliadospuebla.com\/#website","url":"https:\/\/www.aliadospuebla.com\/","name":"AliadosPuebla","description":"La informaci\u00f3n en tus manos","potentialAction":[{"@type":"SearchAction","target":{"@type":"EntryPoint","urlTemplate":"https:\/\/www.aliadospuebla.com\/?s={search_term_string}"},"query-input":{"@type":"PropertyValueSpecification","valueRequired":true,"valueName":"search_term_string"}}],"inLanguage":"es"},{"@type":"Person","@id":"https:\/\/www.aliadospuebla.com\/#\/schema\/person\/5da7dd09320bd4f392b710017ed5f8ad","name":"Aliados17","image":{"@type":"ImageObject","inLanguage":"es","@id":"https:\/\/www.aliadospuebla.com\/web2017\/wp-content\/uploads\/2025\/03\/cropped-para-perfil-8-anos-1-96x96.jpg","url":"https:\/\/www.aliadospuebla.com\/web2017\/wp-content\/uploads\/2025\/03\/cropped-para-perfil-8-anos-1-96x96.jpg","contentUrl":"https:\/\/www.aliadospuebla.com\/web2017\/wp-content\/uploads\/2025\/03\/cropped-para-perfil-8-anos-1-96x96.jpg","caption":"Aliados17"},"sameAs":["https:\/\/www.aliados17.com","https:\/\/www.facebook.com\/Aliados17Pue","https:\/\/x.com\/AliadosPuebla"],"url":"https:\/\/www.aliadospuebla.com\/?author=2"}]}},"views":7,"_links":{"self":[{"href":"https:\/\/www.aliadospuebla.com\/index.php?rest_route=\/wp\/v2\/posts\/63452","targetHints":{"allow":["GET"]}}],"collection":[{"href":"https:\/\/www.aliadospuebla.com\/index.php?rest_route=\/wp\/v2\/posts"}],"about":[{"href":"https:\/\/www.aliadospuebla.com\/index.php?rest_route=\/wp\/v2\/types\/post"}],"author":[{"embeddable":true,"href":"https:\/\/www.aliadospuebla.com\/index.php?rest_route=\/wp\/v2\/users\/2"}],"replies":[{"embeddable":true,"href":"https:\/\/www.aliadospuebla.com\/index.php?rest_route=%2Fwp%2Fv2%2Fcomments&post=63452"}],"version-history":[{"count":1,"href":"https:\/\/www.aliadospuebla.com\/index.php?rest_route=\/wp\/v2\/posts\/63452\/revisions"}],"predecessor-version":[{"id":63454,"href":"https:\/\/www.aliadospuebla.com\/index.php?rest_route=\/wp\/v2\/posts\/63452\/revisions\/63454"}],"wp:featuredmedia":[{"embeddable":true,"href":"https:\/\/www.aliadospuebla.com\/index.php?rest_route=\/wp\/v2\/media\/63453"}],"wp:attachment":[{"href":"https:\/\/www.aliadospuebla.com\/index.php?rest_route=%2Fwp%2Fv2%2Fmedia&parent=63452"}],"wp:term":[{"taxonomy":"category","embeddable":true,"href":"https:\/\/www.aliadospuebla.com\/index.php?rest_route=%2Fwp%2Fv2%2Fcategories&post=63452"},{"taxonomy":"post_tag","embeddable":true,"href":"https:\/\/www.aliadospuebla.com\/index.php?rest_route=%2Fwp%2Fv2%2Ftags&post=63452"}],"curies":[{"name":"wp","href":"https:\/\/api.w.org\/{rel}","templated":true}]}}