{"id":63293,"date":"2021-10-13T17:06:42","date_gmt":"2021-10-13T22:06:42","guid":{"rendered":"https:\/\/www.aliados17.com\/?p=63293"},"modified":"2021-10-13T17:06:42","modified_gmt":"2021-10-13T22:06:42","slug":"algunas-consideraciones-sobre-el-comportamiento-de-la-incidencia-delictiva-durante-la-gestion-de-la-alcaldesa-claudia-rivera-vivanco","status":"publish","type":"post","link":"https:\/\/www.aliadospuebla.com\/?p=63293","title":{"rendered":"ALGUNAS CONSIDERACIONES SOBRE EL COMPORTAMIENTO DE LA INCIDENCIA DELICTIVA, DURANTE LA GESTI\u00d3N DE LA ALCALDESA CLAUDIA RIVERA VIVANCO"},"content":{"rendered":"<p>\u2022Con base en cifras del Secretariado Ejecutivo del Sistema Nacional de Seguridad P\u00fablica (SESNSP), la incidencia delictiva general en Puebla capital decremento en un 16.2 por ciento, si se comparan los primeros 36 meses de la administraci\u00f3n municipal contra el mismo periodo pero de la gesti\u00f3n anterior.<\/p>\n<p>\u2022En este sentido, de febrero de 2014 a enero de 2017 se contabilizaron 89 mil 709 Carpetas de Investigaci\u00f3n mientras que, de octubre de 2018 a septiembre de 2021 se denunciaron 75 mil 150 delitos, es decir, 14 mil 559 eventos delictivos menos.<\/p>\n<p>\u2022En esta comparativa, algunos delitos que reflejaron una baja son: lesiones dolosas 43 por ciento; extorsi\u00f3n 36.9 por ciento; fraude 32.3 por ciento; robo a casa habitaci\u00f3n 29.2 por ciento y robo a transe\u00fante en un 0.7 por ciento, por citar algunos.<\/p>\n<p>\u2022Por otra parte, si se comparan las cifras arrojadas entre enero y septiembre de 2019 y 2021, se puede observar que la incidencia disminuy\u00f3 en un 10.4 por ciento. En 2019, se contabilizaron 23 mil 777 Carpetas de Investigaci\u00f3n mientras que, en 2021 s\u00f3lo se denunciaron 21 mil 300 eventos delictivos, es decir, dos mil 477 sucesos menos.<\/p>\n<p>\u2022Algunos delitos a la baja, durante este periodo, son: robo a instituci\u00f3n bancaria en un 63.6 por ciento; robo en transporte p\u00fablico individual 45.6 por ciento; secuestro 42.9 por ciento; robo de veh\u00edculo automotor 42.6 por ciento; robo a negocio 36.3 por ciento; violencia familiar 33 por ciento; robo en transporte p\u00fablico colectivo 30.5 por ciento; homicidio doloso 30.4 por ciento y robo a casa habitaci\u00f3n 30.3 por ciento, entre otros.<\/p>\n<p>\u2022Finalmente, de acuerdo con el \u00faltimo reporte del SESNSP, la incidencia delictiva general sostuvo una baja del 1.1 por ciento durante septiembre de este a\u00f1o, en comparaci\u00f3n con el mes inmediato anterior. Para agosto se registraron dos mil 408 delitos mientras que, en el siguiente mes se contabilizaron dos mil 381 conductas il\u00edcitas, es decir, 27 denuncias menos.<\/p>\n<p>\u2022En este lapso, algunos delitos que sostuvieron un decremento, son: robo en transporte p\u00fablico individual en un 25 por ciento; robo en transporte individual 23 por ciento; homicidio doloso 12.5 por ciento; violencia familiar 10 por ciento y robo a transe\u00fante en v\u00eda p\u00fablica 6.4 por ciento, entre otros.<\/p>\n","protected":false},"excerpt":{"rendered":"<p>\u2022Con base en cifras del Secretariado Ejecutivo del Sistema Nacional de Seguridad P\u00fablica (SESNSP), la incidencia delictiva general en Puebla capital decremento en un 16.2 por ciento, si se comparan los primeros 36 meses de la administraci\u00f3n municipal contra el mismo periodo pero de la gesti\u00f3n anterior. \u2022En este sentido, de febrero de 2014 a enero de 2017 se contabilizaron 89 mil 709 Carpetas de Investigaci\u00f3n mientras que, de octubre de 2018 a septiembre de 2021 se denunciaron 75 mil 150 delitos, es decir, 14 mil 559 eventos delictivos menos. \u2022En esta comparativa, algunos delitos que reflejaron una baja son: lesiones dolosas 43 por ciento; extorsi\u00f3n 36.9 por ciento; fraude 32.3 por ciento; robo a casa habitaci\u00f3n 29.2 por ciento y robo a transe\u00fante en&hellip;<\/p>\n<p class=\"excerpt-more\"><a class=\"blog-excerpt button\" href=\"https:\/\/www.aliadospuebla.com\/?p=63293\">Leer m\u00e1s&#8230;<\/a><\/p>\n","protected":false},"author":3,"featured_media":63294,"comment_status":"open","ping_status":"open","sticky":false,"template":"","format":"standard","meta":{"_monsterinsights_skip_tracking":false,"footnotes":""},"categories":[62],"tags":[171,56,77,72,3002,6091],"class_list":["post-63293","post","type-post","status-publish","format-standard","has-post-thumbnail","hentry","category-capital","tag-ayuntamiento","tag-capital","tag-municipios","tag-puebla","tag-regidores","tag-ssptm"],"yoast_head":"<!-- This site is optimized with the Yoast SEO plugin v28.4 - https:\/\/yoast.com\/product\/yoast-seo-wordpress\/ -->\n<title>ALGUNAS CONSIDERACIONES SOBRE EL COMPORTAMIENTO DE LA INCIDENCIA DELICTIVA, DURANTE LA GESTI\u00d3N DE LA ALCALDESA CLAUDIA RIVERA VIVANCO - AliadosPuebla<\/title>\n<meta name=\"robots\" content=\"index, follow, max-snippet:-1, max-image-preview:large, max-video-preview:-1\" \/>\n<link rel=\"canonical\" href=\"https:\/\/www.aliadospuebla.com\/?p=63293\" \/>\n<meta property=\"og:locale\" content=\"es_ES\" \/>\n<meta property=\"og:type\" content=\"article\" \/>\n<meta property=\"og:title\" content=\"ALGUNAS CONSIDERACIONES SOBRE EL COMPORTAMIENTO DE LA INCIDENCIA DELICTIVA, DURANTE LA GESTI\u00d3N DE LA ALCALDESA CLAUDIA RIVERA VIVANCO - AliadosPuebla\" \/>\n<meta property=\"og:description\" content=\"\u2022Con base en cifras del Secretariado Ejecutivo del Sistema Nacional de Seguridad P\u00fablica (SESNSP), la incidencia delictiva general en Puebla capital decremento en un 16.2 por ciento, si se comparan los primeros 36 meses de la administraci\u00f3n municipal contra el mismo periodo pero de la gesti\u00f3n anterior. \u2022En este sentido, de febrero de 2014 a enero de 2017 se contabilizaron 89 mil 709 Carpetas de Investigaci\u00f3n mientras que, de octubre de 2018 a septiembre de 2021 se denunciaron 75 mil 150 delitos, es decir, 14 mil 559 eventos delictivos menos. \u2022En esta comparativa, algunos delitos que reflejaron una baja son: lesiones dolosas 43 por ciento; extorsi\u00f3n 36.9 por ciento; fraude 32.3 por ciento; robo a casa habitaci\u00f3n 29.2 por ciento y robo a transe\u00fante en&hellip;Leer m\u00e1s...\" \/>\n<meta property=\"og:url\" content=\"https:\/\/www.aliadospuebla.com\/?p=63293\" \/>\n<meta property=\"og:site_name\" content=\"AliadosPuebla\" \/>\n<meta property=\"article:published_time\" content=\"2021-10-13T22:06:42+00:00\" \/>\n<meta property=\"og:image\" content=\"https:\/\/www.aliadospuebla.com\/web2017\/wp-content\/uploads\/2021\/10\/CAPITAL-23.jpg\" \/>\n\t<meta property=\"og:image:width\" content=\"600\" \/>\n\t<meta property=\"og:image:height\" content=\"450\" \/>\n\t<meta property=\"og:image:type\" content=\"image\/jpeg\" \/>\n<meta name=\"author\" content=\"Aliados Videos\" \/>\n<meta name=\"twitter:card\" content=\"summary_large_image\" \/>\n<meta name=\"twitter:label1\" content=\"Escrito por\" \/>\n\t<meta name=\"twitter:data1\" content=\"Aliados Videos\" \/>\n\t<meta name=\"twitter:label2\" content=\"Tiempo de lectura\" \/>\n\t<meta name=\"twitter:data2\" content=\"2 minutos\" \/>\n<script type=\"application\/ld+json\" class=\"yoast-schema-graph\">{\"@context\":\"https:\\\/\\\/schema.org\",\"@graph\":[{\"@type\":\"Article\",\"@id\":\"https:\\\/\\\/www.aliadospuebla.com\\\/?p=63293#article\",\"isPartOf\":{\"@id\":\"https:\\\/\\\/www.aliadospuebla.com\\\/?p=63293\"},\"author\":{\"name\":\"Aliados Videos\",\"@id\":\"https:\\\/\\\/www.aliadospuebla.com\\\/#\\\/schema\\\/person\\\/0fd017f23cc5c3f7988d5d58850eec8e\"},\"headline\":\"ALGUNAS CONSIDERACIONES SOBRE EL COMPORTAMIENTO DE LA INCIDENCIA DELICTIVA, DURANTE LA GESTI\u00d3N DE LA ALCALDESA CLAUDIA RIVERA VIVANCO\",\"datePublished\":\"2021-10-13T22:06:42+00:00\",\"mainEntityOfPage\":{\"@id\":\"https:\\\/\\\/www.aliadospuebla.com\\\/?p=63293\"},\"wordCount\":363,\"commentCount\":0,\"image\":{\"@id\":\"https:\\\/\\\/www.aliadospuebla.com\\\/?p=63293#primaryimage\"},\"thumbnailUrl\":\"https:\\\/\\\/www.aliadospuebla.com\\\/web2017\\\/wp-content\\\/uploads\\\/2021\\\/10\\\/CAPITAL-23.jpg\",\"keywords\":[\"Ayuntamiento\",\"capital\",\"Municipios\",\"Puebla\",\"REGIDORES\",\"SSPTM\"],\"articleSection\":[\"Capital\"],\"inLanguage\":\"es\",\"potentialAction\":[{\"@type\":\"CommentAction\",\"name\":\"Comment\",\"target\":[\"https:\\\/\\\/www.aliadospuebla.com\\\/?p=63293#respond\"]}]},{\"@type\":\"WebPage\",\"@id\":\"https:\\\/\\\/www.aliadospuebla.com\\\/?p=63293\",\"url\":\"https:\\\/\\\/www.aliadospuebla.com\\\/?p=63293\",\"name\":\"ALGUNAS CONSIDERACIONES SOBRE EL COMPORTAMIENTO DE LA INCIDENCIA DELICTIVA, DURANTE LA GESTI\u00d3N DE LA ALCALDESA CLAUDIA RIVERA VIVANCO - AliadosPuebla\",\"isPartOf\":{\"@id\":\"https:\\\/\\\/www.aliadospuebla.com\\\/#website\"},\"primaryImageOfPage\":{\"@id\":\"https:\\\/\\\/www.aliadospuebla.com\\\/?p=63293#primaryimage\"},\"image\":{\"@id\":\"https:\\\/\\\/www.aliadospuebla.com\\\/?p=63293#primaryimage\"},\"thumbnailUrl\":\"https:\\\/\\\/www.aliadospuebla.com\\\/web2017\\\/wp-content\\\/uploads\\\/2021\\\/10\\\/CAPITAL-23.jpg\",\"datePublished\":\"2021-10-13T22:06:42+00:00\",\"author\":{\"@id\":\"https:\\\/\\\/www.aliadospuebla.com\\\/#\\\/schema\\\/person\\\/0fd017f23cc5c3f7988d5d58850eec8e\"},\"breadcrumb\":{\"@id\":\"https:\\\/\\\/www.aliadospuebla.com\\\/?p=63293#breadcrumb\"},\"inLanguage\":\"es\",\"potentialAction\":[{\"@type\":\"ReadAction\",\"target\":[\"https:\\\/\\\/www.aliadospuebla.com\\\/?p=63293\"]}]},{\"@type\":\"ImageObject\",\"inLanguage\":\"es\",\"@id\":\"https:\\\/\\\/www.aliadospuebla.com\\\/?p=63293#primaryimage\",\"url\":\"https:\\\/\\\/www.aliadospuebla.com\\\/web2017\\\/wp-content\\\/uploads\\\/2021\\\/10\\\/CAPITAL-23.jpg\",\"contentUrl\":\"https:\\\/\\\/www.aliadospuebla.com\\\/web2017\\\/wp-content\\\/uploads\\\/2021\\\/10\\\/CAPITAL-23.jpg\",\"width\":600,\"height\":450},{\"@type\":\"BreadcrumbList\",\"@id\":\"https:\\\/\\\/www.aliadospuebla.com\\\/?p=63293#breadcrumb\",\"itemListElement\":[{\"@type\":\"ListItem\",\"position\":1,\"name\":\"Portada\",\"item\":\"https:\\\/\\\/www.aliadospuebla.com\\\/\"},{\"@type\":\"ListItem\",\"position\":2,\"name\":\"ALGUNAS CONSIDERACIONES SOBRE EL COMPORTAMIENTO DE LA INCIDENCIA DELICTIVA, DURANTE LA GESTI\u00d3N DE LA ALCALDESA CLAUDIA RIVERA VIVANCO\"}]},{\"@type\":\"WebSite\",\"@id\":\"https:\\\/\\\/www.aliadospuebla.com\\\/#website\",\"url\":\"https:\\\/\\\/www.aliadospuebla.com\\\/\",\"name\":\"AliadosPuebla\",\"description\":\"La informaci\u00f3n en tus manos\",\"potentialAction\":[{\"@type\":\"SearchAction\",\"target\":{\"@type\":\"EntryPoint\",\"urlTemplate\":\"https:\\\/\\\/www.aliadospuebla.com\\\/?s={search_term_string}\"},\"query-input\":{\"@type\":\"PropertyValueSpecification\",\"valueRequired\":true,\"valueName\":\"search_term_string\"}}],\"inLanguage\":\"es\"},{\"@type\":\"Person\",\"@id\":\"https:\\\/\\\/www.aliadospuebla.com\\\/#\\\/schema\\\/person\\\/0fd017f23cc5c3f7988d5d58850eec8e\",\"name\":\"Aliados Videos\",\"image\":{\"@type\":\"ImageObject\",\"inLanguage\":\"es\",\"@id\":\"https:\\\/\\\/secure.gravatar.com\\\/avatar\\\/42b92de8b2d8339e1e824f3a73ab023a0bec0ee2e3920248085eb1f3160b4083?s=96&d=mm&r=g\",\"url\":\"https:\\\/\\\/secure.gravatar.com\\\/avatar\\\/42b92de8b2d8339e1e824f3a73ab023a0bec0ee2e3920248085eb1f3160b4083?s=96&d=mm&r=g\",\"contentUrl\":\"https:\\\/\\\/secure.gravatar.com\\\/avatar\\\/42b92de8b2d8339e1e824f3a73ab023a0bec0ee2e3920248085eb1f3160b4083?s=96&d=mm&r=g\",\"caption\":\"Aliados Videos\"},\"url\":\"https:\\\/\\\/www.aliadospuebla.com\\\/?author=3\"}]}<\/script>\n<!-- \/ Yoast SEO plugin. -->","yoast_head_json":{"title":"ALGUNAS CONSIDERACIONES SOBRE EL COMPORTAMIENTO DE LA INCIDENCIA DELICTIVA, DURANTE LA GESTI\u00d3N DE LA ALCALDESA CLAUDIA RIVERA VIVANCO - AliadosPuebla","robots":{"index":"index","follow":"follow","max-snippet":"max-snippet:-1","max-image-preview":"max-image-preview:large","max-video-preview":"max-video-preview:-1"},"canonical":"https:\/\/www.aliadospuebla.com\/?p=63293","og_locale":"es_ES","og_type":"article","og_title":"ALGUNAS CONSIDERACIONES SOBRE EL COMPORTAMIENTO DE LA INCIDENCIA DELICTIVA, DURANTE LA GESTI\u00d3N DE LA ALCALDESA CLAUDIA RIVERA VIVANCO - AliadosPuebla","og_description":"\u2022Con base en cifras del Secretariado Ejecutivo del Sistema Nacional de Seguridad P\u00fablica (SESNSP), la incidencia delictiva general en Puebla capital decremento en un 16.2 por ciento, si se comparan los primeros 36 meses de la administraci\u00f3n municipal contra el mismo periodo pero de la gesti\u00f3n anterior. \u2022En este sentido, de febrero de 2014 a enero de 2017 se contabilizaron 89 mil 709 Carpetas de Investigaci\u00f3n mientras que, de octubre de 2018 a septiembre de 2021 se denunciaron 75 mil 150 delitos, es decir, 14 mil 559 eventos delictivos menos. \u2022En esta comparativa, algunos delitos que reflejaron una baja son: lesiones dolosas 43 por ciento; extorsi\u00f3n 36.9 por ciento; fraude 32.3 por ciento; robo a casa habitaci\u00f3n 29.2 por ciento y robo a transe\u00fante en&hellip;Leer m\u00e1s...","og_url":"https:\/\/www.aliadospuebla.com\/?p=63293","og_site_name":"AliadosPuebla","article_published_time":"2021-10-13T22:06:42+00:00","og_image":[{"width":600,"height":450,"url":"https:\/\/www.aliadospuebla.com\/web2017\/wp-content\/uploads\/2021\/10\/CAPITAL-23.jpg","type":"image\/jpeg"}],"author":"Aliados Videos","twitter_card":"summary_large_image","twitter_misc":{"Escrito por":"Aliados Videos","Tiempo de lectura":"2 minutos"},"schema":{"@context":"https:\/\/schema.org","@graph":[{"@type":"Article","@id":"https:\/\/www.aliadospuebla.com\/?p=63293#article","isPartOf":{"@id":"https:\/\/www.aliadospuebla.com\/?p=63293"},"author":{"name":"Aliados Videos","@id":"https:\/\/www.aliadospuebla.com\/#\/schema\/person\/0fd017f23cc5c3f7988d5d58850eec8e"},"headline":"ALGUNAS CONSIDERACIONES SOBRE EL COMPORTAMIENTO DE LA INCIDENCIA DELICTIVA, DURANTE LA GESTI\u00d3N DE LA ALCALDESA CLAUDIA RIVERA VIVANCO","datePublished":"2021-10-13T22:06:42+00:00","mainEntityOfPage":{"@id":"https:\/\/www.aliadospuebla.com\/?p=63293"},"wordCount":363,"commentCount":0,"image":{"@id":"https:\/\/www.aliadospuebla.com\/?p=63293#primaryimage"},"thumbnailUrl":"https:\/\/www.aliadospuebla.com\/web2017\/wp-content\/uploads\/2021\/10\/CAPITAL-23.jpg","keywords":["Ayuntamiento","capital","Municipios","Puebla","REGIDORES","SSPTM"],"articleSection":["Capital"],"inLanguage":"es","potentialAction":[{"@type":"CommentAction","name":"Comment","target":["https:\/\/www.aliadospuebla.com\/?p=63293#respond"]}]},{"@type":"WebPage","@id":"https:\/\/www.aliadospuebla.com\/?p=63293","url":"https:\/\/www.aliadospuebla.com\/?p=63293","name":"ALGUNAS CONSIDERACIONES SOBRE EL COMPORTAMIENTO DE LA INCIDENCIA DELICTIVA, DURANTE LA GESTI\u00d3N DE LA ALCALDESA CLAUDIA RIVERA VIVANCO - AliadosPuebla","isPartOf":{"@id":"https:\/\/www.aliadospuebla.com\/#website"},"primaryImageOfPage":{"@id":"https:\/\/www.aliadospuebla.com\/?p=63293#primaryimage"},"image":{"@id":"https:\/\/www.aliadospuebla.com\/?p=63293#primaryimage"},"thumbnailUrl":"https:\/\/www.aliadospuebla.com\/web2017\/wp-content\/uploads\/2021\/10\/CAPITAL-23.jpg","datePublished":"2021-10-13T22:06:42+00:00","author":{"@id":"https:\/\/www.aliadospuebla.com\/#\/schema\/person\/0fd017f23cc5c3f7988d5d58850eec8e"},"breadcrumb":{"@id":"https:\/\/www.aliadospuebla.com\/?p=63293#breadcrumb"},"inLanguage":"es","potentialAction":[{"@type":"ReadAction","target":["https:\/\/www.aliadospuebla.com\/?p=63293"]}]},{"@type":"ImageObject","inLanguage":"es","@id":"https:\/\/www.aliadospuebla.com\/?p=63293#primaryimage","url":"https:\/\/www.aliadospuebla.com\/web2017\/wp-content\/uploads\/2021\/10\/CAPITAL-23.jpg","contentUrl":"https:\/\/www.aliadospuebla.com\/web2017\/wp-content\/uploads\/2021\/10\/CAPITAL-23.jpg","width":600,"height":450},{"@type":"BreadcrumbList","@id":"https:\/\/www.aliadospuebla.com\/?p=63293#breadcrumb","itemListElement":[{"@type":"ListItem","position":1,"name":"Portada","item":"https:\/\/www.aliadospuebla.com\/"},{"@type":"ListItem","position":2,"name":"ALGUNAS CONSIDERACIONES SOBRE EL COMPORTAMIENTO DE LA INCIDENCIA DELICTIVA, DURANTE LA GESTI\u00d3N DE LA ALCALDESA CLAUDIA RIVERA VIVANCO"}]},{"@type":"WebSite","@id":"https:\/\/www.aliadospuebla.com\/#website","url":"https:\/\/www.aliadospuebla.com\/","name":"AliadosPuebla","description":"La informaci\u00f3n en tus manos","potentialAction":[{"@type":"SearchAction","target":{"@type":"EntryPoint","urlTemplate":"https:\/\/www.aliadospuebla.com\/?s={search_term_string}"},"query-input":{"@type":"PropertyValueSpecification","valueRequired":true,"valueName":"search_term_string"}}],"inLanguage":"es"},{"@type":"Person","@id":"https:\/\/www.aliadospuebla.com\/#\/schema\/person\/0fd017f23cc5c3f7988d5d58850eec8e","name":"Aliados Videos","image":{"@type":"ImageObject","inLanguage":"es","@id":"https:\/\/secure.gravatar.com\/avatar\/42b92de8b2d8339e1e824f3a73ab023a0bec0ee2e3920248085eb1f3160b4083?s=96&d=mm&r=g","url":"https:\/\/secure.gravatar.com\/avatar\/42b92de8b2d8339e1e824f3a73ab023a0bec0ee2e3920248085eb1f3160b4083?s=96&d=mm&r=g","contentUrl":"https:\/\/secure.gravatar.com\/avatar\/42b92de8b2d8339e1e824f3a73ab023a0bec0ee2e3920248085eb1f3160b4083?s=96&d=mm&r=g","caption":"Aliados Videos"},"url":"https:\/\/www.aliadospuebla.com\/?author=3"}]}},"views":10,"_links":{"self":[{"href":"https:\/\/www.aliadospuebla.com\/index.php?rest_route=\/wp\/v2\/posts\/63293","targetHints":{"allow":["GET"]}}],"collection":[{"href":"https:\/\/www.aliadospuebla.com\/index.php?rest_route=\/wp\/v2\/posts"}],"about":[{"href":"https:\/\/www.aliadospuebla.com\/index.php?rest_route=\/wp\/v2\/types\/post"}],"author":[{"embeddable":true,"href":"https:\/\/www.aliadospuebla.com\/index.php?rest_route=\/wp\/v2\/users\/3"}],"replies":[{"embeddable":true,"href":"https:\/\/www.aliadospuebla.com\/index.php?rest_route=%2Fwp%2Fv2%2Fcomments&post=63293"}],"version-history":[{"count":1,"href":"https:\/\/www.aliadospuebla.com\/index.php?rest_route=\/wp\/v2\/posts\/63293\/revisions"}],"predecessor-version":[{"id":63295,"href":"https:\/\/www.aliadospuebla.com\/index.php?rest_route=\/wp\/v2\/posts\/63293\/revisions\/63295"}],"wp:featuredmedia":[{"embeddable":true,"href":"https:\/\/www.aliadospuebla.com\/index.php?rest_route=\/wp\/v2\/media\/63294"}],"wp:attachment":[{"href":"https:\/\/www.aliadospuebla.com\/index.php?rest_route=%2Fwp%2Fv2%2Fmedia&parent=63293"}],"wp:term":[{"taxonomy":"category","embeddable":true,"href":"https:\/\/www.aliadospuebla.com\/index.php?rest_route=%2Fwp%2Fv2%2Fcategories&post=63293"},{"taxonomy":"post_tag","embeddable":true,"href":"https:\/\/www.aliadospuebla.com\/index.php?rest_route=%2Fwp%2Fv2%2Ftags&post=63293"}],"curies":[{"name":"wp","href":"https:\/\/api.w.org\/{rel}","templated":true}]}}