{"id":63177,"date":"2021-10-10T09:26:04","date_gmt":"2021-10-10T14:26:04","guid":{"rendered":"https:\/\/www.aliados17.com\/?p=63177"},"modified":"2021-10-10T09:29:50","modified_gmt":"2021-10-10T14:29:50","slug":"63177-2","status":"publish","type":"post","link":"https:\/\/www.aliadospuebla.com\/?p=63177","title":{"rendered":"Un gobierno de cercan\u00eda ciudadana, prioridad de Jorge Corichi"},"content":{"rendered":"<ul>\n<li aria-level=\"1\"><b><i>\u201cNo vamos a esperar a que el pueblo llegue al Ayuntamiento; nosotros nos acercamos a las comunidades con servicios\u201d, sostiene el presidente de Tlaxcala Capital<\/i><\/b><\/li>\n<\/ul>\n<p>&nbsp;<\/p>\n<p><span style=\"font-weight: 400;\">Con \u00e9xito se desarroll\u00f3 la tercera Brigada de <\/span><\/p>\n<p><span style=\"font-weight: 400;\">Bienestar Municipal que realiza el Ayuntamiento <\/span><\/p>\n<p><span style=\"font-weight: 400;\">de Tlaxcala, siendo Santa Mar\u00eda Ixtulco la comunidad <\/span><\/p>\n<p><span style=\"font-weight: 400;\">hasta donde lleg\u00f3 este s\u00e1bado el tren de servicios con <\/span><\/p>\n<p><span style=\"font-weight: 400;\">una variada oferta en materia de salud, asesor\u00eda<\/span><\/p>\n<p><span style=\"font-weight: 400;\"> jur\u00eddica y jornadas informativas.<\/span><\/p>\n<p><span style=\"font-weight: 400;\">Durante la inauguraci\u00f3n, el presidente, Jorge <\/span><\/p>\n<p><span style=\"font-weight: 400;\">Corichi, enfatiz\u00f3 que los programas de vinculaci\u00f3n<\/span><\/p>\n<p><span style=\"font-weight: 400;\"> entre las instancias municipales y las y los habitantes <\/span><\/p>\n<p><span style=\"font-weight: 400;\">de la capital, son parte de un proyecto de gobierno<\/span><\/p>\n<p><span style=\"font-weight: 400;\"> cercano a las necesidades de la poblaci\u00f3n.<\/span><\/p>\n<p><span style=\"font-weight: 400;\">\u201cEs parte de la pol\u00edtica de este gobierno municipal, <\/span><\/p>\n<p><span style=\"font-weight: 400;\">nos vamos a caracterizar por la cercan\u00eda con la ciudadan\u00eda,<\/span><\/p>\n<p><span style=\"font-weight: 400;\"> como lo hace nuestra gobernadora, Lorena Cu\u00e9llar, y<\/span><\/p>\n<p><span style=\"font-weight: 400;\"> el presidente de M\u00e9xico, Andr\u00e9s Manuel L\u00f3pez Obrador, enfatiz\u00f3.\u00a0\u00a0<\/span><\/p>\n<p><span style=\"font-weight: 400;\">Record\u00f3 que el Ayuntamiento de Tlaxcala trabaja <\/span><\/p>\n<p><span style=\"font-weight: 400;\">de manera conjunta con las dependencias del orden<\/span><\/p>\n<p><span style=\"font-weight: 400;\"> federal y estatal para acercar a las familias los<\/span><\/p>\n<p><span style=\"font-weight: 400;\"> servicios de las diferentes direcciones y secretar\u00edas <\/span><\/p>\n<p><span style=\"font-weight: 400;\">del Gobierno Estatal, como la Secretaria de Salud (SESA),<\/span><\/p>\n<p><span style=\"font-weight: 400;\"> organismos aut\u00f3nomos -como la Comisi\u00f3n Estatal <\/span><\/p>\n<p><span style=\"font-weight: 400;\">de los Derechos Humanos- y que la poblaci\u00f3n <\/span><\/p>\n<p><span style=\"font-weight: 400;\">pueda acceder de forma r\u00e1pida, sencilla y gratuita.\u00a0<\/span><\/p>\n<p><span style=\"font-weight: 400;\">Finalmente, el alcalde extendi\u00f3 una invitaci\u00f3n a <\/span><\/p>\n<p><span style=\"font-weight: 400;\">las y los habitantes de Tlaxcala para asistir a estas <\/span><\/p>\n<p><span style=\"font-weight: 400;\">Brigadas que se desarrollan todos los s\u00e1bados en<\/span><\/p>\n<p><span style=\"font-weight: 400;\"> las comunidades y colonias del municipio.\u00a0<\/span><\/p>\n<p><span style=\"font-weight: 400;\">Puntualiz\u00f3 que, durante las pr\u00f3ximas semanas, se<\/span><\/p>\n<p><span style=\"font-weight: 400;\"> atender\u00e1n las nueve comunidades restantes, las<\/span><\/p>\n<p><span style=\"font-weight: 400;\"> siete colonias y la zona centro del municipio, adem\u00e1s<\/span><\/p>\n<p><span style=\"font-weight: 400;\"> se realizar\u00e1 una Feria de Servicios a trav\u00e9s del Sistema DIF Municipal.\u00a0\u00a0<\/span><\/p>\n","protected":false},"excerpt":{"rendered":"<p>\u201cNo vamos a esperar a que el pueblo llegue al Ayuntamiento; nosotros nos acercamos a las comunidades con servicios\u201d, sostiene el presidente de Tlaxcala Capital &nbsp; Con \u00e9xito se desarroll\u00f3 la tercera Brigada de Bienestar Municipal que realiza el Ayuntamiento de Tlaxcala, siendo Santa Mar\u00eda Ixtulco la comunidad hasta donde lleg\u00f3 este s\u00e1bado el tren de servicios con una variada oferta en materia de salud, asesor\u00eda jur\u00eddica y jornadas informativas. Durante la inauguraci\u00f3n, el presidente, Jorge Corichi, enfatiz\u00f3 que los programas de vinculaci\u00f3n entre las instancias municipales y las y los habitantes de la capital, son parte de un proyecto de gobierno cercano a las necesidades de la poblaci\u00f3n. \u201cEs parte de la pol\u00edtica de este gobierno municipal, nos vamos a caracterizar por la cercan\u00eda&hellip;<\/p>\n<p class=\"excerpt-more\"><a class=\"blog-excerpt button\" href=\"https:\/\/www.aliadospuebla.com\/?p=63177\">Leer m\u00e1s&#8230;<\/a><\/p>\n","protected":false},"author":3,"featured_media":63178,"comment_status":"open","ping_status":"open","sticky":false,"template":"","format":"standard","meta":{"_monsterinsights_skip_tracking":false,"footnotes":""},"categories":[8304],"tags":[171,56,16288,319],"class_list":["post-63177","post","type-post","status-publish","format-standard","has-post-thumbnail","hentry","category-nacional","tag-ayuntamiento","tag-capital","tag-jorge-corichi","tag-tlaxcala"],"yoast_head":"<!-- This site is optimized with the Yoast SEO plugin v28.4 - https:\/\/yoast.com\/product\/yoast-seo-wordpress\/ -->\n<title>Un gobierno de cercan\u00eda ciudadana, prioridad de Jorge Corichi - AliadosPuebla<\/title>\n<meta name=\"robots\" content=\"index, follow, max-snippet:-1, max-image-preview:large, max-video-preview:-1\" \/>\n<link rel=\"canonical\" href=\"https:\/\/www.aliadospuebla.com\/?p=63177\" \/>\n<meta property=\"og:locale\" content=\"es_ES\" \/>\n<meta property=\"og:type\" content=\"article\" \/>\n<meta property=\"og:title\" content=\"Un gobierno de cercan\u00eda ciudadana, prioridad de Jorge Corichi - AliadosPuebla\" \/>\n<meta property=\"og:description\" content=\"\u201cNo vamos a esperar a que el pueblo llegue al Ayuntamiento; nosotros nos acercamos a las comunidades con servicios\u201d, sostiene el presidente de Tlaxcala Capital &nbsp; Con \u00e9xito se desarroll\u00f3 la tercera Brigada de Bienestar Municipal que realiza el Ayuntamiento de Tlaxcala, siendo Santa Mar\u00eda Ixtulco la comunidad hasta donde lleg\u00f3 este s\u00e1bado el tren de servicios con una variada oferta en materia de salud, asesor\u00eda jur\u00eddica y jornadas informativas. Durante la inauguraci\u00f3n, el presidente, Jorge Corichi, enfatiz\u00f3 que los programas de vinculaci\u00f3n entre las instancias municipales y las y los habitantes de la capital, son parte de un proyecto de gobierno cercano a las necesidades de la poblaci\u00f3n. \u201cEs parte de la pol\u00edtica de este gobierno municipal, nos vamos a caracterizar por la cercan\u00eda&hellip;Leer m\u00e1s...\" \/>\n<meta property=\"og:url\" content=\"https:\/\/www.aliadospuebla.com\/?p=63177\" \/>\n<meta property=\"og:site_name\" content=\"AliadosPuebla\" \/>\n<meta property=\"article:published_time\" content=\"2021-10-10T14:26:04+00:00\" \/>\n<meta property=\"article:modified_time\" content=\"2021-10-10T14:29:50+00:00\" \/>\n<meta property=\"og:image\" content=\"https:\/\/www.aliadospuebla.com\/web2017\/wp-content\/uploads\/2021\/10\/tlax2.jpg\" \/>\n\t<meta property=\"og:image:width\" content=\"600\" \/>\n\t<meta property=\"og:image:height\" content=\"450\" \/>\n\t<meta property=\"og:image:type\" content=\"image\/jpeg\" \/>\n<meta name=\"author\" content=\"Aliados Videos\" \/>\n<meta name=\"twitter:card\" content=\"summary_large_image\" \/>\n<meta name=\"twitter:label1\" content=\"Escrito por\" \/>\n\t<meta name=\"twitter:data1\" content=\"Aliados Videos\" \/>\n\t<meta name=\"twitter:label2\" content=\"Tiempo de lectura\" \/>\n\t<meta name=\"twitter:data2\" content=\"2 minutos\" \/>\n<script type=\"application\/ld+json\" class=\"yoast-schema-graph\">{\"@context\":\"https:\\\/\\\/schema.org\",\"@graph\":[{\"@type\":\"Article\",\"@id\":\"https:\\\/\\\/www.aliadospuebla.com\\\/?p=63177#article\",\"isPartOf\":{\"@id\":\"https:\\\/\\\/www.aliadospuebla.com\\\/?p=63177\"},\"author\":{\"name\":\"Aliados Videos\",\"@id\":\"https:\\\/\\\/www.aliadospuebla.com\\\/#\\\/schema\\\/person\\\/0fd017f23cc5c3f7988d5d58850eec8e\"},\"headline\":\"Un gobierno de cercan\u00eda ciudadana, prioridad de Jorge Corichi\",\"datePublished\":\"2021-10-10T14:26:04+00:00\",\"dateModified\":\"2021-10-10T14:29:50+00:00\",\"mainEntityOfPage\":{\"@id\":\"https:\\\/\\\/www.aliadospuebla.com\\\/?p=63177\"},\"wordCount\":307,\"commentCount\":0,\"image\":{\"@id\":\"https:\\\/\\\/www.aliadospuebla.com\\\/?p=63177#primaryimage\"},\"thumbnailUrl\":\"https:\\\/\\\/www.aliadospuebla.com\\\/web2017\\\/wp-content\\\/uploads\\\/2021\\\/10\\\/tlax2.jpg\",\"keywords\":[\"Ayuntamiento\",\"capital\",\"JORGE CORICHI\",\"TLAXCALA\"],\"articleSection\":[\"Nacional\"],\"inLanguage\":\"es\",\"potentialAction\":[{\"@type\":\"CommentAction\",\"name\":\"Comment\",\"target\":[\"https:\\\/\\\/www.aliadospuebla.com\\\/?p=63177#respond\"]}]},{\"@type\":\"WebPage\",\"@id\":\"https:\\\/\\\/www.aliadospuebla.com\\\/?p=63177\",\"url\":\"https:\\\/\\\/www.aliadospuebla.com\\\/?p=63177\",\"name\":\"Un gobierno de cercan\u00eda ciudadana, prioridad de Jorge Corichi - AliadosPuebla\",\"isPartOf\":{\"@id\":\"https:\\\/\\\/www.aliadospuebla.com\\\/#website\"},\"primaryImageOfPage\":{\"@id\":\"https:\\\/\\\/www.aliadospuebla.com\\\/?p=63177#primaryimage\"},\"image\":{\"@id\":\"https:\\\/\\\/www.aliadospuebla.com\\\/?p=63177#primaryimage\"},\"thumbnailUrl\":\"https:\\\/\\\/www.aliadospuebla.com\\\/web2017\\\/wp-content\\\/uploads\\\/2021\\\/10\\\/tlax2.jpg\",\"datePublished\":\"2021-10-10T14:26:04+00:00\",\"dateModified\":\"2021-10-10T14:29:50+00:00\",\"author\":{\"@id\":\"https:\\\/\\\/www.aliadospuebla.com\\\/#\\\/schema\\\/person\\\/0fd017f23cc5c3f7988d5d58850eec8e\"},\"breadcrumb\":{\"@id\":\"https:\\\/\\\/www.aliadospuebla.com\\\/?p=63177#breadcrumb\"},\"inLanguage\":\"es\",\"potentialAction\":[{\"@type\":\"ReadAction\",\"target\":[\"https:\\\/\\\/www.aliadospuebla.com\\\/?p=63177\"]}]},{\"@type\":\"ImageObject\",\"inLanguage\":\"es\",\"@id\":\"https:\\\/\\\/www.aliadospuebla.com\\\/?p=63177#primaryimage\",\"url\":\"https:\\\/\\\/www.aliadospuebla.com\\\/web2017\\\/wp-content\\\/uploads\\\/2021\\\/10\\\/tlax2.jpg\",\"contentUrl\":\"https:\\\/\\\/www.aliadospuebla.com\\\/web2017\\\/wp-content\\\/uploads\\\/2021\\\/10\\\/tlax2.jpg\",\"width\":600,\"height\":450},{\"@type\":\"BreadcrumbList\",\"@id\":\"https:\\\/\\\/www.aliadospuebla.com\\\/?p=63177#breadcrumb\",\"itemListElement\":[{\"@type\":\"ListItem\",\"position\":1,\"name\":\"Portada\",\"item\":\"https:\\\/\\\/www.aliadospuebla.com\\\/\"},{\"@type\":\"ListItem\",\"position\":2,\"name\":\"Un gobierno de cercan\u00eda ciudadana, prioridad de Jorge Corichi\"}]},{\"@type\":\"WebSite\",\"@id\":\"https:\\\/\\\/www.aliadospuebla.com\\\/#website\",\"url\":\"https:\\\/\\\/www.aliadospuebla.com\\\/\",\"name\":\"AliadosPuebla\",\"description\":\"La informaci\u00f3n en tus manos\",\"potentialAction\":[{\"@type\":\"SearchAction\",\"target\":{\"@type\":\"EntryPoint\",\"urlTemplate\":\"https:\\\/\\\/www.aliadospuebla.com\\\/?s={search_term_string}\"},\"query-input\":{\"@type\":\"PropertyValueSpecification\",\"valueRequired\":true,\"valueName\":\"search_term_string\"}}],\"inLanguage\":\"es\"},{\"@type\":\"Person\",\"@id\":\"https:\\\/\\\/www.aliadospuebla.com\\\/#\\\/schema\\\/person\\\/0fd017f23cc5c3f7988d5d58850eec8e\",\"name\":\"Aliados Videos\",\"image\":{\"@type\":\"ImageObject\",\"inLanguage\":\"es\",\"@id\":\"https:\\\/\\\/secure.gravatar.com\\\/avatar\\\/42b92de8b2d8339e1e824f3a73ab023a0bec0ee2e3920248085eb1f3160b4083?s=96&d=mm&r=g\",\"url\":\"https:\\\/\\\/secure.gravatar.com\\\/avatar\\\/42b92de8b2d8339e1e824f3a73ab023a0bec0ee2e3920248085eb1f3160b4083?s=96&d=mm&r=g\",\"contentUrl\":\"https:\\\/\\\/secure.gravatar.com\\\/avatar\\\/42b92de8b2d8339e1e824f3a73ab023a0bec0ee2e3920248085eb1f3160b4083?s=96&d=mm&r=g\",\"caption\":\"Aliados Videos\"},\"url\":\"https:\\\/\\\/www.aliadospuebla.com\\\/?author=3\"}]}<\/script>\n<!-- \/ Yoast SEO plugin. -->","yoast_head_json":{"title":"Un gobierno de cercan\u00eda ciudadana, prioridad de Jorge Corichi - AliadosPuebla","robots":{"index":"index","follow":"follow","max-snippet":"max-snippet:-1","max-image-preview":"max-image-preview:large","max-video-preview":"max-video-preview:-1"},"canonical":"https:\/\/www.aliadospuebla.com\/?p=63177","og_locale":"es_ES","og_type":"article","og_title":"Un gobierno de cercan\u00eda ciudadana, prioridad de Jorge Corichi - AliadosPuebla","og_description":"\u201cNo vamos a esperar a que el pueblo llegue al Ayuntamiento; nosotros nos acercamos a las comunidades con servicios\u201d, sostiene el presidente de Tlaxcala Capital &nbsp; Con \u00e9xito se desarroll\u00f3 la tercera Brigada de Bienestar Municipal que realiza el Ayuntamiento de Tlaxcala, siendo Santa Mar\u00eda Ixtulco la comunidad hasta donde lleg\u00f3 este s\u00e1bado el tren de servicios con una variada oferta en materia de salud, asesor\u00eda jur\u00eddica y jornadas informativas. Durante la inauguraci\u00f3n, el presidente, Jorge Corichi, enfatiz\u00f3 que los programas de vinculaci\u00f3n entre las instancias municipales y las y los habitantes de la capital, son parte de un proyecto de gobierno cercano a las necesidades de la poblaci\u00f3n. \u201cEs parte de la pol\u00edtica de este gobierno municipal, nos vamos a caracterizar por la cercan\u00eda&hellip;Leer m\u00e1s...","og_url":"https:\/\/www.aliadospuebla.com\/?p=63177","og_site_name":"AliadosPuebla","article_published_time":"2021-10-10T14:26:04+00:00","article_modified_time":"2021-10-10T14:29:50+00:00","og_image":[{"width":600,"height":450,"url":"https:\/\/www.aliadospuebla.com\/web2017\/wp-content\/uploads\/2021\/10\/tlax2.jpg","type":"image\/jpeg"}],"author":"Aliados Videos","twitter_card":"summary_large_image","twitter_misc":{"Escrito por":"Aliados Videos","Tiempo de lectura":"2 minutos"},"schema":{"@context":"https:\/\/schema.org","@graph":[{"@type":"Article","@id":"https:\/\/www.aliadospuebla.com\/?p=63177#article","isPartOf":{"@id":"https:\/\/www.aliadospuebla.com\/?p=63177"},"author":{"name":"Aliados Videos","@id":"https:\/\/www.aliadospuebla.com\/#\/schema\/person\/0fd017f23cc5c3f7988d5d58850eec8e"},"headline":"Un gobierno de cercan\u00eda ciudadana, prioridad de Jorge Corichi","datePublished":"2021-10-10T14:26:04+00:00","dateModified":"2021-10-10T14:29:50+00:00","mainEntityOfPage":{"@id":"https:\/\/www.aliadospuebla.com\/?p=63177"},"wordCount":307,"commentCount":0,"image":{"@id":"https:\/\/www.aliadospuebla.com\/?p=63177#primaryimage"},"thumbnailUrl":"https:\/\/www.aliadospuebla.com\/web2017\/wp-content\/uploads\/2021\/10\/tlax2.jpg","keywords":["Ayuntamiento","capital","JORGE CORICHI","TLAXCALA"],"articleSection":["Nacional"],"inLanguage":"es","potentialAction":[{"@type":"CommentAction","name":"Comment","target":["https:\/\/www.aliadospuebla.com\/?p=63177#respond"]}]},{"@type":"WebPage","@id":"https:\/\/www.aliadospuebla.com\/?p=63177","url":"https:\/\/www.aliadospuebla.com\/?p=63177","name":"Un gobierno de cercan\u00eda ciudadana, prioridad de Jorge Corichi - AliadosPuebla","isPartOf":{"@id":"https:\/\/www.aliadospuebla.com\/#website"},"primaryImageOfPage":{"@id":"https:\/\/www.aliadospuebla.com\/?p=63177#primaryimage"},"image":{"@id":"https:\/\/www.aliadospuebla.com\/?p=63177#primaryimage"},"thumbnailUrl":"https:\/\/www.aliadospuebla.com\/web2017\/wp-content\/uploads\/2021\/10\/tlax2.jpg","datePublished":"2021-10-10T14:26:04+00:00","dateModified":"2021-10-10T14:29:50+00:00","author":{"@id":"https:\/\/www.aliadospuebla.com\/#\/schema\/person\/0fd017f23cc5c3f7988d5d58850eec8e"},"breadcrumb":{"@id":"https:\/\/www.aliadospuebla.com\/?p=63177#breadcrumb"},"inLanguage":"es","potentialAction":[{"@type":"ReadAction","target":["https:\/\/www.aliadospuebla.com\/?p=63177"]}]},{"@type":"ImageObject","inLanguage":"es","@id":"https:\/\/www.aliadospuebla.com\/?p=63177#primaryimage","url":"https:\/\/www.aliadospuebla.com\/web2017\/wp-content\/uploads\/2021\/10\/tlax2.jpg","contentUrl":"https:\/\/www.aliadospuebla.com\/web2017\/wp-content\/uploads\/2021\/10\/tlax2.jpg","width":600,"height":450},{"@type":"BreadcrumbList","@id":"https:\/\/www.aliadospuebla.com\/?p=63177#breadcrumb","itemListElement":[{"@type":"ListItem","position":1,"name":"Portada","item":"https:\/\/www.aliadospuebla.com\/"},{"@type":"ListItem","position":2,"name":"Un gobierno de cercan\u00eda ciudadana, prioridad de Jorge Corichi"}]},{"@type":"WebSite","@id":"https:\/\/www.aliadospuebla.com\/#website","url":"https:\/\/www.aliadospuebla.com\/","name":"AliadosPuebla","description":"La informaci\u00f3n en tus manos","potentialAction":[{"@type":"SearchAction","target":{"@type":"EntryPoint","urlTemplate":"https:\/\/www.aliadospuebla.com\/?s={search_term_string}"},"query-input":{"@type":"PropertyValueSpecification","valueRequired":true,"valueName":"search_term_string"}}],"inLanguage":"es"},{"@type":"Person","@id":"https:\/\/www.aliadospuebla.com\/#\/schema\/person\/0fd017f23cc5c3f7988d5d58850eec8e","name":"Aliados Videos","image":{"@type":"ImageObject","inLanguage":"es","@id":"https:\/\/secure.gravatar.com\/avatar\/42b92de8b2d8339e1e824f3a73ab023a0bec0ee2e3920248085eb1f3160b4083?s=96&d=mm&r=g","url":"https:\/\/secure.gravatar.com\/avatar\/42b92de8b2d8339e1e824f3a73ab023a0bec0ee2e3920248085eb1f3160b4083?s=96&d=mm&r=g","contentUrl":"https:\/\/secure.gravatar.com\/avatar\/42b92de8b2d8339e1e824f3a73ab023a0bec0ee2e3920248085eb1f3160b4083?s=96&d=mm&r=g","caption":"Aliados Videos"},"url":"https:\/\/www.aliadospuebla.com\/?author=3"}]}},"views":11,"_links":{"self":[{"href":"https:\/\/www.aliadospuebla.com\/index.php?rest_route=\/wp\/v2\/posts\/63177","targetHints":{"allow":["GET"]}}],"collection":[{"href":"https:\/\/www.aliadospuebla.com\/index.php?rest_route=\/wp\/v2\/posts"}],"about":[{"href":"https:\/\/www.aliadospuebla.com\/index.php?rest_route=\/wp\/v2\/types\/post"}],"author":[{"embeddable":true,"href":"https:\/\/www.aliadospuebla.com\/index.php?rest_route=\/wp\/v2\/users\/3"}],"replies":[{"embeddable":true,"href":"https:\/\/www.aliadospuebla.com\/index.php?rest_route=%2Fwp%2Fv2%2Fcomments&post=63177"}],"version-history":[{"count":2,"href":"https:\/\/www.aliadospuebla.com\/index.php?rest_route=\/wp\/v2\/posts\/63177\/revisions"}],"predecessor-version":[{"id":63183,"href":"https:\/\/www.aliadospuebla.com\/index.php?rest_route=\/wp\/v2\/posts\/63177\/revisions\/63183"}],"wp:featuredmedia":[{"embeddable":true,"href":"https:\/\/www.aliadospuebla.com\/index.php?rest_route=\/wp\/v2\/media\/63178"}],"wp:attachment":[{"href":"https:\/\/www.aliadospuebla.com\/index.php?rest_route=%2Fwp%2Fv2%2Fmedia&parent=63177"}],"wp:term":[{"taxonomy":"category","embeddable":true,"href":"https:\/\/www.aliadospuebla.com\/index.php?rest_route=%2Fwp%2Fv2%2Fcategories&post=63177"},{"taxonomy":"post_tag","embeddable":true,"href":"https:\/\/www.aliadospuebla.com\/index.php?rest_route=%2Fwp%2Fv2%2Ftags&post=63177"}],"curies":[{"name":"wp","href":"https:\/\/api.w.org\/{rel}","templated":true}]}}