{"id":62884,"date":"2021-10-01T20:03:23","date_gmt":"2021-10-02T01:03:23","guid":{"rendered":"https:\/\/www.aliados17.com\/?p=62884"},"modified":"2021-10-01T20:03:23","modified_gmt":"2021-10-02T01:03:23","slug":"sedeco-firmo-convenio-de-colaboracion-con-la-uptx-utt-y-el-icatlax","status":"publish","type":"post","link":"https:\/\/www.aliadospuebla.com\/?p=62884","title":{"rendered":"SEDECO FIRM\u00d3 CONVENIO DE COLABORACI\u00d3N CON LA UPTx, UTT Y EL ICATLAX"},"content":{"rendered":"<p>* El objetivo de este acuerdo es detonar el desarrollo econ\u00f3mico del estado y la regi\u00f3n.<\/p>\n<p>La Secretar\u00eda de Desarrollo Econ\u00f3mico (Sedeco),<\/p>\n<p>sign\u00f3 convenios de colaboraci\u00f3n con las Universidades<\/p>\n<p>Polit\u00e9cnica de Tlaxcala (UPTx) y Tecnol\u00f3gica de<\/p>\n<p>Tlaxcala (UTT), adem\u00e1s del Instituto de<\/p>\n<p>Capacitaci\u00f3n para el Estado de Tlaxcala<\/p>\n<p>(Icatlax), para desarrollar en conjunto acciones<\/p>\n<p>y proyectos en el \u00e1rea acad\u00e9mica, cient\u00edfica,<\/p>\n<p>de investigaci\u00f3n, capacitaci\u00f3n y difusi\u00f3n de la cultura.<\/p>\n<p>En atenci\u00f3n a la pol\u00edtica de desarrollo<\/p>\n<p>econ\u00f3mico de la gobernadora Lorena<\/p>\n<p>Cu\u00e9llar Cisneros para fomentar la competitividad,<\/p>\n<p>la inversi\u00f3n y el empleo, el titular de la Sedeco,<\/p>\n<p>Javier Marroqu\u00edn Calder\u00f3n detall\u00f3 que,<\/p>\n<p>con la firma del documento, los rectores Enrique<\/p>\n<p>Padilla S\u00e1nchez, Marco Antonio Castillo<\/p>\n<p>Hern\u00e1ndez y el director del Instituto,<\/p>\n<p>Ignacio L\u00f3pez S\u00e1nchez, pactaron con la<\/p>\n<p>dependencia aprovechar los recursos humanos,<\/p>\n<p>materiales y financieros con los que<\/p>\n<p>cuentan para impartir cursos de actualizaci\u00f3n,<\/p>\n<p>especializaci\u00f3n y posgrado al personal<\/p>\n<p>de las empresas asentadas en la entidad.<\/p>\n<p>Tambi\u00e9n para promover la movilidad estudiantil<\/p>\n<p>y la vinculaci\u00f3n de los egresados de las<\/p>\n<p>Universidades a la industria; fomentar la<\/p>\n<p>cooperaci\u00f3n tecnol\u00f3gica y de innovaci\u00f3n, entre otras.<\/p>\n<p>\u201cEsto nos va ayudar a promover el<\/p>\n<p>fortalecimiento de los recursos humanos de Tlaxcala<\/p>\n<p>que juegan un papel cada vez m\u00e1s<\/p>\n<p>importante y es por ello que buscamos<\/p>\n<p>brindar capacitaciones para atender las<\/p>\n<p>necesidades de la poblaci\u00f3n. El tema que hoy<\/p>\n<p>nos re\u00fane tiene gran relevancia para el estado ya<\/p>\n<p>que podemos aprovechar nuestras fortalezas<\/p>\n<p>para enfrentar los retos del presente y<\/p>\n<p>el futuro\u201d, destac\u00f3 Marroqu\u00edn Calder\u00f3n.<\/p>\n<p>Las autoridades acad\u00e9micas y el titular<\/p>\n<p>del Icatlax, coincidieron en la importancia<\/p>\n<p>de atender la demanda y las necesidades de<\/p>\n<p>la industria a trav\u00e9s de la generaci\u00f3n de mano<\/p>\n<p>de obra calificada que cuenten con los<\/p>\n<p>conocimientos y destrezas en las nuevas tecnolog\u00edas.<\/p>\n<p>Confiaron que, con este acuerdo, se genere<\/p>\n<p>un mayor n\u00famero de oportunidades laborales<\/p>\n<p>para las y los tlaxcaltecas lo que impactar\u00e1<\/p>\n<p>positivamente en la econom\u00eda de las familias<\/p>\n<p>de los 60 municipios del estado.<\/p>\n","protected":false},"excerpt":{"rendered":"<p>* El objetivo de este acuerdo es detonar el desarrollo econ\u00f3mico del estado y la regi\u00f3n. La Secretar\u00eda de Desarrollo Econ\u00f3mico (Sedeco), sign\u00f3 convenios de colaboraci\u00f3n con las Universidades Polit\u00e9cnica de Tlaxcala (UPTx) y Tecnol\u00f3gica de Tlaxcala (UTT), adem\u00e1s del Instituto de Capacitaci\u00f3n para el Estado de Tlaxcala (Icatlax), para desarrollar en conjunto acciones y proyectos en el \u00e1rea acad\u00e9mica, cient\u00edfica, de investigaci\u00f3n, capacitaci\u00f3n y difusi\u00f3n de la cultura. En atenci\u00f3n a la pol\u00edtica de desarrollo econ\u00f3mico de la gobernadora Lorena Cu\u00e9llar Cisneros para fomentar la competitividad, la inversi\u00f3n y el empleo, el titular de la Sedeco, Javier Marroqu\u00edn Calder\u00f3n detall\u00f3 que, con la firma del documento, los rectores Enrique Padilla S\u00e1nchez, Marco Antonio Castillo Hern\u00e1ndez y el director del Instituto, Ignacio L\u00f3pez S\u00e1nchez, pactaron&hellip;<\/p>\n<p class=\"excerpt-more\"><a class=\"blog-excerpt button\" href=\"https:\/\/www.aliadospuebla.com\/?p=62884\">Leer m\u00e1s&#8230;<\/a><\/p>\n","protected":false},"author":3,"featured_media":62885,"comment_status":"open","ping_status":"open","sticky":false,"template":"","format":"standard","meta":{"_monsterinsights_skip_tracking":false,"footnotes":""},"categories":[8304],"tags":[],"class_list":["post-62884","post","type-post","status-publish","format-standard","has-post-thumbnail","hentry","category-nacional"],"yoast_head":"<!-- This site is optimized with the Yoast SEO plugin v28.4 - https:\/\/yoast.com\/product\/yoast-seo-wordpress\/ -->\n<title>SEDECO FIRM\u00d3 CONVENIO DE COLABORACI\u00d3N CON LA UPTx, UTT Y EL ICATLAX - AliadosPuebla<\/title>\n<meta name=\"robots\" content=\"index, follow, max-snippet:-1, max-image-preview:large, max-video-preview:-1\" \/>\n<link rel=\"canonical\" href=\"https:\/\/www.aliadospuebla.com\/?p=62884\" \/>\n<meta property=\"og:locale\" content=\"es_ES\" \/>\n<meta property=\"og:type\" content=\"article\" \/>\n<meta property=\"og:title\" content=\"SEDECO FIRM\u00d3 CONVENIO DE COLABORACI\u00d3N CON LA UPTx, UTT Y EL ICATLAX - AliadosPuebla\" \/>\n<meta property=\"og:description\" content=\"* El objetivo de este acuerdo es detonar el desarrollo econ\u00f3mico del estado y la regi\u00f3n. La Secretar\u00eda de Desarrollo Econ\u00f3mico (Sedeco), sign\u00f3 convenios de colaboraci\u00f3n con las Universidades Polit\u00e9cnica de Tlaxcala (UPTx) y Tecnol\u00f3gica de Tlaxcala (UTT), adem\u00e1s del Instituto de Capacitaci\u00f3n para el Estado de Tlaxcala (Icatlax), para desarrollar en conjunto acciones y proyectos en el \u00e1rea acad\u00e9mica, cient\u00edfica, de investigaci\u00f3n, capacitaci\u00f3n y difusi\u00f3n de la cultura. En atenci\u00f3n a la pol\u00edtica de desarrollo econ\u00f3mico de la gobernadora Lorena Cu\u00e9llar Cisneros para fomentar la competitividad, la inversi\u00f3n y el empleo, el titular de la Sedeco, Javier Marroqu\u00edn Calder\u00f3n detall\u00f3 que, con la firma del documento, los rectores Enrique Padilla S\u00e1nchez, Marco Antonio Castillo Hern\u00e1ndez y el director del Instituto, Ignacio L\u00f3pez S\u00e1nchez, pactaron&hellip;Leer m\u00e1s...\" \/>\n<meta property=\"og:url\" content=\"https:\/\/www.aliadospuebla.com\/?p=62884\" \/>\n<meta property=\"og:site_name\" content=\"AliadosPuebla\" \/>\n<meta property=\"article:published_time\" content=\"2021-10-02T01:03:23+00:00\" \/>\n<meta property=\"og:image\" content=\"https:\/\/www.aliadospuebla.com\/web2017\/wp-content\/uploads\/2021\/10\/tlax-4.jpg\" \/>\n\t<meta property=\"og:image:width\" content=\"600\" \/>\n\t<meta property=\"og:image:height\" content=\"450\" \/>\n\t<meta property=\"og:image:type\" content=\"image\/jpeg\" \/>\n<meta name=\"author\" content=\"Aliados Videos\" \/>\n<meta name=\"twitter:card\" content=\"summary_large_image\" \/>\n<meta name=\"twitter:label1\" content=\"Escrito por\" \/>\n\t<meta name=\"twitter:data1\" content=\"Aliados Videos\" \/>\n\t<meta name=\"twitter:label2\" content=\"Tiempo de lectura\" \/>\n\t<meta name=\"twitter:data2\" content=\"2 minutos\" \/>\n<script type=\"application\/ld+json\" class=\"yoast-schema-graph\">{\"@context\":\"https:\\\/\\\/schema.org\",\"@graph\":[{\"@type\":\"Article\",\"@id\":\"https:\\\/\\\/www.aliadospuebla.com\\\/?p=62884#article\",\"isPartOf\":{\"@id\":\"https:\\\/\\\/www.aliadospuebla.com\\\/?p=62884\"},\"author\":{\"name\":\"Aliados Videos\",\"@id\":\"https:\\\/\\\/www.aliadospuebla.com\\\/#\\\/schema\\\/person\\\/0fd017f23cc5c3f7988d5d58850eec8e\"},\"headline\":\"SEDECO FIRM\u00d3 CONVENIO DE COLABORACI\u00d3N CON LA UPTx, UTT Y EL ICATLAX\",\"datePublished\":\"2021-10-02T01:03:23+00:00\",\"mainEntityOfPage\":{\"@id\":\"https:\\\/\\\/www.aliadospuebla.com\\\/?p=62884\"},\"wordCount\":381,\"commentCount\":0,\"image\":{\"@id\":\"https:\\\/\\\/www.aliadospuebla.com\\\/?p=62884#primaryimage\"},\"thumbnailUrl\":\"https:\\\/\\\/www.aliadospuebla.com\\\/web2017\\\/wp-content\\\/uploads\\\/2021\\\/10\\\/tlax-4.jpg\",\"articleSection\":[\"Nacional\"],\"inLanguage\":\"es\",\"potentialAction\":[{\"@type\":\"CommentAction\",\"name\":\"Comment\",\"target\":[\"https:\\\/\\\/www.aliadospuebla.com\\\/?p=62884#respond\"]}]},{\"@type\":\"WebPage\",\"@id\":\"https:\\\/\\\/www.aliadospuebla.com\\\/?p=62884\",\"url\":\"https:\\\/\\\/www.aliadospuebla.com\\\/?p=62884\",\"name\":\"SEDECO FIRM\u00d3 CONVENIO DE COLABORACI\u00d3N CON LA UPTx, UTT Y EL ICATLAX - AliadosPuebla\",\"isPartOf\":{\"@id\":\"https:\\\/\\\/www.aliadospuebla.com\\\/#website\"},\"primaryImageOfPage\":{\"@id\":\"https:\\\/\\\/www.aliadospuebla.com\\\/?p=62884#primaryimage\"},\"image\":{\"@id\":\"https:\\\/\\\/www.aliadospuebla.com\\\/?p=62884#primaryimage\"},\"thumbnailUrl\":\"https:\\\/\\\/www.aliadospuebla.com\\\/web2017\\\/wp-content\\\/uploads\\\/2021\\\/10\\\/tlax-4.jpg\",\"datePublished\":\"2021-10-02T01:03:23+00:00\",\"author\":{\"@id\":\"https:\\\/\\\/www.aliadospuebla.com\\\/#\\\/schema\\\/person\\\/0fd017f23cc5c3f7988d5d58850eec8e\"},\"breadcrumb\":{\"@id\":\"https:\\\/\\\/www.aliadospuebla.com\\\/?p=62884#breadcrumb\"},\"inLanguage\":\"es\",\"potentialAction\":[{\"@type\":\"ReadAction\",\"target\":[\"https:\\\/\\\/www.aliadospuebla.com\\\/?p=62884\"]}]},{\"@type\":\"ImageObject\",\"inLanguage\":\"es\",\"@id\":\"https:\\\/\\\/www.aliadospuebla.com\\\/?p=62884#primaryimage\",\"url\":\"https:\\\/\\\/www.aliadospuebla.com\\\/web2017\\\/wp-content\\\/uploads\\\/2021\\\/10\\\/tlax-4.jpg\",\"contentUrl\":\"https:\\\/\\\/www.aliadospuebla.com\\\/web2017\\\/wp-content\\\/uploads\\\/2021\\\/10\\\/tlax-4.jpg\",\"width\":600,\"height\":450},{\"@type\":\"BreadcrumbList\",\"@id\":\"https:\\\/\\\/www.aliadospuebla.com\\\/?p=62884#breadcrumb\",\"itemListElement\":[{\"@type\":\"ListItem\",\"position\":1,\"name\":\"Portada\",\"item\":\"https:\\\/\\\/www.aliadospuebla.com\\\/\"},{\"@type\":\"ListItem\",\"position\":2,\"name\":\"SEDECO FIRM\u00d3 CONVENIO DE COLABORACI\u00d3N CON LA UPTx, UTT Y EL ICATLAX\"}]},{\"@type\":\"WebSite\",\"@id\":\"https:\\\/\\\/www.aliadospuebla.com\\\/#website\",\"url\":\"https:\\\/\\\/www.aliadospuebla.com\\\/\",\"name\":\"AliadosPuebla\",\"description\":\"La informaci\u00f3n en tus manos\",\"potentialAction\":[{\"@type\":\"SearchAction\",\"target\":{\"@type\":\"EntryPoint\",\"urlTemplate\":\"https:\\\/\\\/www.aliadospuebla.com\\\/?s={search_term_string}\"},\"query-input\":{\"@type\":\"PropertyValueSpecification\",\"valueRequired\":true,\"valueName\":\"search_term_string\"}}],\"inLanguage\":\"es\"},{\"@type\":\"Person\",\"@id\":\"https:\\\/\\\/www.aliadospuebla.com\\\/#\\\/schema\\\/person\\\/0fd017f23cc5c3f7988d5d58850eec8e\",\"name\":\"Aliados Videos\",\"image\":{\"@type\":\"ImageObject\",\"inLanguage\":\"es\",\"@id\":\"https:\\\/\\\/secure.gravatar.com\\\/avatar\\\/42b92de8b2d8339e1e824f3a73ab023a0bec0ee2e3920248085eb1f3160b4083?s=96&d=mm&r=g\",\"url\":\"https:\\\/\\\/secure.gravatar.com\\\/avatar\\\/42b92de8b2d8339e1e824f3a73ab023a0bec0ee2e3920248085eb1f3160b4083?s=96&d=mm&r=g\",\"contentUrl\":\"https:\\\/\\\/secure.gravatar.com\\\/avatar\\\/42b92de8b2d8339e1e824f3a73ab023a0bec0ee2e3920248085eb1f3160b4083?s=96&d=mm&r=g\",\"caption\":\"Aliados Videos\"},\"url\":\"https:\\\/\\\/www.aliadospuebla.com\\\/?author=3\"}]}<\/script>\n<!-- \/ Yoast SEO plugin. -->","yoast_head_json":{"title":"SEDECO FIRM\u00d3 CONVENIO DE COLABORACI\u00d3N CON LA UPTx, UTT Y EL ICATLAX - AliadosPuebla","robots":{"index":"index","follow":"follow","max-snippet":"max-snippet:-1","max-image-preview":"max-image-preview:large","max-video-preview":"max-video-preview:-1"},"canonical":"https:\/\/www.aliadospuebla.com\/?p=62884","og_locale":"es_ES","og_type":"article","og_title":"SEDECO FIRM\u00d3 CONVENIO DE COLABORACI\u00d3N CON LA UPTx, UTT Y EL ICATLAX - AliadosPuebla","og_description":"* El objetivo de este acuerdo es detonar el desarrollo econ\u00f3mico del estado y la regi\u00f3n. La Secretar\u00eda de Desarrollo Econ\u00f3mico (Sedeco), sign\u00f3 convenios de colaboraci\u00f3n con las Universidades Polit\u00e9cnica de Tlaxcala (UPTx) y Tecnol\u00f3gica de Tlaxcala (UTT), adem\u00e1s del Instituto de Capacitaci\u00f3n para el Estado de Tlaxcala (Icatlax), para desarrollar en conjunto acciones y proyectos en el \u00e1rea acad\u00e9mica, cient\u00edfica, de investigaci\u00f3n, capacitaci\u00f3n y difusi\u00f3n de la cultura. En atenci\u00f3n a la pol\u00edtica de desarrollo econ\u00f3mico de la gobernadora Lorena Cu\u00e9llar Cisneros para fomentar la competitividad, la inversi\u00f3n y el empleo, el titular de la Sedeco, Javier Marroqu\u00edn Calder\u00f3n detall\u00f3 que, con la firma del documento, los rectores Enrique Padilla S\u00e1nchez, Marco Antonio Castillo Hern\u00e1ndez y el director del Instituto, Ignacio L\u00f3pez S\u00e1nchez, pactaron&hellip;Leer m\u00e1s...","og_url":"https:\/\/www.aliadospuebla.com\/?p=62884","og_site_name":"AliadosPuebla","article_published_time":"2021-10-02T01:03:23+00:00","og_image":[{"width":600,"height":450,"url":"https:\/\/www.aliadospuebla.com\/web2017\/wp-content\/uploads\/2021\/10\/tlax-4.jpg","type":"image\/jpeg"}],"author":"Aliados Videos","twitter_card":"summary_large_image","twitter_misc":{"Escrito por":"Aliados Videos","Tiempo de lectura":"2 minutos"},"schema":{"@context":"https:\/\/schema.org","@graph":[{"@type":"Article","@id":"https:\/\/www.aliadospuebla.com\/?p=62884#article","isPartOf":{"@id":"https:\/\/www.aliadospuebla.com\/?p=62884"},"author":{"name":"Aliados Videos","@id":"https:\/\/www.aliadospuebla.com\/#\/schema\/person\/0fd017f23cc5c3f7988d5d58850eec8e"},"headline":"SEDECO FIRM\u00d3 CONVENIO DE COLABORACI\u00d3N CON LA UPTx, UTT Y EL ICATLAX","datePublished":"2021-10-02T01:03:23+00:00","mainEntityOfPage":{"@id":"https:\/\/www.aliadospuebla.com\/?p=62884"},"wordCount":381,"commentCount":0,"image":{"@id":"https:\/\/www.aliadospuebla.com\/?p=62884#primaryimage"},"thumbnailUrl":"https:\/\/www.aliadospuebla.com\/web2017\/wp-content\/uploads\/2021\/10\/tlax-4.jpg","articleSection":["Nacional"],"inLanguage":"es","potentialAction":[{"@type":"CommentAction","name":"Comment","target":["https:\/\/www.aliadospuebla.com\/?p=62884#respond"]}]},{"@type":"WebPage","@id":"https:\/\/www.aliadospuebla.com\/?p=62884","url":"https:\/\/www.aliadospuebla.com\/?p=62884","name":"SEDECO FIRM\u00d3 CONVENIO DE COLABORACI\u00d3N CON LA UPTx, UTT Y EL ICATLAX - AliadosPuebla","isPartOf":{"@id":"https:\/\/www.aliadospuebla.com\/#website"},"primaryImageOfPage":{"@id":"https:\/\/www.aliadospuebla.com\/?p=62884#primaryimage"},"image":{"@id":"https:\/\/www.aliadospuebla.com\/?p=62884#primaryimage"},"thumbnailUrl":"https:\/\/www.aliadospuebla.com\/web2017\/wp-content\/uploads\/2021\/10\/tlax-4.jpg","datePublished":"2021-10-02T01:03:23+00:00","author":{"@id":"https:\/\/www.aliadospuebla.com\/#\/schema\/person\/0fd017f23cc5c3f7988d5d58850eec8e"},"breadcrumb":{"@id":"https:\/\/www.aliadospuebla.com\/?p=62884#breadcrumb"},"inLanguage":"es","potentialAction":[{"@type":"ReadAction","target":["https:\/\/www.aliadospuebla.com\/?p=62884"]}]},{"@type":"ImageObject","inLanguage":"es","@id":"https:\/\/www.aliadospuebla.com\/?p=62884#primaryimage","url":"https:\/\/www.aliadospuebla.com\/web2017\/wp-content\/uploads\/2021\/10\/tlax-4.jpg","contentUrl":"https:\/\/www.aliadospuebla.com\/web2017\/wp-content\/uploads\/2021\/10\/tlax-4.jpg","width":600,"height":450},{"@type":"BreadcrumbList","@id":"https:\/\/www.aliadospuebla.com\/?p=62884#breadcrumb","itemListElement":[{"@type":"ListItem","position":1,"name":"Portada","item":"https:\/\/www.aliadospuebla.com\/"},{"@type":"ListItem","position":2,"name":"SEDECO FIRM\u00d3 CONVENIO DE COLABORACI\u00d3N CON LA UPTx, UTT Y EL ICATLAX"}]},{"@type":"WebSite","@id":"https:\/\/www.aliadospuebla.com\/#website","url":"https:\/\/www.aliadospuebla.com\/","name":"AliadosPuebla","description":"La informaci\u00f3n en tus manos","potentialAction":[{"@type":"SearchAction","target":{"@type":"EntryPoint","urlTemplate":"https:\/\/www.aliadospuebla.com\/?s={search_term_string}"},"query-input":{"@type":"PropertyValueSpecification","valueRequired":true,"valueName":"search_term_string"}}],"inLanguage":"es"},{"@type":"Person","@id":"https:\/\/www.aliadospuebla.com\/#\/schema\/person\/0fd017f23cc5c3f7988d5d58850eec8e","name":"Aliados Videos","image":{"@type":"ImageObject","inLanguage":"es","@id":"https:\/\/secure.gravatar.com\/avatar\/42b92de8b2d8339e1e824f3a73ab023a0bec0ee2e3920248085eb1f3160b4083?s=96&d=mm&r=g","url":"https:\/\/secure.gravatar.com\/avatar\/42b92de8b2d8339e1e824f3a73ab023a0bec0ee2e3920248085eb1f3160b4083?s=96&d=mm&r=g","contentUrl":"https:\/\/secure.gravatar.com\/avatar\/42b92de8b2d8339e1e824f3a73ab023a0bec0ee2e3920248085eb1f3160b4083?s=96&d=mm&r=g","caption":"Aliados Videos"},"url":"https:\/\/www.aliadospuebla.com\/?author=3"}]}},"views":9,"_links":{"self":[{"href":"https:\/\/www.aliadospuebla.com\/index.php?rest_route=\/wp\/v2\/posts\/62884","targetHints":{"allow":["GET"]}}],"collection":[{"href":"https:\/\/www.aliadospuebla.com\/index.php?rest_route=\/wp\/v2\/posts"}],"about":[{"href":"https:\/\/www.aliadospuebla.com\/index.php?rest_route=\/wp\/v2\/types\/post"}],"author":[{"embeddable":true,"href":"https:\/\/www.aliadospuebla.com\/index.php?rest_route=\/wp\/v2\/users\/3"}],"replies":[{"embeddable":true,"href":"https:\/\/www.aliadospuebla.com\/index.php?rest_route=%2Fwp%2Fv2%2Fcomments&post=62884"}],"version-history":[{"count":1,"href":"https:\/\/www.aliadospuebla.com\/index.php?rest_route=\/wp\/v2\/posts\/62884\/revisions"}],"predecessor-version":[{"id":62886,"href":"https:\/\/www.aliadospuebla.com\/index.php?rest_route=\/wp\/v2\/posts\/62884\/revisions\/62886"}],"wp:featuredmedia":[{"embeddable":true,"href":"https:\/\/www.aliadospuebla.com\/index.php?rest_route=\/wp\/v2\/media\/62885"}],"wp:attachment":[{"href":"https:\/\/www.aliadospuebla.com\/index.php?rest_route=%2Fwp%2Fv2%2Fmedia&parent=62884"}],"wp:term":[{"taxonomy":"category","embeddable":true,"href":"https:\/\/www.aliadospuebla.com\/index.php?rest_route=%2Fwp%2Fv2%2Fcategories&post=62884"},{"taxonomy":"post_tag","embeddable":true,"href":"https:\/\/www.aliadospuebla.com\/index.php?rest_route=%2Fwp%2Fv2%2Ftags&post=62884"}],"curies":[{"name":"wp","href":"https:\/\/api.w.org\/{rel}","templated":true}]}}