{"id":62881,"date":"2021-10-01T19:27:54","date_gmt":"2021-10-02T00:27:54","guid":{"rendered":"https:\/\/www.aliados17.com\/?p=62881"},"modified":"2021-10-01T19:27:54","modified_gmt":"2021-10-02T00:27:54","slug":"regidoras-de-tlaxcala-celebran-que-presidentes-de-comunidades-tengan-voz-y-voto-en-el-cabildo","status":"publish","type":"post","link":"https:\/\/www.aliadospuebla.com\/?p=62881","title":{"rendered":"Regidoras de Tlaxcala celebran que presidentes de comunidades tengan voz y voto en el Cabildo."},"content":{"rendered":"<p><span style=\"font-weight: 400;\">La regidora segunda, Adriana del Carmen Hern\u00e1ndez Armas, y la regidora quinta, Zahira Torres Escobar, celebraron que las y los presidentes de las 11 comunidades de la Ciudad de Tlaxcala tengan voz y voto en el Cabildo local.<\/span><\/p>\n<p><span style=\"font-weight: 400;\">Hern\u00e1ndez Armas destac\u00f3 la importancia de que en el Congreso del Estado se est\u00e9 analizando a profundidad el tema y subray\u00f3 que en la v\u00edspera e<\/span><span style=\"font-weight: 400;\">l diputado del Congreso Estatal, Bladimir Zainos Flores dej\u00f3 en claro que los presidentes de comunidad de 57 municipios, entre ellos la capital, tienen derecho a participar con voz y voto en las sesiones de Cabildo.<\/span><\/p>\n<p><span style=\"font-weight: 400;\">\u201cEn lo particular me interesa trabajar a favor del pueblo de Tlaxcala, yo no estoy en el Cabildo para entorpecer sino para dialogar y construir acuerdos, proyectos y planes para engrandecer nuestra capital\u201d, asegur\u00f3 la regidora segunda.<\/span><\/p>\n<p><span style=\"font-weight: 400;\">Por su parte, Torres Escobar se manifest\u00f3 a favor de que se haya aclarado el asunto por parte del legislador Bladimir Zainos. \u201cVeamos hacia adelante; las y los ciudadanos de Tlaxcala nos van a agradecer que trabajemos en su beneficio, esa es la tarea del Cabildo\u201d, finaliz\u00f3.\u00a0 <\/span><span style=\"font-weight: 400;\"><\/p>\n<p><\/span><\/p>\n","protected":false},"excerpt":{"rendered":"<p>La regidora segunda, Adriana del Carmen Hern\u00e1ndez Armas, y la regidora quinta, Zahira Torres Escobar, celebraron que las y los presidentes de las 11 comunidades de la Ciudad de Tlaxcala tengan voz y voto en el Cabildo local. Hern\u00e1ndez Armas destac\u00f3 la importancia de que en el Congreso del Estado se est\u00e9 analizando a profundidad el tema y subray\u00f3 que en la v\u00edspera el diputado del Congreso Estatal, Bladimir Zainos Flores dej\u00f3 en claro que los presidentes de comunidad de 57 municipios, entre ellos la capital, tienen derecho a participar con voz y voto en las sesiones de Cabildo. \u201cEn lo particular me interesa trabajar a favor del pueblo de Tlaxcala, yo no estoy en el Cabildo para entorpecer sino para dialogar y construir acuerdos,&hellip;<\/p>\n<p class=\"excerpt-more\"><a class=\"blog-excerpt button\" href=\"https:\/\/www.aliadospuebla.com\/?p=62881\">Leer m\u00e1s&#8230;<\/a><\/p>\n","protected":false},"author":3,"featured_media":62882,"comment_status":"open","ping_status":"open","sticky":false,"template":"","format":"standard","meta":{"_monsterinsights_skip_tracking":false,"footnotes":""},"categories":[8304],"tags":[171,560,16288,1695,3002,319],"class_list":["post-62881","post","type-post","status-publish","format-standard","has-post-thumbnail","hentry","category-nacional","tag-ayuntamiento","tag-cabildo","tag-jorge-corichi","tag-regidoras","tag-regidores","tag-tlaxcala"],"yoast_head":"<!-- This site is optimized with the Yoast SEO plugin v28.4 - https:\/\/yoast.com\/product\/yoast-seo-wordpress\/ -->\n<title>Regidoras de Tlaxcala celebran que presidentes de comunidades tengan voz y voto en el Cabildo. - AliadosPuebla<\/title>\n<meta name=\"robots\" content=\"index, follow, max-snippet:-1, max-image-preview:large, max-video-preview:-1\" \/>\n<link rel=\"canonical\" href=\"https:\/\/www.aliadospuebla.com\/?p=62881\" \/>\n<meta property=\"og:locale\" content=\"es_ES\" \/>\n<meta property=\"og:type\" content=\"article\" \/>\n<meta property=\"og:title\" content=\"Regidoras de Tlaxcala celebran que presidentes de comunidades tengan voz y voto en el Cabildo. - AliadosPuebla\" \/>\n<meta property=\"og:description\" content=\"La regidora segunda, Adriana del Carmen Hern\u00e1ndez Armas, y la regidora quinta, Zahira Torres Escobar, celebraron que las y los presidentes de las 11 comunidades de la Ciudad de Tlaxcala tengan voz y voto en el Cabildo local. Hern\u00e1ndez Armas destac\u00f3 la importancia de que en el Congreso del Estado se est\u00e9 analizando a profundidad el tema y subray\u00f3 que en la v\u00edspera el diputado del Congreso Estatal, Bladimir Zainos Flores dej\u00f3 en claro que los presidentes de comunidad de 57 municipios, entre ellos la capital, tienen derecho a participar con voz y voto en las sesiones de Cabildo. \u201cEn lo particular me interesa trabajar a favor del pueblo de Tlaxcala, yo no estoy en el Cabildo para entorpecer sino para dialogar y construir acuerdos,&hellip;Leer m\u00e1s...\" \/>\n<meta property=\"og:url\" content=\"https:\/\/www.aliadospuebla.com\/?p=62881\" \/>\n<meta property=\"og:site_name\" content=\"AliadosPuebla\" \/>\n<meta property=\"article:published_time\" content=\"2021-10-02T00:27:54+00:00\" \/>\n<meta property=\"og:image\" content=\"https:\/\/www.aliadospuebla.com\/web2017\/wp-content\/uploads\/2021\/10\/tlax-3.jpg\" \/>\n\t<meta property=\"og:image:width\" content=\"600\" \/>\n\t<meta property=\"og:image:height\" content=\"450\" \/>\n\t<meta property=\"og:image:type\" content=\"image\/jpeg\" \/>\n<meta name=\"author\" content=\"Aliados Videos\" \/>\n<meta name=\"twitter:card\" content=\"summary_large_image\" \/>\n<meta name=\"twitter:label1\" content=\"Escrito por\" \/>\n\t<meta name=\"twitter:data1\" content=\"Aliados Videos\" \/>\n\t<meta name=\"twitter:label2\" content=\"Tiempo de lectura\" \/>\n\t<meta name=\"twitter:data2\" content=\"1 minuto\" \/>\n<script type=\"application\/ld+json\" class=\"yoast-schema-graph\">{\"@context\":\"https:\\\/\\\/schema.org\",\"@graph\":[{\"@type\":\"Article\",\"@id\":\"https:\\\/\\\/www.aliadospuebla.com\\\/?p=62881#article\",\"isPartOf\":{\"@id\":\"https:\\\/\\\/www.aliadospuebla.com\\\/?p=62881\"},\"author\":{\"name\":\"Aliados Videos\",\"@id\":\"https:\\\/\\\/www.aliadospuebla.com\\\/#\\\/schema\\\/person\\\/0fd017f23cc5c3f7988d5d58850eec8e\"},\"headline\":\"Regidoras de Tlaxcala celebran que presidentes de comunidades tengan voz y voto en el Cabildo.\",\"datePublished\":\"2021-10-02T00:27:54+00:00\",\"mainEntityOfPage\":{\"@id\":\"https:\\\/\\\/www.aliadospuebla.com\\\/?p=62881\"},\"wordCount\":200,\"commentCount\":0,\"image\":{\"@id\":\"https:\\\/\\\/www.aliadospuebla.com\\\/?p=62881#primaryimage\"},\"thumbnailUrl\":\"https:\\\/\\\/www.aliadospuebla.com\\\/web2017\\\/wp-content\\\/uploads\\\/2021\\\/10\\\/tlax-3.jpg\",\"keywords\":[\"Ayuntamiento\",\"CABILDO\",\"JORGE CORICHI\",\"REGIDORAS\",\"REGIDORES\",\"TLAXCALA\"],\"articleSection\":[\"Nacional\"],\"inLanguage\":\"es\",\"potentialAction\":[{\"@type\":\"CommentAction\",\"name\":\"Comment\",\"target\":[\"https:\\\/\\\/www.aliadospuebla.com\\\/?p=62881#respond\"]}]},{\"@type\":\"WebPage\",\"@id\":\"https:\\\/\\\/www.aliadospuebla.com\\\/?p=62881\",\"url\":\"https:\\\/\\\/www.aliadospuebla.com\\\/?p=62881\",\"name\":\"Regidoras de Tlaxcala celebran que presidentes de comunidades tengan voz y voto en el Cabildo. - AliadosPuebla\",\"isPartOf\":{\"@id\":\"https:\\\/\\\/www.aliadospuebla.com\\\/#website\"},\"primaryImageOfPage\":{\"@id\":\"https:\\\/\\\/www.aliadospuebla.com\\\/?p=62881#primaryimage\"},\"image\":{\"@id\":\"https:\\\/\\\/www.aliadospuebla.com\\\/?p=62881#primaryimage\"},\"thumbnailUrl\":\"https:\\\/\\\/www.aliadospuebla.com\\\/web2017\\\/wp-content\\\/uploads\\\/2021\\\/10\\\/tlax-3.jpg\",\"datePublished\":\"2021-10-02T00:27:54+00:00\",\"author\":{\"@id\":\"https:\\\/\\\/www.aliadospuebla.com\\\/#\\\/schema\\\/person\\\/0fd017f23cc5c3f7988d5d58850eec8e\"},\"breadcrumb\":{\"@id\":\"https:\\\/\\\/www.aliadospuebla.com\\\/?p=62881#breadcrumb\"},\"inLanguage\":\"es\",\"potentialAction\":[{\"@type\":\"ReadAction\",\"target\":[\"https:\\\/\\\/www.aliadospuebla.com\\\/?p=62881\"]}]},{\"@type\":\"ImageObject\",\"inLanguage\":\"es\",\"@id\":\"https:\\\/\\\/www.aliadospuebla.com\\\/?p=62881#primaryimage\",\"url\":\"https:\\\/\\\/www.aliadospuebla.com\\\/web2017\\\/wp-content\\\/uploads\\\/2021\\\/10\\\/tlax-3.jpg\",\"contentUrl\":\"https:\\\/\\\/www.aliadospuebla.com\\\/web2017\\\/wp-content\\\/uploads\\\/2021\\\/10\\\/tlax-3.jpg\",\"width\":600,\"height\":450},{\"@type\":\"BreadcrumbList\",\"@id\":\"https:\\\/\\\/www.aliadospuebla.com\\\/?p=62881#breadcrumb\",\"itemListElement\":[{\"@type\":\"ListItem\",\"position\":1,\"name\":\"Portada\",\"item\":\"https:\\\/\\\/www.aliadospuebla.com\\\/\"},{\"@type\":\"ListItem\",\"position\":2,\"name\":\"Regidoras de Tlaxcala celebran que presidentes de comunidades tengan voz y voto en el Cabildo.\"}]},{\"@type\":\"WebSite\",\"@id\":\"https:\\\/\\\/www.aliadospuebla.com\\\/#website\",\"url\":\"https:\\\/\\\/www.aliadospuebla.com\\\/\",\"name\":\"AliadosPuebla\",\"description\":\"La informaci\u00f3n en tus manos\",\"potentialAction\":[{\"@type\":\"SearchAction\",\"target\":{\"@type\":\"EntryPoint\",\"urlTemplate\":\"https:\\\/\\\/www.aliadospuebla.com\\\/?s={search_term_string}\"},\"query-input\":{\"@type\":\"PropertyValueSpecification\",\"valueRequired\":true,\"valueName\":\"search_term_string\"}}],\"inLanguage\":\"es\"},{\"@type\":\"Person\",\"@id\":\"https:\\\/\\\/www.aliadospuebla.com\\\/#\\\/schema\\\/person\\\/0fd017f23cc5c3f7988d5d58850eec8e\",\"name\":\"Aliados Videos\",\"image\":{\"@type\":\"ImageObject\",\"inLanguage\":\"es\",\"@id\":\"https:\\\/\\\/secure.gravatar.com\\\/avatar\\\/42b92de8b2d8339e1e824f3a73ab023a0bec0ee2e3920248085eb1f3160b4083?s=96&d=mm&r=g\",\"url\":\"https:\\\/\\\/secure.gravatar.com\\\/avatar\\\/42b92de8b2d8339e1e824f3a73ab023a0bec0ee2e3920248085eb1f3160b4083?s=96&d=mm&r=g\",\"contentUrl\":\"https:\\\/\\\/secure.gravatar.com\\\/avatar\\\/42b92de8b2d8339e1e824f3a73ab023a0bec0ee2e3920248085eb1f3160b4083?s=96&d=mm&r=g\",\"caption\":\"Aliados Videos\"},\"url\":\"https:\\\/\\\/www.aliadospuebla.com\\\/?author=3\"}]}<\/script>\n<!-- \/ Yoast SEO plugin. -->","yoast_head_json":{"title":"Regidoras de Tlaxcala celebran que presidentes de comunidades tengan voz y voto en el Cabildo. - AliadosPuebla","robots":{"index":"index","follow":"follow","max-snippet":"max-snippet:-1","max-image-preview":"max-image-preview:large","max-video-preview":"max-video-preview:-1"},"canonical":"https:\/\/www.aliadospuebla.com\/?p=62881","og_locale":"es_ES","og_type":"article","og_title":"Regidoras de Tlaxcala celebran que presidentes de comunidades tengan voz y voto en el Cabildo. - AliadosPuebla","og_description":"La regidora segunda, Adriana del Carmen Hern\u00e1ndez Armas, y la regidora quinta, Zahira Torres Escobar, celebraron que las y los presidentes de las 11 comunidades de la Ciudad de Tlaxcala tengan voz y voto en el Cabildo local. Hern\u00e1ndez Armas destac\u00f3 la importancia de que en el Congreso del Estado se est\u00e9 analizando a profundidad el tema y subray\u00f3 que en la v\u00edspera el diputado del Congreso Estatal, Bladimir Zainos Flores dej\u00f3 en claro que los presidentes de comunidad de 57 municipios, entre ellos la capital, tienen derecho a participar con voz y voto en las sesiones de Cabildo. \u201cEn lo particular me interesa trabajar a favor del pueblo de Tlaxcala, yo no estoy en el Cabildo para entorpecer sino para dialogar y construir acuerdos,&hellip;Leer m\u00e1s...","og_url":"https:\/\/www.aliadospuebla.com\/?p=62881","og_site_name":"AliadosPuebla","article_published_time":"2021-10-02T00:27:54+00:00","og_image":[{"width":600,"height":450,"url":"https:\/\/www.aliadospuebla.com\/web2017\/wp-content\/uploads\/2021\/10\/tlax-3.jpg","type":"image\/jpeg"}],"author":"Aliados Videos","twitter_card":"summary_large_image","twitter_misc":{"Escrito por":"Aliados Videos","Tiempo de lectura":"1 minuto"},"schema":{"@context":"https:\/\/schema.org","@graph":[{"@type":"Article","@id":"https:\/\/www.aliadospuebla.com\/?p=62881#article","isPartOf":{"@id":"https:\/\/www.aliadospuebla.com\/?p=62881"},"author":{"name":"Aliados Videos","@id":"https:\/\/www.aliadospuebla.com\/#\/schema\/person\/0fd017f23cc5c3f7988d5d58850eec8e"},"headline":"Regidoras de Tlaxcala celebran que presidentes de comunidades tengan voz y voto en el Cabildo.","datePublished":"2021-10-02T00:27:54+00:00","mainEntityOfPage":{"@id":"https:\/\/www.aliadospuebla.com\/?p=62881"},"wordCount":200,"commentCount":0,"image":{"@id":"https:\/\/www.aliadospuebla.com\/?p=62881#primaryimage"},"thumbnailUrl":"https:\/\/www.aliadospuebla.com\/web2017\/wp-content\/uploads\/2021\/10\/tlax-3.jpg","keywords":["Ayuntamiento","CABILDO","JORGE CORICHI","REGIDORAS","REGIDORES","TLAXCALA"],"articleSection":["Nacional"],"inLanguage":"es","potentialAction":[{"@type":"CommentAction","name":"Comment","target":["https:\/\/www.aliadospuebla.com\/?p=62881#respond"]}]},{"@type":"WebPage","@id":"https:\/\/www.aliadospuebla.com\/?p=62881","url":"https:\/\/www.aliadospuebla.com\/?p=62881","name":"Regidoras de Tlaxcala celebran que presidentes de comunidades tengan voz y voto en el Cabildo. - AliadosPuebla","isPartOf":{"@id":"https:\/\/www.aliadospuebla.com\/#website"},"primaryImageOfPage":{"@id":"https:\/\/www.aliadospuebla.com\/?p=62881#primaryimage"},"image":{"@id":"https:\/\/www.aliadospuebla.com\/?p=62881#primaryimage"},"thumbnailUrl":"https:\/\/www.aliadospuebla.com\/web2017\/wp-content\/uploads\/2021\/10\/tlax-3.jpg","datePublished":"2021-10-02T00:27:54+00:00","author":{"@id":"https:\/\/www.aliadospuebla.com\/#\/schema\/person\/0fd017f23cc5c3f7988d5d58850eec8e"},"breadcrumb":{"@id":"https:\/\/www.aliadospuebla.com\/?p=62881#breadcrumb"},"inLanguage":"es","potentialAction":[{"@type":"ReadAction","target":["https:\/\/www.aliadospuebla.com\/?p=62881"]}]},{"@type":"ImageObject","inLanguage":"es","@id":"https:\/\/www.aliadospuebla.com\/?p=62881#primaryimage","url":"https:\/\/www.aliadospuebla.com\/web2017\/wp-content\/uploads\/2021\/10\/tlax-3.jpg","contentUrl":"https:\/\/www.aliadospuebla.com\/web2017\/wp-content\/uploads\/2021\/10\/tlax-3.jpg","width":600,"height":450},{"@type":"BreadcrumbList","@id":"https:\/\/www.aliadospuebla.com\/?p=62881#breadcrumb","itemListElement":[{"@type":"ListItem","position":1,"name":"Portada","item":"https:\/\/www.aliadospuebla.com\/"},{"@type":"ListItem","position":2,"name":"Regidoras de Tlaxcala celebran que presidentes de comunidades tengan voz y voto en el Cabildo."}]},{"@type":"WebSite","@id":"https:\/\/www.aliadospuebla.com\/#website","url":"https:\/\/www.aliadospuebla.com\/","name":"AliadosPuebla","description":"La informaci\u00f3n en tus manos","potentialAction":[{"@type":"SearchAction","target":{"@type":"EntryPoint","urlTemplate":"https:\/\/www.aliadospuebla.com\/?s={search_term_string}"},"query-input":{"@type":"PropertyValueSpecification","valueRequired":true,"valueName":"search_term_string"}}],"inLanguage":"es"},{"@type":"Person","@id":"https:\/\/www.aliadospuebla.com\/#\/schema\/person\/0fd017f23cc5c3f7988d5d58850eec8e","name":"Aliados Videos","image":{"@type":"ImageObject","inLanguage":"es","@id":"https:\/\/secure.gravatar.com\/avatar\/42b92de8b2d8339e1e824f3a73ab023a0bec0ee2e3920248085eb1f3160b4083?s=96&d=mm&r=g","url":"https:\/\/secure.gravatar.com\/avatar\/42b92de8b2d8339e1e824f3a73ab023a0bec0ee2e3920248085eb1f3160b4083?s=96&d=mm&r=g","contentUrl":"https:\/\/secure.gravatar.com\/avatar\/42b92de8b2d8339e1e824f3a73ab023a0bec0ee2e3920248085eb1f3160b4083?s=96&d=mm&r=g","caption":"Aliados Videos"},"url":"https:\/\/www.aliadospuebla.com\/?author=3"}]}},"views":12,"_links":{"self":[{"href":"https:\/\/www.aliadospuebla.com\/index.php?rest_route=\/wp\/v2\/posts\/62881","targetHints":{"allow":["GET"]}}],"collection":[{"href":"https:\/\/www.aliadospuebla.com\/index.php?rest_route=\/wp\/v2\/posts"}],"about":[{"href":"https:\/\/www.aliadospuebla.com\/index.php?rest_route=\/wp\/v2\/types\/post"}],"author":[{"embeddable":true,"href":"https:\/\/www.aliadospuebla.com\/index.php?rest_route=\/wp\/v2\/users\/3"}],"replies":[{"embeddable":true,"href":"https:\/\/www.aliadospuebla.com\/index.php?rest_route=%2Fwp%2Fv2%2Fcomments&post=62881"}],"version-history":[{"count":1,"href":"https:\/\/www.aliadospuebla.com\/index.php?rest_route=\/wp\/v2\/posts\/62881\/revisions"}],"predecessor-version":[{"id":62883,"href":"https:\/\/www.aliadospuebla.com\/index.php?rest_route=\/wp\/v2\/posts\/62881\/revisions\/62883"}],"wp:featuredmedia":[{"embeddable":true,"href":"https:\/\/www.aliadospuebla.com\/index.php?rest_route=\/wp\/v2\/media\/62882"}],"wp:attachment":[{"href":"https:\/\/www.aliadospuebla.com\/index.php?rest_route=%2Fwp%2Fv2%2Fmedia&parent=62881"}],"wp:term":[{"taxonomy":"category","embeddable":true,"href":"https:\/\/www.aliadospuebla.com\/index.php?rest_route=%2Fwp%2Fv2%2Fcategories&post=62881"},{"taxonomy":"post_tag","embeddable":true,"href":"https:\/\/www.aliadospuebla.com\/index.php?rest_route=%2Fwp%2Fv2%2Ftags&post=62881"}],"curies":[{"name":"wp","href":"https:\/\/api.w.org\/{rel}","templated":true}]}}