{"id":62872,"date":"2021-10-01T15:50:29","date_gmt":"2021-10-01T20:50:29","guid":{"rendered":"https:\/\/www.aliados17.com\/?p=62872"},"modified":"2021-10-01T15:50:29","modified_gmt":"2021-10-01T20:50:29","slug":"titular-del-desarrollo-archivistico-nacional-destaca-a-tepeaca-como-ejemplo-estatal-en-la-implementacion-del-sistema-institucional-de-archivos","status":"publish","type":"post","link":"https:\/\/www.aliadospuebla.com\/?p=62872","title":{"rendered":"Titular del Desarrollo Archiv\u00edstico Nacional destaca a Tepeaca como ejemplo estatal en la implementaci\u00f3n del Sistema Institucional de Archivos"},"content":{"rendered":"<p><strong>Tepeaca.<\/strong>\u00a0El Presidente Municipal, Francisco<\/p>\n<p>Luis A. B\u00e1ez S\u00e1nchez recibi\u00f3 la visita de Mireya<\/p>\n<p>Quintos Mart\u00ednez, Directora de Desarrollo Archiv\u00edstico<\/p>\n<p>Nacional del Archivo General de la Naci\u00f3n; \u00a0de Anah\u00ed<\/p>\n<p>Juan Dur\u00e1n, Directora del Archivo General del Estado<\/p>\n<p>de Puebla; y de Luis Eduardo P\u00e9rez Merchant, Director<\/p>\n<p>del Archivo del Poder Judicial de Puebla para mostrar<\/p>\n<p>los avances y logros de la implementaci\u00f3n del Sistema<\/p>\n<p>Institucional de Archivos de este H.<\/p>\n<p>Ayuntamiento de Tepeaca.<\/p>\n<p>En dicha visita, las autoridades<\/p>\n<p>municipales de Tepeaca mostraron a trav\u00e9s de<\/p>\n<p>un video la creaci\u00f3n, el proceso y de lo que<\/p>\n<p>se cuenta hoy del Sistema Institucional de<\/p>\n<p>Archivos en el municipio, en la cual el<\/p>\n<p>edil tepeaquense subray\u00f3 que con los logros<\/p>\n<p>obtenidos se da legalidad y certeza del<\/p>\n<p>trabajo realizado durante esta<\/p>\n<p>administraci\u00f3n 2018-2021, en la cual Sergio<\/p>\n<p>Salom\u00f3n C\u00e9spedes Peregrina \u2013ex Presidente-<\/p>\n<p>logr\u00f3 asentar las bases y coordinar el<\/p>\n<p>trabajo para obtener los resultados establecidos.<\/p>\n<p>Ante la presencia de Regidores del H.<\/p>\n<p>Ayuntamiento; de Directores y personal de las<\/p>\n<p>diferentes \u00e1reas de la comuna; as\u00ed como de Rosa<\/p>\n<p>Mar\u00eda B\u00e1ez S\u00e1nchez, Subdirectora del Sistema<\/p>\n<p>Estatal de Archivos y Capacitaci\u00f3n del Archivo<\/p>\n<p>General del Estado de Puebla, el Alcalde de<\/p>\n<p>Tepeaca mencion\u00f3 que es un orgullo y una<\/p>\n<p>satisfacci\u00f3n que en el Ayuntamiento se tenga<\/p>\n<p>un sistema de archivo que ayuda a conservar,<\/p>\n<p>administrar y actualizar documentos que son<\/p>\n<p>parte de la materia administrativa de los<\/p>\n<p>gobiernos municipales, por lo que ahora se<\/p>\n<p>cumple con lo dispuesto en la Ley de<\/p>\n<p>Archivos del Estado de Puebla y su<\/p>\n<p>Reglamento y posteriormente a la Ley General de Archivo.<\/p>\n<p>Cabe mencionar que durante el evento<\/p>\n<p>realizado en el sal\u00f3n Bicentenario de la<\/p>\n<p>Presidencia Municipal, se llev\u00f3 a cabo la<\/p>\n<p>entrega de reconocimientos a personal de<\/p>\n<p>la administraci\u00f3n 2018-2021 y de la oficina<\/p>\n<p>Coordinadora de Archivos por parte de Mireya<\/p>\n<p>Quintos, quien felicit\u00f3 el trabajo realizado<\/p>\n<p>de cada una de las \u00e1reas del Gobierno Municipal,<\/p>\n<p>resaltando que los logros obtenidos tienen que ser<\/p>\n<p>difundidos en el estado como en la Rep\u00fablica<\/p>\n<p>Mexicana, pues Tepeaca estar\u00e1 dentro de los<\/p>\n<p>10 primeros lugares de cumplir con la Ley General de Archivos.<\/p>\n<p>Por su parte, Anah\u00ed Juan Duran subray\u00f3 a los<\/p>\n<p>presentes: \u201ces para m\u00ed un privilegio<\/p>\n<p>poder compartir y ser testigo de los<\/p>\n<p>avances tan importantes que se han tenido<\/p>\n<p>en Tepeaca, y es consecuencia de un trabajo<\/p>\n<p>en equipo, ya que todos pusieron su granito<\/p>\n<p>de arena para lograr este avance que los<\/p>\n<p>posiciona en un lugar muy importante y<\/p>\n<p>muy privilegiado en la entidad\u2026; con este<\/p>\n<p>sistema da continuidad de lo que se ha hecho<\/p>\n<p>en el Ayuntamiento de Tepeaca, va a haber una<\/p>\n<p>continuidad de operaciones, y van a poder<\/p>\n<p>hacer una entrega de recepci\u00f3n adecuada conforme a la ley\u201d.<\/p>\n<p>Finalmente, las autoridades del municipio junto<\/p>\n<p>con Mireya Quintos, Anah\u00ed Juan Dur\u00e1n y<\/p>\n<p>Luis Eduardo P\u00e9rez visitaron y recorrieron<\/p>\n<p>las instalaciones de la Unidad Coordinadora<\/p>\n<p>de Archivos, quienes felicitaron a Luis B\u00e1ez S\u00e1nchez<\/p>\n<p>y regidores del cabildo por preocuparse y ocuparse<\/p>\n<p>en tener un espacio exclusivo para archivos,<\/p>\n<p>mismo que albergar\u00e1 informaci\u00f3n tanto de<\/p>\n<p>pasadas como de las futuras administraciones municipales.<\/p>\n","protected":false},"excerpt":{"rendered":"<p>Tepeaca.\u00a0El Presidente Municipal, Francisco Luis A. B\u00e1ez S\u00e1nchez recibi\u00f3 la visita de Mireya Quintos Mart\u00ednez, Directora de Desarrollo Archiv\u00edstico Nacional del Archivo General de la Naci\u00f3n; \u00a0de Anah\u00ed Juan Dur\u00e1n, Directora del Archivo General del Estado de Puebla; y de Luis Eduardo P\u00e9rez Merchant, Director del Archivo del Poder Judicial de Puebla para mostrar los avances y logros de la implementaci\u00f3n del Sistema Institucional de Archivos de este H. Ayuntamiento de Tepeaca. En dicha visita, las autoridades municipales de Tepeaca mostraron a trav\u00e9s de un video la creaci\u00f3n, el proceso y de lo que se cuenta hoy del Sistema Institucional de Archivos en el municipio, en la cual el edil tepeaquense subray\u00f3 que con los logros obtenidos se da legalidad y certeza del trabajo realizado&hellip;<\/p>\n<p class=\"excerpt-more\"><a class=\"blog-excerpt button\" href=\"https:\/\/www.aliadospuebla.com\/?p=62872\">Leer m\u00e1s&#8230;<\/a><\/p>\n","protected":false},"author":3,"featured_media":62873,"comment_status":"open","ping_status":"open","sticky":false,"template":"","format":"standard","meta":{"_monsterinsights_skip_tracking":false,"footnotes":""},"categories":[4],"tags":[171,77,72,3002,16571,1565],"class_list":["post-62872","post","type-post","status-publish","format-standard","has-post-thumbnail","hentry","category-municipios","tag-ayuntamiento","tag-municipios","tag-puebla","tag-regidores","tag-salomon-cespedes","tag-tepeaca"],"yoast_head":"<!-- This site is optimized with the Yoast SEO plugin v28.4 - https:\/\/yoast.com\/product\/yoast-seo-wordpress\/ -->\n<title>Titular del Desarrollo Archiv\u00edstico Nacional destaca a Tepeaca como ejemplo estatal en la implementaci\u00f3n del Sistema Institucional de Archivos - AliadosPuebla<\/title>\n<meta name=\"robots\" content=\"index, follow, max-snippet:-1, max-image-preview:large, max-video-preview:-1\" \/>\n<link rel=\"canonical\" href=\"https:\/\/www.aliadospuebla.com\/?p=62872\" \/>\n<meta property=\"og:locale\" content=\"es_ES\" \/>\n<meta property=\"og:type\" content=\"article\" \/>\n<meta property=\"og:title\" content=\"Titular del Desarrollo Archiv\u00edstico Nacional destaca a Tepeaca como ejemplo estatal en la implementaci\u00f3n del Sistema Institucional de Archivos - AliadosPuebla\" \/>\n<meta property=\"og:description\" content=\"Tepeaca.\u00a0El Presidente Municipal, Francisco Luis A. B\u00e1ez S\u00e1nchez recibi\u00f3 la visita de Mireya Quintos Mart\u00ednez, Directora de Desarrollo Archiv\u00edstico Nacional del Archivo General de la Naci\u00f3n; \u00a0de Anah\u00ed Juan Dur\u00e1n, Directora del Archivo General del Estado de Puebla; y de Luis Eduardo P\u00e9rez Merchant, Director del Archivo del Poder Judicial de Puebla para mostrar los avances y logros de la implementaci\u00f3n del Sistema Institucional de Archivos de este H. Ayuntamiento de Tepeaca. En dicha visita, las autoridades municipales de Tepeaca mostraron a trav\u00e9s de un video la creaci\u00f3n, el proceso y de lo que se cuenta hoy del Sistema Institucional de Archivos en el municipio, en la cual el edil tepeaquense subray\u00f3 que con los logros obtenidos se da legalidad y certeza del trabajo realizado&hellip;Leer m\u00e1s...\" \/>\n<meta property=\"og:url\" content=\"https:\/\/www.aliadospuebla.com\/?p=62872\" \/>\n<meta property=\"og:site_name\" content=\"AliadosPuebla\" \/>\n<meta property=\"article:published_time\" content=\"2021-10-01T20:50:29+00:00\" \/>\n<meta property=\"og:image\" content=\"https:\/\/www.aliadospuebla.com\/web2017\/wp-content\/uploads\/2021\/10\/TEPEACA.jpg\" \/>\n\t<meta property=\"og:image:width\" content=\"600\" \/>\n\t<meta property=\"og:image:height\" content=\"450\" \/>\n\t<meta property=\"og:image:type\" content=\"image\/jpeg\" \/>\n<meta name=\"author\" content=\"Aliados Videos\" \/>\n<meta name=\"twitter:card\" content=\"summary_large_image\" \/>\n<meta name=\"twitter:label1\" content=\"Escrito por\" \/>\n\t<meta name=\"twitter:data1\" content=\"Aliados Videos\" \/>\n\t<meta name=\"twitter:label2\" content=\"Tiempo de lectura\" \/>\n\t<meta name=\"twitter:data2\" content=\"3 minutos\" \/>\n<script type=\"application\/ld+json\" class=\"yoast-schema-graph\">{\"@context\":\"https:\\\/\\\/schema.org\",\"@graph\":[{\"@type\":\"Article\",\"@id\":\"https:\\\/\\\/www.aliadospuebla.com\\\/?p=62872#article\",\"isPartOf\":{\"@id\":\"https:\\\/\\\/www.aliadospuebla.com\\\/?p=62872\"},\"author\":{\"name\":\"Aliados Videos\",\"@id\":\"https:\\\/\\\/www.aliadospuebla.com\\\/#\\\/schema\\\/person\\\/0fd017f23cc5c3f7988d5d58850eec8e\"},\"headline\":\"Titular del Desarrollo Archiv\u00edstico Nacional destaca a Tepeaca como ejemplo estatal en la implementaci\u00f3n del Sistema Institucional de Archivos\",\"datePublished\":\"2021-10-01T20:50:29+00:00\",\"mainEntityOfPage\":{\"@id\":\"https:\\\/\\\/www.aliadospuebla.com\\\/?p=62872\"},\"wordCount\":562,\"commentCount\":0,\"image\":{\"@id\":\"https:\\\/\\\/www.aliadospuebla.com\\\/?p=62872#primaryimage\"},\"thumbnailUrl\":\"https:\\\/\\\/www.aliadospuebla.com\\\/web2017\\\/wp-content\\\/uploads\\\/2021\\\/10\\\/TEPEACA.jpg\",\"keywords\":[\"Ayuntamiento\",\"Municipios\",\"Puebla\",\"REGIDORES\",\"SALOM\u00d3N C\u00c9SPEDES\",\"TEPEACA\"],\"articleSection\":[\"Municipios\"],\"inLanguage\":\"es\",\"potentialAction\":[{\"@type\":\"CommentAction\",\"name\":\"Comment\",\"target\":[\"https:\\\/\\\/www.aliadospuebla.com\\\/?p=62872#respond\"]}]},{\"@type\":\"WebPage\",\"@id\":\"https:\\\/\\\/www.aliadospuebla.com\\\/?p=62872\",\"url\":\"https:\\\/\\\/www.aliadospuebla.com\\\/?p=62872\",\"name\":\"Titular del Desarrollo Archiv\u00edstico Nacional destaca a Tepeaca como ejemplo estatal en la implementaci\u00f3n del Sistema Institucional de Archivos - AliadosPuebla\",\"isPartOf\":{\"@id\":\"https:\\\/\\\/www.aliadospuebla.com\\\/#website\"},\"primaryImageOfPage\":{\"@id\":\"https:\\\/\\\/www.aliadospuebla.com\\\/?p=62872#primaryimage\"},\"image\":{\"@id\":\"https:\\\/\\\/www.aliadospuebla.com\\\/?p=62872#primaryimage\"},\"thumbnailUrl\":\"https:\\\/\\\/www.aliadospuebla.com\\\/web2017\\\/wp-content\\\/uploads\\\/2021\\\/10\\\/TEPEACA.jpg\",\"datePublished\":\"2021-10-01T20:50:29+00:00\",\"author\":{\"@id\":\"https:\\\/\\\/www.aliadospuebla.com\\\/#\\\/schema\\\/person\\\/0fd017f23cc5c3f7988d5d58850eec8e\"},\"breadcrumb\":{\"@id\":\"https:\\\/\\\/www.aliadospuebla.com\\\/?p=62872#breadcrumb\"},\"inLanguage\":\"es\",\"potentialAction\":[{\"@type\":\"ReadAction\",\"target\":[\"https:\\\/\\\/www.aliadospuebla.com\\\/?p=62872\"]}]},{\"@type\":\"ImageObject\",\"inLanguage\":\"es\",\"@id\":\"https:\\\/\\\/www.aliadospuebla.com\\\/?p=62872#primaryimage\",\"url\":\"https:\\\/\\\/www.aliadospuebla.com\\\/web2017\\\/wp-content\\\/uploads\\\/2021\\\/10\\\/TEPEACA.jpg\",\"contentUrl\":\"https:\\\/\\\/www.aliadospuebla.com\\\/web2017\\\/wp-content\\\/uploads\\\/2021\\\/10\\\/TEPEACA.jpg\",\"width\":600,\"height\":450},{\"@type\":\"BreadcrumbList\",\"@id\":\"https:\\\/\\\/www.aliadospuebla.com\\\/?p=62872#breadcrumb\",\"itemListElement\":[{\"@type\":\"ListItem\",\"position\":1,\"name\":\"Portada\",\"item\":\"https:\\\/\\\/www.aliadospuebla.com\\\/\"},{\"@type\":\"ListItem\",\"position\":2,\"name\":\"Titular del Desarrollo Archiv\u00edstico Nacional destaca a Tepeaca como ejemplo estatal en la implementaci\u00f3n del Sistema Institucional de Archivos\"}]},{\"@type\":\"WebSite\",\"@id\":\"https:\\\/\\\/www.aliadospuebla.com\\\/#website\",\"url\":\"https:\\\/\\\/www.aliadospuebla.com\\\/\",\"name\":\"AliadosPuebla\",\"description\":\"La informaci\u00f3n en tus manos\",\"potentialAction\":[{\"@type\":\"SearchAction\",\"target\":{\"@type\":\"EntryPoint\",\"urlTemplate\":\"https:\\\/\\\/www.aliadospuebla.com\\\/?s={search_term_string}\"},\"query-input\":{\"@type\":\"PropertyValueSpecification\",\"valueRequired\":true,\"valueName\":\"search_term_string\"}}],\"inLanguage\":\"es\"},{\"@type\":\"Person\",\"@id\":\"https:\\\/\\\/www.aliadospuebla.com\\\/#\\\/schema\\\/person\\\/0fd017f23cc5c3f7988d5d58850eec8e\",\"name\":\"Aliados Videos\",\"image\":{\"@type\":\"ImageObject\",\"inLanguage\":\"es\",\"@id\":\"https:\\\/\\\/secure.gravatar.com\\\/avatar\\\/42b92de8b2d8339e1e824f3a73ab023a0bec0ee2e3920248085eb1f3160b4083?s=96&d=mm&r=g\",\"url\":\"https:\\\/\\\/secure.gravatar.com\\\/avatar\\\/42b92de8b2d8339e1e824f3a73ab023a0bec0ee2e3920248085eb1f3160b4083?s=96&d=mm&r=g\",\"contentUrl\":\"https:\\\/\\\/secure.gravatar.com\\\/avatar\\\/42b92de8b2d8339e1e824f3a73ab023a0bec0ee2e3920248085eb1f3160b4083?s=96&d=mm&r=g\",\"caption\":\"Aliados Videos\"},\"url\":\"https:\\\/\\\/www.aliadospuebla.com\\\/?author=3\"}]}<\/script>\n<!-- \/ Yoast SEO plugin. -->","yoast_head_json":{"title":"Titular del Desarrollo Archiv\u00edstico Nacional destaca a Tepeaca como ejemplo estatal en la implementaci\u00f3n del Sistema Institucional de Archivos - AliadosPuebla","robots":{"index":"index","follow":"follow","max-snippet":"max-snippet:-1","max-image-preview":"max-image-preview:large","max-video-preview":"max-video-preview:-1"},"canonical":"https:\/\/www.aliadospuebla.com\/?p=62872","og_locale":"es_ES","og_type":"article","og_title":"Titular del Desarrollo Archiv\u00edstico Nacional destaca a Tepeaca como ejemplo estatal en la implementaci\u00f3n del Sistema Institucional de Archivos - AliadosPuebla","og_description":"Tepeaca.\u00a0El Presidente Municipal, Francisco Luis A. B\u00e1ez S\u00e1nchez recibi\u00f3 la visita de Mireya Quintos Mart\u00ednez, Directora de Desarrollo Archiv\u00edstico Nacional del Archivo General de la Naci\u00f3n; \u00a0de Anah\u00ed Juan Dur\u00e1n, Directora del Archivo General del Estado de Puebla; y de Luis Eduardo P\u00e9rez Merchant, Director del Archivo del Poder Judicial de Puebla para mostrar los avances y logros de la implementaci\u00f3n del Sistema Institucional de Archivos de este H. Ayuntamiento de Tepeaca. En dicha visita, las autoridades municipales de Tepeaca mostraron a trav\u00e9s de un video la creaci\u00f3n, el proceso y de lo que se cuenta hoy del Sistema Institucional de Archivos en el municipio, en la cual el edil tepeaquense subray\u00f3 que con los logros obtenidos se da legalidad y certeza del trabajo realizado&hellip;Leer m\u00e1s...","og_url":"https:\/\/www.aliadospuebla.com\/?p=62872","og_site_name":"AliadosPuebla","article_published_time":"2021-10-01T20:50:29+00:00","og_image":[{"width":600,"height":450,"url":"https:\/\/www.aliadospuebla.com\/web2017\/wp-content\/uploads\/2021\/10\/TEPEACA.jpg","type":"image\/jpeg"}],"author":"Aliados Videos","twitter_card":"summary_large_image","twitter_misc":{"Escrito por":"Aliados Videos","Tiempo de lectura":"3 minutos"},"schema":{"@context":"https:\/\/schema.org","@graph":[{"@type":"Article","@id":"https:\/\/www.aliadospuebla.com\/?p=62872#article","isPartOf":{"@id":"https:\/\/www.aliadospuebla.com\/?p=62872"},"author":{"name":"Aliados Videos","@id":"https:\/\/www.aliadospuebla.com\/#\/schema\/person\/0fd017f23cc5c3f7988d5d58850eec8e"},"headline":"Titular del Desarrollo Archiv\u00edstico Nacional destaca a Tepeaca como ejemplo estatal en la implementaci\u00f3n del Sistema Institucional de Archivos","datePublished":"2021-10-01T20:50:29+00:00","mainEntityOfPage":{"@id":"https:\/\/www.aliadospuebla.com\/?p=62872"},"wordCount":562,"commentCount":0,"image":{"@id":"https:\/\/www.aliadospuebla.com\/?p=62872#primaryimage"},"thumbnailUrl":"https:\/\/www.aliadospuebla.com\/web2017\/wp-content\/uploads\/2021\/10\/TEPEACA.jpg","keywords":["Ayuntamiento","Municipios","Puebla","REGIDORES","SALOM\u00d3N C\u00c9SPEDES","TEPEACA"],"articleSection":["Municipios"],"inLanguage":"es","potentialAction":[{"@type":"CommentAction","name":"Comment","target":["https:\/\/www.aliadospuebla.com\/?p=62872#respond"]}]},{"@type":"WebPage","@id":"https:\/\/www.aliadospuebla.com\/?p=62872","url":"https:\/\/www.aliadospuebla.com\/?p=62872","name":"Titular del Desarrollo Archiv\u00edstico Nacional destaca a Tepeaca como ejemplo estatal en la implementaci\u00f3n del Sistema Institucional de Archivos - AliadosPuebla","isPartOf":{"@id":"https:\/\/www.aliadospuebla.com\/#website"},"primaryImageOfPage":{"@id":"https:\/\/www.aliadospuebla.com\/?p=62872#primaryimage"},"image":{"@id":"https:\/\/www.aliadospuebla.com\/?p=62872#primaryimage"},"thumbnailUrl":"https:\/\/www.aliadospuebla.com\/web2017\/wp-content\/uploads\/2021\/10\/TEPEACA.jpg","datePublished":"2021-10-01T20:50:29+00:00","author":{"@id":"https:\/\/www.aliadospuebla.com\/#\/schema\/person\/0fd017f23cc5c3f7988d5d58850eec8e"},"breadcrumb":{"@id":"https:\/\/www.aliadospuebla.com\/?p=62872#breadcrumb"},"inLanguage":"es","potentialAction":[{"@type":"ReadAction","target":["https:\/\/www.aliadospuebla.com\/?p=62872"]}]},{"@type":"ImageObject","inLanguage":"es","@id":"https:\/\/www.aliadospuebla.com\/?p=62872#primaryimage","url":"https:\/\/www.aliadospuebla.com\/web2017\/wp-content\/uploads\/2021\/10\/TEPEACA.jpg","contentUrl":"https:\/\/www.aliadospuebla.com\/web2017\/wp-content\/uploads\/2021\/10\/TEPEACA.jpg","width":600,"height":450},{"@type":"BreadcrumbList","@id":"https:\/\/www.aliadospuebla.com\/?p=62872#breadcrumb","itemListElement":[{"@type":"ListItem","position":1,"name":"Portada","item":"https:\/\/www.aliadospuebla.com\/"},{"@type":"ListItem","position":2,"name":"Titular del Desarrollo Archiv\u00edstico Nacional destaca a Tepeaca como ejemplo estatal en la implementaci\u00f3n del Sistema Institucional de Archivos"}]},{"@type":"WebSite","@id":"https:\/\/www.aliadospuebla.com\/#website","url":"https:\/\/www.aliadospuebla.com\/","name":"AliadosPuebla","description":"La informaci\u00f3n en tus manos","potentialAction":[{"@type":"SearchAction","target":{"@type":"EntryPoint","urlTemplate":"https:\/\/www.aliadospuebla.com\/?s={search_term_string}"},"query-input":{"@type":"PropertyValueSpecification","valueRequired":true,"valueName":"search_term_string"}}],"inLanguage":"es"},{"@type":"Person","@id":"https:\/\/www.aliadospuebla.com\/#\/schema\/person\/0fd017f23cc5c3f7988d5d58850eec8e","name":"Aliados Videos","image":{"@type":"ImageObject","inLanguage":"es","@id":"https:\/\/secure.gravatar.com\/avatar\/42b92de8b2d8339e1e824f3a73ab023a0bec0ee2e3920248085eb1f3160b4083?s=96&d=mm&r=g","url":"https:\/\/secure.gravatar.com\/avatar\/42b92de8b2d8339e1e824f3a73ab023a0bec0ee2e3920248085eb1f3160b4083?s=96&d=mm&r=g","contentUrl":"https:\/\/secure.gravatar.com\/avatar\/42b92de8b2d8339e1e824f3a73ab023a0bec0ee2e3920248085eb1f3160b4083?s=96&d=mm&r=g","caption":"Aliados Videos"},"url":"https:\/\/www.aliadospuebla.com\/?author=3"}]}},"views":13,"_links":{"self":[{"href":"https:\/\/www.aliadospuebla.com\/index.php?rest_route=\/wp\/v2\/posts\/62872","targetHints":{"allow":["GET"]}}],"collection":[{"href":"https:\/\/www.aliadospuebla.com\/index.php?rest_route=\/wp\/v2\/posts"}],"about":[{"href":"https:\/\/www.aliadospuebla.com\/index.php?rest_route=\/wp\/v2\/types\/post"}],"author":[{"embeddable":true,"href":"https:\/\/www.aliadospuebla.com\/index.php?rest_route=\/wp\/v2\/users\/3"}],"replies":[{"embeddable":true,"href":"https:\/\/www.aliadospuebla.com\/index.php?rest_route=%2Fwp%2Fv2%2Fcomments&post=62872"}],"version-history":[{"count":1,"href":"https:\/\/www.aliadospuebla.com\/index.php?rest_route=\/wp\/v2\/posts\/62872\/revisions"}],"predecessor-version":[{"id":62874,"href":"https:\/\/www.aliadospuebla.com\/index.php?rest_route=\/wp\/v2\/posts\/62872\/revisions\/62874"}],"wp:featuredmedia":[{"embeddable":true,"href":"https:\/\/www.aliadospuebla.com\/index.php?rest_route=\/wp\/v2\/media\/62873"}],"wp:attachment":[{"href":"https:\/\/www.aliadospuebla.com\/index.php?rest_route=%2Fwp%2Fv2%2Fmedia&parent=62872"}],"wp:term":[{"taxonomy":"category","embeddable":true,"href":"https:\/\/www.aliadospuebla.com\/index.php?rest_route=%2Fwp%2Fv2%2Fcategories&post=62872"},{"taxonomy":"post_tag","embeddable":true,"href":"https:\/\/www.aliadospuebla.com\/index.php?rest_route=%2Fwp%2Fv2%2Ftags&post=62872"}],"curies":[{"name":"wp","href":"https:\/\/api.w.org\/{rel}","templated":true}]}}