{"id":62816,"date":"2021-09-30T14:56:24","date_gmt":"2021-09-30T19:56:24","guid":{"rendered":"https:\/\/www.aliados17.com\/?p=62816"},"modified":"2021-09-30T14:56:24","modified_gmt":"2021-09-30T19:56:24","slug":"comienzan-festejos-por-el-496-aniversario-de-la-fundacion-de-la-ciudad-de-tlaxcala","status":"publish","type":"post","link":"https:\/\/www.aliadospuebla.com\/?p=62816","title":{"rendered":"Comienzan festejos por el 496 Aniversario de la Fundaci\u00f3n de la Ciudad de Tlaxcala"},"content":{"rendered":"<ul>\n<li style=\"font-weight: 400;\" aria-level=\"1\"><i><span style=\"font-weight: 400;\">La celebraci\u00f3n se realiza virtualmente desde este viernes 30 de septiembre y hasta el 3 de octubre con eventos culturales, conferencias y la entrega de la Medalla Ciudad de Tlaxcala<\/span><\/i><\/li>\n<\/ul>\n<p><span style=\"font-weight: 400;\">En el marco de la celebraci\u00f3n por Aniversario <\/span><\/p>\n<p><span style=\"font-weight: 400;\">496 de la Fundaci\u00f3n de la muy Noble y Leal <\/span><\/p>\n<p><span style=\"font-weight: 400;\">Ciudad de Tlaxcala, el Ayuntamiento encabezado <\/span><\/p>\n<p><span style=\"font-weight: 400;\">por el Presidente Municipal, Jorge Corichi, realizar\u00e1 <\/span><\/p>\n<p><span style=\"font-weight: 400;\">una serie de eventos conmemorativos que<\/span><\/p>\n<p><span style=\"font-weight: 400;\"> enaltecer\u00e1n la identidad cultural y arraigo<\/span><\/p>\n<p><span style=\"font-weight: 400;\"> hist\u00f3rico de la Capital tlaxcalteca y su valioso<\/span><\/p>\n<p><span style=\"font-weight: 400;\"> aporte a la formaci\u00f3n de la naci\u00f3n mexicana que conocemos hoy.\u00a0<\/span><\/p>\n<p><span style=\"font-weight: 400;\">La magna celebraci\u00f3n que se transmitir\u00e1<\/span><\/p>\n<p><span style=\"font-weight: 400;\"> \u00edntegramente por las redes sociales oficiales <\/span><\/p>\n<p><span style=\"font-weight: 400;\">del Municipio comienza este 30 de septiembre,<\/span><\/p>\n<p><span style=\"font-weight: 400;\"> con la colocaci\u00f3n del Bando Solemne de estos <\/span><\/p>\n<p><span style=\"font-weight: 400;\">festejos en la Sede del Palacio Municipal, por<\/span><\/p>\n<p><span style=\"font-weight: 400;\"> parte del Alcalde Jorge Corichi e integrantes del Ayuntamiento.\u00a0<\/span><\/p>\n<p><span style=\"font-weight: 400;\">\u00a0Posteriormente, el 1 de octubre a las 17:30 <\/span><\/p>\n<p><span style=\"font-weight: 400;\">horas, se llevar\u00e1 a cabo la conferencia virtual <\/span><\/p>\n<p><span style=\"font-weight: 400;\">\u201cEl altiplano en pie de guerra, los pueblos <\/span><\/p>\n<p><span style=\"font-weight: 400;\">comarcanos al Se\u00f1or\u00edo Tlaxcalteca hacia 1519\u201d <\/span><\/p>\n<p><span style=\"font-weight: 400;\">a cargo del Doctor Alberto Xelhuantzi Ram\u00edrez<\/span><\/p>\n<p><span style=\"font-weight: 400;\"> y la Maestra\u00a0 Carolina Figueroa Torres. Este <\/span><\/p>\n<p><span style=\"font-weight: 400;\">conversatorio tiene el objetivo de conducir a los <\/span><\/p>\n<p><span style=\"font-weight: 400;\">participantes hacia una nueva comprensi\u00f3n del <\/span><\/p>\n<p><span style=\"font-weight: 400;\">aporte tlaxcalteca a la construcci\u00f3n de la mexicanidad.<\/span><\/p>\n<p><span style=\"font-weight: 400;\">El d\u00eda 2 de octubre se llevar\u00e1n a cabo eventos <\/span><\/p>\n<p><span style=\"font-weight: 400;\">culturales y art\u00edsticos: en primer termino<\/span><\/p>\n<p><span style=\"font-weight: 400;\"> la funci\u00f3n virtual de T\u00edteres \u201cJuanito y <\/span><\/p>\n<p><span style=\"font-weight: 400;\">Mar\u00eda en las Calles de Tlaxcala\u201d a las 14:00<\/span><\/p>\n<p><span style=\"font-weight: 400;\"> horas, el Concierto virtual Ensamble Cl\u00e1sico<\/span><\/p>\n<p><span style=\"font-weight: 400;\"> Chelo, Piano y Guitarra a las 15:00 horas y <\/span><\/p>\n<p><span style=\"font-weight: 400;\">finalmente la conferencia virtual \u201cXicot\u00e9ncatl<\/span><\/p>\n<p><span style=\"font-weight: 400;\"> y Cort\u00e9s, protagonistas de la historia\u201d por el <\/span><\/p>\n<p><span style=\"font-weight: 400;\">Maestro Rub\u00e9n Antelmo Pliego Bernal y la <\/span><\/p>\n<p><span style=\"font-weight: 400;\">Maestra\u00a0 Carolina Figueroa Torres.<\/span><\/p>\n<p><span style=\"font-weight: 400;\">El 3 octubre, a las 10:00 horas, se realizar\u00e1 el <\/span><\/p>\n<p><span style=\"font-weight: 400;\">\u201cPaseo del Pend\u00f3n\u201d que ostentar\u00e1 el <\/span><\/p>\n<p><span style=\"font-weight: 400;\">Estandarte del At\u00e9petl, tradici\u00f3n que data<\/span><\/p>\n<p><span style=\"font-weight: 400;\"> del siglo XVI y que con el paso de las corrientes <\/span><\/p>\n<p><span style=\"font-weight: 400;\">independentistas se perdi\u00f3; no obstante, <\/span><\/p>\n<p><span style=\"font-weight: 400;\">se retomar\u00e1 por la actual administraci\u00f3n <\/span><\/p>\n<p><span style=\"font-weight: 400;\">como s\u00edmbolo del rescate de nuestras m\u00e1s profundas ra\u00edces.\u00a0<\/span><\/p>\n<p><span style=\"font-weight: 400;\">\u00a0A las 12:00 horas se desarrollar\u00e1 la Conferencia<\/span><\/p>\n<p><span style=\"font-weight: 400;\"> Virtual \u201cAbrir caminos construir la naci\u00f3n, <\/span><\/p>\n<p><span style=\"font-weight: 400;\">contribuciones tlaxcaltecas a la mexicanidad\u201c,<\/span><\/p>\n<p><span style=\"font-weight: 400;\"> y finalmente, a las 18:30 horas, se llevar\u00e1 a <\/span><\/p>\n<p><span style=\"font-weight: 400;\">cabo la Sesi\u00f3n Solemne de Cabildo para la <\/span><\/p>\n<p><span style=\"font-weight: 400;\">entrega de la Medalla Ciudad de Tlaxcala al <\/span><\/p>\n<p><span style=\"font-weight: 400;\">personal m\u00e9dico y hospitalario que ha estado<\/span><\/p>\n<p><span style=\"font-weight: 400;\"> en la primera l\u00ednea de la batalla contra la<\/span><\/p>\n<p><span style=\"font-weight: 400;\"> enfermedad COVID19. Al terminar, se <\/span><\/p>\n<p><span style=\"font-weight: 400;\">realizar\u00e1 un concierto de M\u00fasica Barroca<\/span><\/p>\n<p><span style=\"font-weight: 400;\"> con el Ensamble \u201cPasabajos\u201d.<\/span><\/p>\n<p><span style=\"font-weight: 400;\">En el marco de este evento, tambi\u00e9n se encontrar\u00e1<\/span><\/p>\n<p><span style=\"font-weight: 400;\"> la colecci\u00f3n fotogr\u00e1fica digital \u201cEl rostro de Tlaxcala,<\/span><\/p>\n<p><span style=\"font-weight: 400;\"> nuestra gente\u201d, una colaboraci\u00f3n de 15 artistas de la <\/span><\/p>\n<p><span style=\"font-weight: 400;\">lente, exposici\u00f3n curada por el artista Gonzalo P\u00e9rez.<\/span><\/p>\n","protected":false},"excerpt":{"rendered":"<p>La celebraci\u00f3n se realiza virtualmente desde este viernes 30 de septiembre y hasta el 3 de octubre con eventos culturales, conferencias y la entrega de la Medalla Ciudad de Tlaxcala En el marco de la celebraci\u00f3n por Aniversario 496 de la Fundaci\u00f3n de la muy Noble y Leal Ciudad de Tlaxcala, el Ayuntamiento encabezado por el Presidente Municipal, Jorge Corichi, realizar\u00e1 una serie de eventos conmemorativos que enaltecer\u00e1n la identidad cultural y arraigo hist\u00f3rico de la Capital tlaxcalteca y su valioso aporte a la formaci\u00f3n de la naci\u00f3n mexicana que conocemos hoy.\u00a0 La magna celebraci\u00f3n que se transmitir\u00e1 \u00edntegramente por las redes sociales oficiales del Municipio comienza este 30 de septiembre, con la colocaci\u00f3n del Bando Solemne de estos festejos en la Sede del Palacio&hellip;<\/p>\n<p class=\"excerpt-more\"><a class=\"blog-excerpt button\" href=\"https:\/\/www.aliadospuebla.com\/?p=62816\">Leer m\u00e1s&#8230;<\/a><\/p>\n","protected":false},"author":3,"featured_media":62817,"comment_status":"open","ping_status":"open","sticky":false,"template":"","format":"standard","meta":{"_monsterinsights_skip_tracking":false,"footnotes":""},"categories":[8304],"tags":[171,16288,3002,319,127],"class_list":["post-62816","post","type-post","status-publish","format-standard","has-post-thumbnail","hentry","category-nacional","tag-ayuntamiento","tag-jorge-corichi","tag-regidores","tag-tlaxcala","tag-turismo"],"yoast_head":"<!-- This site is optimized with the Yoast SEO plugin v28.4 - https:\/\/yoast.com\/product\/yoast-seo-wordpress\/ -->\n<title>Comienzan festejos por el 496 Aniversario de la Fundaci\u00f3n de la Ciudad de Tlaxcala - AliadosPuebla<\/title>\n<meta name=\"robots\" content=\"index, follow, max-snippet:-1, max-image-preview:large, max-video-preview:-1\" \/>\n<link rel=\"canonical\" href=\"https:\/\/www.aliadospuebla.com\/?p=62816\" \/>\n<meta property=\"og:locale\" content=\"es_ES\" \/>\n<meta property=\"og:type\" content=\"article\" \/>\n<meta property=\"og:title\" content=\"Comienzan festejos por el 496 Aniversario de la Fundaci\u00f3n de la Ciudad de Tlaxcala - AliadosPuebla\" \/>\n<meta property=\"og:description\" content=\"La celebraci\u00f3n se realiza virtualmente desde este viernes 30 de septiembre y hasta el 3 de octubre con eventos culturales, conferencias y la entrega de la Medalla Ciudad de Tlaxcala En el marco de la celebraci\u00f3n por Aniversario 496 de la Fundaci\u00f3n de la muy Noble y Leal Ciudad de Tlaxcala, el Ayuntamiento encabezado por el Presidente Municipal, Jorge Corichi, realizar\u00e1 una serie de eventos conmemorativos que enaltecer\u00e1n la identidad cultural y arraigo hist\u00f3rico de la Capital tlaxcalteca y su valioso aporte a la formaci\u00f3n de la naci\u00f3n mexicana que conocemos hoy.\u00a0 La magna celebraci\u00f3n que se transmitir\u00e1 \u00edntegramente por las redes sociales oficiales del Municipio comienza este 30 de septiembre, con la colocaci\u00f3n del Bando Solemne de estos festejos en la Sede del Palacio&hellip;Leer m\u00e1s...\" \/>\n<meta property=\"og:url\" content=\"https:\/\/www.aliadospuebla.com\/?p=62816\" \/>\n<meta property=\"og:site_name\" content=\"AliadosPuebla\" \/>\n<meta property=\"article:published_time\" content=\"2021-09-30T19:56:24+00:00\" \/>\n<meta property=\"og:image\" content=\"https:\/\/www.aliadospuebla.com\/web2017\/wp-content\/uploads\/2021\/09\/tlax-129.jpg\" \/>\n\t<meta property=\"og:image:width\" content=\"600\" \/>\n\t<meta property=\"og:image:height\" content=\"450\" \/>\n\t<meta property=\"og:image:type\" content=\"image\/jpeg\" \/>\n<meta name=\"author\" content=\"Aliados Videos\" \/>\n<meta name=\"twitter:card\" content=\"summary_large_image\" \/>\n<meta name=\"twitter:label1\" content=\"Escrito por\" \/>\n\t<meta name=\"twitter:data1\" content=\"Aliados Videos\" \/>\n\t<meta name=\"twitter:label2\" content=\"Tiempo de lectura\" \/>\n\t<meta name=\"twitter:data2\" content=\"2 minutos\" \/>\n<script type=\"application\/ld+json\" class=\"yoast-schema-graph\">{\"@context\":\"https:\\\/\\\/schema.org\",\"@graph\":[{\"@type\":\"Article\",\"@id\":\"https:\\\/\\\/www.aliadospuebla.com\\\/?p=62816#article\",\"isPartOf\":{\"@id\":\"https:\\\/\\\/www.aliadospuebla.com\\\/?p=62816\"},\"author\":{\"name\":\"Aliados Videos\",\"@id\":\"https:\\\/\\\/www.aliadospuebla.com\\\/#\\\/schema\\\/person\\\/0fd017f23cc5c3f7988d5d58850eec8e\"},\"headline\":\"Comienzan festejos por el 496 Aniversario de la Fundaci\u00f3n de la Ciudad de Tlaxcala\",\"datePublished\":\"2021-09-30T19:56:24+00:00\",\"mainEntityOfPage\":{\"@id\":\"https:\\\/\\\/www.aliadospuebla.com\\\/?p=62816\"},\"wordCount\":476,\"commentCount\":0,\"image\":{\"@id\":\"https:\\\/\\\/www.aliadospuebla.com\\\/?p=62816#primaryimage\"},\"thumbnailUrl\":\"https:\\\/\\\/www.aliadospuebla.com\\\/web2017\\\/wp-content\\\/uploads\\\/2021\\\/09\\\/tlax-129.jpg\",\"keywords\":[\"Ayuntamiento\",\"JORGE CORICHI\",\"REGIDORES\",\"TLAXCALA\",\"turismo\"],\"articleSection\":[\"Nacional\"],\"inLanguage\":\"es\",\"potentialAction\":[{\"@type\":\"CommentAction\",\"name\":\"Comment\",\"target\":[\"https:\\\/\\\/www.aliadospuebla.com\\\/?p=62816#respond\"]}]},{\"@type\":\"WebPage\",\"@id\":\"https:\\\/\\\/www.aliadospuebla.com\\\/?p=62816\",\"url\":\"https:\\\/\\\/www.aliadospuebla.com\\\/?p=62816\",\"name\":\"Comienzan festejos por el 496 Aniversario de la Fundaci\u00f3n de la Ciudad de Tlaxcala - AliadosPuebla\",\"isPartOf\":{\"@id\":\"https:\\\/\\\/www.aliadospuebla.com\\\/#website\"},\"primaryImageOfPage\":{\"@id\":\"https:\\\/\\\/www.aliadospuebla.com\\\/?p=62816#primaryimage\"},\"image\":{\"@id\":\"https:\\\/\\\/www.aliadospuebla.com\\\/?p=62816#primaryimage\"},\"thumbnailUrl\":\"https:\\\/\\\/www.aliadospuebla.com\\\/web2017\\\/wp-content\\\/uploads\\\/2021\\\/09\\\/tlax-129.jpg\",\"datePublished\":\"2021-09-30T19:56:24+00:00\",\"author\":{\"@id\":\"https:\\\/\\\/www.aliadospuebla.com\\\/#\\\/schema\\\/person\\\/0fd017f23cc5c3f7988d5d58850eec8e\"},\"breadcrumb\":{\"@id\":\"https:\\\/\\\/www.aliadospuebla.com\\\/?p=62816#breadcrumb\"},\"inLanguage\":\"es\",\"potentialAction\":[{\"@type\":\"ReadAction\",\"target\":[\"https:\\\/\\\/www.aliadospuebla.com\\\/?p=62816\"]}]},{\"@type\":\"ImageObject\",\"inLanguage\":\"es\",\"@id\":\"https:\\\/\\\/www.aliadospuebla.com\\\/?p=62816#primaryimage\",\"url\":\"https:\\\/\\\/www.aliadospuebla.com\\\/web2017\\\/wp-content\\\/uploads\\\/2021\\\/09\\\/tlax-129.jpg\",\"contentUrl\":\"https:\\\/\\\/www.aliadospuebla.com\\\/web2017\\\/wp-content\\\/uploads\\\/2021\\\/09\\\/tlax-129.jpg\",\"width\":600,\"height\":450},{\"@type\":\"BreadcrumbList\",\"@id\":\"https:\\\/\\\/www.aliadospuebla.com\\\/?p=62816#breadcrumb\",\"itemListElement\":[{\"@type\":\"ListItem\",\"position\":1,\"name\":\"Portada\",\"item\":\"https:\\\/\\\/www.aliadospuebla.com\\\/\"},{\"@type\":\"ListItem\",\"position\":2,\"name\":\"Comienzan festejos por el 496 Aniversario de la Fundaci\u00f3n de la Ciudad de Tlaxcala\"}]},{\"@type\":\"WebSite\",\"@id\":\"https:\\\/\\\/www.aliadospuebla.com\\\/#website\",\"url\":\"https:\\\/\\\/www.aliadospuebla.com\\\/\",\"name\":\"AliadosPuebla\",\"description\":\"La informaci\u00f3n en tus manos\",\"potentialAction\":[{\"@type\":\"SearchAction\",\"target\":{\"@type\":\"EntryPoint\",\"urlTemplate\":\"https:\\\/\\\/www.aliadospuebla.com\\\/?s={search_term_string}\"},\"query-input\":{\"@type\":\"PropertyValueSpecification\",\"valueRequired\":true,\"valueName\":\"search_term_string\"}}],\"inLanguage\":\"es\"},{\"@type\":\"Person\",\"@id\":\"https:\\\/\\\/www.aliadospuebla.com\\\/#\\\/schema\\\/person\\\/0fd017f23cc5c3f7988d5d58850eec8e\",\"name\":\"Aliados Videos\",\"image\":{\"@type\":\"ImageObject\",\"inLanguage\":\"es\",\"@id\":\"https:\\\/\\\/secure.gravatar.com\\\/avatar\\\/42b92de8b2d8339e1e824f3a73ab023a0bec0ee2e3920248085eb1f3160b4083?s=96&d=mm&r=g\",\"url\":\"https:\\\/\\\/secure.gravatar.com\\\/avatar\\\/42b92de8b2d8339e1e824f3a73ab023a0bec0ee2e3920248085eb1f3160b4083?s=96&d=mm&r=g\",\"contentUrl\":\"https:\\\/\\\/secure.gravatar.com\\\/avatar\\\/42b92de8b2d8339e1e824f3a73ab023a0bec0ee2e3920248085eb1f3160b4083?s=96&d=mm&r=g\",\"caption\":\"Aliados Videos\"},\"url\":\"https:\\\/\\\/www.aliadospuebla.com\\\/?author=3\"}]}<\/script>\n<!-- \/ Yoast SEO plugin. -->","yoast_head_json":{"title":"Comienzan festejos por el 496 Aniversario de la Fundaci\u00f3n de la Ciudad de Tlaxcala - AliadosPuebla","robots":{"index":"index","follow":"follow","max-snippet":"max-snippet:-1","max-image-preview":"max-image-preview:large","max-video-preview":"max-video-preview:-1"},"canonical":"https:\/\/www.aliadospuebla.com\/?p=62816","og_locale":"es_ES","og_type":"article","og_title":"Comienzan festejos por el 496 Aniversario de la Fundaci\u00f3n de la Ciudad de Tlaxcala - AliadosPuebla","og_description":"La celebraci\u00f3n se realiza virtualmente desde este viernes 30 de septiembre y hasta el 3 de octubre con eventos culturales, conferencias y la entrega de la Medalla Ciudad de Tlaxcala En el marco de la celebraci\u00f3n por Aniversario 496 de la Fundaci\u00f3n de la muy Noble y Leal Ciudad de Tlaxcala, el Ayuntamiento encabezado por el Presidente Municipal, Jorge Corichi, realizar\u00e1 una serie de eventos conmemorativos que enaltecer\u00e1n la identidad cultural y arraigo hist\u00f3rico de la Capital tlaxcalteca y su valioso aporte a la formaci\u00f3n de la naci\u00f3n mexicana que conocemos hoy.\u00a0 La magna celebraci\u00f3n que se transmitir\u00e1 \u00edntegramente por las redes sociales oficiales del Municipio comienza este 30 de septiembre, con la colocaci\u00f3n del Bando Solemne de estos festejos en la Sede del Palacio&hellip;Leer m\u00e1s...","og_url":"https:\/\/www.aliadospuebla.com\/?p=62816","og_site_name":"AliadosPuebla","article_published_time":"2021-09-30T19:56:24+00:00","og_image":[{"width":600,"height":450,"url":"https:\/\/www.aliadospuebla.com\/web2017\/wp-content\/uploads\/2021\/09\/tlax-129.jpg","type":"image\/jpeg"}],"author":"Aliados Videos","twitter_card":"summary_large_image","twitter_misc":{"Escrito por":"Aliados Videos","Tiempo de lectura":"2 minutos"},"schema":{"@context":"https:\/\/schema.org","@graph":[{"@type":"Article","@id":"https:\/\/www.aliadospuebla.com\/?p=62816#article","isPartOf":{"@id":"https:\/\/www.aliadospuebla.com\/?p=62816"},"author":{"name":"Aliados Videos","@id":"https:\/\/www.aliadospuebla.com\/#\/schema\/person\/0fd017f23cc5c3f7988d5d58850eec8e"},"headline":"Comienzan festejos por el 496 Aniversario de la Fundaci\u00f3n de la Ciudad de Tlaxcala","datePublished":"2021-09-30T19:56:24+00:00","mainEntityOfPage":{"@id":"https:\/\/www.aliadospuebla.com\/?p=62816"},"wordCount":476,"commentCount":0,"image":{"@id":"https:\/\/www.aliadospuebla.com\/?p=62816#primaryimage"},"thumbnailUrl":"https:\/\/www.aliadospuebla.com\/web2017\/wp-content\/uploads\/2021\/09\/tlax-129.jpg","keywords":["Ayuntamiento","JORGE CORICHI","REGIDORES","TLAXCALA","turismo"],"articleSection":["Nacional"],"inLanguage":"es","potentialAction":[{"@type":"CommentAction","name":"Comment","target":["https:\/\/www.aliadospuebla.com\/?p=62816#respond"]}]},{"@type":"WebPage","@id":"https:\/\/www.aliadospuebla.com\/?p=62816","url":"https:\/\/www.aliadospuebla.com\/?p=62816","name":"Comienzan festejos por el 496 Aniversario de la Fundaci\u00f3n de la Ciudad de Tlaxcala - AliadosPuebla","isPartOf":{"@id":"https:\/\/www.aliadospuebla.com\/#website"},"primaryImageOfPage":{"@id":"https:\/\/www.aliadospuebla.com\/?p=62816#primaryimage"},"image":{"@id":"https:\/\/www.aliadospuebla.com\/?p=62816#primaryimage"},"thumbnailUrl":"https:\/\/www.aliadospuebla.com\/web2017\/wp-content\/uploads\/2021\/09\/tlax-129.jpg","datePublished":"2021-09-30T19:56:24+00:00","author":{"@id":"https:\/\/www.aliadospuebla.com\/#\/schema\/person\/0fd017f23cc5c3f7988d5d58850eec8e"},"breadcrumb":{"@id":"https:\/\/www.aliadospuebla.com\/?p=62816#breadcrumb"},"inLanguage":"es","potentialAction":[{"@type":"ReadAction","target":["https:\/\/www.aliadospuebla.com\/?p=62816"]}]},{"@type":"ImageObject","inLanguage":"es","@id":"https:\/\/www.aliadospuebla.com\/?p=62816#primaryimage","url":"https:\/\/www.aliadospuebla.com\/web2017\/wp-content\/uploads\/2021\/09\/tlax-129.jpg","contentUrl":"https:\/\/www.aliadospuebla.com\/web2017\/wp-content\/uploads\/2021\/09\/tlax-129.jpg","width":600,"height":450},{"@type":"BreadcrumbList","@id":"https:\/\/www.aliadospuebla.com\/?p=62816#breadcrumb","itemListElement":[{"@type":"ListItem","position":1,"name":"Portada","item":"https:\/\/www.aliadospuebla.com\/"},{"@type":"ListItem","position":2,"name":"Comienzan festejos por el 496 Aniversario de la Fundaci\u00f3n de la Ciudad de Tlaxcala"}]},{"@type":"WebSite","@id":"https:\/\/www.aliadospuebla.com\/#website","url":"https:\/\/www.aliadospuebla.com\/","name":"AliadosPuebla","description":"La informaci\u00f3n en tus manos","potentialAction":[{"@type":"SearchAction","target":{"@type":"EntryPoint","urlTemplate":"https:\/\/www.aliadospuebla.com\/?s={search_term_string}"},"query-input":{"@type":"PropertyValueSpecification","valueRequired":true,"valueName":"search_term_string"}}],"inLanguage":"es"},{"@type":"Person","@id":"https:\/\/www.aliadospuebla.com\/#\/schema\/person\/0fd017f23cc5c3f7988d5d58850eec8e","name":"Aliados Videos","image":{"@type":"ImageObject","inLanguage":"es","@id":"https:\/\/secure.gravatar.com\/avatar\/42b92de8b2d8339e1e824f3a73ab023a0bec0ee2e3920248085eb1f3160b4083?s=96&d=mm&r=g","url":"https:\/\/secure.gravatar.com\/avatar\/42b92de8b2d8339e1e824f3a73ab023a0bec0ee2e3920248085eb1f3160b4083?s=96&d=mm&r=g","contentUrl":"https:\/\/secure.gravatar.com\/avatar\/42b92de8b2d8339e1e824f3a73ab023a0bec0ee2e3920248085eb1f3160b4083?s=96&d=mm&r=g","caption":"Aliados Videos"},"url":"https:\/\/www.aliadospuebla.com\/?author=3"}]}},"views":9,"_links":{"self":[{"href":"https:\/\/www.aliadospuebla.com\/index.php?rest_route=\/wp\/v2\/posts\/62816","targetHints":{"allow":["GET"]}}],"collection":[{"href":"https:\/\/www.aliadospuebla.com\/index.php?rest_route=\/wp\/v2\/posts"}],"about":[{"href":"https:\/\/www.aliadospuebla.com\/index.php?rest_route=\/wp\/v2\/types\/post"}],"author":[{"embeddable":true,"href":"https:\/\/www.aliadospuebla.com\/index.php?rest_route=\/wp\/v2\/users\/3"}],"replies":[{"embeddable":true,"href":"https:\/\/www.aliadospuebla.com\/index.php?rest_route=%2Fwp%2Fv2%2Fcomments&post=62816"}],"version-history":[{"count":1,"href":"https:\/\/www.aliadospuebla.com\/index.php?rest_route=\/wp\/v2\/posts\/62816\/revisions"}],"predecessor-version":[{"id":62818,"href":"https:\/\/www.aliadospuebla.com\/index.php?rest_route=\/wp\/v2\/posts\/62816\/revisions\/62818"}],"wp:featuredmedia":[{"embeddable":true,"href":"https:\/\/www.aliadospuebla.com\/index.php?rest_route=\/wp\/v2\/media\/62817"}],"wp:attachment":[{"href":"https:\/\/www.aliadospuebla.com\/index.php?rest_route=%2Fwp%2Fv2%2Fmedia&parent=62816"}],"wp:term":[{"taxonomy":"category","embeddable":true,"href":"https:\/\/www.aliadospuebla.com\/index.php?rest_route=%2Fwp%2Fv2%2Fcategories&post=62816"},{"taxonomy":"post_tag","embeddable":true,"href":"https:\/\/www.aliadospuebla.com\/index.php?rest_route=%2Fwp%2Fv2%2Ftags&post=62816"}],"curies":[{"name":"wp","href":"https:\/\/api.w.org\/{rel}","templated":true}]}}