{"id":62788,"date":"2021-09-29T21:04:36","date_gmt":"2021-09-30T02:04:36","guid":{"rendered":"https:\/\/www.aliados17.com\/?p=62788"},"modified":"2021-09-29T21:04:36","modified_gmt":"2021-09-30T02:04:36","slug":"anuncia-ayuntamiento-de-puebla-cambio-temporal-en-via-recreativa-este-domingo-3-de-octubre","status":"publish","type":"post","link":"https:\/\/www.aliadospuebla.com\/?p=62788","title":{"rendered":"Anuncia Ayuntamiento de Puebla cambio temporal en V\u00eda Recreativa este domingo 3 de octubre"},"content":{"rendered":"<div dir=\"ltr\">\u2022 Por \u00fanica ocasi\u00f3n, el trayecto de la V\u00eda Recreativa Puebla ser\u00e1 de Fuente de los Frailes al Reloj del Gallito<\/div>\n<div dir=\"ltr\"><\/div>\n<div dir=\"ltr\">El Ayuntamiento de Puebla, a trav\u00e9s del Instituto<\/div>\n<div dir=\"ltr\">Municipal del Deporte (IMDP), informa que la ruta<\/div>\n<div dir=\"ltr\">de la V\u00eda Recreativa Puebla de este domingo<\/div>\n<div dir=\"ltr\">3 de octubre ser\u00e1 modificada, por \u00fanica ocasi\u00f3n,<\/div>\n<div dir=\"ltr\">de la Fuente de los Frailes hasta el Monumento<\/div>\n<div dir=\"ltr\">conocido como el Reloj del Gallito, ubicado en la<\/div>\n<div dir=\"ltr\">Avenida Reforma y 11 Sur, colonia Centro, a un costado del Paseo Bravo.<\/div>\n<div dir=\"ltr\"><\/div>\n<div dir=\"ltr\">De manera regular, el pr\u00e9stamo de bicicletas<\/div>\n<div dir=\"ltr\">se realizar\u00e1 en la estaci\u00f3n Fuente de los Frailes<\/div>\n<div dir=\"ltr\">en un horario de 8:00 am a 11.00 am.<\/div>\n<div dir=\"ltr\"><\/div>\n<div dir=\"ltr\">El pr\u00f3ximo domingo 10 de octubre se<\/div>\n<div dir=\"ltr\">retomar\u00e1 el trayecto habitual desde la Fuente<\/div>\n<div dir=\"ltr\">de los Frailes hasta la estaci\u00f3n del z\u00f3calo de<\/div>\n<div dir=\"ltr\">la Ciudad, para realizar actividades recreativas<\/div>\n<div dir=\"ltr\">como caminar, trotar, pasear con mascotas y pasear en bicicleta.<\/div>\n<div dir=\"ltr\"><\/div>\n<div dir=\"ltr\">Durante las actividades en la V\u00eda Recreativa<\/div>\n<div dir=\"ltr\">Puebla es importante respetar las medidas<\/div>\n<div dir=\"ltr\">sanitarias establecidas en el programa, con la<\/div>\n<div dir=\"ltr\">participaci\u00f3n de todas y todos podremos<\/div>\n<div dir=\"ltr\">seguir realizando actividades presenciales.<\/div>\n<div dir=\"ltr\"><\/div>\n<div dir=\"ltr\">Esta administraci\u00f3n sigue implementando<\/div>\n<div dir=\"ltr\">actividades f\u00edsicas para el bienestar de las familias poblanas.<\/div>\n<div dir=\"ltr\"><\/div>\n","protected":false},"excerpt":{"rendered":"<p>\u2022 Por \u00fanica ocasi\u00f3n, el trayecto de la V\u00eda Recreativa Puebla ser\u00e1 de Fuente de los Frailes al Reloj del Gallito El Ayuntamiento de Puebla, a trav\u00e9s del Instituto Municipal del Deporte (IMDP), informa que la ruta de la V\u00eda Recreativa Puebla de este domingo 3 de octubre ser\u00e1 modificada, por \u00fanica ocasi\u00f3n, de la Fuente de los Frailes hasta el Monumento conocido como el Reloj del Gallito, ubicado en la Avenida Reforma y 11 Sur, colonia Centro, a un costado del Paseo Bravo. De manera regular, el pr\u00e9stamo de bicicletas se realizar\u00e1 en la estaci\u00f3n Fuente de los Frailes en un horario de 8:00 am a 11.00 am. El pr\u00f3ximo domingo 10 de octubre se retomar\u00e1 el trayecto habitual desde la Fuente de los&hellip;<\/p>\n<p class=\"excerpt-more\"><a class=\"blog-excerpt button\" href=\"https:\/\/www.aliadospuebla.com\/?p=62788\">Leer m\u00e1s&#8230;<\/a><\/p>\n","protected":false},"author":3,"featured_media":62789,"comment_status":"open","ping_status":"open","sticky":false,"template":"","format":"standard","meta":{"_monsterinsights_skip_tracking":false,"footnotes":""},"categories":[62],"tags":[171,56,6043,1246,77,72,1090],"class_list":["post-62788","post","type-post","status-publish","format-standard","has-post-thumbnail","hentry","category-capital","tag-ayuntamiento","tag-capital","tag-claudia-rivera","tag-deporte","tag-municipios","tag-puebla","tag-via-recreativa"],"yoast_head":"<!-- This site is optimized with the Yoast SEO plugin v28.4 - https:\/\/yoast.com\/product\/yoast-seo-wordpress\/ -->\n<title>Anuncia Ayuntamiento de Puebla cambio temporal en V\u00eda Recreativa este domingo 3 de octubre - AliadosPuebla<\/title>\n<meta name=\"robots\" content=\"index, follow, max-snippet:-1, max-image-preview:large, max-video-preview:-1\" \/>\n<link rel=\"canonical\" href=\"https:\/\/www.aliadospuebla.com\/?p=62788\" \/>\n<meta property=\"og:locale\" content=\"es_ES\" \/>\n<meta property=\"og:type\" content=\"article\" \/>\n<meta property=\"og:title\" content=\"Anuncia Ayuntamiento de Puebla cambio temporal en V\u00eda Recreativa este domingo 3 de octubre - AliadosPuebla\" \/>\n<meta property=\"og:description\" content=\"\u2022 Por \u00fanica ocasi\u00f3n, el trayecto de la V\u00eda Recreativa Puebla ser\u00e1 de Fuente de los Frailes al Reloj del Gallito El Ayuntamiento de Puebla, a trav\u00e9s del Instituto Municipal del Deporte (IMDP), informa que la ruta de la V\u00eda Recreativa Puebla de este domingo 3 de octubre ser\u00e1 modificada, por \u00fanica ocasi\u00f3n, de la Fuente de los Frailes hasta el Monumento conocido como el Reloj del Gallito, ubicado en la Avenida Reforma y 11 Sur, colonia Centro, a un costado del Paseo Bravo. De manera regular, el pr\u00e9stamo de bicicletas se realizar\u00e1 en la estaci\u00f3n Fuente de los Frailes en un horario de 8:00 am a 11.00 am. El pr\u00f3ximo domingo 10 de octubre se retomar\u00e1 el trayecto habitual desde la Fuente de los&hellip;Leer m\u00e1s...\" \/>\n<meta property=\"og:url\" content=\"https:\/\/www.aliadospuebla.com\/?p=62788\" \/>\n<meta property=\"og:site_name\" content=\"AliadosPuebla\" \/>\n<meta property=\"article:published_time\" content=\"2021-09-30T02:04:36+00:00\" \/>\n<meta property=\"og:image\" content=\"https:\/\/www.aliadospuebla.com\/web2017\/wp-content\/uploads\/2021\/09\/CAPITAL-42.jpg\" \/>\n\t<meta property=\"og:image:width\" content=\"600\" \/>\n\t<meta property=\"og:image:height\" content=\"450\" \/>\n\t<meta property=\"og:image:type\" content=\"image\/jpeg\" \/>\n<meta name=\"author\" content=\"Aliados Videos\" \/>\n<meta name=\"twitter:card\" content=\"summary_large_image\" \/>\n<meta name=\"twitter:label1\" content=\"Escrito por\" \/>\n\t<meta name=\"twitter:data1\" content=\"Aliados Videos\" \/>\n\t<meta name=\"twitter:label2\" content=\"Tiempo de lectura\" \/>\n\t<meta name=\"twitter:data2\" content=\"1 minuto\" \/>\n<script type=\"application\/ld+json\" class=\"yoast-schema-graph\">{\"@context\":\"https:\\\/\\\/schema.org\",\"@graph\":[{\"@type\":\"Article\",\"@id\":\"https:\\\/\\\/www.aliadospuebla.com\\\/?p=62788#article\",\"isPartOf\":{\"@id\":\"https:\\\/\\\/www.aliadospuebla.com\\\/?p=62788\"},\"author\":{\"name\":\"Aliados Videos\",\"@id\":\"https:\\\/\\\/www.aliadospuebla.com\\\/#\\\/schema\\\/person\\\/0fd017f23cc5c3f7988d5d58850eec8e\"},\"headline\":\"Anuncia Ayuntamiento de Puebla cambio temporal en V\u00eda Recreativa este domingo 3 de octubre\",\"datePublished\":\"2021-09-30T02:04:36+00:00\",\"mainEntityOfPage\":{\"@id\":\"https:\\\/\\\/www.aliadospuebla.com\\\/?p=62788\"},\"wordCount\":213,\"commentCount\":0,\"image\":{\"@id\":\"https:\\\/\\\/www.aliadospuebla.com\\\/?p=62788#primaryimage\"},\"thumbnailUrl\":\"https:\\\/\\\/www.aliadospuebla.com\\\/web2017\\\/wp-content\\\/uploads\\\/2021\\\/09\\\/CAPITAL-42.jpg\",\"keywords\":[\"Ayuntamiento\",\"capital\",\"CLAUDIA RIVERA\",\"DEPORTE\",\"Municipios\",\"Puebla\",\"V\u00cdA RECREATIVA\"],\"articleSection\":[\"Capital\"],\"inLanguage\":\"es\",\"potentialAction\":[{\"@type\":\"CommentAction\",\"name\":\"Comment\",\"target\":[\"https:\\\/\\\/www.aliadospuebla.com\\\/?p=62788#respond\"]}]},{\"@type\":\"WebPage\",\"@id\":\"https:\\\/\\\/www.aliadospuebla.com\\\/?p=62788\",\"url\":\"https:\\\/\\\/www.aliadospuebla.com\\\/?p=62788\",\"name\":\"Anuncia Ayuntamiento de Puebla cambio temporal en V\u00eda Recreativa este domingo 3 de octubre - AliadosPuebla\",\"isPartOf\":{\"@id\":\"https:\\\/\\\/www.aliadospuebla.com\\\/#website\"},\"primaryImageOfPage\":{\"@id\":\"https:\\\/\\\/www.aliadospuebla.com\\\/?p=62788#primaryimage\"},\"image\":{\"@id\":\"https:\\\/\\\/www.aliadospuebla.com\\\/?p=62788#primaryimage\"},\"thumbnailUrl\":\"https:\\\/\\\/www.aliadospuebla.com\\\/web2017\\\/wp-content\\\/uploads\\\/2021\\\/09\\\/CAPITAL-42.jpg\",\"datePublished\":\"2021-09-30T02:04:36+00:00\",\"author\":{\"@id\":\"https:\\\/\\\/www.aliadospuebla.com\\\/#\\\/schema\\\/person\\\/0fd017f23cc5c3f7988d5d58850eec8e\"},\"breadcrumb\":{\"@id\":\"https:\\\/\\\/www.aliadospuebla.com\\\/?p=62788#breadcrumb\"},\"inLanguage\":\"es\",\"potentialAction\":[{\"@type\":\"ReadAction\",\"target\":[\"https:\\\/\\\/www.aliadospuebla.com\\\/?p=62788\"]}]},{\"@type\":\"ImageObject\",\"inLanguage\":\"es\",\"@id\":\"https:\\\/\\\/www.aliadospuebla.com\\\/?p=62788#primaryimage\",\"url\":\"https:\\\/\\\/www.aliadospuebla.com\\\/web2017\\\/wp-content\\\/uploads\\\/2021\\\/09\\\/CAPITAL-42.jpg\",\"contentUrl\":\"https:\\\/\\\/www.aliadospuebla.com\\\/web2017\\\/wp-content\\\/uploads\\\/2021\\\/09\\\/CAPITAL-42.jpg\",\"width\":600,\"height\":450},{\"@type\":\"BreadcrumbList\",\"@id\":\"https:\\\/\\\/www.aliadospuebla.com\\\/?p=62788#breadcrumb\",\"itemListElement\":[{\"@type\":\"ListItem\",\"position\":1,\"name\":\"Portada\",\"item\":\"https:\\\/\\\/www.aliadospuebla.com\\\/\"},{\"@type\":\"ListItem\",\"position\":2,\"name\":\"Anuncia Ayuntamiento de Puebla cambio temporal en V\u00eda Recreativa este domingo 3 de octubre\"}]},{\"@type\":\"WebSite\",\"@id\":\"https:\\\/\\\/www.aliadospuebla.com\\\/#website\",\"url\":\"https:\\\/\\\/www.aliadospuebla.com\\\/\",\"name\":\"AliadosPuebla\",\"description\":\"La informaci\u00f3n en tus manos\",\"potentialAction\":[{\"@type\":\"SearchAction\",\"target\":{\"@type\":\"EntryPoint\",\"urlTemplate\":\"https:\\\/\\\/www.aliadospuebla.com\\\/?s={search_term_string}\"},\"query-input\":{\"@type\":\"PropertyValueSpecification\",\"valueRequired\":true,\"valueName\":\"search_term_string\"}}],\"inLanguage\":\"es\"},{\"@type\":\"Person\",\"@id\":\"https:\\\/\\\/www.aliadospuebla.com\\\/#\\\/schema\\\/person\\\/0fd017f23cc5c3f7988d5d58850eec8e\",\"name\":\"Aliados Videos\",\"image\":{\"@type\":\"ImageObject\",\"inLanguage\":\"es\",\"@id\":\"https:\\\/\\\/secure.gravatar.com\\\/avatar\\\/42b92de8b2d8339e1e824f3a73ab023a0bec0ee2e3920248085eb1f3160b4083?s=96&d=mm&r=g\",\"url\":\"https:\\\/\\\/secure.gravatar.com\\\/avatar\\\/42b92de8b2d8339e1e824f3a73ab023a0bec0ee2e3920248085eb1f3160b4083?s=96&d=mm&r=g\",\"contentUrl\":\"https:\\\/\\\/secure.gravatar.com\\\/avatar\\\/42b92de8b2d8339e1e824f3a73ab023a0bec0ee2e3920248085eb1f3160b4083?s=96&d=mm&r=g\",\"caption\":\"Aliados Videos\"},\"url\":\"https:\\\/\\\/www.aliadospuebla.com\\\/?author=3\"}]}<\/script>\n<!-- \/ Yoast SEO plugin. -->","yoast_head_json":{"title":"Anuncia Ayuntamiento de Puebla cambio temporal en V\u00eda Recreativa este domingo 3 de octubre - AliadosPuebla","robots":{"index":"index","follow":"follow","max-snippet":"max-snippet:-1","max-image-preview":"max-image-preview:large","max-video-preview":"max-video-preview:-1"},"canonical":"https:\/\/www.aliadospuebla.com\/?p=62788","og_locale":"es_ES","og_type":"article","og_title":"Anuncia Ayuntamiento de Puebla cambio temporal en V\u00eda Recreativa este domingo 3 de octubre - AliadosPuebla","og_description":"\u2022 Por \u00fanica ocasi\u00f3n, el trayecto de la V\u00eda Recreativa Puebla ser\u00e1 de Fuente de los Frailes al Reloj del Gallito El Ayuntamiento de Puebla, a trav\u00e9s del Instituto Municipal del Deporte (IMDP), informa que la ruta de la V\u00eda Recreativa Puebla de este domingo 3 de octubre ser\u00e1 modificada, por \u00fanica ocasi\u00f3n, de la Fuente de los Frailes hasta el Monumento conocido como el Reloj del Gallito, ubicado en la Avenida Reforma y 11 Sur, colonia Centro, a un costado del Paseo Bravo. De manera regular, el pr\u00e9stamo de bicicletas se realizar\u00e1 en la estaci\u00f3n Fuente de los Frailes en un horario de 8:00 am a 11.00 am. El pr\u00f3ximo domingo 10 de octubre se retomar\u00e1 el trayecto habitual desde la Fuente de los&hellip;Leer m\u00e1s...","og_url":"https:\/\/www.aliadospuebla.com\/?p=62788","og_site_name":"AliadosPuebla","article_published_time":"2021-09-30T02:04:36+00:00","og_image":[{"width":600,"height":450,"url":"https:\/\/www.aliadospuebla.com\/web2017\/wp-content\/uploads\/2021\/09\/CAPITAL-42.jpg","type":"image\/jpeg"}],"author":"Aliados Videos","twitter_card":"summary_large_image","twitter_misc":{"Escrito por":"Aliados Videos","Tiempo de lectura":"1 minuto"},"schema":{"@context":"https:\/\/schema.org","@graph":[{"@type":"Article","@id":"https:\/\/www.aliadospuebla.com\/?p=62788#article","isPartOf":{"@id":"https:\/\/www.aliadospuebla.com\/?p=62788"},"author":{"name":"Aliados Videos","@id":"https:\/\/www.aliadospuebla.com\/#\/schema\/person\/0fd017f23cc5c3f7988d5d58850eec8e"},"headline":"Anuncia Ayuntamiento de Puebla cambio temporal en V\u00eda Recreativa este domingo 3 de octubre","datePublished":"2021-09-30T02:04:36+00:00","mainEntityOfPage":{"@id":"https:\/\/www.aliadospuebla.com\/?p=62788"},"wordCount":213,"commentCount":0,"image":{"@id":"https:\/\/www.aliadospuebla.com\/?p=62788#primaryimage"},"thumbnailUrl":"https:\/\/www.aliadospuebla.com\/web2017\/wp-content\/uploads\/2021\/09\/CAPITAL-42.jpg","keywords":["Ayuntamiento","capital","CLAUDIA RIVERA","DEPORTE","Municipios","Puebla","V\u00cdA RECREATIVA"],"articleSection":["Capital"],"inLanguage":"es","potentialAction":[{"@type":"CommentAction","name":"Comment","target":["https:\/\/www.aliadospuebla.com\/?p=62788#respond"]}]},{"@type":"WebPage","@id":"https:\/\/www.aliadospuebla.com\/?p=62788","url":"https:\/\/www.aliadospuebla.com\/?p=62788","name":"Anuncia Ayuntamiento de Puebla cambio temporal en V\u00eda Recreativa este domingo 3 de octubre - AliadosPuebla","isPartOf":{"@id":"https:\/\/www.aliadospuebla.com\/#website"},"primaryImageOfPage":{"@id":"https:\/\/www.aliadospuebla.com\/?p=62788#primaryimage"},"image":{"@id":"https:\/\/www.aliadospuebla.com\/?p=62788#primaryimage"},"thumbnailUrl":"https:\/\/www.aliadospuebla.com\/web2017\/wp-content\/uploads\/2021\/09\/CAPITAL-42.jpg","datePublished":"2021-09-30T02:04:36+00:00","author":{"@id":"https:\/\/www.aliadospuebla.com\/#\/schema\/person\/0fd017f23cc5c3f7988d5d58850eec8e"},"breadcrumb":{"@id":"https:\/\/www.aliadospuebla.com\/?p=62788#breadcrumb"},"inLanguage":"es","potentialAction":[{"@type":"ReadAction","target":["https:\/\/www.aliadospuebla.com\/?p=62788"]}]},{"@type":"ImageObject","inLanguage":"es","@id":"https:\/\/www.aliadospuebla.com\/?p=62788#primaryimage","url":"https:\/\/www.aliadospuebla.com\/web2017\/wp-content\/uploads\/2021\/09\/CAPITAL-42.jpg","contentUrl":"https:\/\/www.aliadospuebla.com\/web2017\/wp-content\/uploads\/2021\/09\/CAPITAL-42.jpg","width":600,"height":450},{"@type":"BreadcrumbList","@id":"https:\/\/www.aliadospuebla.com\/?p=62788#breadcrumb","itemListElement":[{"@type":"ListItem","position":1,"name":"Portada","item":"https:\/\/www.aliadospuebla.com\/"},{"@type":"ListItem","position":2,"name":"Anuncia Ayuntamiento de Puebla cambio temporal en V\u00eda Recreativa este domingo 3 de octubre"}]},{"@type":"WebSite","@id":"https:\/\/www.aliadospuebla.com\/#website","url":"https:\/\/www.aliadospuebla.com\/","name":"AliadosPuebla","description":"La informaci\u00f3n en tus manos","potentialAction":[{"@type":"SearchAction","target":{"@type":"EntryPoint","urlTemplate":"https:\/\/www.aliadospuebla.com\/?s={search_term_string}"},"query-input":{"@type":"PropertyValueSpecification","valueRequired":true,"valueName":"search_term_string"}}],"inLanguage":"es"},{"@type":"Person","@id":"https:\/\/www.aliadospuebla.com\/#\/schema\/person\/0fd017f23cc5c3f7988d5d58850eec8e","name":"Aliados Videos","image":{"@type":"ImageObject","inLanguage":"es","@id":"https:\/\/secure.gravatar.com\/avatar\/42b92de8b2d8339e1e824f3a73ab023a0bec0ee2e3920248085eb1f3160b4083?s=96&d=mm&r=g","url":"https:\/\/secure.gravatar.com\/avatar\/42b92de8b2d8339e1e824f3a73ab023a0bec0ee2e3920248085eb1f3160b4083?s=96&d=mm&r=g","contentUrl":"https:\/\/secure.gravatar.com\/avatar\/42b92de8b2d8339e1e824f3a73ab023a0bec0ee2e3920248085eb1f3160b4083?s=96&d=mm&r=g","caption":"Aliados Videos"},"url":"https:\/\/www.aliadospuebla.com\/?author=3"}]}},"views":11,"_links":{"self":[{"href":"https:\/\/www.aliadospuebla.com\/index.php?rest_route=\/wp\/v2\/posts\/62788","targetHints":{"allow":["GET"]}}],"collection":[{"href":"https:\/\/www.aliadospuebla.com\/index.php?rest_route=\/wp\/v2\/posts"}],"about":[{"href":"https:\/\/www.aliadospuebla.com\/index.php?rest_route=\/wp\/v2\/types\/post"}],"author":[{"embeddable":true,"href":"https:\/\/www.aliadospuebla.com\/index.php?rest_route=\/wp\/v2\/users\/3"}],"replies":[{"embeddable":true,"href":"https:\/\/www.aliadospuebla.com\/index.php?rest_route=%2Fwp%2Fv2%2Fcomments&post=62788"}],"version-history":[{"count":1,"href":"https:\/\/www.aliadospuebla.com\/index.php?rest_route=\/wp\/v2\/posts\/62788\/revisions"}],"predecessor-version":[{"id":62790,"href":"https:\/\/www.aliadospuebla.com\/index.php?rest_route=\/wp\/v2\/posts\/62788\/revisions\/62790"}],"wp:featuredmedia":[{"embeddable":true,"href":"https:\/\/www.aliadospuebla.com\/index.php?rest_route=\/wp\/v2\/media\/62789"}],"wp:attachment":[{"href":"https:\/\/www.aliadospuebla.com\/index.php?rest_route=%2Fwp%2Fv2%2Fmedia&parent=62788"}],"wp:term":[{"taxonomy":"category","embeddable":true,"href":"https:\/\/www.aliadospuebla.com\/index.php?rest_route=%2Fwp%2Fv2%2Fcategories&post=62788"},{"taxonomy":"post_tag","embeddable":true,"href":"https:\/\/www.aliadospuebla.com\/index.php?rest_route=%2Fwp%2Fv2%2Ftags&post=62788"}],"curies":[{"name":"wp","href":"https:\/\/api.w.org\/{rel}","templated":true}]}}