{"id":62760,"date":"2021-09-29T15:33:55","date_gmt":"2021-09-29T20:33:55","guid":{"rendered":"https:\/\/www.aliados17.com\/?p=62760"},"modified":"2021-09-29T15:33:55","modified_gmt":"2021-09-29T20:33:55","slug":"reconocera-ayuntamiento-capitalino-a-personal-medico-y-hospitalario-que-combate-la-enfermedad-covid19","status":"publish","type":"post","link":"https:\/\/www.aliadospuebla.com\/?p=62760","title":{"rendered":"Reconocer\u00e1 Ayuntamiento capitalino a personal m\u00e9dico y hospitalario que combate la enfermedad COVID19"},"content":{"rendered":"<ul>\n<li style=\"font-weight: 400;\" aria-level=\"1\"><i><span style=\"font-weight: 400;\">El pr\u00f3ximo domingo se entregar\u00e1 la <\/span><\/i><\/li>\n<li style=\"font-weight: 400;\" aria-level=\"1\"><i><span style=\"font-weight: 400;\">m\u00e1xima condecoraci\u00f3n que ofrece la Ciudad de Tlaxcala\u00a0<\/span><\/i><\/li>\n<\/ul>\n<p><span style=\"font-weight: 400;\">Como una forma de reconocer la loable labor<\/span><\/p>\n<p><span style=\"font-weight: 400;\"> que ha desempe\u00f1ado el personal m\u00e9dico y <\/span><\/p>\n<p><span style=\"font-weight: 400;\">hospitalario en el combate a la pandemia de<\/span><\/p>\n<p><span style=\"font-weight: 400;\"> COVID19, el Presidente Municipal de Tlaxcala, <\/span><\/p>\n<p><span style=\"font-weight: 400;\">Jorge Corichi, propuso ante miembros del Honorable<\/span><\/p>\n<p><span style=\"font-weight: 400;\"> Cabildo, la entrega de la Medalla Ciudad de Tlaxcala<\/span><\/p>\n<p><span style=\"font-weight: 400;\"> a estos h\u00e9roes, que han luchado de forma incansable<\/span><\/p>\n<p><span style=\"font-weight: 400;\"> desde el inicio de la emergencia sanitaria para <\/span><\/p>\n<p><span style=\"font-weight: 400;\">cuidar y preservar la salud y la vida de nuestro pueblo.<\/span><\/p>\n<p><span style=\"font-weight: 400;\">Fue durante la Primera Sesi\u00f3n Ordinaria de <\/span><\/p>\n<p><span style=\"font-weight: 400;\">Cabildo donde se puso a consideraci\u00f3n y votaci\u00f3n<\/span><\/p>\n<p><span style=\"font-weight: 400;\"> del cuerpo edilicio esta iniciativa, que recupera el<\/span><\/p>\n<p><span style=\"font-weight: 400;\"> car\u00e1cter originario de la condecoraci\u00f3n, como un<\/span><\/p>\n<p><span style=\"font-weight: 400;\"> reconocimiento genuino a las contribuciones de <\/span><\/p>\n<p><span style=\"font-weight: 400;\">personajes o sectores sociales al desarrollo e<\/span><\/p>\n<p><span style=\"font-weight: 400;\"> historia de la sociedad tlaxcalteca.<\/span><\/p>\n<p><span style=\"font-weight: 400;\">\u201cHoy, la sinergia creada entre la ciudadan\u00eda <\/span><\/p>\n<p><span style=\"font-weight: 400;\">tlaxcalteca y la actual administraci\u00f3n ofrecen <\/span><\/p>\n<p><span style=\"font-weight: 400;\">una inmejorable circunstancia para revisar el <\/span><\/p>\n<p><span style=\"font-weight: 400;\">sentido institucional y comunitario de la Medalla.<\/span><\/p>\n<p><span style=\"font-weight: 400;\"> Recuperar su car\u00e1cter original es prioritario. Por<\/span><\/p>\n<p><span style=\"font-weight: 400;\"> ello, respetuosamente, sugerimos fortalecer la <\/span><\/p>\n<p><span style=\"font-weight: 400;\">significaci\u00f3n de la entrega de la Medalla, que<\/span><\/p>\n<p><span style=\"font-weight: 400;\"> simboliza el reconocimiento que hace la comunidad<\/span><\/p>\n<p><span style=\"font-weight: 400;\"> tlaxcalteca hacia sus ciudadanos destacados y no <\/span><\/p>\n<p><span style=\"font-weight: 400;\">\u201cdesgastar\u201d la distinci\u00f3n con la entrega de otros <\/span><\/p>\n<p><span style=\"font-weight: 400;\">est\u00edmulos como Llaves de la Ciudad o la Presea<\/span><\/p>\n<p><span style=\"font-weight: 400;\"> Xicoht\u00e9ncatl Axayacatzin, como se hizo en otras <\/span><\/p>\n<p><span style=\"font-weight: 400;\">administraciones municipales\u201d, extern\u00f3.<\/span><\/p>\n<p><span style=\"font-weight: 400;\">As\u00ed, con una votaci\u00f3n un\u00e1nime de 20 votos <\/span><\/p>\n<p><span style=\"font-weight: 400;\">a favor, el Cabildo aprob\u00f3 el otorgamiento de <\/span><\/p>\n<p><span style=\"font-weight: 400;\">la Medalla Ciudad de Tlaxcala a las y los <\/span><\/p>\n<p><span style=\"font-weight: 400;\">m\u00e9dicos adscritos, a las y los m\u00e9dicos pasantes,<\/span><\/p>\n<p><span style=\"font-weight: 400;\"> a las y los m\u00e9dicos internos, a las y los enfermeros, <\/span><\/p>\n<p><span style=\"font-weight: 400;\">a las y los camilleros, a las y los intendentes; <\/span><\/p>\n<p><span style=\"font-weight: 400;\">as\u00ed como a los qu\u00edmicos, bi\u00f3logos, personal <\/span><\/p>\n<p><span style=\"font-weight: 400;\">de laboratorio, de cocina, de intendencia, y<\/span><\/p>\n<p><span style=\"font-weight: 400;\">se\u00f1aladamente a aquellos que han perdido <\/span><\/p>\n<p><span style=\"font-weight: 400;\">la vida en el honorable cumplimiento de su deber.\u00a0<\/span><\/p>\n<p><span style=\"font-weight: 400;\">Esta m\u00e1xima distinci\u00f3n ser\u00e1 entregada <\/span><\/p>\n<p><span style=\"font-weight: 400;\">a representantes de cada uno de los centros <\/span><\/p>\n<p><span style=\"font-weight: 400;\">hospitalarios p\u00fablicos y privados del<\/span><\/p>\n<p><span style=\"font-weight: 400;\"> municipio de Tlaxcala, durante la Sesi\u00f3n<\/span><\/p>\n<p><span style=\"font-weight: 400;\"> Solemne de Cabildo que se tendr\u00e1 verificativo<\/span><\/p>\n<p><span style=\"font-weight: 400;\"> en el Atrio del Conjunto Conventual <\/span><\/p>\n<p><span style=\"font-weight: 400;\">Franciscano de la Capital Tlaxcalteca el<\/span><\/p>\n<p><span style=\"font-weight: 400;\"> pr\u00f3ximo 3 de octubre, sitio que fue <\/span><\/p>\n<p><span style=\"font-weight: 400;\">aprobado en esta Sesi\u00f3n como recinto oficial <\/span><\/p>\n<p><span style=\"font-weight: 400;\">para la ceremonia de entrega.\u00a0<\/span><\/p>\n<p><span style=\"font-weight: 400;\">Cabe destacar que la mencionada presea <\/span><\/p>\n<p><span style=\"font-weight: 400;\">fue<\/span> <span style=\"font-weight: 400;\">instituida en 1992 por el Cabildo tlaxcalteca <\/span><\/p>\n<p><span style=\"font-weight: 400;\">y en esta edici\u00f3n, se redise\u00f1ar\u00e1 poniendo en<\/span><\/p>\n<p><span style=\"font-weight: 400;\"> valor algunos elementos provenientes de la <\/span><\/p>\n<p><span style=\"font-weight: 400;\">pictograf\u00eda estatal del siglo XVI, particularmente <\/span><\/p>\n<p><span style=\"font-weight: 400;\">del Lienzo de Tlaxcala, que permiti\u00f3 documentar<\/span><\/p>\n<p><span style=\"font-weight: 400;\">la relevancia de nuestra entidad en un largo proceso<\/span><\/p>\n<p><span style=\"font-weight: 400;\"> de sincretismo cultural, ling\u00fc\u00edstico, social y <\/span><\/p>\n<p><span style=\"font-weight: 400;\">econ\u00f3mico que hoy d\u00eda forma parte de nuestra identidad nacional.<\/span><\/p>\n","protected":false},"excerpt":{"rendered":"<p>El pr\u00f3ximo domingo se entregar\u00e1 la m\u00e1xima condecoraci\u00f3n que ofrece la Ciudad de Tlaxcala\u00a0 Como una forma de reconocer la loable labor que ha desempe\u00f1ado el personal m\u00e9dico y hospitalario en el combate a la pandemia de COVID19, el Presidente Municipal de Tlaxcala, Jorge Corichi, propuso ante miembros del Honorable Cabildo, la entrega de la Medalla Ciudad de Tlaxcala a estos h\u00e9roes, que han luchado de forma incansable desde el inicio de la emergencia sanitaria para cuidar y preservar la salud y la vida de nuestro pueblo. Fue durante la Primera Sesi\u00f3n Ordinaria de Cabildo donde se puso a consideraci\u00f3n y votaci\u00f3n del cuerpo edilicio esta iniciativa, que recupera el car\u00e1cter originario de la condecoraci\u00f3n, como un reconocimiento genuino a las contribuciones de personajes o&hellip;<\/p>\n<p class=\"excerpt-more\"><a class=\"blog-excerpt button\" href=\"https:\/\/www.aliadospuebla.com\/?p=62760\">Leer m\u00e1s&#8230;<\/a><\/p>\n","protected":false},"author":3,"featured_media":62761,"comment_status":"open","ping_status":"open","sticky":false,"template":"","format":"standard","meta":{"_monsterinsights_skip_tracking":false,"footnotes":""},"categories":[8304],"tags":[171,56,16288,77,3002,319],"class_list":["post-62760","post","type-post","status-publish","format-standard","has-post-thumbnail","hentry","category-nacional","tag-ayuntamiento","tag-capital","tag-jorge-corichi","tag-municipios","tag-regidores","tag-tlaxcala"],"yoast_head":"<!-- This site is optimized with the Yoast SEO plugin v28.4 - https:\/\/yoast.com\/product\/yoast-seo-wordpress\/ -->\n<title>Reconocer\u00e1 Ayuntamiento capitalino a personal m\u00e9dico y hospitalario que combate la enfermedad COVID19 - AliadosPuebla<\/title>\n<meta name=\"robots\" content=\"index, follow, max-snippet:-1, max-image-preview:large, max-video-preview:-1\" \/>\n<link rel=\"canonical\" href=\"https:\/\/www.aliadospuebla.com\/?p=62760\" \/>\n<meta property=\"og:locale\" content=\"es_ES\" \/>\n<meta property=\"og:type\" content=\"article\" \/>\n<meta property=\"og:title\" content=\"Reconocer\u00e1 Ayuntamiento capitalino a personal m\u00e9dico y hospitalario que combate la enfermedad COVID19 - AliadosPuebla\" \/>\n<meta property=\"og:description\" content=\"El pr\u00f3ximo domingo se entregar\u00e1 la m\u00e1xima condecoraci\u00f3n que ofrece la Ciudad de Tlaxcala\u00a0 Como una forma de reconocer la loable labor que ha desempe\u00f1ado el personal m\u00e9dico y hospitalario en el combate a la pandemia de COVID19, el Presidente Municipal de Tlaxcala, Jorge Corichi, propuso ante miembros del Honorable Cabildo, la entrega de la Medalla Ciudad de Tlaxcala a estos h\u00e9roes, que han luchado de forma incansable desde el inicio de la emergencia sanitaria para cuidar y preservar la salud y la vida de nuestro pueblo. Fue durante la Primera Sesi\u00f3n Ordinaria de Cabildo donde se puso a consideraci\u00f3n y votaci\u00f3n del cuerpo edilicio esta iniciativa, que recupera el car\u00e1cter originario de la condecoraci\u00f3n, como un reconocimiento genuino a las contribuciones de personajes o&hellip;Leer m\u00e1s...\" \/>\n<meta property=\"og:url\" content=\"https:\/\/www.aliadospuebla.com\/?p=62760\" \/>\n<meta property=\"og:site_name\" content=\"AliadosPuebla\" \/>\n<meta property=\"article:published_time\" content=\"2021-09-29T20:33:55+00:00\" \/>\n<meta property=\"og:image\" content=\"https:\/\/www.aliadospuebla.com\/web2017\/wp-content\/uploads\/2021\/09\/TLAX-123.jpg\" \/>\n\t<meta property=\"og:image:width\" content=\"600\" \/>\n\t<meta property=\"og:image:height\" content=\"450\" \/>\n\t<meta property=\"og:image:type\" content=\"image\/jpeg\" \/>\n<meta name=\"author\" content=\"Aliados Videos\" \/>\n<meta name=\"twitter:card\" content=\"summary_large_image\" \/>\n<meta name=\"twitter:label1\" content=\"Escrito por\" \/>\n\t<meta name=\"twitter:data1\" content=\"Aliados Videos\" \/>\n\t<meta name=\"twitter:label2\" content=\"Tiempo de lectura\" \/>\n\t<meta name=\"twitter:data2\" content=\"2 minutos\" \/>\n<script type=\"application\/ld+json\" class=\"yoast-schema-graph\">{\"@context\":\"https:\\\/\\\/schema.org\",\"@graph\":[{\"@type\":\"Article\",\"@id\":\"https:\\\/\\\/www.aliadospuebla.com\\\/?p=62760#article\",\"isPartOf\":{\"@id\":\"https:\\\/\\\/www.aliadospuebla.com\\\/?p=62760\"},\"author\":{\"name\":\"Aliados Videos\",\"@id\":\"https:\\\/\\\/www.aliadospuebla.com\\\/#\\\/schema\\\/person\\\/0fd017f23cc5c3f7988d5d58850eec8e\"},\"headline\":\"Reconocer\u00e1 Ayuntamiento capitalino a personal m\u00e9dico y hospitalario que combate la enfermedad COVID19\",\"datePublished\":\"2021-09-29T20:33:55+00:00\",\"mainEntityOfPage\":{\"@id\":\"https:\\\/\\\/www.aliadospuebla.com\\\/?p=62760\"},\"wordCount\":482,\"commentCount\":0,\"image\":{\"@id\":\"https:\\\/\\\/www.aliadospuebla.com\\\/?p=62760#primaryimage\"},\"thumbnailUrl\":\"https:\\\/\\\/www.aliadospuebla.com\\\/web2017\\\/wp-content\\\/uploads\\\/2021\\\/09\\\/TLAX-123.jpg\",\"keywords\":[\"Ayuntamiento\",\"capital\",\"JORGE CORICHI\",\"Municipios\",\"REGIDORES\",\"TLAXCALA\"],\"articleSection\":[\"Nacional\"],\"inLanguage\":\"es\",\"potentialAction\":[{\"@type\":\"CommentAction\",\"name\":\"Comment\",\"target\":[\"https:\\\/\\\/www.aliadospuebla.com\\\/?p=62760#respond\"]}]},{\"@type\":\"WebPage\",\"@id\":\"https:\\\/\\\/www.aliadospuebla.com\\\/?p=62760\",\"url\":\"https:\\\/\\\/www.aliadospuebla.com\\\/?p=62760\",\"name\":\"Reconocer\u00e1 Ayuntamiento capitalino a personal m\u00e9dico y hospitalario que combate la enfermedad COVID19 - AliadosPuebla\",\"isPartOf\":{\"@id\":\"https:\\\/\\\/www.aliadospuebla.com\\\/#website\"},\"primaryImageOfPage\":{\"@id\":\"https:\\\/\\\/www.aliadospuebla.com\\\/?p=62760#primaryimage\"},\"image\":{\"@id\":\"https:\\\/\\\/www.aliadospuebla.com\\\/?p=62760#primaryimage\"},\"thumbnailUrl\":\"https:\\\/\\\/www.aliadospuebla.com\\\/web2017\\\/wp-content\\\/uploads\\\/2021\\\/09\\\/TLAX-123.jpg\",\"datePublished\":\"2021-09-29T20:33:55+00:00\",\"author\":{\"@id\":\"https:\\\/\\\/www.aliadospuebla.com\\\/#\\\/schema\\\/person\\\/0fd017f23cc5c3f7988d5d58850eec8e\"},\"breadcrumb\":{\"@id\":\"https:\\\/\\\/www.aliadospuebla.com\\\/?p=62760#breadcrumb\"},\"inLanguage\":\"es\",\"potentialAction\":[{\"@type\":\"ReadAction\",\"target\":[\"https:\\\/\\\/www.aliadospuebla.com\\\/?p=62760\"]}]},{\"@type\":\"ImageObject\",\"inLanguage\":\"es\",\"@id\":\"https:\\\/\\\/www.aliadospuebla.com\\\/?p=62760#primaryimage\",\"url\":\"https:\\\/\\\/www.aliadospuebla.com\\\/web2017\\\/wp-content\\\/uploads\\\/2021\\\/09\\\/TLAX-123.jpg\",\"contentUrl\":\"https:\\\/\\\/www.aliadospuebla.com\\\/web2017\\\/wp-content\\\/uploads\\\/2021\\\/09\\\/TLAX-123.jpg\",\"width\":600,\"height\":450},{\"@type\":\"BreadcrumbList\",\"@id\":\"https:\\\/\\\/www.aliadospuebla.com\\\/?p=62760#breadcrumb\",\"itemListElement\":[{\"@type\":\"ListItem\",\"position\":1,\"name\":\"Portada\",\"item\":\"https:\\\/\\\/www.aliadospuebla.com\\\/\"},{\"@type\":\"ListItem\",\"position\":2,\"name\":\"Reconocer\u00e1 Ayuntamiento capitalino a personal m\u00e9dico y hospitalario que combate la enfermedad COVID19\"}]},{\"@type\":\"WebSite\",\"@id\":\"https:\\\/\\\/www.aliadospuebla.com\\\/#website\",\"url\":\"https:\\\/\\\/www.aliadospuebla.com\\\/\",\"name\":\"AliadosPuebla\",\"description\":\"La informaci\u00f3n en tus manos\",\"potentialAction\":[{\"@type\":\"SearchAction\",\"target\":{\"@type\":\"EntryPoint\",\"urlTemplate\":\"https:\\\/\\\/www.aliadospuebla.com\\\/?s={search_term_string}\"},\"query-input\":{\"@type\":\"PropertyValueSpecification\",\"valueRequired\":true,\"valueName\":\"search_term_string\"}}],\"inLanguage\":\"es\"},{\"@type\":\"Person\",\"@id\":\"https:\\\/\\\/www.aliadospuebla.com\\\/#\\\/schema\\\/person\\\/0fd017f23cc5c3f7988d5d58850eec8e\",\"name\":\"Aliados Videos\",\"image\":{\"@type\":\"ImageObject\",\"inLanguage\":\"es\",\"@id\":\"https:\\\/\\\/secure.gravatar.com\\\/avatar\\\/42b92de8b2d8339e1e824f3a73ab023a0bec0ee2e3920248085eb1f3160b4083?s=96&d=mm&r=g\",\"url\":\"https:\\\/\\\/secure.gravatar.com\\\/avatar\\\/42b92de8b2d8339e1e824f3a73ab023a0bec0ee2e3920248085eb1f3160b4083?s=96&d=mm&r=g\",\"contentUrl\":\"https:\\\/\\\/secure.gravatar.com\\\/avatar\\\/42b92de8b2d8339e1e824f3a73ab023a0bec0ee2e3920248085eb1f3160b4083?s=96&d=mm&r=g\",\"caption\":\"Aliados Videos\"},\"url\":\"https:\\\/\\\/www.aliadospuebla.com\\\/?author=3\"}]}<\/script>\n<!-- \/ Yoast SEO plugin. -->","yoast_head_json":{"title":"Reconocer\u00e1 Ayuntamiento capitalino a personal m\u00e9dico y hospitalario que combate la enfermedad COVID19 - AliadosPuebla","robots":{"index":"index","follow":"follow","max-snippet":"max-snippet:-1","max-image-preview":"max-image-preview:large","max-video-preview":"max-video-preview:-1"},"canonical":"https:\/\/www.aliadospuebla.com\/?p=62760","og_locale":"es_ES","og_type":"article","og_title":"Reconocer\u00e1 Ayuntamiento capitalino a personal m\u00e9dico y hospitalario que combate la enfermedad COVID19 - AliadosPuebla","og_description":"El pr\u00f3ximo domingo se entregar\u00e1 la m\u00e1xima condecoraci\u00f3n que ofrece la Ciudad de Tlaxcala\u00a0 Como una forma de reconocer la loable labor que ha desempe\u00f1ado el personal m\u00e9dico y hospitalario en el combate a la pandemia de COVID19, el Presidente Municipal de Tlaxcala, Jorge Corichi, propuso ante miembros del Honorable Cabildo, la entrega de la Medalla Ciudad de Tlaxcala a estos h\u00e9roes, que han luchado de forma incansable desde el inicio de la emergencia sanitaria para cuidar y preservar la salud y la vida de nuestro pueblo. Fue durante la Primera Sesi\u00f3n Ordinaria de Cabildo donde se puso a consideraci\u00f3n y votaci\u00f3n del cuerpo edilicio esta iniciativa, que recupera el car\u00e1cter originario de la condecoraci\u00f3n, como un reconocimiento genuino a las contribuciones de personajes o&hellip;Leer m\u00e1s...","og_url":"https:\/\/www.aliadospuebla.com\/?p=62760","og_site_name":"AliadosPuebla","article_published_time":"2021-09-29T20:33:55+00:00","og_image":[{"width":600,"height":450,"url":"https:\/\/www.aliadospuebla.com\/web2017\/wp-content\/uploads\/2021\/09\/TLAX-123.jpg","type":"image\/jpeg"}],"author":"Aliados Videos","twitter_card":"summary_large_image","twitter_misc":{"Escrito por":"Aliados Videos","Tiempo de lectura":"2 minutos"},"schema":{"@context":"https:\/\/schema.org","@graph":[{"@type":"Article","@id":"https:\/\/www.aliadospuebla.com\/?p=62760#article","isPartOf":{"@id":"https:\/\/www.aliadospuebla.com\/?p=62760"},"author":{"name":"Aliados Videos","@id":"https:\/\/www.aliadospuebla.com\/#\/schema\/person\/0fd017f23cc5c3f7988d5d58850eec8e"},"headline":"Reconocer\u00e1 Ayuntamiento capitalino a personal m\u00e9dico y hospitalario que combate la enfermedad COVID19","datePublished":"2021-09-29T20:33:55+00:00","mainEntityOfPage":{"@id":"https:\/\/www.aliadospuebla.com\/?p=62760"},"wordCount":482,"commentCount":0,"image":{"@id":"https:\/\/www.aliadospuebla.com\/?p=62760#primaryimage"},"thumbnailUrl":"https:\/\/www.aliadospuebla.com\/web2017\/wp-content\/uploads\/2021\/09\/TLAX-123.jpg","keywords":["Ayuntamiento","capital","JORGE CORICHI","Municipios","REGIDORES","TLAXCALA"],"articleSection":["Nacional"],"inLanguage":"es","potentialAction":[{"@type":"CommentAction","name":"Comment","target":["https:\/\/www.aliadospuebla.com\/?p=62760#respond"]}]},{"@type":"WebPage","@id":"https:\/\/www.aliadospuebla.com\/?p=62760","url":"https:\/\/www.aliadospuebla.com\/?p=62760","name":"Reconocer\u00e1 Ayuntamiento capitalino a personal m\u00e9dico y hospitalario que combate la enfermedad COVID19 - AliadosPuebla","isPartOf":{"@id":"https:\/\/www.aliadospuebla.com\/#website"},"primaryImageOfPage":{"@id":"https:\/\/www.aliadospuebla.com\/?p=62760#primaryimage"},"image":{"@id":"https:\/\/www.aliadospuebla.com\/?p=62760#primaryimage"},"thumbnailUrl":"https:\/\/www.aliadospuebla.com\/web2017\/wp-content\/uploads\/2021\/09\/TLAX-123.jpg","datePublished":"2021-09-29T20:33:55+00:00","author":{"@id":"https:\/\/www.aliadospuebla.com\/#\/schema\/person\/0fd017f23cc5c3f7988d5d58850eec8e"},"breadcrumb":{"@id":"https:\/\/www.aliadospuebla.com\/?p=62760#breadcrumb"},"inLanguage":"es","potentialAction":[{"@type":"ReadAction","target":["https:\/\/www.aliadospuebla.com\/?p=62760"]}]},{"@type":"ImageObject","inLanguage":"es","@id":"https:\/\/www.aliadospuebla.com\/?p=62760#primaryimage","url":"https:\/\/www.aliadospuebla.com\/web2017\/wp-content\/uploads\/2021\/09\/TLAX-123.jpg","contentUrl":"https:\/\/www.aliadospuebla.com\/web2017\/wp-content\/uploads\/2021\/09\/TLAX-123.jpg","width":600,"height":450},{"@type":"BreadcrumbList","@id":"https:\/\/www.aliadospuebla.com\/?p=62760#breadcrumb","itemListElement":[{"@type":"ListItem","position":1,"name":"Portada","item":"https:\/\/www.aliadospuebla.com\/"},{"@type":"ListItem","position":2,"name":"Reconocer\u00e1 Ayuntamiento capitalino a personal m\u00e9dico y hospitalario que combate la enfermedad COVID19"}]},{"@type":"WebSite","@id":"https:\/\/www.aliadospuebla.com\/#website","url":"https:\/\/www.aliadospuebla.com\/","name":"AliadosPuebla","description":"La informaci\u00f3n en tus manos","potentialAction":[{"@type":"SearchAction","target":{"@type":"EntryPoint","urlTemplate":"https:\/\/www.aliadospuebla.com\/?s={search_term_string}"},"query-input":{"@type":"PropertyValueSpecification","valueRequired":true,"valueName":"search_term_string"}}],"inLanguage":"es"},{"@type":"Person","@id":"https:\/\/www.aliadospuebla.com\/#\/schema\/person\/0fd017f23cc5c3f7988d5d58850eec8e","name":"Aliados Videos","image":{"@type":"ImageObject","inLanguage":"es","@id":"https:\/\/secure.gravatar.com\/avatar\/42b92de8b2d8339e1e824f3a73ab023a0bec0ee2e3920248085eb1f3160b4083?s=96&d=mm&r=g","url":"https:\/\/secure.gravatar.com\/avatar\/42b92de8b2d8339e1e824f3a73ab023a0bec0ee2e3920248085eb1f3160b4083?s=96&d=mm&r=g","contentUrl":"https:\/\/secure.gravatar.com\/avatar\/42b92de8b2d8339e1e824f3a73ab023a0bec0ee2e3920248085eb1f3160b4083?s=96&d=mm&r=g","caption":"Aliados Videos"},"url":"https:\/\/www.aliadospuebla.com\/?author=3"}]}},"views":10,"_links":{"self":[{"href":"https:\/\/www.aliadospuebla.com\/index.php?rest_route=\/wp\/v2\/posts\/62760","targetHints":{"allow":["GET"]}}],"collection":[{"href":"https:\/\/www.aliadospuebla.com\/index.php?rest_route=\/wp\/v2\/posts"}],"about":[{"href":"https:\/\/www.aliadospuebla.com\/index.php?rest_route=\/wp\/v2\/types\/post"}],"author":[{"embeddable":true,"href":"https:\/\/www.aliadospuebla.com\/index.php?rest_route=\/wp\/v2\/users\/3"}],"replies":[{"embeddable":true,"href":"https:\/\/www.aliadospuebla.com\/index.php?rest_route=%2Fwp%2Fv2%2Fcomments&post=62760"}],"version-history":[{"count":1,"href":"https:\/\/www.aliadospuebla.com\/index.php?rest_route=\/wp\/v2\/posts\/62760\/revisions"}],"predecessor-version":[{"id":62762,"href":"https:\/\/www.aliadospuebla.com\/index.php?rest_route=\/wp\/v2\/posts\/62760\/revisions\/62762"}],"wp:featuredmedia":[{"embeddable":true,"href":"https:\/\/www.aliadospuebla.com\/index.php?rest_route=\/wp\/v2\/media\/62761"}],"wp:attachment":[{"href":"https:\/\/www.aliadospuebla.com\/index.php?rest_route=%2Fwp%2Fv2%2Fmedia&parent=62760"}],"wp:term":[{"taxonomy":"category","embeddable":true,"href":"https:\/\/www.aliadospuebla.com\/index.php?rest_route=%2Fwp%2Fv2%2Fcategories&post=62760"},{"taxonomy":"post_tag","embeddable":true,"href":"https:\/\/www.aliadospuebla.com\/index.php?rest_route=%2Fwp%2Fv2%2Ftags&post=62760"}],"curies":[{"name":"wp","href":"https:\/\/api.w.org\/{rel}","templated":true}]}}