{"id":62625,"date":"2021-09-26T14:30:59","date_gmt":"2021-09-26T19:30:59","guid":{"rendered":"https:\/\/www.aliados17.com\/?p=62625"},"modified":"2021-09-26T14:30:59","modified_gmt":"2021-09-26T19:30:59","slug":"cartelera-cultural-del-27-de-septiembre-al-03-de-octubre-de-2021","status":"publish","type":"post","link":"https:\/\/www.aliadospuebla.com\/?p=62625","title":{"rendered":"CARTELERA CULTURAL  Del 27 de septiembre al 03 de octubre de 2021"},"content":{"rendered":"<p>PROGRAMACI\u00d3N CCU EN CASA<br \/>\nLas Compa\u00f1\u00edas Art\u00edsticas del CCU BUAP transmiten diferentes presentaciones de danza,<br \/>\nm\u00fasica y teatro a trav\u00e9s de www.Facebook.com\/CCUBUAP con el prop\u00f3sito que las<br \/>\nfamilias puedan disfrutarlos desde la comodidad de su hogar. Esta semana presentan:<\/p>\n<p>Jueves 30 de septiembre de 2021<br \/>\nTejidos Latinoamericanos en Movimiento: Guatemala.<br \/>\nEntre hilos y tejidos, entre puntada y puntada la Compa\u00f1\u00eda de Danza<br \/>\nContempor\u00e1nea BUAP CCU ofrece desde el alma sus propuestas y llega hasta sus<br \/>\nhogares compartiendo y expresando el trabajo que hacen los grandes tejedores de<br \/>\nAm\u00e9rica Latina. Esta ocasi\u00f3n conoceremos a Karla Rivera Hern\u00e1ndez, int\u00e9rprete y<br \/>\nbailarina de la CODACO.<br \/>\nHora: 17:00 h.<\/p>\n<p>Jueves 30 de septiembre de 2021<br \/>\n\u201cLa partida\u201d<br \/>\nComo parte de la 26\u00b0 Temporada de la Compa\u00f1\u00eda de Danza Contempor\u00e1nea BUAP<br \/>\nCCU Virtual 2021, la CODACO presenta una obra que propone la po\u00e9tica<br \/>\nconfluencia de tres fuentes de inspiraci\u00f3n: la \u00faltima creaci\u00f3n musical del compositor,<br \/>\nlas palabras de amigos que a\u00fan hoy sobreviven como ecos eternos y la particular<br \/>\nconcepci\u00f3n est\u00e9tica del core\u00f3grafo en la que, el amor y la belleza se imponen a\u00fan<br \/>\nante la muerte.<br \/>\nHora: 19:00 h.<\/p>\n<p>Viernes 01 de octubre de 2021<br \/>\nLecturas dramatizadas<\/p>\n<p>En el marco del mes patrio, la Compa\u00f1\u00eda Titular De Teatro del CCU BUAP presenta<br \/>\nuna serie de lecturas dramatizadas de obras representativas del teatro mexicano<br \/>\nque tienen como objeto reflexionar sobre la identidad nacional.<br \/>\nHora: 18:00 h<\/p>\n<p>Viernes 01 de octubre de 2021<br \/>\nTr\u00edo de Saxofones: Yeyi Ityacatl<br \/>\nArte en Movimiento presenta al talentoso tr\u00edo Yeyi Ityacatl, expertos en el saxof\u00f3n<br \/>\ncon un repertorio fenomenal \u00a1No te los pierdas!<br \/>\nHora: 20:00 h.<\/p>\n<p>S\u00e1bado 02 de octubre de 2021<br \/>\nHomenaje a Jos\u00e9 Jos\u00e9<br \/>\nEl tenor Alan Montiel, jefe de cuerdas de tenores del Coro Sinf\u00f3nico BUAP CCU,<br \/>\nrinde homenaje al famoso cantante mexicano Jos\u00e9 Jos\u00e9, conocido en el pa\u00eds como<br \/>\nEl Pr\u00edncipe de la canci\u00f3n.<br \/>\nHora: 21:00 h.<\/p>\n<p>Domingo 03 de octubre de 2021<br \/>\nCanciones de Oto\u00f1o<br \/>\nEl tenor Antonio de la Rosa, director del Coro Sinf\u00f3nico BUAP CCU presenta un<br \/>\nconcierto dedicado a la tercera estaci\u00f3n del a\u00f1o, el oto\u00f1o: donde todo se transforma.<br \/>\nHora: 18:00 h.<br \/>\nLugar: www.Facebook.com\/CCUBUAP<br \/>\nEntrada gratuita<\/p>\n<p>LECTURAS DRAMATIZADAS<br \/>\nEn el marco del mes patrio, la Compa\u00f1\u00eda Titular de Teatro (COTEATRO) del Complejo<br \/>\nCultural Universitario BUAP (CCU) presenta una serie de lecturas dramatizadas de obras<br \/>\nrepresentativas del teatro mexicano que tienen como objeto reflexionar sobre la identidad<br \/>\nnacional.<br \/>\nFechas: 01 de octubre de 2021<br \/>\nHora: 18:00 h.<br \/>\nLugar: Facebook de la COTEATRO<br \/>\nEntrada gratuita<\/p>\n<p>9\u00b0 FESTIVAL ANGELOPOLITANO DE DANZA-PUEBLA 2021<br \/>\nDesde el a\u00f1o 2012 la Compa\u00f1\u00eda de Danza Contempor\u00e1nea BUAP CCU se propuso la<br \/>\nrealizaci\u00f3n del Festival Angelopolitano de Danza (FAD) como punto de encuentro estatal y<br \/>\nnacional para la reflexi\u00f3n y an\u00e1lisis danc\u00edstico, la ampliaci\u00f3n de la experiencia formativa,<br \/>\nprofesional y de vinculaci\u00f3n. El FAD ha contado con la participaci\u00f3n creciente en cada<br \/>\nuna de las actividades que en \u00e9l se han desarrollado.<br \/>\nEn esta emisi\u00f3n y por las circunstancias que seguimos enfrentando por el COVID-19, el<br \/>\n9\u00b0Festival Angelopolitano de Danza-Puebla 2021 se llevar\u00e1 a cabo de manera virtual,<br \/>\nhecho que permite acercar a un mayor n\u00famero de espectadores el trabajo de las<br \/>\ncompa\u00f1\u00edas participantes, as\u00ed como garantizar la asistencia remota a los talleres que ser\u00e1n<br \/>\nimpartidos.<\/p>\n<p>TALLERES VIRTUALES FAD 2021<br \/>\nTaller: La iluminaci\u00f3n para la escena, herramientas y dise\u00f1o<br \/>\nImparte: Mtro. Gregorio Trejo<br \/>\nFecha: del 11 al 15 de octubre de 2021<br \/>\nHora: de 18:00 a 20:00 h.<br \/>\nCosto: $100 pesos. Cupo m\u00e1ximo de 2 grupos con 20 personas cada uno.<\/p>\n<p>Taller: Edici\u00f3n de video y sonido<br \/>\nImparte: Oswaldo Valdovinos<\/p>\n<p>Fecha: del 25 al 29 de octubre de 2021<br \/>\nHora: de 18:30 a 20:00 h.<br \/>\nCosto: $100 pesos. Cupo m\u00e1ximo de 2 grupos con 20 personas cada uno.<br \/>\nPregunta por m\u00e1s detalles al (222) 229 55 00 Ext. 2656 de lunes a viernes de 09:30 a<br \/>\n16:00 h; o escribe al correo codaco.ccu@correo.buap.mx<\/p>\n<p>FUNCIONES FAD PUEBLA 2021<br \/>\n\u201cNuestra pandemia\u201d<br \/>\nPresenta: Compa\u00f1\u00eda de Danza Contempor\u00e1nea BUAP CCU<br \/>\nFecha: lunes 18 de octubre de 2021.<br \/>\nHora: 19:00 h.<\/p>\n<p>\u201cCasi un p\u00e1rrafo\u201d, \u201cHabitando\u201d<br \/>\nPresenta: TRIPULANTES Organizaci\u00f3n Creativa<br \/>\nFecha: martes 19 de octubre de 2021.<br \/>\nHora: 19:00 h.<\/p>\n<p>\u201cLaberintos y mujeres de humo\u201d<br \/>\nPresenta: Ma, espacio de danza<br \/>\nFecha: mi\u00e9rcoles 20 de octubre de 2021.<br \/>\nHora: 19:00 h.<\/p>\n<p>\u201cTOC\u201d (propuesta #51), \u201cORG\u00c1NICO\u201d (propuesta #46) y \u201cDOS PASOS\u201d<br \/>\n(propuesta #43)<br \/>\nPresenta: Circo Contempor\u00e1NEO Danza Multidisciplinaria<br \/>\nFecha: jueves 21 de octubre de 2021.<br \/>\nHora: 19:00 h.<\/p>\n<p>\u201c20 a\u00f1os: Campos Blancos\u201d<br \/>\nPresenta: \u00daLTIMO TREN Danza Escena<br \/>\nFecha: viernes 22 de octubre de 2021.<br \/>\nHora: 19:00 h.<br \/>\nEventos gratuitos. Para m\u00e1s informaci\u00f3n env\u00eda un mensaje al correo<br \/>\nccu.coteatro@correo.buap.mx<\/p>\n<p>TALLERES ART\u00cdSTICOS DE INVIERNO 2021<br \/>\nBuscando fomentar la creatividad mediante actividades art\u00edsticas, los Talleres Art\u00edsticos<br \/>\ndel Complejo Cultural Universitario BUAP ofrecen una amplia oferta este oto\u00f1o-invierno<br \/>\npara todas las personas mayores de 16 a\u00f1os.<br \/>\nTalleres en l\u00ednea<br \/>\n\uf0b7 Guitarra Nivel I: lunes y mi\u00e9rcoles 16:00 a 17:00 h.<br \/>\n\uf0b7 Guitarra Nivel II: lunes y mi\u00e9rcoles 17:00 a 18:00 h.<br \/>\n\uf0b7 \u00c1lbum floral. Dibujo y acuarela: martes 9:00 a 11:00 h.<br \/>\n\uf0b7 Luz y sombra en el dibujo: martes de 11:30 a 13:30 h.<br \/>\n\uf0b7 Acuarela t\u00e9cnicas b\u00e1sicas: jueves 16:00 a 18:00 h.<br \/>\n\uf0b7 Acuarela paisaje urbano: jueves 10:00 a 12:00 h.<br \/>\n\uf0b7 Ilustraci\u00f3n de animales, t\u00e9cnica mixta (acuarela y tinta china): jueves 17:00 a 19:00<br \/>\nh.<br \/>\n\uf0b7 Pintura al \u00f3leo b\u00e1sica: mi\u00e9rcoles 16:00 a 18:00 h.<br \/>\n\uf0b7 Pintura al \u00f3leo flora y fauna: mi\u00e9rcoles 18:00 a 20:00 h.<br \/>\n\uf0b7 Iniciaci\u00f3n en t\u00e9cnica mixta (\u00f3leo y acr\u00edlico): martes 17:00 a 19:00 h.<br \/>\n\uf0b7 Introducci\u00f3n al pastel: lunes 16:30 a 18:30 h.<br \/>\n\uf0b7 Dibujo estilo c\u00f3mic. Anatom\u00eda humana: martes 17:00 a 19:00 h.<br \/>\n\uf0b7 Dibujo estilo c\u00f3mic. Dise\u00f1o de personajes: mi\u00e9rcoles 17:00 a 19:00 h.<br \/>\n\uf0b7 T\u00e9cnicas b\u00e1sicas de dibujo: martes 16:00 a 18:00 h.<br \/>\n\uf0b7 Estudio del color en t\u00e9cnica gr\u00e1fica: jueves 16:00 a 18:00 h.<br \/>\n\uf0b7 Lettering Nivel I: martes 17:00 a 19:00 h.<br \/>\n\uf0b7 Caligraf\u00eda: mi\u00e9rcoles 17:00 a 19:00 h.<br \/>\n\uf0b7 Fundamentos en ilustraci\u00f3n digital: lunes 16:00 a 18:00 h.<br \/>\n\uf0b7 Ilustraci\u00f3n digital para personajes: jueves 16:00 a 18:00 h.<br \/>\n\uf0b7 Introducci\u00f3n a las herramientas de edici\u00f3n de video con After Effects: mi\u00e9rcoles<br \/>\n17:00 a 19:00 h.<br \/>\n\uf0b7 Animaci\u00f3n 2D para redes con After Effects: mi\u00e9rcoles 10:00 a 12:00 h.<\/p>\n<p>\uf0b7 Principios de composici\u00f3n y retoque de imagen con Photoshop: lunes 10:00 a<br \/>\n12:00 h.<br \/>\n\uf0b7 Retoque digital para fot\u00f3grafos con Photoshop: Lunes 17:00 a 19:00 h.<\/p>\n<p>Talleres sistema h\u00edbrido<br \/>\n(Clases te\u00f3ricas en l\u00ednea y pr\u00e1cticas en distintas zonas de la ciudad de Puebla, siempre y<br \/>\ncuando el sem\u00e1foro epidemiol\u00f3gico lo permita)<br \/>\n\uf0b7 Fotoclick, el m\u00f3vil la mejor herramienta: mi\u00e9rcoles 18:00 a 20:00 h.<br \/>\n\uf0b7 Manejo de c\u00e1mara fotogr\u00e1fica: viernes 18:00 a 20:00 h.<br \/>\n\uf0b7 Fotograf\u00eda. Composici\u00f3n y otros secretos: jueves 18:00 a 20:00 h.<br \/>\n\uf0b7 T\u00e9cnicas fotogr\u00e1ficas: s\u00e1bado 9:00 a 11:00 h.<br \/>\nLas pr\u00e1cticas de los siguientes talleres se realizar\u00e1n en fines de semana:<br \/>\n*Fotograf\u00eda. Introducci\u00f3n al retrato: lunes 17:00 a 19:00 h.<br \/>\n*Fotograf\u00eda de acci\u00f3n: martes 17:00 a19:00 h.<br \/>\n*Fotograf\u00eda creativa: mi\u00e9rcoles 17:00 a 19:00 h.<br \/>\n*Fotograf\u00eda urbana: jueves 17:00 a 19:00 h.<br \/>\nInscripciones: del 13 de septiembre al 16 de octubre de 2021.<br \/>\nDuraci\u00f3n de los talleres: 18 de octubre al 11 de diciembre de 2021.<br \/>\nLugar: Plataformas en l\u00ednea.<br \/>\nCosto: $600 pesos, pago \u00fanico. No incluye materiales. Cada taller requiere de un m\u00ednimo<br \/>\nde alumnos para su apertura, cupo limitado. Solicita el formato de inscripci\u00f3n al correo<br \/>\ntalleresartisticos.ccu@correo.buap.mx, realiza el pago en el banco solicitado y reenv\u00eda a<br \/>\nla direcci\u00f3n de correo el comprobante de pago.<\/p>\n","protected":false},"excerpt":{"rendered":"<p>PROGRAMACI\u00d3N CCU EN CASA Las Compa\u00f1\u00edas Art\u00edsticas del CCU BUAP transmiten diferentes presentaciones de danza, m\u00fasica y teatro a trav\u00e9s de www.Facebook.com\/CCUBUAP con el prop\u00f3sito que las familias puedan disfrutarlos desde la comodidad de su hogar. Esta semana presentan: Jueves 30 de septiembre de 2021 Tejidos Latinoamericanos en Movimiento: Guatemala. Entre hilos y tejidos, entre puntada y puntada la Compa\u00f1\u00eda de Danza Contempor\u00e1nea BUAP CCU ofrece desde el alma sus propuestas y llega hasta sus hogares compartiendo y expresando el trabajo que hacen los grandes tejedores de Am\u00e9rica Latina. Esta ocasi\u00f3n conoceremos a Karla Rivera Hern\u00e1ndez, int\u00e9rprete y bailarina de la CODACO. Hora: 17:00 h. Jueves 30 de septiembre de 2021 \u201cLa partida\u201d Como parte de la 26\u00b0 Temporada de la Compa\u00f1\u00eda de Danza Contempor\u00e1nea&hellip;<\/p>\n<p class=\"excerpt-more\"><a class=\"blog-excerpt button\" href=\"https:\/\/www.aliadospuebla.com\/?p=62625\">Leer m\u00e1s&#8230;<\/a><\/p>\n","protected":false},"author":3,"featured_media":50820,"comment_status":"open","ping_status":"open","sticky":false,"template":"","format":"standard","meta":{"_monsterinsights_skip_tracking":false,"footnotes":""},"categories":[5],"tags":[653,3412,16064,72,28],"class_list":["post-62625","post","type-post","status-publish","format-standard","has-post-thumbnail","hentry","category-universidades","tag-buap","tag-ccu","tag-lilia-cedillo","tag-puebla","tag-universidades"],"yoast_head":"<!-- This site is optimized with the Yoast SEO plugin v28.4 - https:\/\/yoast.com\/product\/yoast-seo-wordpress\/ -->\n<title>CARTELERA CULTURAL Del 27 de septiembre al 03 de octubre de 2021 - AliadosPuebla<\/title>\n<meta name=\"robots\" content=\"index, follow, max-snippet:-1, max-image-preview:large, max-video-preview:-1\" \/>\n<link rel=\"canonical\" href=\"https:\/\/www.aliadospuebla.com\/?p=62625\" \/>\n<meta property=\"og:locale\" content=\"es_ES\" \/>\n<meta property=\"og:type\" content=\"article\" \/>\n<meta property=\"og:title\" content=\"CARTELERA CULTURAL Del 27 de septiembre al 03 de octubre de 2021 - AliadosPuebla\" \/>\n<meta property=\"og:description\" content=\"PROGRAMACI\u00d3N CCU EN CASA Las Compa\u00f1\u00edas Art\u00edsticas del CCU BUAP transmiten diferentes presentaciones de danza, m\u00fasica y teatro a trav\u00e9s de www.Facebook.com\/CCUBUAP con el prop\u00f3sito que las familias puedan disfrutarlos desde la comodidad de su hogar. Esta semana presentan: Jueves 30 de septiembre de 2021 Tejidos Latinoamericanos en Movimiento: Guatemala. Entre hilos y tejidos, entre puntada y puntada la Compa\u00f1\u00eda de Danza Contempor\u00e1nea BUAP CCU ofrece desde el alma sus propuestas y llega hasta sus hogares compartiendo y expresando el trabajo que hacen los grandes tejedores de Am\u00e9rica Latina. Esta ocasi\u00f3n conoceremos a Karla Rivera Hern\u00e1ndez, int\u00e9rprete y bailarina de la CODACO. Hora: 17:00 h. Jueves 30 de septiembre de 2021 \u201cLa partida\u201d Como parte de la 26\u00b0 Temporada de la Compa\u00f1\u00eda de Danza Contempor\u00e1nea&hellip;Leer m\u00e1s...\" \/>\n<meta property=\"og:url\" content=\"https:\/\/www.aliadospuebla.com\/?p=62625\" \/>\n<meta property=\"og:site_name\" content=\"AliadosPuebla\" \/>\n<meta property=\"article:published_time\" content=\"2021-09-26T19:30:59+00:00\" \/>\n<meta property=\"og:image\" content=\"https:\/\/www.aliadospuebla.com\/web2017\/wp-content\/uploads\/2021\/01\/LOGO-CCU.jpg\" \/>\n\t<meta property=\"og:image:width\" content=\"600\" \/>\n\t<meta property=\"og:image:height\" content=\"450\" \/>\n\t<meta property=\"og:image:type\" content=\"image\/jpeg\" \/>\n<meta name=\"author\" content=\"Aliados Videos\" \/>\n<meta name=\"twitter:card\" content=\"summary_large_image\" \/>\n<meta name=\"twitter:label1\" content=\"Escrito por\" \/>\n\t<meta name=\"twitter:data1\" content=\"Aliados Videos\" \/>\n\t<meta name=\"twitter:label2\" content=\"Tiempo de lectura\" \/>\n\t<meta name=\"twitter:data2\" content=\"6 minutos\" \/>\n<script type=\"application\/ld+json\" class=\"yoast-schema-graph\">{\"@context\":\"https:\\\/\\\/schema.org\",\"@graph\":[{\"@type\":\"Article\",\"@id\":\"https:\\\/\\\/www.aliadospuebla.com\\\/?p=62625#article\",\"isPartOf\":{\"@id\":\"https:\\\/\\\/www.aliadospuebla.com\\\/?p=62625\"},\"author\":{\"name\":\"Aliados Videos\",\"@id\":\"https:\\\/\\\/www.aliadospuebla.com\\\/#\\\/schema\\\/person\\\/0fd017f23cc5c3f7988d5d58850eec8e\"},\"headline\":\"CARTELERA CULTURAL Del 27 de septiembre al 03 de octubre de 2021\",\"datePublished\":\"2021-09-26T19:30:59+00:00\",\"mainEntityOfPage\":{\"@id\":\"https:\\\/\\\/www.aliadospuebla.com\\\/?p=62625\"},\"wordCount\":1237,\"commentCount\":0,\"image\":{\"@id\":\"https:\\\/\\\/www.aliadospuebla.com\\\/?p=62625#primaryimage\"},\"thumbnailUrl\":\"https:\\\/\\\/www.aliadospuebla.com\\\/web2017\\\/wp-content\\\/uploads\\\/2021\\\/01\\\/LOGO-CCU.jpg\",\"keywords\":[\"BUAP\",\"CCU\",\"Lilia Cedillo\",\"Puebla\",\"Universidades\"],\"articleSection\":[\"Universidades\"],\"inLanguage\":\"es\",\"potentialAction\":[{\"@type\":\"CommentAction\",\"name\":\"Comment\",\"target\":[\"https:\\\/\\\/www.aliadospuebla.com\\\/?p=62625#respond\"]}]},{\"@type\":\"WebPage\",\"@id\":\"https:\\\/\\\/www.aliadospuebla.com\\\/?p=62625\",\"url\":\"https:\\\/\\\/www.aliadospuebla.com\\\/?p=62625\",\"name\":\"CARTELERA CULTURAL Del 27 de septiembre al 03 de octubre de 2021 - AliadosPuebla\",\"isPartOf\":{\"@id\":\"https:\\\/\\\/www.aliadospuebla.com\\\/#website\"},\"primaryImageOfPage\":{\"@id\":\"https:\\\/\\\/www.aliadospuebla.com\\\/?p=62625#primaryimage\"},\"image\":{\"@id\":\"https:\\\/\\\/www.aliadospuebla.com\\\/?p=62625#primaryimage\"},\"thumbnailUrl\":\"https:\\\/\\\/www.aliadospuebla.com\\\/web2017\\\/wp-content\\\/uploads\\\/2021\\\/01\\\/LOGO-CCU.jpg\",\"datePublished\":\"2021-09-26T19:30:59+00:00\",\"author\":{\"@id\":\"https:\\\/\\\/www.aliadospuebla.com\\\/#\\\/schema\\\/person\\\/0fd017f23cc5c3f7988d5d58850eec8e\"},\"breadcrumb\":{\"@id\":\"https:\\\/\\\/www.aliadospuebla.com\\\/?p=62625#breadcrumb\"},\"inLanguage\":\"es\",\"potentialAction\":[{\"@type\":\"ReadAction\",\"target\":[\"https:\\\/\\\/www.aliadospuebla.com\\\/?p=62625\"]}]},{\"@type\":\"ImageObject\",\"inLanguage\":\"es\",\"@id\":\"https:\\\/\\\/www.aliadospuebla.com\\\/?p=62625#primaryimage\",\"url\":\"https:\\\/\\\/www.aliadospuebla.com\\\/web2017\\\/wp-content\\\/uploads\\\/2021\\\/01\\\/LOGO-CCU.jpg\",\"contentUrl\":\"https:\\\/\\\/www.aliadospuebla.com\\\/web2017\\\/wp-content\\\/uploads\\\/2021\\\/01\\\/LOGO-CCU.jpg\",\"width\":600,\"height\":450},{\"@type\":\"BreadcrumbList\",\"@id\":\"https:\\\/\\\/www.aliadospuebla.com\\\/?p=62625#breadcrumb\",\"itemListElement\":[{\"@type\":\"ListItem\",\"position\":1,\"name\":\"Portada\",\"item\":\"https:\\\/\\\/www.aliadospuebla.com\\\/\"},{\"@type\":\"ListItem\",\"position\":2,\"name\":\"CARTELERA CULTURAL Del 27 de septiembre al 03 de octubre de 2021\"}]},{\"@type\":\"WebSite\",\"@id\":\"https:\\\/\\\/www.aliadospuebla.com\\\/#website\",\"url\":\"https:\\\/\\\/www.aliadospuebla.com\\\/\",\"name\":\"AliadosPuebla\",\"description\":\"La informaci\u00f3n en tus manos\",\"potentialAction\":[{\"@type\":\"SearchAction\",\"target\":{\"@type\":\"EntryPoint\",\"urlTemplate\":\"https:\\\/\\\/www.aliadospuebla.com\\\/?s={search_term_string}\"},\"query-input\":{\"@type\":\"PropertyValueSpecification\",\"valueRequired\":true,\"valueName\":\"search_term_string\"}}],\"inLanguage\":\"es\"},{\"@type\":\"Person\",\"@id\":\"https:\\\/\\\/www.aliadospuebla.com\\\/#\\\/schema\\\/person\\\/0fd017f23cc5c3f7988d5d58850eec8e\",\"name\":\"Aliados Videos\",\"image\":{\"@type\":\"ImageObject\",\"inLanguage\":\"es\",\"@id\":\"https:\\\/\\\/secure.gravatar.com\\\/avatar\\\/42b92de8b2d8339e1e824f3a73ab023a0bec0ee2e3920248085eb1f3160b4083?s=96&d=mm&r=g\",\"url\":\"https:\\\/\\\/secure.gravatar.com\\\/avatar\\\/42b92de8b2d8339e1e824f3a73ab023a0bec0ee2e3920248085eb1f3160b4083?s=96&d=mm&r=g\",\"contentUrl\":\"https:\\\/\\\/secure.gravatar.com\\\/avatar\\\/42b92de8b2d8339e1e824f3a73ab023a0bec0ee2e3920248085eb1f3160b4083?s=96&d=mm&r=g\",\"caption\":\"Aliados Videos\"},\"url\":\"https:\\\/\\\/www.aliadospuebla.com\\\/?author=3\"}]}<\/script>\n<!-- \/ Yoast SEO plugin. -->","yoast_head_json":{"title":"CARTELERA CULTURAL Del 27 de septiembre al 03 de octubre de 2021 - AliadosPuebla","robots":{"index":"index","follow":"follow","max-snippet":"max-snippet:-1","max-image-preview":"max-image-preview:large","max-video-preview":"max-video-preview:-1"},"canonical":"https:\/\/www.aliadospuebla.com\/?p=62625","og_locale":"es_ES","og_type":"article","og_title":"CARTELERA CULTURAL Del 27 de septiembre al 03 de octubre de 2021 - AliadosPuebla","og_description":"PROGRAMACI\u00d3N CCU EN CASA Las Compa\u00f1\u00edas Art\u00edsticas del CCU BUAP transmiten diferentes presentaciones de danza, m\u00fasica y teatro a trav\u00e9s de www.Facebook.com\/CCUBUAP con el prop\u00f3sito que las familias puedan disfrutarlos desde la comodidad de su hogar. Esta semana presentan: Jueves 30 de septiembre de 2021 Tejidos Latinoamericanos en Movimiento: Guatemala. Entre hilos y tejidos, entre puntada y puntada la Compa\u00f1\u00eda de Danza Contempor\u00e1nea BUAP CCU ofrece desde el alma sus propuestas y llega hasta sus hogares compartiendo y expresando el trabajo que hacen los grandes tejedores de Am\u00e9rica Latina. Esta ocasi\u00f3n conoceremos a Karla Rivera Hern\u00e1ndez, int\u00e9rprete y bailarina de la CODACO. Hora: 17:00 h. Jueves 30 de septiembre de 2021 \u201cLa partida\u201d Como parte de la 26\u00b0 Temporada de la Compa\u00f1\u00eda de Danza Contempor\u00e1nea&hellip;Leer m\u00e1s...","og_url":"https:\/\/www.aliadospuebla.com\/?p=62625","og_site_name":"AliadosPuebla","article_published_time":"2021-09-26T19:30:59+00:00","og_image":[{"width":600,"height":450,"url":"https:\/\/www.aliadospuebla.com\/web2017\/wp-content\/uploads\/2021\/01\/LOGO-CCU.jpg","type":"image\/jpeg"}],"author":"Aliados Videos","twitter_card":"summary_large_image","twitter_misc":{"Escrito por":"Aliados Videos","Tiempo de lectura":"6 minutos"},"schema":{"@context":"https:\/\/schema.org","@graph":[{"@type":"Article","@id":"https:\/\/www.aliadospuebla.com\/?p=62625#article","isPartOf":{"@id":"https:\/\/www.aliadospuebla.com\/?p=62625"},"author":{"name":"Aliados Videos","@id":"https:\/\/www.aliadospuebla.com\/#\/schema\/person\/0fd017f23cc5c3f7988d5d58850eec8e"},"headline":"CARTELERA CULTURAL Del 27 de septiembre al 03 de octubre de 2021","datePublished":"2021-09-26T19:30:59+00:00","mainEntityOfPage":{"@id":"https:\/\/www.aliadospuebla.com\/?p=62625"},"wordCount":1237,"commentCount":0,"image":{"@id":"https:\/\/www.aliadospuebla.com\/?p=62625#primaryimage"},"thumbnailUrl":"https:\/\/www.aliadospuebla.com\/web2017\/wp-content\/uploads\/2021\/01\/LOGO-CCU.jpg","keywords":["BUAP","CCU","Lilia Cedillo","Puebla","Universidades"],"articleSection":["Universidades"],"inLanguage":"es","potentialAction":[{"@type":"CommentAction","name":"Comment","target":["https:\/\/www.aliadospuebla.com\/?p=62625#respond"]}]},{"@type":"WebPage","@id":"https:\/\/www.aliadospuebla.com\/?p=62625","url":"https:\/\/www.aliadospuebla.com\/?p=62625","name":"CARTELERA CULTURAL Del 27 de septiembre al 03 de octubre de 2021 - AliadosPuebla","isPartOf":{"@id":"https:\/\/www.aliadospuebla.com\/#website"},"primaryImageOfPage":{"@id":"https:\/\/www.aliadospuebla.com\/?p=62625#primaryimage"},"image":{"@id":"https:\/\/www.aliadospuebla.com\/?p=62625#primaryimage"},"thumbnailUrl":"https:\/\/www.aliadospuebla.com\/web2017\/wp-content\/uploads\/2021\/01\/LOGO-CCU.jpg","datePublished":"2021-09-26T19:30:59+00:00","author":{"@id":"https:\/\/www.aliadospuebla.com\/#\/schema\/person\/0fd017f23cc5c3f7988d5d58850eec8e"},"breadcrumb":{"@id":"https:\/\/www.aliadospuebla.com\/?p=62625#breadcrumb"},"inLanguage":"es","potentialAction":[{"@type":"ReadAction","target":["https:\/\/www.aliadospuebla.com\/?p=62625"]}]},{"@type":"ImageObject","inLanguage":"es","@id":"https:\/\/www.aliadospuebla.com\/?p=62625#primaryimage","url":"https:\/\/www.aliadospuebla.com\/web2017\/wp-content\/uploads\/2021\/01\/LOGO-CCU.jpg","contentUrl":"https:\/\/www.aliadospuebla.com\/web2017\/wp-content\/uploads\/2021\/01\/LOGO-CCU.jpg","width":600,"height":450},{"@type":"BreadcrumbList","@id":"https:\/\/www.aliadospuebla.com\/?p=62625#breadcrumb","itemListElement":[{"@type":"ListItem","position":1,"name":"Portada","item":"https:\/\/www.aliadospuebla.com\/"},{"@type":"ListItem","position":2,"name":"CARTELERA CULTURAL Del 27 de septiembre al 03 de octubre de 2021"}]},{"@type":"WebSite","@id":"https:\/\/www.aliadospuebla.com\/#website","url":"https:\/\/www.aliadospuebla.com\/","name":"AliadosPuebla","description":"La informaci\u00f3n en tus manos","potentialAction":[{"@type":"SearchAction","target":{"@type":"EntryPoint","urlTemplate":"https:\/\/www.aliadospuebla.com\/?s={search_term_string}"},"query-input":{"@type":"PropertyValueSpecification","valueRequired":true,"valueName":"search_term_string"}}],"inLanguage":"es"},{"@type":"Person","@id":"https:\/\/www.aliadospuebla.com\/#\/schema\/person\/0fd017f23cc5c3f7988d5d58850eec8e","name":"Aliados Videos","image":{"@type":"ImageObject","inLanguage":"es","@id":"https:\/\/secure.gravatar.com\/avatar\/42b92de8b2d8339e1e824f3a73ab023a0bec0ee2e3920248085eb1f3160b4083?s=96&d=mm&r=g","url":"https:\/\/secure.gravatar.com\/avatar\/42b92de8b2d8339e1e824f3a73ab023a0bec0ee2e3920248085eb1f3160b4083?s=96&d=mm&r=g","contentUrl":"https:\/\/secure.gravatar.com\/avatar\/42b92de8b2d8339e1e824f3a73ab023a0bec0ee2e3920248085eb1f3160b4083?s=96&d=mm&r=g","caption":"Aliados Videos"},"url":"https:\/\/www.aliadospuebla.com\/?author=3"}]}},"views":7,"_links":{"self":[{"href":"https:\/\/www.aliadospuebla.com\/index.php?rest_route=\/wp\/v2\/posts\/62625","targetHints":{"allow":["GET"]}}],"collection":[{"href":"https:\/\/www.aliadospuebla.com\/index.php?rest_route=\/wp\/v2\/posts"}],"about":[{"href":"https:\/\/www.aliadospuebla.com\/index.php?rest_route=\/wp\/v2\/types\/post"}],"author":[{"embeddable":true,"href":"https:\/\/www.aliadospuebla.com\/index.php?rest_route=\/wp\/v2\/users\/3"}],"replies":[{"embeddable":true,"href":"https:\/\/www.aliadospuebla.com\/index.php?rest_route=%2Fwp%2Fv2%2Fcomments&post=62625"}],"version-history":[{"count":1,"href":"https:\/\/www.aliadospuebla.com\/index.php?rest_route=\/wp\/v2\/posts\/62625\/revisions"}],"predecessor-version":[{"id":62626,"href":"https:\/\/www.aliadospuebla.com\/index.php?rest_route=\/wp\/v2\/posts\/62625\/revisions\/62626"}],"wp:featuredmedia":[{"embeddable":true,"href":"https:\/\/www.aliadospuebla.com\/index.php?rest_route=\/wp\/v2\/media\/50820"}],"wp:attachment":[{"href":"https:\/\/www.aliadospuebla.com\/index.php?rest_route=%2Fwp%2Fv2%2Fmedia&parent=62625"}],"wp:term":[{"taxonomy":"category","embeddable":true,"href":"https:\/\/www.aliadospuebla.com\/index.php?rest_route=%2Fwp%2Fv2%2Fcategories&post=62625"},{"taxonomy":"post_tag","embeddable":true,"href":"https:\/\/www.aliadospuebla.com\/index.php?rest_route=%2Fwp%2Fv2%2Ftags&post=62625"}],"curies":[{"name":"wp","href":"https:\/\/api.w.org\/{rel}","templated":true}]}}