{"id":62598,"date":"2021-09-25T09:38:00","date_gmt":"2021-09-25T14:38:00","guid":{"rendered":"https:\/\/www.aliados17.com\/?p=62598"},"modified":"2021-09-25T09:38:00","modified_gmt":"2021-09-25T14:38:00","slug":"encabeza-claudia-rivera-inauguracion-de-la-obra-de-ambrosio-guzman","status":"publish","type":"post","link":"https:\/\/www.aliadospuebla.com\/?p=62598","title":{"rendered":"Encabeza Claudia Rivera inauguraci\u00f3n de la obra de Ambrosio Guzm\u00e1n"},"content":{"rendered":"<p style=\"font-weight: 400;\">En compa\u00f1\u00eda de la Presidenta Municipal, Claudia Rivera Vivanco,<\/p>\n<p style=\"font-weight: 400;\">el arquitecto e investigador, Ambrosio Guzm\u00e1n \u00c1lvarez,<\/p>\n<p style=\"font-weight: 400;\">inaugur\u00f3 la exposici\u00f3n de acuarelas<\/p>\n<p style=\"font-weight: 400;\">\u201cLo ef\u00edmero y lo eterno\u201d, proyecto art\u00edstico impulsado<\/p>\n<p style=\"font-weight: 400;\">por el Instituto de Ciencias Sociales y Humanidades<\/p>\n<p style=\"font-weight: 400;\">\u201cAlfonso V\u00e9lez Pliego\u201d (ICSyH),<\/p>\n<p style=\"font-weight: 400;\">de la Benem\u00e9rita Universidad Aut\u00f3noma de Puebla.<\/p>\n<p style=\"font-weight: 400;\">En su oportunidad, la edil poblana aprovech\u00f3 para reconocer<\/p>\n<p style=\"font-weight: 400;\">los espacios de apertura para la interpretaci\u00f3n art\u00edstica de la historia,<\/p>\n<p style=\"font-weight: 400;\">reconociendo el valor del trazo de Guzm\u00e1n \u00c1lvarez<\/p>\n<p style=\"font-weight: 400;\">por reconstruir evocaciones de inmuebles del pasado.<\/p>\n<p style=\"font-weight: 400;\">Esta exposici\u00f3n re\u00fane 52 obras pict\u00f3ricas<\/p>\n<p style=\"font-weight: 400;\">\u2014muestra del dominio de Ambrosio de la t\u00e9cnica de acuarela\u2014<\/p>\n<p style=\"font-weight: 400;\">y es un trabajo hom\u00f3logo a su libro<\/p>\n<p style=\"font-weight: 400;\">\u201cArquitectura de la memoria: haciendas poblanas\u201d,<\/p>\n<p style=\"font-weight: 400;\">una investigaci\u00f3n documental, hist\u00f3rica y geogr\u00e1fica,<\/p>\n<p style=\"font-weight: 400;\">que rescata la herencia edificada de 452 casonas de Puebla.<\/p>\n<p style=\"font-weight: 400;\">Las ilustraciones marcan una divisi\u00f3n simb\u00f3lica<\/p>\n<p style=\"font-weight: 400;\">del territorio poblano en tres zonas geogr\u00e1ficas:<\/p>\n<p style=\"font-weight: 400;\">la Sierra Norte, el Altiplano y la Mixteca,<\/p>\n<p style=\"font-weight: 400;\">de acuerdo con las caracter\u00edsticas del terreno,<\/p>\n<p style=\"font-weight: 400;\">clima y paisaje, seg\u00fan el autor.<\/p>\n<p style=\"font-weight: 400;\">La exposici\u00f3n tambi\u00e9n exhibe ilustraciones<\/p>\n<p style=\"font-weight: 400;\">de una serie de templos que sucumbieron<\/p>\n<p style=\"font-weight: 400;\">ante los sismo que impactaron a la regi\u00f3n poblana y entidades aleda\u00f1as.<\/p>\n<p style=\"font-weight: 400;\">Este acto inaugural cont\u00f3 con la presencia y participaci\u00f3n<\/p>\n<p style=\"font-weight: 400;\">de Ambrosio Guzm\u00e1n \u00c1lvarez; Mar\u00eda Graciela Le\u00f3n Matamoros,<\/p>\n<p style=\"font-weight: 400;\">titular de la Gerencia del Centro Hist\u00f3rico del Ayuntamiento de Puebla;<\/p>\n<p style=\"font-weight: 400;\">as\u00ed como del director y ex director del ICSyH,<\/p>\n<p style=\"font-weight: 400;\">Guisepe Lobruto y Francisco V\u00e9lez Pliego, respectivamente.<\/p>\n","protected":false},"excerpt":{"rendered":"<p>En compa\u00f1\u00eda de la Presidenta Municipal, Claudia Rivera Vivanco, el arquitecto e investigador, Ambrosio Guzm\u00e1n \u00c1lvarez, inaugur\u00f3 la exposici\u00f3n de acuarelas \u201cLo ef\u00edmero y lo eterno\u201d, proyecto art\u00edstico impulsado por el Instituto de Ciencias Sociales y Humanidades \u201cAlfonso V\u00e9lez Pliego\u201d (ICSyH), de la Benem\u00e9rita Universidad Aut\u00f3noma de Puebla. En su oportunidad, la edil poblana aprovech\u00f3 para reconocer los espacios de apertura para la interpretaci\u00f3n art\u00edstica de la historia, reconociendo el valor del trazo de Guzm\u00e1n \u00c1lvarez por reconstruir evocaciones de inmuebles del pasado. Esta exposici\u00f3n re\u00fane 52 obras pict\u00f3ricas \u2014muestra del dominio de Ambrosio de la t\u00e9cnica de acuarela\u2014 y es un trabajo hom\u00f3logo a su libro \u201cArquitectura de la memoria: haciendas poblanas\u201d, una investigaci\u00f3n documental, hist\u00f3rica y geogr\u00e1fica, que rescata la herencia edificada de&hellip;<\/p>\n<p class=\"excerpt-more\"><a class=\"blog-excerpt button\" href=\"https:\/\/www.aliadospuebla.com\/?p=62598\">Leer m\u00e1s&#8230;<\/a><\/p>\n","protected":false},"author":2,"featured_media":62599,"comment_status":"open","ping_status":"open","sticky":false,"template":"","format":"standard","meta":{"_monsterinsights_skip_tracking":false,"footnotes":""},"categories":[62],"tags":[16518,671,5362,100,659,16519],"class_list":["post-62598","post","type-post","status-publish","format-standard","has-post-thumbnail","hentry","category-capital","tag-ambrosio-guzman","tag-arquitectura","tag-claudia-rivera-vivanco","tag-exposicion","tag-inauguracion","tag-obra-pictorica"],"yoast_head":"<!-- This site is optimized with the Yoast SEO plugin v28.3 - https:\/\/yoast.com\/product\/yoast-seo-wordpress\/ -->\n<title>Encabeza Claudia Rivera inauguraci\u00f3n de la obra de Ambrosio Guzm\u00e1n - AliadosPuebla<\/title>\n<meta name=\"robots\" content=\"index, follow, max-snippet:-1, max-image-preview:large, max-video-preview:-1\" \/>\n<link rel=\"canonical\" href=\"https:\/\/www.aliadospuebla.com\/?p=62598\" \/>\n<meta property=\"og:locale\" content=\"es_ES\" \/>\n<meta property=\"og:type\" content=\"article\" \/>\n<meta property=\"og:title\" content=\"Encabeza Claudia Rivera inauguraci\u00f3n de la obra de Ambrosio Guzm\u00e1n - AliadosPuebla\" \/>\n<meta property=\"og:description\" content=\"En compa\u00f1\u00eda de la Presidenta Municipal, Claudia Rivera Vivanco, el arquitecto e investigador, Ambrosio Guzm\u00e1n \u00c1lvarez, inaugur\u00f3 la exposici\u00f3n de acuarelas \u201cLo ef\u00edmero y lo eterno\u201d, proyecto art\u00edstico impulsado por el Instituto de Ciencias Sociales y Humanidades \u201cAlfonso V\u00e9lez Pliego\u201d (ICSyH), de la Benem\u00e9rita Universidad Aut\u00f3noma de Puebla. En su oportunidad, la edil poblana aprovech\u00f3 para reconocer los espacios de apertura para la interpretaci\u00f3n art\u00edstica de la historia, reconociendo el valor del trazo de Guzm\u00e1n \u00c1lvarez por reconstruir evocaciones de inmuebles del pasado. Esta exposici\u00f3n re\u00fane 52 obras pict\u00f3ricas \u2014muestra del dominio de Ambrosio de la t\u00e9cnica de acuarela\u2014 y es un trabajo hom\u00f3logo a su libro \u201cArquitectura de la memoria: haciendas poblanas\u201d, una investigaci\u00f3n documental, hist\u00f3rica y geogr\u00e1fica, que rescata la herencia edificada de&hellip;Leer m\u00e1s...\" \/>\n<meta property=\"og:url\" content=\"https:\/\/www.aliadospuebla.com\/?p=62598\" \/>\n<meta property=\"og:site_name\" content=\"AliadosPuebla\" \/>\n<meta property=\"article:author\" content=\"https:\/\/www.facebook.com\/Aliados17Pue\" \/>\n<meta property=\"article:published_time\" content=\"2021-09-25T14:38:00+00:00\" \/>\n<meta property=\"og:image\" content=\"https:\/\/www.aliadospuebla.com\/web2017\/wp-content\/uploads\/2021\/09\/117-exposicion.jpg\" \/>\n\t<meta property=\"og:image:width\" content=\"600\" \/>\n\t<meta property=\"og:image:height\" content=\"450\" \/>\n\t<meta property=\"og:image:type\" content=\"image\/jpeg\" \/>\n<meta name=\"author\" content=\"Aliados17\" \/>\n<meta name=\"twitter:card\" content=\"summary_large_image\" \/>\n<meta name=\"twitter:creator\" content=\"@AliadosPuebla\" \/>\n<meta name=\"twitter:label1\" content=\"Escrito por\" \/>\n\t<meta name=\"twitter:data1\" content=\"Aliados17\" \/>\n\t<meta name=\"twitter:label2\" content=\"Tiempo de lectura\" \/>\n\t<meta name=\"twitter:data2\" content=\"2 minutos\" \/>\n<script type=\"application\/ld+json\" class=\"yoast-schema-graph\">{\"@context\":\"https:\\\/\\\/schema.org\",\"@graph\":[{\"@type\":\"Article\",\"@id\":\"https:\\\/\\\/www.aliadospuebla.com\\\/?p=62598#article\",\"isPartOf\":{\"@id\":\"https:\\\/\\\/www.aliadospuebla.com\\\/?p=62598\"},\"author\":{\"name\":\"Aliados17\",\"@id\":\"https:\\\/\\\/www.aliadospuebla.com\\\/#\\\/schema\\\/person\\\/5da7dd09320bd4f392b710017ed5f8ad\"},\"headline\":\"Encabeza Claudia Rivera inauguraci\u00f3n de la obra de Ambrosio Guzm\u00e1n\",\"datePublished\":\"2021-09-25T14:38:00+00:00\",\"mainEntityOfPage\":{\"@id\":\"https:\\\/\\\/www.aliadospuebla.com\\\/?p=62598\"},\"wordCount\":275,\"commentCount\":0,\"image\":{\"@id\":\"https:\\\/\\\/www.aliadospuebla.com\\\/?p=62598#primaryimage\"},\"thumbnailUrl\":\"https:\\\/\\\/www.aliadospuebla.com\\\/web2017\\\/wp-content\\\/uploads\\\/2021\\\/09\\\/117-exposicion.jpg\",\"keywords\":[\"Ambrosio Guzm\u00e1n\",\"ARQUITECTURA\",\"CLAUDIA RIVERA VIVANCO\",\"exposici\u00f3n\",\"INAUGURACI\u00d3N\",\"obra pict\u00f3rica\"],\"articleSection\":[\"Capital\"],\"inLanguage\":\"es\",\"potentialAction\":[{\"@type\":\"CommentAction\",\"name\":\"Comment\",\"target\":[\"https:\\\/\\\/www.aliadospuebla.com\\\/?p=62598#respond\"]}]},{\"@type\":\"WebPage\",\"@id\":\"https:\\\/\\\/www.aliadospuebla.com\\\/?p=62598\",\"url\":\"https:\\\/\\\/www.aliadospuebla.com\\\/?p=62598\",\"name\":\"Encabeza Claudia Rivera inauguraci\u00f3n de la obra de Ambrosio Guzm\u00e1n - AliadosPuebla\",\"isPartOf\":{\"@id\":\"https:\\\/\\\/www.aliadospuebla.com\\\/#website\"},\"primaryImageOfPage\":{\"@id\":\"https:\\\/\\\/www.aliadospuebla.com\\\/?p=62598#primaryimage\"},\"image\":{\"@id\":\"https:\\\/\\\/www.aliadospuebla.com\\\/?p=62598#primaryimage\"},\"thumbnailUrl\":\"https:\\\/\\\/www.aliadospuebla.com\\\/web2017\\\/wp-content\\\/uploads\\\/2021\\\/09\\\/117-exposicion.jpg\",\"datePublished\":\"2021-09-25T14:38:00+00:00\",\"author\":{\"@id\":\"https:\\\/\\\/www.aliadospuebla.com\\\/#\\\/schema\\\/person\\\/5da7dd09320bd4f392b710017ed5f8ad\"},\"breadcrumb\":{\"@id\":\"https:\\\/\\\/www.aliadospuebla.com\\\/?p=62598#breadcrumb\"},\"inLanguage\":\"es\",\"potentialAction\":[{\"@type\":\"ReadAction\",\"target\":[\"https:\\\/\\\/www.aliadospuebla.com\\\/?p=62598\"]}]},{\"@type\":\"ImageObject\",\"inLanguage\":\"es\",\"@id\":\"https:\\\/\\\/www.aliadospuebla.com\\\/?p=62598#primaryimage\",\"url\":\"https:\\\/\\\/www.aliadospuebla.com\\\/web2017\\\/wp-content\\\/uploads\\\/2021\\\/09\\\/117-exposicion.jpg\",\"contentUrl\":\"https:\\\/\\\/www.aliadospuebla.com\\\/web2017\\\/wp-content\\\/uploads\\\/2021\\\/09\\\/117-exposicion.jpg\",\"width\":600,\"height\":450},{\"@type\":\"BreadcrumbList\",\"@id\":\"https:\\\/\\\/www.aliadospuebla.com\\\/?p=62598#breadcrumb\",\"itemListElement\":[{\"@type\":\"ListItem\",\"position\":1,\"name\":\"Portada\",\"item\":\"https:\\\/\\\/www.aliadospuebla.com\\\/\"},{\"@type\":\"ListItem\",\"position\":2,\"name\":\"Encabeza Claudia Rivera inauguraci\u00f3n de la obra de Ambrosio Guzm\u00e1n\"}]},{\"@type\":\"WebSite\",\"@id\":\"https:\\\/\\\/www.aliadospuebla.com\\\/#website\",\"url\":\"https:\\\/\\\/www.aliadospuebla.com\\\/\",\"name\":\"AliadosPuebla\",\"description\":\"La informaci\u00f3n en tus manos\",\"potentialAction\":[{\"@type\":\"SearchAction\",\"target\":{\"@type\":\"EntryPoint\",\"urlTemplate\":\"https:\\\/\\\/www.aliadospuebla.com\\\/?s={search_term_string}\"},\"query-input\":{\"@type\":\"PropertyValueSpecification\",\"valueRequired\":true,\"valueName\":\"search_term_string\"}}],\"inLanguage\":\"es\"},{\"@type\":\"Person\",\"@id\":\"https:\\\/\\\/www.aliadospuebla.com\\\/#\\\/schema\\\/person\\\/5da7dd09320bd4f392b710017ed5f8ad\",\"name\":\"Aliados17\",\"image\":{\"@type\":\"ImageObject\",\"inLanguage\":\"es\",\"@id\":\"https:\\\/\\\/www.aliadospuebla.com\\\/web2017\\\/wp-content\\\/uploads\\\/2025\\\/03\\\/cropped-para-perfil-8-anos-1-96x96.jpg\",\"url\":\"https:\\\/\\\/www.aliadospuebla.com\\\/web2017\\\/wp-content\\\/uploads\\\/2025\\\/03\\\/cropped-para-perfil-8-anos-1-96x96.jpg\",\"contentUrl\":\"https:\\\/\\\/www.aliadospuebla.com\\\/web2017\\\/wp-content\\\/uploads\\\/2025\\\/03\\\/cropped-para-perfil-8-anos-1-96x96.jpg\",\"caption\":\"Aliados17\"},\"sameAs\":[\"https:\\\/\\\/www.aliados17.com\",\"https:\\\/\\\/www.facebook.com\\\/Aliados17Pue\",\"https:\\\/\\\/x.com\\\/AliadosPuebla\"],\"url\":\"https:\\\/\\\/www.aliadospuebla.com\\\/?author=2\"}]}<\/script>\n<!-- \/ Yoast SEO plugin. -->","yoast_head_json":{"title":"Encabeza Claudia Rivera inauguraci\u00f3n de la obra de Ambrosio Guzm\u00e1n - AliadosPuebla","robots":{"index":"index","follow":"follow","max-snippet":"max-snippet:-1","max-image-preview":"max-image-preview:large","max-video-preview":"max-video-preview:-1"},"canonical":"https:\/\/www.aliadospuebla.com\/?p=62598","og_locale":"es_ES","og_type":"article","og_title":"Encabeza Claudia Rivera inauguraci\u00f3n de la obra de Ambrosio Guzm\u00e1n - AliadosPuebla","og_description":"En compa\u00f1\u00eda de la Presidenta Municipal, Claudia Rivera Vivanco, el arquitecto e investigador, Ambrosio Guzm\u00e1n \u00c1lvarez, inaugur\u00f3 la exposici\u00f3n de acuarelas \u201cLo ef\u00edmero y lo eterno\u201d, proyecto art\u00edstico impulsado por el Instituto de Ciencias Sociales y Humanidades \u201cAlfonso V\u00e9lez Pliego\u201d (ICSyH), de la Benem\u00e9rita Universidad Aut\u00f3noma de Puebla. En su oportunidad, la edil poblana aprovech\u00f3 para reconocer los espacios de apertura para la interpretaci\u00f3n art\u00edstica de la historia, reconociendo el valor del trazo de Guzm\u00e1n \u00c1lvarez por reconstruir evocaciones de inmuebles del pasado. Esta exposici\u00f3n re\u00fane 52 obras pict\u00f3ricas \u2014muestra del dominio de Ambrosio de la t\u00e9cnica de acuarela\u2014 y es un trabajo hom\u00f3logo a su libro \u201cArquitectura de la memoria: haciendas poblanas\u201d, una investigaci\u00f3n documental, hist\u00f3rica y geogr\u00e1fica, que rescata la herencia edificada de&hellip;Leer m\u00e1s...","og_url":"https:\/\/www.aliadospuebla.com\/?p=62598","og_site_name":"AliadosPuebla","article_author":"https:\/\/www.facebook.com\/Aliados17Pue","article_published_time":"2021-09-25T14:38:00+00:00","og_image":[{"width":600,"height":450,"url":"https:\/\/www.aliadospuebla.com\/web2017\/wp-content\/uploads\/2021\/09\/117-exposicion.jpg","type":"image\/jpeg"}],"author":"Aliados17","twitter_card":"summary_large_image","twitter_creator":"@AliadosPuebla","twitter_misc":{"Escrito por":"Aliados17","Tiempo de lectura":"2 minutos"},"schema":{"@context":"https:\/\/schema.org","@graph":[{"@type":"Article","@id":"https:\/\/www.aliadospuebla.com\/?p=62598#article","isPartOf":{"@id":"https:\/\/www.aliadospuebla.com\/?p=62598"},"author":{"name":"Aliados17","@id":"https:\/\/www.aliadospuebla.com\/#\/schema\/person\/5da7dd09320bd4f392b710017ed5f8ad"},"headline":"Encabeza Claudia Rivera inauguraci\u00f3n de la obra de Ambrosio Guzm\u00e1n","datePublished":"2021-09-25T14:38:00+00:00","mainEntityOfPage":{"@id":"https:\/\/www.aliadospuebla.com\/?p=62598"},"wordCount":275,"commentCount":0,"image":{"@id":"https:\/\/www.aliadospuebla.com\/?p=62598#primaryimage"},"thumbnailUrl":"https:\/\/www.aliadospuebla.com\/web2017\/wp-content\/uploads\/2021\/09\/117-exposicion.jpg","keywords":["Ambrosio Guzm\u00e1n","ARQUITECTURA","CLAUDIA RIVERA VIVANCO","exposici\u00f3n","INAUGURACI\u00d3N","obra pict\u00f3rica"],"articleSection":["Capital"],"inLanguage":"es","potentialAction":[{"@type":"CommentAction","name":"Comment","target":["https:\/\/www.aliadospuebla.com\/?p=62598#respond"]}]},{"@type":"WebPage","@id":"https:\/\/www.aliadospuebla.com\/?p=62598","url":"https:\/\/www.aliadospuebla.com\/?p=62598","name":"Encabeza Claudia Rivera inauguraci\u00f3n de la obra de Ambrosio Guzm\u00e1n - AliadosPuebla","isPartOf":{"@id":"https:\/\/www.aliadospuebla.com\/#website"},"primaryImageOfPage":{"@id":"https:\/\/www.aliadospuebla.com\/?p=62598#primaryimage"},"image":{"@id":"https:\/\/www.aliadospuebla.com\/?p=62598#primaryimage"},"thumbnailUrl":"https:\/\/www.aliadospuebla.com\/web2017\/wp-content\/uploads\/2021\/09\/117-exposicion.jpg","datePublished":"2021-09-25T14:38:00+00:00","author":{"@id":"https:\/\/www.aliadospuebla.com\/#\/schema\/person\/5da7dd09320bd4f392b710017ed5f8ad"},"breadcrumb":{"@id":"https:\/\/www.aliadospuebla.com\/?p=62598#breadcrumb"},"inLanguage":"es","potentialAction":[{"@type":"ReadAction","target":["https:\/\/www.aliadospuebla.com\/?p=62598"]}]},{"@type":"ImageObject","inLanguage":"es","@id":"https:\/\/www.aliadospuebla.com\/?p=62598#primaryimage","url":"https:\/\/www.aliadospuebla.com\/web2017\/wp-content\/uploads\/2021\/09\/117-exposicion.jpg","contentUrl":"https:\/\/www.aliadospuebla.com\/web2017\/wp-content\/uploads\/2021\/09\/117-exposicion.jpg","width":600,"height":450},{"@type":"BreadcrumbList","@id":"https:\/\/www.aliadospuebla.com\/?p=62598#breadcrumb","itemListElement":[{"@type":"ListItem","position":1,"name":"Portada","item":"https:\/\/www.aliadospuebla.com\/"},{"@type":"ListItem","position":2,"name":"Encabeza Claudia Rivera inauguraci\u00f3n de la obra de Ambrosio Guzm\u00e1n"}]},{"@type":"WebSite","@id":"https:\/\/www.aliadospuebla.com\/#website","url":"https:\/\/www.aliadospuebla.com\/","name":"AliadosPuebla","description":"La informaci\u00f3n en tus manos","potentialAction":[{"@type":"SearchAction","target":{"@type":"EntryPoint","urlTemplate":"https:\/\/www.aliadospuebla.com\/?s={search_term_string}"},"query-input":{"@type":"PropertyValueSpecification","valueRequired":true,"valueName":"search_term_string"}}],"inLanguage":"es"},{"@type":"Person","@id":"https:\/\/www.aliadospuebla.com\/#\/schema\/person\/5da7dd09320bd4f392b710017ed5f8ad","name":"Aliados17","image":{"@type":"ImageObject","inLanguage":"es","@id":"https:\/\/www.aliadospuebla.com\/web2017\/wp-content\/uploads\/2025\/03\/cropped-para-perfil-8-anos-1-96x96.jpg","url":"https:\/\/www.aliadospuebla.com\/web2017\/wp-content\/uploads\/2025\/03\/cropped-para-perfil-8-anos-1-96x96.jpg","contentUrl":"https:\/\/www.aliadospuebla.com\/web2017\/wp-content\/uploads\/2025\/03\/cropped-para-perfil-8-anos-1-96x96.jpg","caption":"Aliados17"},"sameAs":["https:\/\/www.aliados17.com","https:\/\/www.facebook.com\/Aliados17Pue","https:\/\/x.com\/AliadosPuebla"],"url":"https:\/\/www.aliadospuebla.com\/?author=2"}]}},"views":8,"_links":{"self":[{"href":"https:\/\/www.aliadospuebla.com\/index.php?rest_route=\/wp\/v2\/posts\/62598","targetHints":{"allow":["GET"]}}],"collection":[{"href":"https:\/\/www.aliadospuebla.com\/index.php?rest_route=\/wp\/v2\/posts"}],"about":[{"href":"https:\/\/www.aliadospuebla.com\/index.php?rest_route=\/wp\/v2\/types\/post"}],"author":[{"embeddable":true,"href":"https:\/\/www.aliadospuebla.com\/index.php?rest_route=\/wp\/v2\/users\/2"}],"replies":[{"embeddable":true,"href":"https:\/\/www.aliadospuebla.com\/index.php?rest_route=%2Fwp%2Fv2%2Fcomments&post=62598"}],"version-history":[{"count":1,"href":"https:\/\/www.aliadospuebla.com\/index.php?rest_route=\/wp\/v2\/posts\/62598\/revisions"}],"predecessor-version":[{"id":62600,"href":"https:\/\/www.aliadospuebla.com\/index.php?rest_route=\/wp\/v2\/posts\/62598\/revisions\/62600"}],"wp:featuredmedia":[{"embeddable":true,"href":"https:\/\/www.aliadospuebla.com\/index.php?rest_route=\/wp\/v2\/media\/62599"}],"wp:attachment":[{"href":"https:\/\/www.aliadospuebla.com\/index.php?rest_route=%2Fwp%2Fv2%2Fmedia&parent=62598"}],"wp:term":[{"taxonomy":"category","embeddable":true,"href":"https:\/\/www.aliadospuebla.com\/index.php?rest_route=%2Fwp%2Fv2%2Fcategories&post=62598"},{"taxonomy":"post_tag","embeddable":true,"href":"https:\/\/www.aliadospuebla.com\/index.php?rest_route=%2Fwp%2Fv2%2Ftags&post=62598"}],"curies":[{"name":"wp","href":"https:\/\/api.w.org\/{rel}","templated":true}]}}