{"id":62583,"date":"2021-09-24T21:59:48","date_gmt":"2021-09-25T02:59:48","guid":{"rendered":"https:\/\/www.aliados17.com\/?p=62583"},"modified":"2021-09-24T21:59:48","modified_gmt":"2021-09-25T02:59:48","slug":"lorena-cuellar-instalo-el-consejo-estatal-de-seguridad","status":"publish","type":"post","link":"https:\/\/www.aliadospuebla.com\/?p=62583","title":{"rendered":"LORENA CU\u00c9LLAR INSTAL\u00d3 EL CONSEJO ESTATAL DE SEGURIDAD"},"content":{"rendered":"<p>*Acuerdan gobiernos federal, estatal y municipal unir<\/p>\n<p>esfuerzos para fortalecer la seguridad de las y los tlaxcaltecas.<\/p>\n<p>La gobernadora Lorena Cu\u00e9llar Cisneros instal\u00f3 y tom\u00f3<\/p>\n<p>protesta al Consejo Estatal de Seguridad en el que<\/p>\n<p>participan instancias de los tres niveles de gobierno,<\/p>\n<p>con la finalidad de fortalecer estrategias que permitan<\/p>\n<p>hacer frente a la delincuencia y construir una nueva historia para Tlaxcala.<\/p>\n<p>En el Sal\u00f3n Rojo de Palacio de Gobierno, la titular<\/p>\n<p>del Ejecutivo local destac\u00f3 la importancia del<\/p>\n<p>trabajo coordinado para la seguridad de la<\/p>\n<p>entidad \u201cme da gusto la muestra de compromiso<\/p>\n<p>de quienes vamos a dirigir todas las acciones<\/p>\n<p>encaminadas a salvaguardar la seguridad de las<\/p>\n<p>y los tlaxcaltecas\u201d.<\/p>\n<p>Enfatiz\u00f3 que el Consejo dar\u00e1 resultados visibles<\/p>\n<p>pues la seguridad p\u00fablica es uno de sus<\/p>\n<p>principales compromisos hechos con la<\/p>\n<p>poblaci\u00f3n, de ah\u00ed la importancia de que participen<\/p>\n<p>los tres \u00f3rdenes de gobierno en trabajos<\/p>\n<p>vinculados que garanticen el bienestar de<\/p>\n<p>las familias de Tlaxcala.<\/p>\n<p>Cu\u00e9llar Cisneros tom\u00f3 protesta a los integrantes<\/p>\n<p>en cumplimiento a la Ley General del Sistema<\/p>\n<p>Nacional de Seguridad P\u00fablica en sus<\/p>\n<p>art\u00edculos 34, 35 y 37, as\u00ed como a la Ley<\/p>\n<p>de Seguridad P\u00fablica del Estado de Tlaxcala<\/p>\n<p>y sus municipios, en sus art\u00edculos 189 y 190.<\/p>\n<p>El Consejo Estatal de Seguridad qued\u00f3 integrado<\/p>\n<p>por la gobernadora, Lorena Cu\u00e9llar Cisneros<\/p>\n<p>como presidenta; el secretario de Gobierno,<\/p>\n<p>Sergio Gonz\u00e1lez Hern\u00e1ndez como vicepresidente;<\/p>\n<p>adem\u00e1s del presidente del Tribunal Superior de<\/p>\n<p>Justicia (TSJE), H\u00e9ctor Maldonado Bonilla; del<\/p>\n<p>comandante de la 23 Zona Militar, Jos\u00e9 Joaqu\u00edn<\/p>\n<p>Jim\u00e9nez Cueto; del coordinador Estatal de la<\/p>\n<p>Guardia Nacional (GN), Jaime Contreras Ch\u00e1vez;<\/p>\n<p>de la procuradora General de Justicia del Estado<\/p>\n<p>(PGJE), Ernestina Carro Rold\u00e1n y de la subdelegada<\/p>\n<p>encargada del despacho de la Fiscal\u00eda General de la<\/p>\n<p>Rep\u00fablica (FGR), Mariana Navarro Delgado.<\/p>\n<p>As\u00ed como por el secretario de Seguridad Ciudadana<\/p>\n<p>(SSC), Alfredo \u00c1lvarez Valenzuela; el representante<\/p>\n<p>de la Secretar\u00eda de Gobernaci\u00f3n, Manuel Alejandro<\/p>\n<p>Guzm\u00e1n Soledad; el comisionado Ejecutivo del Sistema<\/p>\n<p>Estatal de Seguridad P\u00fablica, Maximino Hern\u00e1ndez<\/p>\n<p>Pulido; la Secretar\u00eda de Movilidad y Transportes,<\/p>\n<p>Luz Mar\u00eda V\u00e1zquez \u00c1vila; del representante del<\/p>\n<p>Centro Nacional de Inteligencia, Gabriel Barboza<\/p>\n<p>Baldomino; del secretario t\u00e9cnico estatal de<\/p>\n<p>Seguridad y Protecci\u00f3n Ciudadana, Fernando<\/p>\n<p>Nicol\u00e1s Cuapio Cuapio, y de los presidentes<\/p>\n<p>municipales de Tlaxcala y Apizaco, Jorge Corichi<\/p>\n<p>Fragoso y Pablo Badillo S\u00e1nchez, respectivamente.<\/p>\n<p>Finalmente, durante la reuni\u00f3n fueron nombrados<\/p>\n<p>como representantes de la entidad ante la<\/p>\n<p>Conferencia Nacional de Seguridad P\u00fablica<\/p>\n<p>Municipal, a los alcaldes de Tlaxcala y Apizaco.<\/p>\n","protected":false},"excerpt":{"rendered":"<p>*Acuerdan gobiernos federal, estatal y municipal unir esfuerzos para fortalecer la seguridad de las y los tlaxcaltecas. La gobernadora Lorena Cu\u00e9llar Cisneros instal\u00f3 y tom\u00f3 protesta al Consejo Estatal de Seguridad en el que participan instancias de los tres niveles de gobierno, con la finalidad de fortalecer estrategias que permitan hacer frente a la delincuencia y construir una nueva historia para Tlaxcala. En el Sal\u00f3n Rojo de Palacio de Gobierno, la titular del Ejecutivo local destac\u00f3 la importancia del trabajo coordinado para la seguridad de la entidad \u201cme da gusto la muestra de compromiso de quienes vamos a dirigir todas las acciones encaminadas a salvaguardar la seguridad de las y los tlaxcaltecas\u201d. Enfatiz\u00f3 que el Consejo dar\u00e1 resultados visibles pues la seguridad p\u00fablica es uno&hellip;<\/p>\n<p class=\"excerpt-more\"><a class=\"blog-excerpt button\" href=\"https:\/\/www.aliadospuebla.com\/?p=62583\">Leer m\u00e1s&#8230;<\/a><\/p>\n","protected":false},"author":3,"featured_media":62584,"comment_status":"open","ping_status":"open","sticky":false,"template":"","format":"standard","meta":{"_monsterinsights_skip_tracking":false,"footnotes":""},"categories":[8304],"tags":[171,16517,11633,3002,319],"class_list":["post-62583","post","type-post","status-publish","format-standard","has-post-thumbnail","hentry","category-nacional","tag-ayuntamiento","tag-consejo-estatal-de-seguridad","tag-lorena-cuellar","tag-regidores","tag-tlaxcala"],"yoast_head":"<!-- This site is optimized with the Yoast SEO plugin v28.4 - https:\/\/yoast.com\/product\/yoast-seo-wordpress\/ -->\n<title>LORENA CU\u00c9LLAR INSTAL\u00d3 EL CONSEJO ESTATAL DE SEGURIDAD - AliadosPuebla<\/title>\n<meta name=\"robots\" content=\"index, follow, max-snippet:-1, max-image-preview:large, max-video-preview:-1\" \/>\n<link rel=\"canonical\" href=\"https:\/\/www.aliadospuebla.com\/?p=62583\" \/>\n<meta property=\"og:locale\" content=\"es_ES\" \/>\n<meta property=\"og:type\" content=\"article\" \/>\n<meta property=\"og:title\" content=\"LORENA CU\u00c9LLAR INSTAL\u00d3 EL CONSEJO ESTATAL DE SEGURIDAD - AliadosPuebla\" \/>\n<meta property=\"og:description\" content=\"*Acuerdan gobiernos federal, estatal y municipal unir esfuerzos para fortalecer la seguridad de las y los tlaxcaltecas. La gobernadora Lorena Cu\u00e9llar Cisneros instal\u00f3 y tom\u00f3 protesta al Consejo Estatal de Seguridad en el que participan instancias de los tres niveles de gobierno, con la finalidad de fortalecer estrategias que permitan hacer frente a la delincuencia y construir una nueva historia para Tlaxcala. En el Sal\u00f3n Rojo de Palacio de Gobierno, la titular del Ejecutivo local destac\u00f3 la importancia del trabajo coordinado para la seguridad de la entidad \u201cme da gusto la muestra de compromiso de quienes vamos a dirigir todas las acciones encaminadas a salvaguardar la seguridad de las y los tlaxcaltecas\u201d. Enfatiz\u00f3 que el Consejo dar\u00e1 resultados visibles pues la seguridad p\u00fablica es uno&hellip;Leer m\u00e1s...\" \/>\n<meta property=\"og:url\" content=\"https:\/\/www.aliadospuebla.com\/?p=62583\" \/>\n<meta property=\"og:site_name\" content=\"AliadosPuebla\" \/>\n<meta property=\"article:published_time\" content=\"2021-09-25T02:59:48+00:00\" \/>\n<meta property=\"og:image\" content=\"https:\/\/www.aliadospuebla.com\/web2017\/wp-content\/uploads\/2021\/09\/TLAX-105.jpg\" \/>\n\t<meta property=\"og:image:width\" content=\"600\" \/>\n\t<meta property=\"og:image:height\" content=\"450\" \/>\n\t<meta property=\"og:image:type\" content=\"image\/jpeg\" \/>\n<meta name=\"author\" content=\"Aliados Videos\" \/>\n<meta name=\"twitter:card\" content=\"summary_large_image\" \/>\n<meta name=\"twitter:label1\" content=\"Escrito por\" \/>\n\t<meta name=\"twitter:data1\" content=\"Aliados Videos\" \/>\n\t<meta name=\"twitter:label2\" content=\"Tiempo de lectura\" \/>\n\t<meta name=\"twitter:data2\" content=\"2 minutos\" \/>\n<script type=\"application\/ld+json\" class=\"yoast-schema-graph\">{\"@context\":\"https:\\\/\\\/schema.org\",\"@graph\":[{\"@type\":\"Article\",\"@id\":\"https:\\\/\\\/www.aliadospuebla.com\\\/?p=62583#article\",\"isPartOf\":{\"@id\":\"https:\\\/\\\/www.aliadospuebla.com\\\/?p=62583\"},\"author\":{\"name\":\"Aliados Videos\",\"@id\":\"https:\\\/\\\/www.aliadospuebla.com\\\/#\\\/schema\\\/person\\\/0fd017f23cc5c3f7988d5d58850eec8e\"},\"headline\":\"LORENA CU\u00c9LLAR INSTAL\u00d3 EL CONSEJO ESTATAL DE SEGURIDAD\",\"datePublished\":\"2021-09-25T02:59:48+00:00\",\"mainEntityOfPage\":{\"@id\":\"https:\\\/\\\/www.aliadospuebla.com\\\/?p=62583\"},\"wordCount\":440,\"commentCount\":0,\"image\":{\"@id\":\"https:\\\/\\\/www.aliadospuebla.com\\\/?p=62583#primaryimage\"},\"thumbnailUrl\":\"https:\\\/\\\/www.aliadospuebla.com\\\/web2017\\\/wp-content\\\/uploads\\\/2021\\\/09\\\/TLAX-105.jpg\",\"keywords\":[\"Ayuntamiento\",\"CONSEJO ESTATAL DE SEGURIDAD\",\"LORENA CU\u00c9LLAR\",\"REGIDORES\",\"TLAXCALA\"],\"articleSection\":[\"Nacional\"],\"inLanguage\":\"es\",\"potentialAction\":[{\"@type\":\"CommentAction\",\"name\":\"Comment\",\"target\":[\"https:\\\/\\\/www.aliadospuebla.com\\\/?p=62583#respond\"]}]},{\"@type\":\"WebPage\",\"@id\":\"https:\\\/\\\/www.aliadospuebla.com\\\/?p=62583\",\"url\":\"https:\\\/\\\/www.aliadospuebla.com\\\/?p=62583\",\"name\":\"LORENA CU\u00c9LLAR INSTAL\u00d3 EL CONSEJO ESTATAL DE SEGURIDAD - AliadosPuebla\",\"isPartOf\":{\"@id\":\"https:\\\/\\\/www.aliadospuebla.com\\\/#website\"},\"primaryImageOfPage\":{\"@id\":\"https:\\\/\\\/www.aliadospuebla.com\\\/?p=62583#primaryimage\"},\"image\":{\"@id\":\"https:\\\/\\\/www.aliadospuebla.com\\\/?p=62583#primaryimage\"},\"thumbnailUrl\":\"https:\\\/\\\/www.aliadospuebla.com\\\/web2017\\\/wp-content\\\/uploads\\\/2021\\\/09\\\/TLAX-105.jpg\",\"datePublished\":\"2021-09-25T02:59:48+00:00\",\"author\":{\"@id\":\"https:\\\/\\\/www.aliadospuebla.com\\\/#\\\/schema\\\/person\\\/0fd017f23cc5c3f7988d5d58850eec8e\"},\"breadcrumb\":{\"@id\":\"https:\\\/\\\/www.aliadospuebla.com\\\/?p=62583#breadcrumb\"},\"inLanguage\":\"es\",\"potentialAction\":[{\"@type\":\"ReadAction\",\"target\":[\"https:\\\/\\\/www.aliadospuebla.com\\\/?p=62583\"]}]},{\"@type\":\"ImageObject\",\"inLanguage\":\"es\",\"@id\":\"https:\\\/\\\/www.aliadospuebla.com\\\/?p=62583#primaryimage\",\"url\":\"https:\\\/\\\/www.aliadospuebla.com\\\/web2017\\\/wp-content\\\/uploads\\\/2021\\\/09\\\/TLAX-105.jpg\",\"contentUrl\":\"https:\\\/\\\/www.aliadospuebla.com\\\/web2017\\\/wp-content\\\/uploads\\\/2021\\\/09\\\/TLAX-105.jpg\",\"width\":600,\"height\":450},{\"@type\":\"BreadcrumbList\",\"@id\":\"https:\\\/\\\/www.aliadospuebla.com\\\/?p=62583#breadcrumb\",\"itemListElement\":[{\"@type\":\"ListItem\",\"position\":1,\"name\":\"Portada\",\"item\":\"https:\\\/\\\/www.aliadospuebla.com\\\/\"},{\"@type\":\"ListItem\",\"position\":2,\"name\":\"LORENA CU\u00c9LLAR INSTAL\u00d3 EL CONSEJO ESTATAL DE SEGURIDAD\"}]},{\"@type\":\"WebSite\",\"@id\":\"https:\\\/\\\/www.aliadospuebla.com\\\/#website\",\"url\":\"https:\\\/\\\/www.aliadospuebla.com\\\/\",\"name\":\"AliadosPuebla\",\"description\":\"La informaci\u00f3n en tus manos\",\"potentialAction\":[{\"@type\":\"SearchAction\",\"target\":{\"@type\":\"EntryPoint\",\"urlTemplate\":\"https:\\\/\\\/www.aliadospuebla.com\\\/?s={search_term_string}\"},\"query-input\":{\"@type\":\"PropertyValueSpecification\",\"valueRequired\":true,\"valueName\":\"search_term_string\"}}],\"inLanguage\":\"es\"},{\"@type\":\"Person\",\"@id\":\"https:\\\/\\\/www.aliadospuebla.com\\\/#\\\/schema\\\/person\\\/0fd017f23cc5c3f7988d5d58850eec8e\",\"name\":\"Aliados Videos\",\"image\":{\"@type\":\"ImageObject\",\"inLanguage\":\"es\",\"@id\":\"https:\\\/\\\/secure.gravatar.com\\\/avatar\\\/42b92de8b2d8339e1e824f3a73ab023a0bec0ee2e3920248085eb1f3160b4083?s=96&d=mm&r=g\",\"url\":\"https:\\\/\\\/secure.gravatar.com\\\/avatar\\\/42b92de8b2d8339e1e824f3a73ab023a0bec0ee2e3920248085eb1f3160b4083?s=96&d=mm&r=g\",\"contentUrl\":\"https:\\\/\\\/secure.gravatar.com\\\/avatar\\\/42b92de8b2d8339e1e824f3a73ab023a0bec0ee2e3920248085eb1f3160b4083?s=96&d=mm&r=g\",\"caption\":\"Aliados Videos\"},\"url\":\"https:\\\/\\\/www.aliadospuebla.com\\\/?author=3\"}]}<\/script>\n<!-- \/ Yoast SEO plugin. -->","yoast_head_json":{"title":"LORENA CU\u00c9LLAR INSTAL\u00d3 EL CONSEJO ESTATAL DE SEGURIDAD - AliadosPuebla","robots":{"index":"index","follow":"follow","max-snippet":"max-snippet:-1","max-image-preview":"max-image-preview:large","max-video-preview":"max-video-preview:-1"},"canonical":"https:\/\/www.aliadospuebla.com\/?p=62583","og_locale":"es_ES","og_type":"article","og_title":"LORENA CU\u00c9LLAR INSTAL\u00d3 EL CONSEJO ESTATAL DE SEGURIDAD - AliadosPuebla","og_description":"*Acuerdan gobiernos federal, estatal y municipal unir esfuerzos para fortalecer la seguridad de las y los tlaxcaltecas. La gobernadora Lorena Cu\u00e9llar Cisneros instal\u00f3 y tom\u00f3 protesta al Consejo Estatal de Seguridad en el que participan instancias de los tres niveles de gobierno, con la finalidad de fortalecer estrategias que permitan hacer frente a la delincuencia y construir una nueva historia para Tlaxcala. En el Sal\u00f3n Rojo de Palacio de Gobierno, la titular del Ejecutivo local destac\u00f3 la importancia del trabajo coordinado para la seguridad de la entidad \u201cme da gusto la muestra de compromiso de quienes vamos a dirigir todas las acciones encaminadas a salvaguardar la seguridad de las y los tlaxcaltecas\u201d. Enfatiz\u00f3 que el Consejo dar\u00e1 resultados visibles pues la seguridad p\u00fablica es uno&hellip;Leer m\u00e1s...","og_url":"https:\/\/www.aliadospuebla.com\/?p=62583","og_site_name":"AliadosPuebla","article_published_time":"2021-09-25T02:59:48+00:00","og_image":[{"width":600,"height":450,"url":"https:\/\/www.aliadospuebla.com\/web2017\/wp-content\/uploads\/2021\/09\/TLAX-105.jpg","type":"image\/jpeg"}],"author":"Aliados Videos","twitter_card":"summary_large_image","twitter_misc":{"Escrito por":"Aliados Videos","Tiempo de lectura":"2 minutos"},"schema":{"@context":"https:\/\/schema.org","@graph":[{"@type":"Article","@id":"https:\/\/www.aliadospuebla.com\/?p=62583#article","isPartOf":{"@id":"https:\/\/www.aliadospuebla.com\/?p=62583"},"author":{"name":"Aliados Videos","@id":"https:\/\/www.aliadospuebla.com\/#\/schema\/person\/0fd017f23cc5c3f7988d5d58850eec8e"},"headline":"LORENA CU\u00c9LLAR INSTAL\u00d3 EL CONSEJO ESTATAL DE SEGURIDAD","datePublished":"2021-09-25T02:59:48+00:00","mainEntityOfPage":{"@id":"https:\/\/www.aliadospuebla.com\/?p=62583"},"wordCount":440,"commentCount":0,"image":{"@id":"https:\/\/www.aliadospuebla.com\/?p=62583#primaryimage"},"thumbnailUrl":"https:\/\/www.aliadospuebla.com\/web2017\/wp-content\/uploads\/2021\/09\/TLAX-105.jpg","keywords":["Ayuntamiento","CONSEJO ESTATAL DE SEGURIDAD","LORENA CU\u00c9LLAR","REGIDORES","TLAXCALA"],"articleSection":["Nacional"],"inLanguage":"es","potentialAction":[{"@type":"CommentAction","name":"Comment","target":["https:\/\/www.aliadospuebla.com\/?p=62583#respond"]}]},{"@type":"WebPage","@id":"https:\/\/www.aliadospuebla.com\/?p=62583","url":"https:\/\/www.aliadospuebla.com\/?p=62583","name":"LORENA CU\u00c9LLAR INSTAL\u00d3 EL CONSEJO ESTATAL DE SEGURIDAD - AliadosPuebla","isPartOf":{"@id":"https:\/\/www.aliadospuebla.com\/#website"},"primaryImageOfPage":{"@id":"https:\/\/www.aliadospuebla.com\/?p=62583#primaryimage"},"image":{"@id":"https:\/\/www.aliadospuebla.com\/?p=62583#primaryimage"},"thumbnailUrl":"https:\/\/www.aliadospuebla.com\/web2017\/wp-content\/uploads\/2021\/09\/TLAX-105.jpg","datePublished":"2021-09-25T02:59:48+00:00","author":{"@id":"https:\/\/www.aliadospuebla.com\/#\/schema\/person\/0fd017f23cc5c3f7988d5d58850eec8e"},"breadcrumb":{"@id":"https:\/\/www.aliadospuebla.com\/?p=62583#breadcrumb"},"inLanguage":"es","potentialAction":[{"@type":"ReadAction","target":["https:\/\/www.aliadospuebla.com\/?p=62583"]}]},{"@type":"ImageObject","inLanguage":"es","@id":"https:\/\/www.aliadospuebla.com\/?p=62583#primaryimage","url":"https:\/\/www.aliadospuebla.com\/web2017\/wp-content\/uploads\/2021\/09\/TLAX-105.jpg","contentUrl":"https:\/\/www.aliadospuebla.com\/web2017\/wp-content\/uploads\/2021\/09\/TLAX-105.jpg","width":600,"height":450},{"@type":"BreadcrumbList","@id":"https:\/\/www.aliadospuebla.com\/?p=62583#breadcrumb","itemListElement":[{"@type":"ListItem","position":1,"name":"Portada","item":"https:\/\/www.aliadospuebla.com\/"},{"@type":"ListItem","position":2,"name":"LORENA CU\u00c9LLAR INSTAL\u00d3 EL CONSEJO ESTATAL DE SEGURIDAD"}]},{"@type":"WebSite","@id":"https:\/\/www.aliadospuebla.com\/#website","url":"https:\/\/www.aliadospuebla.com\/","name":"AliadosPuebla","description":"La informaci\u00f3n en tus manos","potentialAction":[{"@type":"SearchAction","target":{"@type":"EntryPoint","urlTemplate":"https:\/\/www.aliadospuebla.com\/?s={search_term_string}"},"query-input":{"@type":"PropertyValueSpecification","valueRequired":true,"valueName":"search_term_string"}}],"inLanguage":"es"},{"@type":"Person","@id":"https:\/\/www.aliadospuebla.com\/#\/schema\/person\/0fd017f23cc5c3f7988d5d58850eec8e","name":"Aliados Videos","image":{"@type":"ImageObject","inLanguage":"es","@id":"https:\/\/secure.gravatar.com\/avatar\/42b92de8b2d8339e1e824f3a73ab023a0bec0ee2e3920248085eb1f3160b4083?s=96&d=mm&r=g","url":"https:\/\/secure.gravatar.com\/avatar\/42b92de8b2d8339e1e824f3a73ab023a0bec0ee2e3920248085eb1f3160b4083?s=96&d=mm&r=g","contentUrl":"https:\/\/secure.gravatar.com\/avatar\/42b92de8b2d8339e1e824f3a73ab023a0bec0ee2e3920248085eb1f3160b4083?s=96&d=mm&r=g","caption":"Aliados Videos"},"url":"https:\/\/www.aliadospuebla.com\/?author=3"}]}},"views":8,"_links":{"self":[{"href":"https:\/\/www.aliadospuebla.com\/index.php?rest_route=\/wp\/v2\/posts\/62583","targetHints":{"allow":["GET"]}}],"collection":[{"href":"https:\/\/www.aliadospuebla.com\/index.php?rest_route=\/wp\/v2\/posts"}],"about":[{"href":"https:\/\/www.aliadospuebla.com\/index.php?rest_route=\/wp\/v2\/types\/post"}],"author":[{"embeddable":true,"href":"https:\/\/www.aliadospuebla.com\/index.php?rest_route=\/wp\/v2\/users\/3"}],"replies":[{"embeddable":true,"href":"https:\/\/www.aliadospuebla.com\/index.php?rest_route=%2Fwp%2Fv2%2Fcomments&post=62583"}],"version-history":[{"count":1,"href":"https:\/\/www.aliadospuebla.com\/index.php?rest_route=\/wp\/v2\/posts\/62583\/revisions"}],"predecessor-version":[{"id":62585,"href":"https:\/\/www.aliadospuebla.com\/index.php?rest_route=\/wp\/v2\/posts\/62583\/revisions\/62585"}],"wp:featuredmedia":[{"embeddable":true,"href":"https:\/\/www.aliadospuebla.com\/index.php?rest_route=\/wp\/v2\/media\/62584"}],"wp:attachment":[{"href":"https:\/\/www.aliadospuebla.com\/index.php?rest_route=%2Fwp%2Fv2%2Fmedia&parent=62583"}],"wp:term":[{"taxonomy":"category","embeddable":true,"href":"https:\/\/www.aliadospuebla.com\/index.php?rest_route=%2Fwp%2Fv2%2Fcategories&post=62583"},{"taxonomy":"post_tag","embeddable":true,"href":"https:\/\/www.aliadospuebla.com\/index.php?rest_route=%2Fwp%2Fv2%2Ftags&post=62583"}],"curies":[{"name":"wp","href":"https:\/\/api.w.org\/{rel}","templated":true}]}}