{"id":62487,"date":"2021-09-22T23:17:33","date_gmt":"2021-09-23T04:17:33","guid":{"rendered":"https:\/\/www.aliados17.com\/?p=62487"},"modified":"2021-09-22T23:17:33","modified_gmt":"2021-09-23T04:17:33","slug":"queremos-un-presupuesto-que-atienda-las-necesidades-de-todos-los-mexicanos-blanca-alcala","status":"publish","type":"post","link":"https:\/\/www.aliadospuebla.com\/?p=62487","title":{"rendered":"Queremos un presupuesto que atienda las necesidades de todos los mexicanos: Blanca Alcal\u00e1"},"content":{"rendered":"<p>\u2022 El presupuesto planteado por el ejecutivo federal,<\/p>\n<p>se enfoca en las prioridades de siempre,<\/p>\n<p>a los programas sociales que desafortunadamente no<\/p>\n<p>reducen la pobreza, a proyectos de infraestructura<\/p>\n<p>que han sido cuestionados por su poca rentabilidad, se\u00f1al\u00f3.<\/p>\n<p>\u2022 Es preocupante que de cada peso que se gastar\u00e1,<\/p>\n<p>apenas 13 centavos se destinar\u00e1n a Inversi\u00f3n p\u00fablica, detall\u00f3.<\/p>\n<p>La diputada federal del PRI, Blanca Alcal\u00e1 Ruiz,<\/p>\n<p>asegur\u00f3 que el Proyecto de Presupuesto de Egresos<\/p>\n<p>de la Federaci\u00f3n (PEF) para el Ejercicio Fiscal 2022,<\/p>\n<p>que envi\u00f3 el presidente de la Rep\u00fablica,<\/p>\n<p>Andr\u00e9s Manuel L\u00f3pez Obrador al Congreso de la Uni\u00f3n,<\/p>\n<p>es \u201cinercial\u201d y no fomenta el desarrollo econ\u00f3mico del pa\u00eds.<\/p>\n<p>Desde la sede nacional priista, donde present\u00f3 un<\/p>\n<p>an\u00e1lisis del Paquete Econ\u00f3mico para el pr\u00f3ximo<\/p>\n<p>a\u00f1o, la legisladora poblana, reconoci\u00f3 que el PEF2022<\/p>\n<p>es el m\u00e1s alto de la historia con un gasto p\u00fablico<\/p>\n<p>estimado de 7 billones de pesos, sin embargo,<\/p>\n<p>\u201ces preocupante que de cada peso que se gastar\u00e1,<\/p>\n<p>apenas 13 centavos se destinar\u00e1n a Inversi\u00f3n p\u00fablica;<\/p>\n<p>mientras que poco m\u00e1s de 1.4 billones de pesos<\/p>\n<p>servir\u00e1n para pagar salarios\u201d.<\/p>\n<p>Asimismo, se\u00f1al\u00f3, que el gasto es superior a los<\/p>\n<p>ingresos y por esta diferencia nos endeudaremos<\/p>\n<p>con 885 mil millones de pesos, \u201clo que significa<\/p>\n<p>abultar m\u00e1s la deuda del pa\u00eds que tendr\u00e1n que<\/p>\n<p>pagar las generaciones futuras\u201d.<\/p>\n<p>Alcal\u00e1 Ruiz, puntualiz\u00f3 que los recursos del presupuesto<\/p>\n<p>planteado por el ejecutivo federal, se enfoca a las<\/p>\n<p>prioridades de siempre, a los programas sociales<\/p>\n<p>que desafortunadamente no reducen la pobreza,<\/p>\n<p>a proyectos de infraestructura que han sido<\/p>\n<p>cuestionados por su poca rentabilidad.<\/p>\n<p>\u201cA PEMEX, que se ha convertido en un \u201cbarril sin fondo\u201d.<\/p>\n<p>A la Guardia Nacional, cuyo proyecto no ha terminado<\/p>\n<p>de aterrizar. Al Tren Maya, que concentra el incremento<\/p>\n<p>desafortunadamente de m\u00e1s del 90 por ciento<\/p>\n<p>de los recursos que ir\u00e1n con destino a la Secretar\u00eda de Turismo\u201d, agreg\u00f3.<\/p>\n<p>En conferencia de prensa, en compa\u00f1\u00eda del l\u00edder<\/p>\n<p>nacional priista, Alejandro Moreno C\u00e1rdenas<\/p>\n<p>y el coordinador de los diputados federales<\/p>\n<p>del PRI, Rub\u00e9n Moreira Valdez, la congresista<\/p>\n<p>tricolor, lament\u00f3 que en estos tres a\u00f1os de<\/p>\n<p>gobierno se sigan relegando los problemas<\/p>\n<p>que son importantes para los mexicanos como<\/p>\n<p>el fortalecimiento al federalismo para dar<\/p>\n<p>respuesta a las necesidades de obras y<\/p>\n<p>servicios p\u00fablicos que demanda la poblaci\u00f3n en sus comunidades.<\/p>\n<p>\u201cQueremos que se reactive la econom\u00eda y el<\/p>\n<p>empleo, que se atiendan los derechos humanos,<\/p>\n<p>que se fortalezca la educaci\u00f3n, que podamos<\/p>\n<p>prevenir la violencia en contra de las mujeres,<\/p>\n<p>que demos atenci\u00f3n a los migrantes, que<\/p>\n<p>podamos desarrollar la ciencia y tecnolog\u00eda,<\/p>\n<p>la procuraci\u00f3n de justicia y la protecci\u00f3n del<\/p>\n<p>medio ambiente\u201d, demand\u00f3.<\/p>\n<p>La ex senadora de la Rep\u00fablica, asegur\u00f3 que,<\/p>\n<p>a trav\u00e9s del di\u00e1logo y apertura, el Grupo<\/p>\n<p>Parlamentario del PRI en la C\u00e1mara de<\/p>\n<p>Diputados buscar\u00e1 construir un presupuesto<\/p>\n<p>que resuelva los problemas econ\u00f3micos y sociales<\/p>\n<p>del pa\u00eds, que refleje la agenda p\u00fablica que<\/p>\n<p>demanda una sociedad democr\u00e1tica y plural como la nuestra\u201d.<\/p>\n<p>\u201cEn un di\u00e1logo constructivo, con argumentos,<\/p>\n<p>estaremos buscando que este Presupuesto<\/p>\n<p>2022 pueda cristalizar todas estas demandas\u201d, concluy\u00f3.<\/p>\n<div class=\"yj6qo\"><\/div>\n<div class=\"adL\"><\/div>\n","protected":false},"excerpt":{"rendered":"<p>\u2022 El presupuesto planteado por el ejecutivo federal, se enfoca en las prioridades de siempre, a los programas sociales que desafortunadamente no reducen la pobreza, a proyectos de infraestructura que han sido cuestionados por su poca rentabilidad, se\u00f1al\u00f3. \u2022 Es preocupante que de cada peso que se gastar\u00e1, apenas 13 centavos se destinar\u00e1n a Inversi\u00f3n p\u00fablica, detall\u00f3. La diputada federal del PRI, Blanca Alcal\u00e1 Ruiz, asegur\u00f3 que el Proyecto de Presupuesto de Egresos de la Federaci\u00f3n (PEF) para el Ejercicio Fiscal 2022, que envi\u00f3 el presidente de la Rep\u00fablica, Andr\u00e9s Manuel L\u00f3pez Obrador al Congreso de la Uni\u00f3n, es \u201cinercial\u201d y no fomenta el desarrollo econ\u00f3mico del pa\u00eds. Desde la sede nacional priista, donde present\u00f3 un an\u00e1lisis del Paquete Econ\u00f3mico para el pr\u00f3ximo a\u00f1o, la&hellip;<\/p>\n<p class=\"excerpt-more\"><a class=\"blog-excerpt button\" href=\"https:\/\/www.aliadospuebla.com\/?p=62487\">Leer m\u00e1s&#8230;<\/a><\/p>\n","protected":false},"author":3,"featured_media":62488,"comment_status":"open","ping_status":"open","sticky":false,"template":"","format":"standard","meta":{"_monsterinsights_skip_tracking":false,"footnotes":""},"categories":[6],"tags":[16500,12819,702,16499,555,2096,45,1011,16269,8699,127],"class_list":["post-62487","post","type-post","status-publish","format-standard","has-post-thumbnail","hentry","category-politica","tag-alejandro-morena","tag-blanca-alcala","tag-mexico","tag-partido-politica","tag-pemex","tag-politica","tag-pri","tag-reunion","tag-ruben-moreira","tag-tren-maya","tag-turismo"],"yoast_head":"<!-- This site is optimized with the Yoast SEO plugin v28.4 - https:\/\/yoast.com\/product\/yoast-seo-wordpress\/ -->\n<title>Queremos un presupuesto que atienda las necesidades de todos los mexicanos: Blanca Alcal\u00e1 - AliadosPuebla<\/title>\n<meta name=\"robots\" content=\"index, follow, max-snippet:-1, max-image-preview:large, max-video-preview:-1\" \/>\n<link rel=\"canonical\" href=\"https:\/\/www.aliadospuebla.com\/?p=62487\" \/>\n<meta property=\"og:locale\" content=\"es_ES\" \/>\n<meta property=\"og:type\" content=\"article\" \/>\n<meta property=\"og:title\" content=\"Queremos un presupuesto que atienda las necesidades de todos los mexicanos: Blanca Alcal\u00e1 - AliadosPuebla\" \/>\n<meta property=\"og:description\" content=\"\u2022 El presupuesto planteado por el ejecutivo federal, se enfoca en las prioridades de siempre, a los programas sociales que desafortunadamente no reducen la pobreza, a proyectos de infraestructura que han sido cuestionados por su poca rentabilidad, se\u00f1al\u00f3. \u2022 Es preocupante que de cada peso que se gastar\u00e1, apenas 13 centavos se destinar\u00e1n a Inversi\u00f3n p\u00fablica, detall\u00f3. La diputada federal del PRI, Blanca Alcal\u00e1 Ruiz, asegur\u00f3 que el Proyecto de Presupuesto de Egresos de la Federaci\u00f3n (PEF) para el Ejercicio Fiscal 2022, que envi\u00f3 el presidente de la Rep\u00fablica, Andr\u00e9s Manuel L\u00f3pez Obrador al Congreso de la Uni\u00f3n, es \u201cinercial\u201d y no fomenta el desarrollo econ\u00f3mico del pa\u00eds. Desde la sede nacional priista, donde present\u00f3 un an\u00e1lisis del Paquete Econ\u00f3mico para el pr\u00f3ximo a\u00f1o, la&hellip;Leer m\u00e1s...\" \/>\n<meta property=\"og:url\" content=\"https:\/\/www.aliadospuebla.com\/?p=62487\" \/>\n<meta property=\"og:site_name\" content=\"AliadosPuebla\" \/>\n<meta property=\"article:published_time\" content=\"2021-09-23T04:17:33+00:00\" \/>\n<meta property=\"og:image\" content=\"https:\/\/www.aliadospuebla.com\/web2017\/wp-content\/uploads\/2021\/09\/PRI-2.jpg\" \/>\n\t<meta property=\"og:image:width\" content=\"600\" \/>\n\t<meta property=\"og:image:height\" content=\"450\" \/>\n\t<meta property=\"og:image:type\" content=\"image\/jpeg\" \/>\n<meta name=\"author\" content=\"Aliados Videos\" \/>\n<meta name=\"twitter:card\" content=\"summary_large_image\" \/>\n<meta name=\"twitter:label1\" content=\"Escrito por\" \/>\n\t<meta name=\"twitter:data1\" content=\"Aliados Videos\" \/>\n\t<meta name=\"twitter:label2\" content=\"Tiempo de lectura\" \/>\n\t<meta name=\"twitter:data2\" content=\"3 minutos\" \/>\n<script type=\"application\/ld+json\" class=\"yoast-schema-graph\">{\"@context\":\"https:\\\/\\\/schema.org\",\"@graph\":[{\"@type\":\"Article\",\"@id\":\"https:\\\/\\\/www.aliadospuebla.com\\\/?p=62487#article\",\"isPartOf\":{\"@id\":\"https:\\\/\\\/www.aliadospuebla.com\\\/?p=62487\"},\"author\":{\"name\":\"Aliados Videos\",\"@id\":\"https:\\\/\\\/www.aliadospuebla.com\\\/#\\\/schema\\\/person\\\/0fd017f23cc5c3f7988d5d58850eec8e\"},\"headline\":\"Queremos un presupuesto que atienda las necesidades de todos los mexicanos: Blanca Alcal\u00e1\",\"datePublished\":\"2021-09-23T04:17:33+00:00\",\"mainEntityOfPage\":{\"@id\":\"https:\\\/\\\/www.aliadospuebla.com\\\/?p=62487\"},\"wordCount\":557,\"commentCount\":0,\"image\":{\"@id\":\"https:\\\/\\\/www.aliadospuebla.com\\\/?p=62487#primaryimage\"},\"thumbnailUrl\":\"https:\\\/\\\/www.aliadospuebla.com\\\/web2017\\\/wp-content\\\/uploads\\\/2021\\\/09\\\/PRI-2.jpg\",\"keywords\":[\"ALEJANDRO MORENA\",\"Blanca Alcal\u00e1\",\"M\u00c9XICO\",\"PARTIDO POL\u00cdTICA\",\"PEMEX\",\"POL\u00cdTICA\",\"PRI\",\"REUNI\u00d3N\",\"Rub\u00e9n Moreira\",\"Tren Maya\",\"turismo\"],\"articleSection\":[\"Pol\u00edtica\"],\"inLanguage\":\"es\",\"potentialAction\":[{\"@type\":\"CommentAction\",\"name\":\"Comment\",\"target\":[\"https:\\\/\\\/www.aliadospuebla.com\\\/?p=62487#respond\"]}]},{\"@type\":\"WebPage\",\"@id\":\"https:\\\/\\\/www.aliadospuebla.com\\\/?p=62487\",\"url\":\"https:\\\/\\\/www.aliadospuebla.com\\\/?p=62487\",\"name\":\"Queremos un presupuesto que atienda las necesidades de todos los mexicanos: Blanca Alcal\u00e1 - AliadosPuebla\",\"isPartOf\":{\"@id\":\"https:\\\/\\\/www.aliadospuebla.com\\\/#website\"},\"primaryImageOfPage\":{\"@id\":\"https:\\\/\\\/www.aliadospuebla.com\\\/?p=62487#primaryimage\"},\"image\":{\"@id\":\"https:\\\/\\\/www.aliadospuebla.com\\\/?p=62487#primaryimage\"},\"thumbnailUrl\":\"https:\\\/\\\/www.aliadospuebla.com\\\/web2017\\\/wp-content\\\/uploads\\\/2021\\\/09\\\/PRI-2.jpg\",\"datePublished\":\"2021-09-23T04:17:33+00:00\",\"author\":{\"@id\":\"https:\\\/\\\/www.aliadospuebla.com\\\/#\\\/schema\\\/person\\\/0fd017f23cc5c3f7988d5d58850eec8e\"},\"breadcrumb\":{\"@id\":\"https:\\\/\\\/www.aliadospuebla.com\\\/?p=62487#breadcrumb\"},\"inLanguage\":\"es\",\"potentialAction\":[{\"@type\":\"ReadAction\",\"target\":[\"https:\\\/\\\/www.aliadospuebla.com\\\/?p=62487\"]}]},{\"@type\":\"ImageObject\",\"inLanguage\":\"es\",\"@id\":\"https:\\\/\\\/www.aliadospuebla.com\\\/?p=62487#primaryimage\",\"url\":\"https:\\\/\\\/www.aliadospuebla.com\\\/web2017\\\/wp-content\\\/uploads\\\/2021\\\/09\\\/PRI-2.jpg\",\"contentUrl\":\"https:\\\/\\\/www.aliadospuebla.com\\\/web2017\\\/wp-content\\\/uploads\\\/2021\\\/09\\\/PRI-2.jpg\",\"width\":600,\"height\":450},{\"@type\":\"BreadcrumbList\",\"@id\":\"https:\\\/\\\/www.aliadospuebla.com\\\/?p=62487#breadcrumb\",\"itemListElement\":[{\"@type\":\"ListItem\",\"position\":1,\"name\":\"Portada\",\"item\":\"https:\\\/\\\/www.aliadospuebla.com\\\/\"},{\"@type\":\"ListItem\",\"position\":2,\"name\":\"Queremos un presupuesto que atienda las necesidades de todos los mexicanos: Blanca Alcal\u00e1\"}]},{\"@type\":\"WebSite\",\"@id\":\"https:\\\/\\\/www.aliadospuebla.com\\\/#website\",\"url\":\"https:\\\/\\\/www.aliadospuebla.com\\\/\",\"name\":\"AliadosPuebla\",\"description\":\"La informaci\u00f3n en tus manos\",\"potentialAction\":[{\"@type\":\"SearchAction\",\"target\":{\"@type\":\"EntryPoint\",\"urlTemplate\":\"https:\\\/\\\/www.aliadospuebla.com\\\/?s={search_term_string}\"},\"query-input\":{\"@type\":\"PropertyValueSpecification\",\"valueRequired\":true,\"valueName\":\"search_term_string\"}}],\"inLanguage\":\"es\"},{\"@type\":\"Person\",\"@id\":\"https:\\\/\\\/www.aliadospuebla.com\\\/#\\\/schema\\\/person\\\/0fd017f23cc5c3f7988d5d58850eec8e\",\"name\":\"Aliados Videos\",\"image\":{\"@type\":\"ImageObject\",\"inLanguage\":\"es\",\"@id\":\"https:\\\/\\\/secure.gravatar.com\\\/avatar\\\/42b92de8b2d8339e1e824f3a73ab023a0bec0ee2e3920248085eb1f3160b4083?s=96&d=mm&r=g\",\"url\":\"https:\\\/\\\/secure.gravatar.com\\\/avatar\\\/42b92de8b2d8339e1e824f3a73ab023a0bec0ee2e3920248085eb1f3160b4083?s=96&d=mm&r=g\",\"contentUrl\":\"https:\\\/\\\/secure.gravatar.com\\\/avatar\\\/42b92de8b2d8339e1e824f3a73ab023a0bec0ee2e3920248085eb1f3160b4083?s=96&d=mm&r=g\",\"caption\":\"Aliados Videos\"},\"url\":\"https:\\\/\\\/www.aliadospuebla.com\\\/?author=3\"}]}<\/script>\n<!-- \/ Yoast SEO plugin. -->","yoast_head_json":{"title":"Queremos un presupuesto que atienda las necesidades de todos los mexicanos: Blanca Alcal\u00e1 - AliadosPuebla","robots":{"index":"index","follow":"follow","max-snippet":"max-snippet:-1","max-image-preview":"max-image-preview:large","max-video-preview":"max-video-preview:-1"},"canonical":"https:\/\/www.aliadospuebla.com\/?p=62487","og_locale":"es_ES","og_type":"article","og_title":"Queremos un presupuesto que atienda las necesidades de todos los mexicanos: Blanca Alcal\u00e1 - AliadosPuebla","og_description":"\u2022 El presupuesto planteado por el ejecutivo federal, se enfoca en las prioridades de siempre, a los programas sociales que desafortunadamente no reducen la pobreza, a proyectos de infraestructura que han sido cuestionados por su poca rentabilidad, se\u00f1al\u00f3. \u2022 Es preocupante que de cada peso que se gastar\u00e1, apenas 13 centavos se destinar\u00e1n a Inversi\u00f3n p\u00fablica, detall\u00f3. La diputada federal del PRI, Blanca Alcal\u00e1 Ruiz, asegur\u00f3 que el Proyecto de Presupuesto de Egresos de la Federaci\u00f3n (PEF) para el Ejercicio Fiscal 2022, que envi\u00f3 el presidente de la Rep\u00fablica, Andr\u00e9s Manuel L\u00f3pez Obrador al Congreso de la Uni\u00f3n, es \u201cinercial\u201d y no fomenta el desarrollo econ\u00f3mico del pa\u00eds. Desde la sede nacional priista, donde present\u00f3 un an\u00e1lisis del Paquete Econ\u00f3mico para el pr\u00f3ximo a\u00f1o, la&hellip;Leer m\u00e1s...","og_url":"https:\/\/www.aliadospuebla.com\/?p=62487","og_site_name":"AliadosPuebla","article_published_time":"2021-09-23T04:17:33+00:00","og_image":[{"width":600,"height":450,"url":"https:\/\/www.aliadospuebla.com\/web2017\/wp-content\/uploads\/2021\/09\/PRI-2.jpg","type":"image\/jpeg"}],"author":"Aliados Videos","twitter_card":"summary_large_image","twitter_misc":{"Escrito por":"Aliados Videos","Tiempo de lectura":"3 minutos"},"schema":{"@context":"https:\/\/schema.org","@graph":[{"@type":"Article","@id":"https:\/\/www.aliadospuebla.com\/?p=62487#article","isPartOf":{"@id":"https:\/\/www.aliadospuebla.com\/?p=62487"},"author":{"name":"Aliados Videos","@id":"https:\/\/www.aliadospuebla.com\/#\/schema\/person\/0fd017f23cc5c3f7988d5d58850eec8e"},"headline":"Queremos un presupuesto que atienda las necesidades de todos los mexicanos: Blanca Alcal\u00e1","datePublished":"2021-09-23T04:17:33+00:00","mainEntityOfPage":{"@id":"https:\/\/www.aliadospuebla.com\/?p=62487"},"wordCount":557,"commentCount":0,"image":{"@id":"https:\/\/www.aliadospuebla.com\/?p=62487#primaryimage"},"thumbnailUrl":"https:\/\/www.aliadospuebla.com\/web2017\/wp-content\/uploads\/2021\/09\/PRI-2.jpg","keywords":["ALEJANDRO MORENA","Blanca Alcal\u00e1","M\u00c9XICO","PARTIDO POL\u00cdTICA","PEMEX","POL\u00cdTICA","PRI","REUNI\u00d3N","Rub\u00e9n Moreira","Tren Maya","turismo"],"articleSection":["Pol\u00edtica"],"inLanguage":"es","potentialAction":[{"@type":"CommentAction","name":"Comment","target":["https:\/\/www.aliadospuebla.com\/?p=62487#respond"]}]},{"@type":"WebPage","@id":"https:\/\/www.aliadospuebla.com\/?p=62487","url":"https:\/\/www.aliadospuebla.com\/?p=62487","name":"Queremos un presupuesto que atienda las necesidades de todos los mexicanos: Blanca Alcal\u00e1 - AliadosPuebla","isPartOf":{"@id":"https:\/\/www.aliadospuebla.com\/#website"},"primaryImageOfPage":{"@id":"https:\/\/www.aliadospuebla.com\/?p=62487#primaryimage"},"image":{"@id":"https:\/\/www.aliadospuebla.com\/?p=62487#primaryimage"},"thumbnailUrl":"https:\/\/www.aliadospuebla.com\/web2017\/wp-content\/uploads\/2021\/09\/PRI-2.jpg","datePublished":"2021-09-23T04:17:33+00:00","author":{"@id":"https:\/\/www.aliadospuebla.com\/#\/schema\/person\/0fd017f23cc5c3f7988d5d58850eec8e"},"breadcrumb":{"@id":"https:\/\/www.aliadospuebla.com\/?p=62487#breadcrumb"},"inLanguage":"es","potentialAction":[{"@type":"ReadAction","target":["https:\/\/www.aliadospuebla.com\/?p=62487"]}]},{"@type":"ImageObject","inLanguage":"es","@id":"https:\/\/www.aliadospuebla.com\/?p=62487#primaryimage","url":"https:\/\/www.aliadospuebla.com\/web2017\/wp-content\/uploads\/2021\/09\/PRI-2.jpg","contentUrl":"https:\/\/www.aliadospuebla.com\/web2017\/wp-content\/uploads\/2021\/09\/PRI-2.jpg","width":600,"height":450},{"@type":"BreadcrumbList","@id":"https:\/\/www.aliadospuebla.com\/?p=62487#breadcrumb","itemListElement":[{"@type":"ListItem","position":1,"name":"Portada","item":"https:\/\/www.aliadospuebla.com\/"},{"@type":"ListItem","position":2,"name":"Queremos un presupuesto que atienda las necesidades de todos los mexicanos: Blanca Alcal\u00e1"}]},{"@type":"WebSite","@id":"https:\/\/www.aliadospuebla.com\/#website","url":"https:\/\/www.aliadospuebla.com\/","name":"AliadosPuebla","description":"La informaci\u00f3n en tus manos","potentialAction":[{"@type":"SearchAction","target":{"@type":"EntryPoint","urlTemplate":"https:\/\/www.aliadospuebla.com\/?s={search_term_string}"},"query-input":{"@type":"PropertyValueSpecification","valueRequired":true,"valueName":"search_term_string"}}],"inLanguage":"es"},{"@type":"Person","@id":"https:\/\/www.aliadospuebla.com\/#\/schema\/person\/0fd017f23cc5c3f7988d5d58850eec8e","name":"Aliados Videos","image":{"@type":"ImageObject","inLanguage":"es","@id":"https:\/\/secure.gravatar.com\/avatar\/42b92de8b2d8339e1e824f3a73ab023a0bec0ee2e3920248085eb1f3160b4083?s=96&d=mm&r=g","url":"https:\/\/secure.gravatar.com\/avatar\/42b92de8b2d8339e1e824f3a73ab023a0bec0ee2e3920248085eb1f3160b4083?s=96&d=mm&r=g","contentUrl":"https:\/\/secure.gravatar.com\/avatar\/42b92de8b2d8339e1e824f3a73ab023a0bec0ee2e3920248085eb1f3160b4083?s=96&d=mm&r=g","caption":"Aliados Videos"},"url":"https:\/\/www.aliadospuebla.com\/?author=3"}]}},"views":14,"_links":{"self":[{"href":"https:\/\/www.aliadospuebla.com\/index.php?rest_route=\/wp\/v2\/posts\/62487","targetHints":{"allow":["GET"]}}],"collection":[{"href":"https:\/\/www.aliadospuebla.com\/index.php?rest_route=\/wp\/v2\/posts"}],"about":[{"href":"https:\/\/www.aliadospuebla.com\/index.php?rest_route=\/wp\/v2\/types\/post"}],"author":[{"embeddable":true,"href":"https:\/\/www.aliadospuebla.com\/index.php?rest_route=\/wp\/v2\/users\/3"}],"replies":[{"embeddable":true,"href":"https:\/\/www.aliadospuebla.com\/index.php?rest_route=%2Fwp%2Fv2%2Fcomments&post=62487"}],"version-history":[{"count":1,"href":"https:\/\/www.aliadospuebla.com\/index.php?rest_route=\/wp\/v2\/posts\/62487\/revisions"}],"predecessor-version":[{"id":62489,"href":"https:\/\/www.aliadospuebla.com\/index.php?rest_route=\/wp\/v2\/posts\/62487\/revisions\/62489"}],"wp:featuredmedia":[{"embeddable":true,"href":"https:\/\/www.aliadospuebla.com\/index.php?rest_route=\/wp\/v2\/media\/62488"}],"wp:attachment":[{"href":"https:\/\/www.aliadospuebla.com\/index.php?rest_route=%2Fwp%2Fv2%2Fmedia&parent=62487"}],"wp:term":[{"taxonomy":"category","embeddable":true,"href":"https:\/\/www.aliadospuebla.com\/index.php?rest_route=%2Fwp%2Fv2%2Fcategories&post=62487"},{"taxonomy":"post_tag","embeddable":true,"href":"https:\/\/www.aliadospuebla.com\/index.php?rest_route=%2Fwp%2Fv2%2Ftags&post=62487"}],"curies":[{"name":"wp","href":"https:\/\/api.w.org\/{rel}","templated":true}]}}