{"id":62449,"date":"2021-09-22T18:30:12","date_gmt":"2021-09-22T23:30:12","guid":{"rendered":"https:\/\/www.aliados17.com\/?p=62449"},"modified":"2021-09-22T18:30:12","modified_gmt":"2021-09-22T23:30:12","slug":"atestigua-lorena-cuellar-aplicacion-de-vacunas-en-nodo-industrial-de-huamantla","status":"publish","type":"post","link":"https:\/\/www.aliadospuebla.com\/?p=62449","title":{"rendered":"ATESTIGUA LORENA CU\u00c9LLAR APLICACI\u00d3N DE VACUNAS EN NODO INDUSTRIAL DE HUAMANTLA"},"content":{"rendered":"<p>Destac\u00f3 que Tlaxcala est\u00e1 entre los estados con mayor \u00edndice de vacunaci\u00f3n.<\/p>\n<p>La gobernadora Lorena Cu\u00e9llar Cisneros<\/p>\n<p>presenci\u00f3 la aplicaci\u00f3n de la vacuna contra Covid-19<\/p>\n<p>a personal del Nodo Industrial de Huamantla,<\/p>\n<p>como parte de la estrategia que implement\u00f3<\/p>\n<p>la Secretar\u00eda de Bienestar en coordinaci\u00f3n<\/p>\n<p>con el Gobierno del Estado a trav\u00e9s<\/p>\n<p>de las Brigadas Correcaminos, a fin de disminuir contagios.<\/p>\n<p>Refiri\u00f3 que, para el presidente de la Rep\u00fablica,<\/p>\n<p>Andr\u00e9s Manuel L\u00f3pez Obrador, es importante<\/p>\n<p>que la mayor\u00eda de los mexicanos est\u00e9n vacunados,<\/p>\n<p>y Tlaxcala se ha distinguido por estar en los primeros lugares<\/p>\n<p>a nivel nacional en cumplir la meta.<\/p>\n<p>Adem\u00e1s, reconoci\u00f3 la labor de los colaboradores de la Secretar\u00eda de Bienestar,<\/p>\n<p>\u00abs\u00e9 que todos los d\u00edas tienen que trabajar much\u00edsimas horas<\/p>\n<p>para llevar los programas de adultos mayores, de discapacidad,<\/p>\n<p>vivienda, sembrando vida y muchos programas del Gobierno de M\u00e9xico y \u00e9ste es uno m\u00e1s\u00bb.<\/p>\n<p>La titular del Ejecutivo local se\u00f1al\u00f3 que a la fecha<\/p>\n<p>un n\u00famero importante de vacunas ya fueron aplicadas en las empresas,<\/p>\n<p>lo que se traduce en una eficiente atenci\u00f3n a la salud de los trabajadores,<\/p>\n<p>\u00abvamos a seguir trabajando todos los d\u00edas por dar lo mejor para todos los tlaxcaltecas\u00bb.<\/p>\n<p>En tanto, el delegado de Bienestar, Carlos Luna V\u00e1zquez,<\/p>\n<p>refiri\u00f3 que Tlaxcala es el segundo estado del pa\u00eds<\/p>\n<p>que ha logrado un trabajo exitoso en el proceso de vacunaci\u00f3n contra Covid-19.<\/p>\n<p>Resalt\u00f3 el trabajo coordinado con la administraci\u00f3n estatal<\/p>\n<p>que encabeza Cu\u00e9llar Cisneros, \u00abes un gobierno que realmente tiene sentido humano<\/p>\n<p>y que viene a defender los intereses del pueblo\u00bb.<\/p>\n<p>Asimismo, detall\u00f3 que la entidad est\u00e1 en los primeros lugares en vacunaci\u00f3n,<\/p>\n<p>pues se han aplicado un mill\u00f3n 270 mil 554 de primeras dosis,<\/p>\n<p>mientras que 614 mil 450 personas ya cuentan con esquema completo.<\/p>\n<p>Esta semana recibir\u00e1n la vacuna 10 mil 500 trabajadores en los Nodos Industriales<\/p>\n<p>de Huamantla, Tetla y Malintzi, lo que sumar\u00e1 29 mil 382 personas inmunizadas,<\/p>\n<p>acciones que disminuir\u00e1n las cadenas de contagios.<\/p>\n<p>El director general del Grupo Antol\u00edn, Arab Hrizi, agradeci\u00f3 la implementaci\u00f3n<\/p>\n<p>de las acciones que contribuyen al cuidado de la salud del personal,<\/p>\n<p>\u00abquiero que sepan que estamos infinitamente agradecidos<\/p>\n<p>con ustedes y ojal\u00e1 sea el principio de muchas colaboraciones con el gobierno\u00bb.<\/p>\n<p>En el acto tambi\u00e9n estuvieron presentes, el presidente<\/p>\n<p>de la delegaci\u00f3n Tlaxcala de la C\u00e1mara Nacional de la Industria de la Transformaci\u00f3n (Canacintra),<\/p>\n<p>Marcos del Rosario Haget; el gerente de operaciones de la empresa Lear Corporation,<\/p>\n<p>Pedro Xique; el representante de la empresa Morena, Mario Mu\u00f1oz y Yescas;<\/p>\n<p>los coordinadores de recursos Humanos de la empresa Zentrix,<\/p>\n<p>Edmundo Pluma; y regional de Distrito 1 de Servidores de la Naci\u00f3n, Mart\u00edn Islas, entre otras autoridades.<\/p>\n","protected":false},"excerpt":{"rendered":"<p>Destac\u00f3 que Tlaxcala est\u00e1 entre los estados con mayor \u00edndice de vacunaci\u00f3n. La gobernadora Lorena Cu\u00e9llar Cisneros presenci\u00f3 la aplicaci\u00f3n de la vacuna contra Covid-19 a personal del Nodo Industrial de Huamantla, como parte de la estrategia que implement\u00f3 la Secretar\u00eda de Bienestar en coordinaci\u00f3n con el Gobierno del Estado a trav\u00e9s de las Brigadas Correcaminos, a fin de disminuir contagios. Refiri\u00f3 que, para el presidente de la Rep\u00fablica, Andr\u00e9s Manuel L\u00f3pez Obrador, es importante que la mayor\u00eda de los mexicanos est\u00e9n vacunados, y Tlaxcala se ha distinguido por estar en los primeros lugares a nivel nacional en cumplir la meta. Adem\u00e1s, reconoci\u00f3 la labor de los colaboradores de la Secretar\u00eda de Bienestar, \u00abs\u00e9 que todos los d\u00edas tienen que trabajar much\u00edsimas horas para llevar&hellip;<\/p>\n<p class=\"excerpt-more\"><a class=\"blog-excerpt button\" href=\"https:\/\/www.aliadospuebla.com\/?p=62449\">Leer m\u00e1s&#8230;<\/a><\/p>\n","protected":false},"author":2,"featured_media":62450,"comment_status":"open","ping_status":"open","sticky":false,"template":"","format":"standard","meta":{"_monsterinsights_skip_tracking":false,"footnotes":""},"categories":[8304],"tags":[16336,16175,16492,319,4130,1244],"class_list":["post-62449","post","type-post","status-publish","format-standard","has-post-thumbnail","hentry","category-nacional","tag-brigadas-correcaminos","tag-lorena-cuellar-cisneros","tag-nodos-industriales","tag-tlaxcala","tag-vacunacion","tag-vacunas"],"yoast_head":"<!-- This site is optimized with the Yoast SEO plugin v28.4 - https:\/\/yoast.com\/product\/yoast-seo-wordpress\/ -->\n<title>ATESTIGUA LORENA CU\u00c9LLAR APLICACI\u00d3N DE VACUNAS EN NODO INDUSTRIAL DE HUAMANTLA - AliadosPuebla<\/title>\n<meta name=\"description\" content=\"En Tlaxcala el gobierno de Lorena Cu\u00e9llar Cisneros trabaja para aumentar la salud de trabajadores en empresas de los nodos industriales.\" \/>\n<meta name=\"robots\" content=\"index, follow, max-snippet:-1, max-image-preview:large, max-video-preview:-1\" \/>\n<link rel=\"canonical\" href=\"https:\/\/www.aliadospuebla.com\/?p=62449\" \/>\n<meta property=\"og:locale\" content=\"es_ES\" \/>\n<meta property=\"og:type\" content=\"article\" \/>\n<meta property=\"og:title\" content=\"ATESTIGUA LORENA CU\u00c9LLAR APLICACI\u00d3N DE VACUNAS EN NODO INDUSTRIAL DE HUAMANTLA - AliadosPuebla\" \/>\n<meta property=\"og:description\" content=\"En Tlaxcala el gobierno de Lorena Cu\u00e9llar Cisneros trabaja para aumentar la salud de trabajadores en empresas de los nodos industriales.\" \/>\n<meta property=\"og:url\" content=\"https:\/\/www.aliadospuebla.com\/?p=62449\" \/>\n<meta property=\"og:site_name\" content=\"AliadosPuebla\" \/>\n<meta property=\"article:author\" content=\"https:\/\/www.facebook.com\/Aliados17Pue\" \/>\n<meta property=\"article:published_time\" content=\"2021-09-22T23:30:12+00:00\" \/>\n<meta property=\"og:image\" content=\"https:\/\/www.aliadospuebla.com\/web2017\/wp-content\/uploads\/2021\/09\/103-vacunacion-en-nodos-industriales-en-Tlaxcala.jpg\" \/>\n\t<meta property=\"og:image:width\" content=\"600\" \/>\n\t<meta property=\"og:image:height\" content=\"450\" \/>\n\t<meta property=\"og:image:type\" content=\"image\/jpeg\" \/>\n<meta name=\"author\" content=\"Aliados17\" \/>\n<meta name=\"twitter:card\" content=\"summary_large_image\" \/>\n<meta name=\"twitter:creator\" content=\"@AliadosPuebla\" \/>\n<meta name=\"twitter:label1\" content=\"Escrito por\" \/>\n\t<meta name=\"twitter:data1\" content=\"Aliados17\" \/>\n\t<meta name=\"twitter:label2\" content=\"Tiempo de lectura\" \/>\n\t<meta name=\"twitter:data2\" content=\"2 minutos\" \/>\n<script type=\"application\/ld+json\" class=\"yoast-schema-graph\">{\"@context\":\"https:\\\/\\\/schema.org\",\"@graph\":[{\"@type\":\"Article\",\"@id\":\"https:\\\/\\\/www.aliadospuebla.com\\\/?p=62449#article\",\"isPartOf\":{\"@id\":\"https:\\\/\\\/www.aliadospuebla.com\\\/?p=62449\"},\"author\":{\"name\":\"Aliados17\",\"@id\":\"https:\\\/\\\/www.aliadospuebla.com\\\/#\\\/schema\\\/person\\\/5da7dd09320bd4f392b710017ed5f8ad\"},\"headline\":\"ATESTIGUA LORENA CU\u00c9LLAR APLICACI\u00d3N DE VACUNAS EN NODO INDUSTRIAL DE HUAMANTLA\",\"datePublished\":\"2021-09-22T23:30:12+00:00\",\"mainEntityOfPage\":{\"@id\":\"https:\\\/\\\/www.aliadospuebla.com\\\/?p=62449\"},\"wordCount\":485,\"commentCount\":0,\"image\":{\"@id\":\"https:\\\/\\\/www.aliadospuebla.com\\\/?p=62449#primaryimage\"},\"thumbnailUrl\":\"https:\\\/\\\/www.aliadospuebla.com\\\/web2017\\\/wp-content\\\/uploads\\\/2021\\\/09\\\/103-vacunacion-en-nodos-industriales-en-Tlaxcala.jpg\",\"keywords\":[\"brigadas correcaminos\",\"Lorena Cuellar Cisneros\",\"nodos industriales\",\"TLAXCALA\",\"VACUNACI\u00d3N\",\"VACUNAS\"],\"articleSection\":[\"Nacional\"],\"inLanguage\":\"es\",\"potentialAction\":[{\"@type\":\"CommentAction\",\"name\":\"Comment\",\"target\":[\"https:\\\/\\\/www.aliadospuebla.com\\\/?p=62449#respond\"]}]},{\"@type\":\"WebPage\",\"@id\":\"https:\\\/\\\/www.aliadospuebla.com\\\/?p=62449\",\"url\":\"https:\\\/\\\/www.aliadospuebla.com\\\/?p=62449\",\"name\":\"ATESTIGUA LORENA CU\u00c9LLAR APLICACI\u00d3N DE VACUNAS EN NODO INDUSTRIAL DE HUAMANTLA - AliadosPuebla\",\"isPartOf\":{\"@id\":\"https:\\\/\\\/www.aliadospuebla.com\\\/#website\"},\"primaryImageOfPage\":{\"@id\":\"https:\\\/\\\/www.aliadospuebla.com\\\/?p=62449#primaryimage\"},\"image\":{\"@id\":\"https:\\\/\\\/www.aliadospuebla.com\\\/?p=62449#primaryimage\"},\"thumbnailUrl\":\"https:\\\/\\\/www.aliadospuebla.com\\\/web2017\\\/wp-content\\\/uploads\\\/2021\\\/09\\\/103-vacunacion-en-nodos-industriales-en-Tlaxcala.jpg\",\"datePublished\":\"2021-09-22T23:30:12+00:00\",\"author\":{\"@id\":\"https:\\\/\\\/www.aliadospuebla.com\\\/#\\\/schema\\\/person\\\/5da7dd09320bd4f392b710017ed5f8ad\"},\"description\":\"En Tlaxcala el gobierno de Lorena Cu\u00e9llar Cisneros trabaja para aumentar la salud de trabajadores en empresas de los nodos industriales.\",\"breadcrumb\":{\"@id\":\"https:\\\/\\\/www.aliadospuebla.com\\\/?p=62449#breadcrumb\"},\"inLanguage\":\"es\",\"potentialAction\":[{\"@type\":\"ReadAction\",\"target\":[\"https:\\\/\\\/www.aliadospuebla.com\\\/?p=62449\"]}]},{\"@type\":\"ImageObject\",\"inLanguage\":\"es\",\"@id\":\"https:\\\/\\\/www.aliadospuebla.com\\\/?p=62449#primaryimage\",\"url\":\"https:\\\/\\\/www.aliadospuebla.com\\\/web2017\\\/wp-content\\\/uploads\\\/2021\\\/09\\\/103-vacunacion-en-nodos-industriales-en-Tlaxcala.jpg\",\"contentUrl\":\"https:\\\/\\\/www.aliadospuebla.com\\\/web2017\\\/wp-content\\\/uploads\\\/2021\\\/09\\\/103-vacunacion-en-nodos-industriales-en-Tlaxcala.jpg\",\"width\":600,\"height\":450},{\"@type\":\"BreadcrumbList\",\"@id\":\"https:\\\/\\\/www.aliadospuebla.com\\\/?p=62449#breadcrumb\",\"itemListElement\":[{\"@type\":\"ListItem\",\"position\":1,\"name\":\"Portada\",\"item\":\"https:\\\/\\\/www.aliadospuebla.com\\\/\"},{\"@type\":\"ListItem\",\"position\":2,\"name\":\"ATESTIGUA LORENA CU\u00c9LLAR APLICACI\u00d3N DE VACUNAS EN NODO INDUSTRIAL DE HUAMANTLA\"}]},{\"@type\":\"WebSite\",\"@id\":\"https:\\\/\\\/www.aliadospuebla.com\\\/#website\",\"url\":\"https:\\\/\\\/www.aliadospuebla.com\\\/\",\"name\":\"AliadosPuebla\",\"description\":\"La informaci\u00f3n en tus manos\",\"potentialAction\":[{\"@type\":\"SearchAction\",\"target\":{\"@type\":\"EntryPoint\",\"urlTemplate\":\"https:\\\/\\\/www.aliadospuebla.com\\\/?s={search_term_string}\"},\"query-input\":{\"@type\":\"PropertyValueSpecification\",\"valueRequired\":true,\"valueName\":\"search_term_string\"}}],\"inLanguage\":\"es\"},{\"@type\":\"Person\",\"@id\":\"https:\\\/\\\/www.aliadospuebla.com\\\/#\\\/schema\\\/person\\\/5da7dd09320bd4f392b710017ed5f8ad\",\"name\":\"Aliados17\",\"image\":{\"@type\":\"ImageObject\",\"inLanguage\":\"es\",\"@id\":\"https:\\\/\\\/www.aliadospuebla.com\\\/web2017\\\/wp-content\\\/uploads\\\/2025\\\/03\\\/cropped-para-perfil-8-anos-1-96x96.jpg\",\"url\":\"https:\\\/\\\/www.aliadospuebla.com\\\/web2017\\\/wp-content\\\/uploads\\\/2025\\\/03\\\/cropped-para-perfil-8-anos-1-96x96.jpg\",\"contentUrl\":\"https:\\\/\\\/www.aliadospuebla.com\\\/web2017\\\/wp-content\\\/uploads\\\/2025\\\/03\\\/cropped-para-perfil-8-anos-1-96x96.jpg\",\"caption\":\"Aliados17\"},\"sameAs\":[\"https:\\\/\\\/www.aliados17.com\",\"https:\\\/\\\/www.facebook.com\\\/Aliados17Pue\",\"https:\\\/\\\/x.com\\\/AliadosPuebla\"],\"url\":\"https:\\\/\\\/www.aliadospuebla.com\\\/?author=2\"}]}<\/script>\n<!-- \/ Yoast SEO plugin. -->","yoast_head_json":{"title":"ATESTIGUA LORENA CU\u00c9LLAR APLICACI\u00d3N DE VACUNAS EN NODO INDUSTRIAL DE HUAMANTLA - AliadosPuebla","description":"En Tlaxcala el gobierno de Lorena Cu\u00e9llar Cisneros trabaja para aumentar la salud de trabajadores en empresas de los nodos industriales.","robots":{"index":"index","follow":"follow","max-snippet":"max-snippet:-1","max-image-preview":"max-image-preview:large","max-video-preview":"max-video-preview:-1"},"canonical":"https:\/\/www.aliadospuebla.com\/?p=62449","og_locale":"es_ES","og_type":"article","og_title":"ATESTIGUA LORENA CU\u00c9LLAR APLICACI\u00d3N DE VACUNAS EN NODO INDUSTRIAL DE HUAMANTLA - AliadosPuebla","og_description":"En Tlaxcala el gobierno de Lorena Cu\u00e9llar Cisneros trabaja para aumentar la salud de trabajadores en empresas de los nodos industriales.","og_url":"https:\/\/www.aliadospuebla.com\/?p=62449","og_site_name":"AliadosPuebla","article_author":"https:\/\/www.facebook.com\/Aliados17Pue","article_published_time":"2021-09-22T23:30:12+00:00","og_image":[{"width":600,"height":450,"url":"https:\/\/www.aliadospuebla.com\/web2017\/wp-content\/uploads\/2021\/09\/103-vacunacion-en-nodos-industriales-en-Tlaxcala.jpg","type":"image\/jpeg"}],"author":"Aliados17","twitter_card":"summary_large_image","twitter_creator":"@AliadosPuebla","twitter_misc":{"Escrito por":"Aliados17","Tiempo de lectura":"2 minutos"},"schema":{"@context":"https:\/\/schema.org","@graph":[{"@type":"Article","@id":"https:\/\/www.aliadospuebla.com\/?p=62449#article","isPartOf":{"@id":"https:\/\/www.aliadospuebla.com\/?p=62449"},"author":{"name":"Aliados17","@id":"https:\/\/www.aliadospuebla.com\/#\/schema\/person\/5da7dd09320bd4f392b710017ed5f8ad"},"headline":"ATESTIGUA LORENA CU\u00c9LLAR APLICACI\u00d3N DE VACUNAS EN NODO INDUSTRIAL DE HUAMANTLA","datePublished":"2021-09-22T23:30:12+00:00","mainEntityOfPage":{"@id":"https:\/\/www.aliadospuebla.com\/?p=62449"},"wordCount":485,"commentCount":0,"image":{"@id":"https:\/\/www.aliadospuebla.com\/?p=62449#primaryimage"},"thumbnailUrl":"https:\/\/www.aliadospuebla.com\/web2017\/wp-content\/uploads\/2021\/09\/103-vacunacion-en-nodos-industriales-en-Tlaxcala.jpg","keywords":["brigadas correcaminos","Lorena Cuellar Cisneros","nodos industriales","TLAXCALA","VACUNACI\u00d3N","VACUNAS"],"articleSection":["Nacional"],"inLanguage":"es","potentialAction":[{"@type":"CommentAction","name":"Comment","target":["https:\/\/www.aliadospuebla.com\/?p=62449#respond"]}]},{"@type":"WebPage","@id":"https:\/\/www.aliadospuebla.com\/?p=62449","url":"https:\/\/www.aliadospuebla.com\/?p=62449","name":"ATESTIGUA LORENA CU\u00c9LLAR APLICACI\u00d3N DE VACUNAS EN NODO INDUSTRIAL DE HUAMANTLA - AliadosPuebla","isPartOf":{"@id":"https:\/\/www.aliadospuebla.com\/#website"},"primaryImageOfPage":{"@id":"https:\/\/www.aliadospuebla.com\/?p=62449#primaryimage"},"image":{"@id":"https:\/\/www.aliadospuebla.com\/?p=62449#primaryimage"},"thumbnailUrl":"https:\/\/www.aliadospuebla.com\/web2017\/wp-content\/uploads\/2021\/09\/103-vacunacion-en-nodos-industriales-en-Tlaxcala.jpg","datePublished":"2021-09-22T23:30:12+00:00","author":{"@id":"https:\/\/www.aliadospuebla.com\/#\/schema\/person\/5da7dd09320bd4f392b710017ed5f8ad"},"description":"En Tlaxcala el gobierno de Lorena Cu\u00e9llar Cisneros trabaja para aumentar la salud de trabajadores en empresas de los nodos industriales.","breadcrumb":{"@id":"https:\/\/www.aliadospuebla.com\/?p=62449#breadcrumb"},"inLanguage":"es","potentialAction":[{"@type":"ReadAction","target":["https:\/\/www.aliadospuebla.com\/?p=62449"]}]},{"@type":"ImageObject","inLanguage":"es","@id":"https:\/\/www.aliadospuebla.com\/?p=62449#primaryimage","url":"https:\/\/www.aliadospuebla.com\/web2017\/wp-content\/uploads\/2021\/09\/103-vacunacion-en-nodos-industriales-en-Tlaxcala.jpg","contentUrl":"https:\/\/www.aliadospuebla.com\/web2017\/wp-content\/uploads\/2021\/09\/103-vacunacion-en-nodos-industriales-en-Tlaxcala.jpg","width":600,"height":450},{"@type":"BreadcrumbList","@id":"https:\/\/www.aliadospuebla.com\/?p=62449#breadcrumb","itemListElement":[{"@type":"ListItem","position":1,"name":"Portada","item":"https:\/\/www.aliadospuebla.com\/"},{"@type":"ListItem","position":2,"name":"ATESTIGUA LORENA CU\u00c9LLAR APLICACI\u00d3N DE VACUNAS EN NODO INDUSTRIAL DE HUAMANTLA"}]},{"@type":"WebSite","@id":"https:\/\/www.aliadospuebla.com\/#website","url":"https:\/\/www.aliadospuebla.com\/","name":"AliadosPuebla","description":"La informaci\u00f3n en tus manos","potentialAction":[{"@type":"SearchAction","target":{"@type":"EntryPoint","urlTemplate":"https:\/\/www.aliadospuebla.com\/?s={search_term_string}"},"query-input":{"@type":"PropertyValueSpecification","valueRequired":true,"valueName":"search_term_string"}}],"inLanguage":"es"},{"@type":"Person","@id":"https:\/\/www.aliadospuebla.com\/#\/schema\/person\/5da7dd09320bd4f392b710017ed5f8ad","name":"Aliados17","image":{"@type":"ImageObject","inLanguage":"es","@id":"https:\/\/www.aliadospuebla.com\/web2017\/wp-content\/uploads\/2025\/03\/cropped-para-perfil-8-anos-1-96x96.jpg","url":"https:\/\/www.aliadospuebla.com\/web2017\/wp-content\/uploads\/2025\/03\/cropped-para-perfil-8-anos-1-96x96.jpg","contentUrl":"https:\/\/www.aliadospuebla.com\/web2017\/wp-content\/uploads\/2025\/03\/cropped-para-perfil-8-anos-1-96x96.jpg","caption":"Aliados17"},"sameAs":["https:\/\/www.aliados17.com","https:\/\/www.facebook.com\/Aliados17Pue","https:\/\/x.com\/AliadosPuebla"],"url":"https:\/\/www.aliadospuebla.com\/?author=2"}]}},"views":13,"_links":{"self":[{"href":"https:\/\/www.aliadospuebla.com\/index.php?rest_route=\/wp\/v2\/posts\/62449","targetHints":{"allow":["GET"]}}],"collection":[{"href":"https:\/\/www.aliadospuebla.com\/index.php?rest_route=\/wp\/v2\/posts"}],"about":[{"href":"https:\/\/www.aliadospuebla.com\/index.php?rest_route=\/wp\/v2\/types\/post"}],"author":[{"embeddable":true,"href":"https:\/\/www.aliadospuebla.com\/index.php?rest_route=\/wp\/v2\/users\/2"}],"replies":[{"embeddable":true,"href":"https:\/\/www.aliadospuebla.com\/index.php?rest_route=%2Fwp%2Fv2%2Fcomments&post=62449"}],"version-history":[{"count":1,"href":"https:\/\/www.aliadospuebla.com\/index.php?rest_route=\/wp\/v2\/posts\/62449\/revisions"}],"predecessor-version":[{"id":62451,"href":"https:\/\/www.aliadospuebla.com\/index.php?rest_route=\/wp\/v2\/posts\/62449\/revisions\/62451"}],"wp:featuredmedia":[{"embeddable":true,"href":"https:\/\/www.aliadospuebla.com\/index.php?rest_route=\/wp\/v2\/media\/62450"}],"wp:attachment":[{"href":"https:\/\/www.aliadospuebla.com\/index.php?rest_route=%2Fwp%2Fv2%2Fmedia&parent=62449"}],"wp:term":[{"taxonomy":"category","embeddable":true,"href":"https:\/\/www.aliadospuebla.com\/index.php?rest_route=%2Fwp%2Fv2%2Fcategories&post=62449"},{"taxonomy":"post_tag","embeddable":true,"href":"https:\/\/www.aliadospuebla.com\/index.php?rest_route=%2Fwp%2Fv2%2Ftags&post=62449"}],"curies":[{"name":"wp","href":"https:\/\/api.w.org\/{rel}","templated":true}]}}