{"id":62322,"date":"2021-09-20T19:28:01","date_gmt":"2021-09-21T00:28:01","guid":{"rendered":"https:\/\/www.aliados17.com\/?p=62322"},"modified":"2021-09-20T19:28:01","modified_gmt":"2021-09-21T00:28:01","slug":"realiza-ayuntamiento-de-puebla-el-encuentro-por-los-derechos-humanos-y-reproductivos","status":"publish","type":"post","link":"https:\/\/www.aliadospuebla.com\/?p=62322","title":{"rendered":"Realiza Ayuntamiento de Puebla el Encuentro por los Derechos Humanos y Reproductivos"},"content":{"rendered":"<p style=\"font-weight: 400;\"><strong>9 colectivas de Puebla y Tlaxcala intercambiaron opiniones <\/strong><\/p>\n<p style=\"font-weight: 400;\"><strong>sobre temas prioritarios en la agenda a favor de los derechos de las mujeres<\/strong><\/p>\n<p style=\"font-weight: 400;\">\n<p style=\"font-weight: 400;\">En colaboraci\u00f3n con organizaciones, colectivas y asociaciones<\/p>\n<p style=\"font-weight: 400;\">que trabajan a favor de los Derechos Sexuales y Reproductivos en el Municipio,<\/p>\n<p style=\"font-weight: 400;\">el Ayuntamiento de Puebla, a trav\u00e9s de la Secretar\u00eda para la Igualdad Sustantiva de G\u00e9nero,<\/p>\n<p style=\"font-weight: 400;\">celebr\u00f3 un espacio de di\u00e1logo para extender la reflexi\u00f3n y el intercambio de propuesta en la materia.<\/p>\n<p style=\"font-weight: 400;\">Esto en el marco del D\u00eda Mundial para la Prevenci\u00f3n del Embarazo<\/p>\n<p style=\"font-weight: 400;\">No Planificado en Adolescentes, que se conmemora el pr\u00f3ximo domingo 26 de septiembre,<\/p>\n<p style=\"font-weight: 400;\">y el D\u00eda de Acci\u00f3n Global para el Acceso Legal y Seguro, que se solemniza cada 28 de septiembre.<\/p>\n<p style=\"font-weight: 400;\">Durante el conversatorio, las mujeres de distintas colectivas<\/p>\n<p style=\"font-weight: 400;\">pudieran exponer sus puntos de vista e inquietudes<\/p>\n<p style=\"font-weight: 400;\">sobre temas como: las alertas de prevenci\u00f3n para evitar ser v\u00edctima de violencia de g\u00e9nero,<\/p>\n<p style=\"font-weight: 400;\">el derecho al aborto y el saber de salud sexual.<\/p>\n<p style=\"font-weight: 400;\">La titular de la Secretar\u00eda para la Igualdad Sustantiva de G\u00e9nero,<\/p>\n<p style=\"font-weight: 400;\">Norma Estela Pimentel M\u00e9ndez, se\u00f1al\u00f3 que este encuentro es necesario<\/p>\n<p style=\"font-weight: 400;\">para seguir tejiendo las redes de organizaci\u00f3n a favor de los derechos de las mujeres<\/p>\n<p style=\"font-weight: 400;\">y recordar que tienen el derecho a decidir sobre su cuerpo.<\/p>\n<p style=\"font-weight: 400;\">As\u00ed, esta mesa de trabajo result\u00f3 en una respuesta multisectorial<\/p>\n<p style=\"font-weight: 400;\">a favor de la integraci\u00f3n de diversas ideolog\u00edas de abordaje<\/p>\n<p style=\"font-weight: 400;\">y propuesta en materia de salud p\u00fablica con perspectiva de g\u00e9nero,<\/p>\n<p style=\"font-weight: 400;\">as\u00ed como de acciones por la educaci\u00f3n integral en sexualidad,<\/p>\n<p style=\"font-weight: 400;\">programas para la no discriminaci\u00f3n y prevenci\u00f3n de la violencia contra las mujeres.<\/p>\n<p style=\"font-weight: 400;\">Al evento asistieron representantes de los grupos REDefine,<\/p>\n<p style=\"font-weight: 400;\">Red Plural de mujeres, Girl Up Puebla sorora, Espacio Seguro para todas,<\/p>\n<p style=\"font-weight: 400;\">50+1 Puebla, 33 mujeres, Red de abogadas feministas Puebla-Tlaxcala,<\/p>\n<p style=\"font-weight: 400;\">Red Nacional de Abogadas Ind\u00edgenas Cap\u00edtulo Puebla, Festival Feminista para ni\u00f1as y La Morada.<\/p>\n<p style=\"font-weight: 400;\">Por parte del Ayuntamiento, el encargado de despacho del Instituto Municipal de la Juventud,<\/p>\n<p style=\"font-weight: 400;\">Cristian Fonseca Urbina; la directora de Prevenci\u00f3n de la Discriminaci\u00f3n<\/p>\n<p style=\"font-weight: 400;\">y Violencia de G\u00e9nero, Abigail Baez Madrigal; as\u00ed como\u00a0 la jefa del departamento de Derechos Sexuales,<\/p>\n<p style=\"font-weight: 400;\">Reproductivos, Sara Margarita Dom\u00ednguez Huitr\u00f3n.<\/p>\n","protected":false},"excerpt":{"rendered":"<p>9 colectivas de Puebla y Tlaxcala intercambiaron opiniones sobre temas prioritarios en la agenda a favor de los derechos de las mujeres En colaboraci\u00f3n con organizaciones, colectivas y asociaciones que trabajan a favor de los Derechos Sexuales y Reproductivos en el Municipio, el Ayuntamiento de Puebla, a trav\u00e9s de la Secretar\u00eda para la Igualdad Sustantiva de G\u00e9nero, celebr\u00f3 un espacio de di\u00e1logo para extender la reflexi\u00f3n y el intercambio de propuesta en la materia. Esto en el marco del D\u00eda Mundial para la Prevenci\u00f3n del Embarazo No Planificado en Adolescentes, que se conmemora el pr\u00f3ximo domingo 26 de septiembre, y el D\u00eda de Acci\u00f3n Global para el Acceso Legal y Seguro, que se solemniza cada 28 de septiembre. Durante el conversatorio, las mujeres de distintas&hellip;<\/p>\n<p class=\"excerpt-more\"><a class=\"blog-excerpt button\" href=\"https:\/\/www.aliadospuebla.com\/?p=62322\">Leer m\u00e1s&#8230;<\/a><\/p>\n","protected":false},"author":2,"featured_media":62323,"comment_status":"open","ping_status":"open","sticky":false,"template":"","format":"standard","meta":{"_monsterinsights_skip_tracking":false,"footnotes":""},"categories":[62],"tags":[16464,5750,1470,16463,16465,9886,4306,29,72,319],"class_list":["post-62322","post","type-post","status-publish","format-standard","has-post-thumbnail","hentry","category-capital","tag-colectivas","tag-conversatorio","tag-derechos-humanos","tag-derechos-reproductivos","tag-ideologias","tag-igualdad-sustantiva","tag-perspectiva-de-genero","tag-prevencion","tag-puebla","tag-tlaxcala"],"yoast_head":"<!-- This site is optimized with the Yoast SEO plugin v28.4 - https:\/\/yoast.com\/product\/yoast-seo-wordpress\/ -->\n<title>Realiza Ayuntamiento de Puebla el Encuentro por los Derechos Humanos y Reproductivos - AliadosPuebla<\/title>\n<meta name=\"robots\" content=\"index, follow, max-snippet:-1, max-image-preview:large, max-video-preview:-1\" \/>\n<link rel=\"canonical\" href=\"https:\/\/www.aliadospuebla.com\/?p=62322\" \/>\n<meta property=\"og:locale\" content=\"es_ES\" \/>\n<meta property=\"og:type\" content=\"article\" \/>\n<meta property=\"og:title\" content=\"Realiza Ayuntamiento de Puebla el Encuentro por los Derechos Humanos y Reproductivos - AliadosPuebla\" \/>\n<meta property=\"og:description\" content=\"9 colectivas de Puebla y Tlaxcala intercambiaron opiniones sobre temas prioritarios en la agenda a favor de los derechos de las mujeres En colaboraci\u00f3n con organizaciones, colectivas y asociaciones que trabajan a favor de los Derechos Sexuales y Reproductivos en el Municipio, el Ayuntamiento de Puebla, a trav\u00e9s de la Secretar\u00eda para la Igualdad Sustantiva de G\u00e9nero, celebr\u00f3 un espacio de di\u00e1logo para extender la reflexi\u00f3n y el intercambio de propuesta en la materia. Esto en el marco del D\u00eda Mundial para la Prevenci\u00f3n del Embarazo No Planificado en Adolescentes, que se conmemora el pr\u00f3ximo domingo 26 de septiembre, y el D\u00eda de Acci\u00f3n Global para el Acceso Legal y Seguro, que se solemniza cada 28 de septiembre. Durante el conversatorio, las mujeres de distintas&hellip;Leer m\u00e1s...\" \/>\n<meta property=\"og:url\" content=\"https:\/\/www.aliadospuebla.com\/?p=62322\" \/>\n<meta property=\"og:site_name\" content=\"AliadosPuebla\" \/>\n<meta property=\"article:author\" content=\"https:\/\/www.facebook.com\/Aliados17Pue\" \/>\n<meta property=\"article:published_time\" content=\"2021-09-21T00:28:01+00:00\" \/>\n<meta property=\"og:image\" content=\"https:\/\/www.aliadospuebla.com\/web2017\/wp-content\/uploads\/2021\/09\/089-derecho-reproductivo.jpg\" \/>\n\t<meta property=\"og:image:width\" content=\"600\" \/>\n\t<meta property=\"og:image:height\" content=\"450\" \/>\n\t<meta property=\"og:image:type\" content=\"image\/jpeg\" \/>\n<meta name=\"author\" content=\"Aliados17\" \/>\n<meta name=\"twitter:card\" content=\"summary_large_image\" \/>\n<meta name=\"twitter:creator\" content=\"@AliadosPuebla\" \/>\n<meta name=\"twitter:label1\" content=\"Escrito por\" \/>\n\t<meta name=\"twitter:data1\" content=\"Aliados17\" \/>\n\t<meta name=\"twitter:label2\" content=\"Tiempo de lectura\" \/>\n\t<meta name=\"twitter:data2\" content=\"2 minutos\" \/>\n<script type=\"application\/ld+json\" class=\"yoast-schema-graph\">{\"@context\":\"https:\\\/\\\/schema.org\",\"@graph\":[{\"@type\":\"Article\",\"@id\":\"https:\\\/\\\/www.aliadospuebla.com\\\/?p=62322#article\",\"isPartOf\":{\"@id\":\"https:\\\/\\\/www.aliadospuebla.com\\\/?p=62322\"},\"author\":{\"name\":\"Aliados17\",\"@id\":\"https:\\\/\\\/www.aliadospuebla.com\\\/#\\\/schema\\\/person\\\/5da7dd09320bd4f392b710017ed5f8ad\"},\"headline\":\"Realiza Ayuntamiento de Puebla el Encuentro por los Derechos Humanos y Reproductivos\",\"datePublished\":\"2021-09-21T00:28:01+00:00\",\"mainEntityOfPage\":{\"@id\":\"https:\\\/\\\/www.aliadospuebla.com\\\/?p=62322\"},\"wordCount\":389,\"commentCount\":0,\"image\":{\"@id\":\"https:\\\/\\\/www.aliadospuebla.com\\\/?p=62322#primaryimage\"},\"thumbnailUrl\":\"https:\\\/\\\/www.aliadospuebla.com\\\/web2017\\\/wp-content\\\/uploads\\\/2021\\\/09\\\/089-derecho-reproductivo.jpg\",\"keywords\":[\"colectivas\",\"CONVERSATORIO\",\"DERECHOS HUMANOS\",\"Derechos reproductivos\",\"ideolog\u00edas\",\"Igualdad sustantiva\",\"PERSPECTIVA DE G\u00c9NERO\",\"Prevencion\",\"Puebla\",\"TLAXCALA\"],\"articleSection\":[\"Capital\"],\"inLanguage\":\"es\",\"potentialAction\":[{\"@type\":\"CommentAction\",\"name\":\"Comment\",\"target\":[\"https:\\\/\\\/www.aliadospuebla.com\\\/?p=62322#respond\"]}]},{\"@type\":\"WebPage\",\"@id\":\"https:\\\/\\\/www.aliadospuebla.com\\\/?p=62322\",\"url\":\"https:\\\/\\\/www.aliadospuebla.com\\\/?p=62322\",\"name\":\"Realiza Ayuntamiento de Puebla el Encuentro por los Derechos Humanos y Reproductivos - AliadosPuebla\",\"isPartOf\":{\"@id\":\"https:\\\/\\\/www.aliadospuebla.com\\\/#website\"},\"primaryImageOfPage\":{\"@id\":\"https:\\\/\\\/www.aliadospuebla.com\\\/?p=62322#primaryimage\"},\"image\":{\"@id\":\"https:\\\/\\\/www.aliadospuebla.com\\\/?p=62322#primaryimage\"},\"thumbnailUrl\":\"https:\\\/\\\/www.aliadospuebla.com\\\/web2017\\\/wp-content\\\/uploads\\\/2021\\\/09\\\/089-derecho-reproductivo.jpg\",\"datePublished\":\"2021-09-21T00:28:01+00:00\",\"author\":{\"@id\":\"https:\\\/\\\/www.aliadospuebla.com\\\/#\\\/schema\\\/person\\\/5da7dd09320bd4f392b710017ed5f8ad\"},\"breadcrumb\":{\"@id\":\"https:\\\/\\\/www.aliadospuebla.com\\\/?p=62322#breadcrumb\"},\"inLanguage\":\"es\",\"potentialAction\":[{\"@type\":\"ReadAction\",\"target\":[\"https:\\\/\\\/www.aliadospuebla.com\\\/?p=62322\"]}]},{\"@type\":\"ImageObject\",\"inLanguage\":\"es\",\"@id\":\"https:\\\/\\\/www.aliadospuebla.com\\\/?p=62322#primaryimage\",\"url\":\"https:\\\/\\\/www.aliadospuebla.com\\\/web2017\\\/wp-content\\\/uploads\\\/2021\\\/09\\\/089-derecho-reproductivo.jpg\",\"contentUrl\":\"https:\\\/\\\/www.aliadospuebla.com\\\/web2017\\\/wp-content\\\/uploads\\\/2021\\\/09\\\/089-derecho-reproductivo.jpg\",\"width\":600,\"height\":450},{\"@type\":\"BreadcrumbList\",\"@id\":\"https:\\\/\\\/www.aliadospuebla.com\\\/?p=62322#breadcrumb\",\"itemListElement\":[{\"@type\":\"ListItem\",\"position\":1,\"name\":\"Portada\",\"item\":\"https:\\\/\\\/www.aliadospuebla.com\\\/\"},{\"@type\":\"ListItem\",\"position\":2,\"name\":\"Realiza Ayuntamiento de Puebla el Encuentro por los Derechos Humanos y Reproductivos\"}]},{\"@type\":\"WebSite\",\"@id\":\"https:\\\/\\\/www.aliadospuebla.com\\\/#website\",\"url\":\"https:\\\/\\\/www.aliadospuebla.com\\\/\",\"name\":\"AliadosPuebla\",\"description\":\"La informaci\u00f3n en tus manos\",\"potentialAction\":[{\"@type\":\"SearchAction\",\"target\":{\"@type\":\"EntryPoint\",\"urlTemplate\":\"https:\\\/\\\/www.aliadospuebla.com\\\/?s={search_term_string}\"},\"query-input\":{\"@type\":\"PropertyValueSpecification\",\"valueRequired\":true,\"valueName\":\"search_term_string\"}}],\"inLanguage\":\"es\"},{\"@type\":\"Person\",\"@id\":\"https:\\\/\\\/www.aliadospuebla.com\\\/#\\\/schema\\\/person\\\/5da7dd09320bd4f392b710017ed5f8ad\",\"name\":\"Aliados17\",\"image\":{\"@type\":\"ImageObject\",\"inLanguage\":\"es\",\"@id\":\"https:\\\/\\\/www.aliadospuebla.com\\\/web2017\\\/wp-content\\\/uploads\\\/2025\\\/03\\\/cropped-para-perfil-8-anos-1-96x96.jpg\",\"url\":\"https:\\\/\\\/www.aliadospuebla.com\\\/web2017\\\/wp-content\\\/uploads\\\/2025\\\/03\\\/cropped-para-perfil-8-anos-1-96x96.jpg\",\"contentUrl\":\"https:\\\/\\\/www.aliadospuebla.com\\\/web2017\\\/wp-content\\\/uploads\\\/2025\\\/03\\\/cropped-para-perfil-8-anos-1-96x96.jpg\",\"caption\":\"Aliados17\"},\"sameAs\":[\"https:\\\/\\\/www.aliados17.com\",\"https:\\\/\\\/www.facebook.com\\\/Aliados17Pue\",\"https:\\\/\\\/x.com\\\/AliadosPuebla\"],\"url\":\"https:\\\/\\\/www.aliadospuebla.com\\\/?author=2\"}]}<\/script>\n<!-- \/ Yoast SEO plugin. -->","yoast_head_json":{"title":"Realiza Ayuntamiento de Puebla el Encuentro por los Derechos Humanos y Reproductivos - AliadosPuebla","robots":{"index":"index","follow":"follow","max-snippet":"max-snippet:-1","max-image-preview":"max-image-preview:large","max-video-preview":"max-video-preview:-1"},"canonical":"https:\/\/www.aliadospuebla.com\/?p=62322","og_locale":"es_ES","og_type":"article","og_title":"Realiza Ayuntamiento de Puebla el Encuentro por los Derechos Humanos y Reproductivos - AliadosPuebla","og_description":"9 colectivas de Puebla y Tlaxcala intercambiaron opiniones sobre temas prioritarios en la agenda a favor de los derechos de las mujeres En colaboraci\u00f3n con organizaciones, colectivas y asociaciones que trabajan a favor de los Derechos Sexuales y Reproductivos en el Municipio, el Ayuntamiento de Puebla, a trav\u00e9s de la Secretar\u00eda para la Igualdad Sustantiva de G\u00e9nero, celebr\u00f3 un espacio de di\u00e1logo para extender la reflexi\u00f3n y el intercambio de propuesta en la materia. Esto en el marco del D\u00eda Mundial para la Prevenci\u00f3n del Embarazo No Planificado en Adolescentes, que se conmemora el pr\u00f3ximo domingo 26 de septiembre, y el D\u00eda de Acci\u00f3n Global para el Acceso Legal y Seguro, que se solemniza cada 28 de septiembre. Durante el conversatorio, las mujeres de distintas&hellip;Leer m\u00e1s...","og_url":"https:\/\/www.aliadospuebla.com\/?p=62322","og_site_name":"AliadosPuebla","article_author":"https:\/\/www.facebook.com\/Aliados17Pue","article_published_time":"2021-09-21T00:28:01+00:00","og_image":[{"width":600,"height":450,"url":"https:\/\/www.aliadospuebla.com\/web2017\/wp-content\/uploads\/2021\/09\/089-derecho-reproductivo.jpg","type":"image\/jpeg"}],"author":"Aliados17","twitter_card":"summary_large_image","twitter_creator":"@AliadosPuebla","twitter_misc":{"Escrito por":"Aliados17","Tiempo de lectura":"2 minutos"},"schema":{"@context":"https:\/\/schema.org","@graph":[{"@type":"Article","@id":"https:\/\/www.aliadospuebla.com\/?p=62322#article","isPartOf":{"@id":"https:\/\/www.aliadospuebla.com\/?p=62322"},"author":{"name":"Aliados17","@id":"https:\/\/www.aliadospuebla.com\/#\/schema\/person\/5da7dd09320bd4f392b710017ed5f8ad"},"headline":"Realiza Ayuntamiento de Puebla el Encuentro por los Derechos Humanos y Reproductivos","datePublished":"2021-09-21T00:28:01+00:00","mainEntityOfPage":{"@id":"https:\/\/www.aliadospuebla.com\/?p=62322"},"wordCount":389,"commentCount":0,"image":{"@id":"https:\/\/www.aliadospuebla.com\/?p=62322#primaryimage"},"thumbnailUrl":"https:\/\/www.aliadospuebla.com\/web2017\/wp-content\/uploads\/2021\/09\/089-derecho-reproductivo.jpg","keywords":["colectivas","CONVERSATORIO","DERECHOS HUMANOS","Derechos reproductivos","ideolog\u00edas","Igualdad sustantiva","PERSPECTIVA DE G\u00c9NERO","Prevencion","Puebla","TLAXCALA"],"articleSection":["Capital"],"inLanguage":"es","potentialAction":[{"@type":"CommentAction","name":"Comment","target":["https:\/\/www.aliadospuebla.com\/?p=62322#respond"]}]},{"@type":"WebPage","@id":"https:\/\/www.aliadospuebla.com\/?p=62322","url":"https:\/\/www.aliadospuebla.com\/?p=62322","name":"Realiza Ayuntamiento de Puebla el Encuentro por los Derechos Humanos y Reproductivos - AliadosPuebla","isPartOf":{"@id":"https:\/\/www.aliadospuebla.com\/#website"},"primaryImageOfPage":{"@id":"https:\/\/www.aliadospuebla.com\/?p=62322#primaryimage"},"image":{"@id":"https:\/\/www.aliadospuebla.com\/?p=62322#primaryimage"},"thumbnailUrl":"https:\/\/www.aliadospuebla.com\/web2017\/wp-content\/uploads\/2021\/09\/089-derecho-reproductivo.jpg","datePublished":"2021-09-21T00:28:01+00:00","author":{"@id":"https:\/\/www.aliadospuebla.com\/#\/schema\/person\/5da7dd09320bd4f392b710017ed5f8ad"},"breadcrumb":{"@id":"https:\/\/www.aliadospuebla.com\/?p=62322#breadcrumb"},"inLanguage":"es","potentialAction":[{"@type":"ReadAction","target":["https:\/\/www.aliadospuebla.com\/?p=62322"]}]},{"@type":"ImageObject","inLanguage":"es","@id":"https:\/\/www.aliadospuebla.com\/?p=62322#primaryimage","url":"https:\/\/www.aliadospuebla.com\/web2017\/wp-content\/uploads\/2021\/09\/089-derecho-reproductivo.jpg","contentUrl":"https:\/\/www.aliadospuebla.com\/web2017\/wp-content\/uploads\/2021\/09\/089-derecho-reproductivo.jpg","width":600,"height":450},{"@type":"BreadcrumbList","@id":"https:\/\/www.aliadospuebla.com\/?p=62322#breadcrumb","itemListElement":[{"@type":"ListItem","position":1,"name":"Portada","item":"https:\/\/www.aliadospuebla.com\/"},{"@type":"ListItem","position":2,"name":"Realiza Ayuntamiento de Puebla el Encuentro por los Derechos Humanos y Reproductivos"}]},{"@type":"WebSite","@id":"https:\/\/www.aliadospuebla.com\/#website","url":"https:\/\/www.aliadospuebla.com\/","name":"AliadosPuebla","description":"La informaci\u00f3n en tus manos","potentialAction":[{"@type":"SearchAction","target":{"@type":"EntryPoint","urlTemplate":"https:\/\/www.aliadospuebla.com\/?s={search_term_string}"},"query-input":{"@type":"PropertyValueSpecification","valueRequired":true,"valueName":"search_term_string"}}],"inLanguage":"es"},{"@type":"Person","@id":"https:\/\/www.aliadospuebla.com\/#\/schema\/person\/5da7dd09320bd4f392b710017ed5f8ad","name":"Aliados17","image":{"@type":"ImageObject","inLanguage":"es","@id":"https:\/\/www.aliadospuebla.com\/web2017\/wp-content\/uploads\/2025\/03\/cropped-para-perfil-8-anos-1-96x96.jpg","url":"https:\/\/www.aliadospuebla.com\/web2017\/wp-content\/uploads\/2025\/03\/cropped-para-perfil-8-anos-1-96x96.jpg","contentUrl":"https:\/\/www.aliadospuebla.com\/web2017\/wp-content\/uploads\/2025\/03\/cropped-para-perfil-8-anos-1-96x96.jpg","caption":"Aliados17"},"sameAs":["https:\/\/www.aliados17.com","https:\/\/www.facebook.com\/Aliados17Pue","https:\/\/x.com\/AliadosPuebla"],"url":"https:\/\/www.aliadospuebla.com\/?author=2"}]}},"views":10,"_links":{"self":[{"href":"https:\/\/www.aliadospuebla.com\/index.php?rest_route=\/wp\/v2\/posts\/62322","targetHints":{"allow":["GET"]}}],"collection":[{"href":"https:\/\/www.aliadospuebla.com\/index.php?rest_route=\/wp\/v2\/posts"}],"about":[{"href":"https:\/\/www.aliadospuebla.com\/index.php?rest_route=\/wp\/v2\/types\/post"}],"author":[{"embeddable":true,"href":"https:\/\/www.aliadospuebla.com\/index.php?rest_route=\/wp\/v2\/users\/2"}],"replies":[{"embeddable":true,"href":"https:\/\/www.aliadospuebla.com\/index.php?rest_route=%2Fwp%2Fv2%2Fcomments&post=62322"}],"version-history":[{"count":1,"href":"https:\/\/www.aliadospuebla.com\/index.php?rest_route=\/wp\/v2\/posts\/62322\/revisions"}],"predecessor-version":[{"id":62324,"href":"https:\/\/www.aliadospuebla.com\/index.php?rest_route=\/wp\/v2\/posts\/62322\/revisions\/62324"}],"wp:featuredmedia":[{"embeddable":true,"href":"https:\/\/www.aliadospuebla.com\/index.php?rest_route=\/wp\/v2\/media\/62323"}],"wp:attachment":[{"href":"https:\/\/www.aliadospuebla.com\/index.php?rest_route=%2Fwp%2Fv2%2Fmedia&parent=62322"}],"wp:term":[{"taxonomy":"category","embeddable":true,"href":"https:\/\/www.aliadospuebla.com\/index.php?rest_route=%2Fwp%2Fv2%2Fcategories&post=62322"},{"taxonomy":"post_tag","embeddable":true,"href":"https:\/\/www.aliadospuebla.com\/index.php?rest_route=%2Fwp%2Fv2%2Ftags&post=62322"}],"curies":[{"name":"wp","href":"https:\/\/api.w.org\/{rel}","templated":true}]}}