{"id":62266,"date":"2021-09-19T18:49:08","date_gmt":"2021-09-19T23:49:08","guid":{"rendered":"https:\/\/www.aliados17.com\/?p=62266"},"modified":"2021-09-19T18:49:08","modified_gmt":"2021-09-19T23:49:08","slug":"participa-la-ciudad-de-tlaxcala-en-el-simulacro-nacional-2021","status":"publish","type":"post","link":"https:\/\/www.aliadospuebla.com\/?p=62266","title":{"rendered":"Participa la Ciudad de Tlaxcala en el Simulacro Nacional 2021"},"content":{"rendered":"<p><span style=\"font-weight: 400;\">La Ciudad de Tlaxcala particip\u00f3 activamente en el Macro Simulacro de sismo que se realiz\u00f3 en todo M\u00e9xico este 19 de septiembre.<\/span><\/p>\n<p><span style=\"font-weight: 400;\">A las 11:30 horas se escuch\u00f3 la alerta con la que los 50 trabajadores que se encontraban en el Palacio del Ayuntamiento de Tlaxcala, salieron de manera ordenada a los puntos seguros designados por autoridades de protecci\u00f3n civil.<\/span><\/p>\n<p><span style=\"font-weight: 400;\">Personal de Protecci\u00f3n Civil y de la Direcci\u00f3n de Seguridad P\u00fablica municipal brindaron distintos tipos de apoyos en comunidades, colonias y zona urbana.\u00a0<\/span><\/p>\n<p><span style=\"font-weight: 400;\">El simulacro se realiz\u00f3 con una hip\u00f3tesis de sismo de magnitud de 7.2 grados en la escala de Richter en el centro del pa\u00eds y las \u00fanicas incidencias detectadas consistieron en el rescate de un menor que sufri\u00f3 una crisis nerviosa y un bolero que se encontraba en el \u00e1rea de sanitarios en el momento en el que se activaron las alarmas.<\/span><\/p>\n<p><span style=\"font-weight: 400;\">De acuerdo con el reporte emitido por el responsable del \u00e1rea de Protecci\u00f3n Civil del Ayuntamiento de Tlaxcala, Jos\u00e9 El\u00edas Paredes M\u00e9ndez, los trabajadores que participaron en el simulacro actuaron de acuerdo a los protocolos de seguridad en caso de emergencias, siguieron las indicaciones al evacuar del edificio y se concentraron en los puntos se\u00f1alados como seguros.\u00a0<\/span><\/p>\n<p><span style=\"font-weight: 400;\">El presidente municipal, Jorge Corichi, hizo un llamado a la poblaci\u00f3n capitalina a fortalecer los mecanismos de prevenci\u00f3n y autoprotecci\u00f3n ante una calamidad. Exhort\u00f3 a la sociedad en general a siempre estar pendiente y as\u00ed enfrentar de una manera m\u00e1s eficaz los riesgos potenciales en caso de desastres naturales y siniestros.<\/span><\/p>\n","protected":false},"excerpt":{"rendered":"<p>La Ciudad de Tlaxcala particip\u00f3 activamente en el Macro Simulacro de sismo que se realiz\u00f3 en todo M\u00e9xico este 19 de septiembre. A las 11:30 horas se escuch\u00f3 la alerta con la que los 50 trabajadores que se encontraban en el Palacio del Ayuntamiento de Tlaxcala, salieron de manera ordenada a los puntos seguros designados por autoridades de protecci\u00f3n civil. Personal de Protecci\u00f3n Civil y de la Direcci\u00f3n de Seguridad P\u00fablica municipal brindaron distintos tipos de apoyos en comunidades, colonias y zona urbana.\u00a0 El simulacro se realiz\u00f3 con una hip\u00f3tesis de sismo de magnitud de 7.2 grados en la escala de Richter en el centro del pa\u00eds y las \u00fanicas incidencias detectadas consistieron en el rescate de un menor que sufri\u00f3 una crisis nerviosa y&hellip;<\/p>\n<p class=\"excerpt-more\"><a class=\"blog-excerpt button\" href=\"https:\/\/www.aliadospuebla.com\/?p=62266\">Leer m\u00e1s&#8230;<\/a><\/p>\n","protected":false},"author":3,"featured_media":62267,"comment_status":"open","ping_status":"open","sticky":false,"template":"","format":"standard","meta":{"_monsterinsights_skip_tracking":false,"footnotes":""},"categories":[8304],"tags":[171,56,16288,11633,3002,319],"class_list":["post-62266","post","type-post","status-publish","format-standard","has-post-thumbnail","hentry","category-nacional","tag-ayuntamiento","tag-capital","tag-jorge-corichi","tag-lorena-cuellar","tag-regidores","tag-tlaxcala"],"yoast_head":"<!-- This site is optimized with the Yoast SEO plugin v28.4 - https:\/\/yoast.com\/product\/yoast-seo-wordpress\/ -->\n<title>Participa la Ciudad de Tlaxcala en el Simulacro Nacional 2021 - AliadosPuebla<\/title>\n<meta name=\"robots\" content=\"index, follow, max-snippet:-1, max-image-preview:large, max-video-preview:-1\" \/>\n<link rel=\"canonical\" href=\"https:\/\/www.aliadospuebla.com\/?p=62266\" \/>\n<meta property=\"og:locale\" content=\"es_ES\" \/>\n<meta property=\"og:type\" content=\"article\" \/>\n<meta property=\"og:title\" content=\"Participa la Ciudad de Tlaxcala en el Simulacro Nacional 2021 - AliadosPuebla\" \/>\n<meta property=\"og:description\" content=\"La Ciudad de Tlaxcala particip\u00f3 activamente en el Macro Simulacro de sismo que se realiz\u00f3 en todo M\u00e9xico este 19 de septiembre. A las 11:30 horas se escuch\u00f3 la alerta con la que los 50 trabajadores que se encontraban en el Palacio del Ayuntamiento de Tlaxcala, salieron de manera ordenada a los puntos seguros designados por autoridades de protecci\u00f3n civil. Personal de Protecci\u00f3n Civil y de la Direcci\u00f3n de Seguridad P\u00fablica municipal brindaron distintos tipos de apoyos en comunidades, colonias y zona urbana.\u00a0 El simulacro se realiz\u00f3 con una hip\u00f3tesis de sismo de magnitud de 7.2 grados en la escala de Richter en el centro del pa\u00eds y las \u00fanicas incidencias detectadas consistieron en el rescate de un menor que sufri\u00f3 una crisis nerviosa y&hellip;Leer m\u00e1s...\" \/>\n<meta property=\"og:url\" content=\"https:\/\/www.aliadospuebla.com\/?p=62266\" \/>\n<meta property=\"og:site_name\" content=\"AliadosPuebla\" \/>\n<meta property=\"article:published_time\" content=\"2021-09-19T23:49:08+00:00\" \/>\n<meta property=\"og:image\" content=\"https:\/\/www.aliadospuebla.com\/web2017\/wp-content\/uploads\/2021\/09\/TLAX-86.jpg\" \/>\n\t<meta property=\"og:image:width\" content=\"600\" \/>\n\t<meta property=\"og:image:height\" content=\"450\" \/>\n\t<meta property=\"og:image:type\" content=\"image\/jpeg\" \/>\n<meta name=\"author\" content=\"Aliados Videos\" \/>\n<meta name=\"twitter:card\" content=\"summary_large_image\" \/>\n<meta name=\"twitter:label1\" content=\"Escrito por\" \/>\n\t<meta name=\"twitter:data1\" content=\"Aliados Videos\" \/>\n\t<meta name=\"twitter:label2\" content=\"Tiempo de lectura\" \/>\n\t<meta name=\"twitter:data2\" content=\"2 minutos\" \/>\n<script type=\"application\/ld+json\" class=\"yoast-schema-graph\">{\"@context\":\"https:\\\/\\\/schema.org\",\"@graph\":[{\"@type\":\"Article\",\"@id\":\"https:\\\/\\\/www.aliadospuebla.com\\\/?p=62266#article\",\"isPartOf\":{\"@id\":\"https:\\\/\\\/www.aliadospuebla.com\\\/?p=62266\"},\"author\":{\"name\":\"Aliados Videos\",\"@id\":\"https:\\\/\\\/www.aliadospuebla.com\\\/#\\\/schema\\\/person\\\/0fd017f23cc5c3f7988d5d58850eec8e\"},\"headline\":\"Participa la Ciudad de Tlaxcala en el Simulacro Nacional 2021\",\"datePublished\":\"2021-09-19T23:49:08+00:00\",\"mainEntityOfPage\":{\"@id\":\"https:\\\/\\\/www.aliadospuebla.com\\\/?p=62266\"},\"wordCount\":273,\"commentCount\":0,\"image\":{\"@id\":\"https:\\\/\\\/www.aliadospuebla.com\\\/?p=62266#primaryimage\"},\"thumbnailUrl\":\"https:\\\/\\\/www.aliadospuebla.com\\\/web2017\\\/wp-content\\\/uploads\\\/2021\\\/09\\\/TLAX-86.jpg\",\"keywords\":[\"Ayuntamiento\",\"capital\",\"JORGE CORICHI\",\"LORENA CU\u00c9LLAR\",\"REGIDORES\",\"TLAXCALA\"],\"articleSection\":[\"Nacional\"],\"inLanguage\":\"es\",\"potentialAction\":[{\"@type\":\"CommentAction\",\"name\":\"Comment\",\"target\":[\"https:\\\/\\\/www.aliadospuebla.com\\\/?p=62266#respond\"]}]},{\"@type\":\"WebPage\",\"@id\":\"https:\\\/\\\/www.aliadospuebla.com\\\/?p=62266\",\"url\":\"https:\\\/\\\/www.aliadospuebla.com\\\/?p=62266\",\"name\":\"Participa la Ciudad de Tlaxcala en el Simulacro Nacional 2021 - AliadosPuebla\",\"isPartOf\":{\"@id\":\"https:\\\/\\\/www.aliadospuebla.com\\\/#website\"},\"primaryImageOfPage\":{\"@id\":\"https:\\\/\\\/www.aliadospuebla.com\\\/?p=62266#primaryimage\"},\"image\":{\"@id\":\"https:\\\/\\\/www.aliadospuebla.com\\\/?p=62266#primaryimage\"},\"thumbnailUrl\":\"https:\\\/\\\/www.aliadospuebla.com\\\/web2017\\\/wp-content\\\/uploads\\\/2021\\\/09\\\/TLAX-86.jpg\",\"datePublished\":\"2021-09-19T23:49:08+00:00\",\"author\":{\"@id\":\"https:\\\/\\\/www.aliadospuebla.com\\\/#\\\/schema\\\/person\\\/0fd017f23cc5c3f7988d5d58850eec8e\"},\"breadcrumb\":{\"@id\":\"https:\\\/\\\/www.aliadospuebla.com\\\/?p=62266#breadcrumb\"},\"inLanguage\":\"es\",\"potentialAction\":[{\"@type\":\"ReadAction\",\"target\":[\"https:\\\/\\\/www.aliadospuebla.com\\\/?p=62266\"]}]},{\"@type\":\"ImageObject\",\"inLanguage\":\"es\",\"@id\":\"https:\\\/\\\/www.aliadospuebla.com\\\/?p=62266#primaryimage\",\"url\":\"https:\\\/\\\/www.aliadospuebla.com\\\/web2017\\\/wp-content\\\/uploads\\\/2021\\\/09\\\/TLAX-86.jpg\",\"contentUrl\":\"https:\\\/\\\/www.aliadospuebla.com\\\/web2017\\\/wp-content\\\/uploads\\\/2021\\\/09\\\/TLAX-86.jpg\",\"width\":600,\"height\":450},{\"@type\":\"BreadcrumbList\",\"@id\":\"https:\\\/\\\/www.aliadospuebla.com\\\/?p=62266#breadcrumb\",\"itemListElement\":[{\"@type\":\"ListItem\",\"position\":1,\"name\":\"Portada\",\"item\":\"https:\\\/\\\/www.aliadospuebla.com\\\/\"},{\"@type\":\"ListItem\",\"position\":2,\"name\":\"Participa la Ciudad de Tlaxcala en el Simulacro Nacional 2021\"}]},{\"@type\":\"WebSite\",\"@id\":\"https:\\\/\\\/www.aliadospuebla.com\\\/#website\",\"url\":\"https:\\\/\\\/www.aliadospuebla.com\\\/\",\"name\":\"AliadosPuebla\",\"description\":\"La informaci\u00f3n en tus manos\",\"potentialAction\":[{\"@type\":\"SearchAction\",\"target\":{\"@type\":\"EntryPoint\",\"urlTemplate\":\"https:\\\/\\\/www.aliadospuebla.com\\\/?s={search_term_string}\"},\"query-input\":{\"@type\":\"PropertyValueSpecification\",\"valueRequired\":true,\"valueName\":\"search_term_string\"}}],\"inLanguage\":\"es\"},{\"@type\":\"Person\",\"@id\":\"https:\\\/\\\/www.aliadospuebla.com\\\/#\\\/schema\\\/person\\\/0fd017f23cc5c3f7988d5d58850eec8e\",\"name\":\"Aliados Videos\",\"image\":{\"@type\":\"ImageObject\",\"inLanguage\":\"es\",\"@id\":\"https:\\\/\\\/secure.gravatar.com\\\/avatar\\\/42b92de8b2d8339e1e824f3a73ab023a0bec0ee2e3920248085eb1f3160b4083?s=96&d=mm&r=g\",\"url\":\"https:\\\/\\\/secure.gravatar.com\\\/avatar\\\/42b92de8b2d8339e1e824f3a73ab023a0bec0ee2e3920248085eb1f3160b4083?s=96&d=mm&r=g\",\"contentUrl\":\"https:\\\/\\\/secure.gravatar.com\\\/avatar\\\/42b92de8b2d8339e1e824f3a73ab023a0bec0ee2e3920248085eb1f3160b4083?s=96&d=mm&r=g\",\"caption\":\"Aliados Videos\"},\"url\":\"https:\\\/\\\/www.aliadospuebla.com\\\/?author=3\"}]}<\/script>\n<!-- \/ Yoast SEO plugin. -->","yoast_head_json":{"title":"Participa la Ciudad de Tlaxcala en el Simulacro Nacional 2021 - AliadosPuebla","robots":{"index":"index","follow":"follow","max-snippet":"max-snippet:-1","max-image-preview":"max-image-preview:large","max-video-preview":"max-video-preview:-1"},"canonical":"https:\/\/www.aliadospuebla.com\/?p=62266","og_locale":"es_ES","og_type":"article","og_title":"Participa la Ciudad de Tlaxcala en el Simulacro Nacional 2021 - AliadosPuebla","og_description":"La Ciudad de Tlaxcala particip\u00f3 activamente en el Macro Simulacro de sismo que se realiz\u00f3 en todo M\u00e9xico este 19 de septiembre. A las 11:30 horas se escuch\u00f3 la alerta con la que los 50 trabajadores que se encontraban en el Palacio del Ayuntamiento de Tlaxcala, salieron de manera ordenada a los puntos seguros designados por autoridades de protecci\u00f3n civil. Personal de Protecci\u00f3n Civil y de la Direcci\u00f3n de Seguridad P\u00fablica municipal brindaron distintos tipos de apoyos en comunidades, colonias y zona urbana.\u00a0 El simulacro se realiz\u00f3 con una hip\u00f3tesis de sismo de magnitud de 7.2 grados en la escala de Richter en el centro del pa\u00eds y las \u00fanicas incidencias detectadas consistieron en el rescate de un menor que sufri\u00f3 una crisis nerviosa y&hellip;Leer m\u00e1s...","og_url":"https:\/\/www.aliadospuebla.com\/?p=62266","og_site_name":"AliadosPuebla","article_published_time":"2021-09-19T23:49:08+00:00","og_image":[{"width":600,"height":450,"url":"https:\/\/www.aliadospuebla.com\/web2017\/wp-content\/uploads\/2021\/09\/TLAX-86.jpg","type":"image\/jpeg"}],"author":"Aliados Videos","twitter_card":"summary_large_image","twitter_misc":{"Escrito por":"Aliados Videos","Tiempo de lectura":"2 minutos"},"schema":{"@context":"https:\/\/schema.org","@graph":[{"@type":"Article","@id":"https:\/\/www.aliadospuebla.com\/?p=62266#article","isPartOf":{"@id":"https:\/\/www.aliadospuebla.com\/?p=62266"},"author":{"name":"Aliados Videos","@id":"https:\/\/www.aliadospuebla.com\/#\/schema\/person\/0fd017f23cc5c3f7988d5d58850eec8e"},"headline":"Participa la Ciudad de Tlaxcala en el Simulacro Nacional 2021","datePublished":"2021-09-19T23:49:08+00:00","mainEntityOfPage":{"@id":"https:\/\/www.aliadospuebla.com\/?p=62266"},"wordCount":273,"commentCount":0,"image":{"@id":"https:\/\/www.aliadospuebla.com\/?p=62266#primaryimage"},"thumbnailUrl":"https:\/\/www.aliadospuebla.com\/web2017\/wp-content\/uploads\/2021\/09\/TLAX-86.jpg","keywords":["Ayuntamiento","capital","JORGE CORICHI","LORENA CU\u00c9LLAR","REGIDORES","TLAXCALA"],"articleSection":["Nacional"],"inLanguage":"es","potentialAction":[{"@type":"CommentAction","name":"Comment","target":["https:\/\/www.aliadospuebla.com\/?p=62266#respond"]}]},{"@type":"WebPage","@id":"https:\/\/www.aliadospuebla.com\/?p=62266","url":"https:\/\/www.aliadospuebla.com\/?p=62266","name":"Participa la Ciudad de Tlaxcala en el Simulacro Nacional 2021 - AliadosPuebla","isPartOf":{"@id":"https:\/\/www.aliadospuebla.com\/#website"},"primaryImageOfPage":{"@id":"https:\/\/www.aliadospuebla.com\/?p=62266#primaryimage"},"image":{"@id":"https:\/\/www.aliadospuebla.com\/?p=62266#primaryimage"},"thumbnailUrl":"https:\/\/www.aliadospuebla.com\/web2017\/wp-content\/uploads\/2021\/09\/TLAX-86.jpg","datePublished":"2021-09-19T23:49:08+00:00","author":{"@id":"https:\/\/www.aliadospuebla.com\/#\/schema\/person\/0fd017f23cc5c3f7988d5d58850eec8e"},"breadcrumb":{"@id":"https:\/\/www.aliadospuebla.com\/?p=62266#breadcrumb"},"inLanguage":"es","potentialAction":[{"@type":"ReadAction","target":["https:\/\/www.aliadospuebla.com\/?p=62266"]}]},{"@type":"ImageObject","inLanguage":"es","@id":"https:\/\/www.aliadospuebla.com\/?p=62266#primaryimage","url":"https:\/\/www.aliadospuebla.com\/web2017\/wp-content\/uploads\/2021\/09\/TLAX-86.jpg","contentUrl":"https:\/\/www.aliadospuebla.com\/web2017\/wp-content\/uploads\/2021\/09\/TLAX-86.jpg","width":600,"height":450},{"@type":"BreadcrumbList","@id":"https:\/\/www.aliadospuebla.com\/?p=62266#breadcrumb","itemListElement":[{"@type":"ListItem","position":1,"name":"Portada","item":"https:\/\/www.aliadospuebla.com\/"},{"@type":"ListItem","position":2,"name":"Participa la Ciudad de Tlaxcala en el Simulacro Nacional 2021"}]},{"@type":"WebSite","@id":"https:\/\/www.aliadospuebla.com\/#website","url":"https:\/\/www.aliadospuebla.com\/","name":"AliadosPuebla","description":"La informaci\u00f3n en tus manos","potentialAction":[{"@type":"SearchAction","target":{"@type":"EntryPoint","urlTemplate":"https:\/\/www.aliadospuebla.com\/?s={search_term_string}"},"query-input":{"@type":"PropertyValueSpecification","valueRequired":true,"valueName":"search_term_string"}}],"inLanguage":"es"},{"@type":"Person","@id":"https:\/\/www.aliadospuebla.com\/#\/schema\/person\/0fd017f23cc5c3f7988d5d58850eec8e","name":"Aliados Videos","image":{"@type":"ImageObject","inLanguage":"es","@id":"https:\/\/secure.gravatar.com\/avatar\/42b92de8b2d8339e1e824f3a73ab023a0bec0ee2e3920248085eb1f3160b4083?s=96&d=mm&r=g","url":"https:\/\/secure.gravatar.com\/avatar\/42b92de8b2d8339e1e824f3a73ab023a0bec0ee2e3920248085eb1f3160b4083?s=96&d=mm&r=g","contentUrl":"https:\/\/secure.gravatar.com\/avatar\/42b92de8b2d8339e1e824f3a73ab023a0bec0ee2e3920248085eb1f3160b4083?s=96&d=mm&r=g","caption":"Aliados Videos"},"url":"https:\/\/www.aliadospuebla.com\/?author=3"}]}},"views":13,"_links":{"self":[{"href":"https:\/\/www.aliadospuebla.com\/index.php?rest_route=\/wp\/v2\/posts\/62266","targetHints":{"allow":["GET"]}}],"collection":[{"href":"https:\/\/www.aliadospuebla.com\/index.php?rest_route=\/wp\/v2\/posts"}],"about":[{"href":"https:\/\/www.aliadospuebla.com\/index.php?rest_route=\/wp\/v2\/types\/post"}],"author":[{"embeddable":true,"href":"https:\/\/www.aliadospuebla.com\/index.php?rest_route=\/wp\/v2\/users\/3"}],"replies":[{"embeddable":true,"href":"https:\/\/www.aliadospuebla.com\/index.php?rest_route=%2Fwp%2Fv2%2Fcomments&post=62266"}],"version-history":[{"count":1,"href":"https:\/\/www.aliadospuebla.com\/index.php?rest_route=\/wp\/v2\/posts\/62266\/revisions"}],"predecessor-version":[{"id":62268,"href":"https:\/\/www.aliadospuebla.com\/index.php?rest_route=\/wp\/v2\/posts\/62266\/revisions\/62268"}],"wp:featuredmedia":[{"embeddable":true,"href":"https:\/\/www.aliadospuebla.com\/index.php?rest_route=\/wp\/v2\/media\/62267"}],"wp:attachment":[{"href":"https:\/\/www.aliadospuebla.com\/index.php?rest_route=%2Fwp%2Fv2%2Fmedia&parent=62266"}],"wp:term":[{"taxonomy":"category","embeddable":true,"href":"https:\/\/www.aliadospuebla.com\/index.php?rest_route=%2Fwp%2Fv2%2Fcategories&post=62266"},{"taxonomy":"post_tag","embeddable":true,"href":"https:\/\/www.aliadospuebla.com\/index.php?rest_route=%2Fwp%2Fv2%2Ftags&post=62266"}],"curies":[{"name":"wp","href":"https:\/\/api.w.org\/{rel}","templated":true}]}}