{"id":62177,"date":"2021-09-17T16:42:49","date_gmt":"2021-09-17T21:42:49","guid":{"rendered":"https:\/\/www.aliados17.com\/?p=62177"},"modified":"2021-09-17T16:42:49","modified_gmt":"2021-09-17T21:42:49","slug":"realizara-cepc-en-tlaxcala-macro-simulacro-nacional","status":"publish","type":"post","link":"https:\/\/www.aliadospuebla.com\/?p=62177","title":{"rendered":"REALIZAR\u00c1 CEPC EN TLAXCALA MACRO SIMULACRO NACIONAL"},"content":{"rendered":"<p>La Coordinaci\u00f3n Estatal de Protecci\u00f3n Civil (CEPC) invita<\/p>\n<p>a la poblaci\u00f3n en general a participar en el Macrosimulacro<\/p>\n<p>Nacional 2021 que se realizar\u00e1 el pr\u00f3ximo domingo, 19 de septiembre a las 11:30 horas.<\/p>\n<p>&nbsp;<\/p>\n<p>El coordinador de Protecci\u00f3n Civil, Juvencio Nieto Galicia,<\/p>\n<p>inform\u00f3 que la hip\u00f3tesis ser\u00e1 un sismo de 7.2 grados con<\/p>\n<p>epicentro a 35 metros al este de Acatl\u00e1n de Osorio Puebla,<\/p>\n<p>con una profundidad de 55 kil\u00f3metros a las 11:30 horas,<\/p>\n<p>donde se activar\u00e1 la alerta s\u00edsmica.<\/p>\n<p>&nbsp;<\/p>\n<p>Se prev\u00e9 la participaci\u00f3n de los tres niveles de gobierno<\/p>\n<p>con quienes se trabaja en coordinaci\u00f3n para la capacitaci\u00f3n<\/p>\n<p>y fomento de la cultura de protecci\u00f3n civil en este tipo de<\/p>\n<p>eventos naturales, por lo que se le hace una atenta invitaci\u00f3n<\/p>\n<p>a la ciudadan\u00eda a participar para saber c\u00f3mo actuar ante<\/p>\n<p>un sismo y conocer los protocolos de emergencia.<\/p>\n<p>&nbsp;<\/p>\n<p>El ejercicio fue convocado por el gobierno de M\u00e9xico a<\/p>\n<p>trav\u00e9s de la Secretar\u00eda de Seguridad y Protecci\u00f3n Ciudadana<\/p>\n<p>y la Coordinaci\u00f3n Nacional, el cual contribuir\u00e1 al fortalecimiento<\/p>\n<p>de las capacidades de reacci\u00f3n de las unidades internas y<\/p>\n<p>brigadas ante la eventualidad de una emergencia o desastre.<\/p>\n<p>&nbsp;<\/p>\n<p>Hasta el momento, se han registrado 212 inmuebles de<\/p>\n<p>Tlaxcala en la plataforma del gobierno\u00a0<a href=\"http:\/\/www.preparados.gob.mx\/simulacronacional2021\/\" data-saferedirecturl=\"https:\/\/www.google.com\/url?q=http:\/\/www.preparados.gob.mx\/simulacronacional2021\/&amp;source=gmail&amp;ust=1631999809925000&amp;usg=AFQjCNEqGanC0SAefki8G6-aIFnhyAdOzA\">www.preparados.gob.mx\/simulacronacional2021\/<\/a><\/p>\n<p>que permanecer\u00e1 abierta hasta el 18 de septiembre de 2021,<\/p>\n<p>entre los que se encuentran edificios p\u00fablicos, industrias,<\/p>\n<p>negocios y casas habitaci\u00f3n.<\/p>\n<p>&nbsp;<\/p>\n<p>Se hace el llamado a la poblaci\u00f3n a registrarse<\/p>\n<p>antes de este s\u00e1bado para poder recibir su constancia<\/p>\n<p>de participaci\u00f3n una vez concluido el ejercicio.<\/p>\n<p>&nbsp;<\/p>\n<p>Nieto Galicia refiri\u00f3 que durante el simulacro se deben<\/p>\n<p>respetar las medidas sanitarias, como el uso de cubrebocas,<\/p>\n<p>careta y mantener la sana distancia, as\u00ed como<\/p>\n<p>el uso de gel antibacterial y sanitizante.<\/p>\n<p>&nbsp;<\/p>\n<p>Previamente se llevaron a cabo capacitaciones a<\/p>\n<p>funcionarios y p\u00fablico en general sobre c\u00f3mo actuar<\/p>\n<p>ante este tipo de fen\u00f3meno natural, la importancia de<\/p>\n<p>la informaci\u00f3n y de las herramientas \u00fatiles en estos casos,<\/p>\n<p>como lo son tener a la mano una mochila de emergencia<\/p>\n<p>con directorio telef\u00f3nico, documentos importantes, botiqu\u00edn,<\/p>\n<p>v\u00edveres enlatados y embotellados, radio, linterna,<\/p>\n<p>pilas, herramientas b\u00e1sicas.<\/p>\n","protected":false},"excerpt":{"rendered":"<p>La Coordinaci\u00f3n Estatal de Protecci\u00f3n Civil (CEPC) invita a la poblaci\u00f3n en general a participar en el Macrosimulacro Nacional 2021 que se realizar\u00e1 el pr\u00f3ximo domingo, 19 de septiembre a las 11:30 horas. &nbsp; El coordinador de Protecci\u00f3n Civil, Juvencio Nieto Galicia, inform\u00f3 que la hip\u00f3tesis ser\u00e1 un sismo de 7.2 grados con epicentro a 35 metros al este de Acatl\u00e1n de Osorio Puebla, con una profundidad de 55 kil\u00f3metros a las 11:30 horas, donde se activar\u00e1 la alerta s\u00edsmica. &nbsp; Se prev\u00e9 la participaci\u00f3n de los tres niveles de gobierno con quienes se trabaja en coordinaci\u00f3n para la capacitaci\u00f3n y fomento de la cultura de protecci\u00f3n civil en este tipo de eventos naturales, por lo que se le hace una atenta invitaci\u00f3n a la&hellip;<\/p>\n<p class=\"excerpt-more\"><a class=\"blog-excerpt button\" href=\"https:\/\/www.aliadospuebla.com\/?p=62177\">Leer m\u00e1s&#8230;<\/a><\/p>\n","protected":false},"author":3,"featured_media":62178,"comment_status":"open","ping_status":"open","sticky":false,"template":"","format":"standard","meta":{"_monsterinsights_skip_tracking":false,"footnotes":""},"categories":[8304],"tags":[1865,8343,193,11633,109,15982,319],"class_list":["post-62177","post","type-post","status-publish","format-standard","has-post-thumbnail","hentry","category-nacional","tag-19-de-septiembre","tag-cepc","tag-gobierno","tag-lorena-cuellar","tag-proteccion-civil","tag-simulacro-nacional","tag-tlaxcala"],"yoast_head":"<!-- This site is optimized with the Yoast SEO plugin v28.4 - https:\/\/yoast.com\/product\/yoast-seo-wordpress\/ -->\n<title>REALIZAR\u00c1 CEPC EN TLAXCALA MACRO SIMULACRO NACIONAL - AliadosPuebla<\/title>\n<meta name=\"robots\" content=\"index, follow, max-snippet:-1, max-image-preview:large, max-video-preview:-1\" \/>\n<link rel=\"canonical\" href=\"https:\/\/www.aliadospuebla.com\/?p=62177\" \/>\n<meta property=\"og:locale\" content=\"es_ES\" \/>\n<meta property=\"og:type\" content=\"article\" \/>\n<meta property=\"og:title\" content=\"REALIZAR\u00c1 CEPC EN TLAXCALA MACRO SIMULACRO NACIONAL - AliadosPuebla\" \/>\n<meta property=\"og:description\" content=\"La Coordinaci\u00f3n Estatal de Protecci\u00f3n Civil (CEPC) invita a la poblaci\u00f3n en general a participar en el Macrosimulacro Nacional 2021 que se realizar\u00e1 el pr\u00f3ximo domingo, 19 de septiembre a las 11:30 horas. &nbsp; El coordinador de Protecci\u00f3n Civil, Juvencio Nieto Galicia, inform\u00f3 que la hip\u00f3tesis ser\u00e1 un sismo de 7.2 grados con epicentro a 35 metros al este de Acatl\u00e1n de Osorio Puebla, con una profundidad de 55 kil\u00f3metros a las 11:30 horas, donde se activar\u00e1 la alerta s\u00edsmica. &nbsp; Se prev\u00e9 la participaci\u00f3n de los tres niveles de gobierno con quienes se trabaja en coordinaci\u00f3n para la capacitaci\u00f3n y fomento de la cultura de protecci\u00f3n civil en este tipo de eventos naturales, por lo que se le hace una atenta invitaci\u00f3n a la&hellip;Leer m\u00e1s...\" \/>\n<meta property=\"og:url\" content=\"https:\/\/www.aliadospuebla.com\/?p=62177\" \/>\n<meta property=\"og:site_name\" content=\"AliadosPuebla\" \/>\n<meta property=\"article:published_time\" content=\"2021-09-17T21:42:49+00:00\" \/>\n<meta property=\"og:image\" content=\"https:\/\/www.aliadospuebla.com\/web2017\/wp-content\/uploads\/2021\/09\/TLAX-72.jpg\" \/>\n\t<meta property=\"og:image:width\" content=\"600\" \/>\n\t<meta property=\"og:image:height\" content=\"450\" \/>\n\t<meta property=\"og:image:type\" content=\"image\/jpeg\" \/>\n<meta name=\"author\" content=\"Aliados Videos\" \/>\n<meta name=\"twitter:card\" content=\"summary_large_image\" \/>\n<meta name=\"twitter:label1\" content=\"Escrito por\" \/>\n\t<meta name=\"twitter:data1\" content=\"Aliados Videos\" \/>\n\t<meta name=\"twitter:label2\" content=\"Tiempo de lectura\" \/>\n\t<meta name=\"twitter:data2\" content=\"2 minutos\" \/>\n<script type=\"application\/ld+json\" class=\"yoast-schema-graph\">{\"@context\":\"https:\\\/\\\/schema.org\",\"@graph\":[{\"@type\":\"Article\",\"@id\":\"https:\\\/\\\/www.aliadospuebla.com\\\/?p=62177#article\",\"isPartOf\":{\"@id\":\"https:\\\/\\\/www.aliadospuebla.com\\\/?p=62177\"},\"author\":{\"name\":\"Aliados Videos\",\"@id\":\"https:\\\/\\\/www.aliadospuebla.com\\\/#\\\/schema\\\/person\\\/0fd017f23cc5c3f7988d5d58850eec8e\"},\"headline\":\"REALIZAR\u00c1 CEPC EN TLAXCALA MACRO SIMULACRO NACIONAL\",\"datePublished\":\"2021-09-17T21:42:49+00:00\",\"mainEntityOfPage\":{\"@id\":\"https:\\\/\\\/www.aliadospuebla.com\\\/?p=62177\"},\"wordCount\":385,\"commentCount\":0,\"image\":{\"@id\":\"https:\\\/\\\/www.aliadospuebla.com\\\/?p=62177#primaryimage\"},\"thumbnailUrl\":\"https:\\\/\\\/www.aliadospuebla.com\\\/web2017\\\/wp-content\\\/uploads\\\/2021\\\/09\\\/TLAX-72.jpg\",\"keywords\":[\"19 DE SEPTIEMBRE\",\"CEPC\",\"Gobierno\",\"LORENA CU\u00c9LLAR\",\"protecci\u00f3n civil\",\"SIMULACRO NACIONAL\",\"TLAXCALA\"],\"articleSection\":[\"Nacional\"],\"inLanguage\":\"es\",\"potentialAction\":[{\"@type\":\"CommentAction\",\"name\":\"Comment\",\"target\":[\"https:\\\/\\\/www.aliadospuebla.com\\\/?p=62177#respond\"]}]},{\"@type\":\"WebPage\",\"@id\":\"https:\\\/\\\/www.aliadospuebla.com\\\/?p=62177\",\"url\":\"https:\\\/\\\/www.aliadospuebla.com\\\/?p=62177\",\"name\":\"REALIZAR\u00c1 CEPC EN TLAXCALA MACRO SIMULACRO NACIONAL - AliadosPuebla\",\"isPartOf\":{\"@id\":\"https:\\\/\\\/www.aliadospuebla.com\\\/#website\"},\"primaryImageOfPage\":{\"@id\":\"https:\\\/\\\/www.aliadospuebla.com\\\/?p=62177#primaryimage\"},\"image\":{\"@id\":\"https:\\\/\\\/www.aliadospuebla.com\\\/?p=62177#primaryimage\"},\"thumbnailUrl\":\"https:\\\/\\\/www.aliadospuebla.com\\\/web2017\\\/wp-content\\\/uploads\\\/2021\\\/09\\\/TLAX-72.jpg\",\"datePublished\":\"2021-09-17T21:42:49+00:00\",\"author\":{\"@id\":\"https:\\\/\\\/www.aliadospuebla.com\\\/#\\\/schema\\\/person\\\/0fd017f23cc5c3f7988d5d58850eec8e\"},\"breadcrumb\":{\"@id\":\"https:\\\/\\\/www.aliadospuebla.com\\\/?p=62177#breadcrumb\"},\"inLanguage\":\"es\",\"potentialAction\":[{\"@type\":\"ReadAction\",\"target\":[\"https:\\\/\\\/www.aliadospuebla.com\\\/?p=62177\"]}]},{\"@type\":\"ImageObject\",\"inLanguage\":\"es\",\"@id\":\"https:\\\/\\\/www.aliadospuebla.com\\\/?p=62177#primaryimage\",\"url\":\"https:\\\/\\\/www.aliadospuebla.com\\\/web2017\\\/wp-content\\\/uploads\\\/2021\\\/09\\\/TLAX-72.jpg\",\"contentUrl\":\"https:\\\/\\\/www.aliadospuebla.com\\\/web2017\\\/wp-content\\\/uploads\\\/2021\\\/09\\\/TLAX-72.jpg\",\"width\":600,\"height\":450},{\"@type\":\"BreadcrumbList\",\"@id\":\"https:\\\/\\\/www.aliadospuebla.com\\\/?p=62177#breadcrumb\",\"itemListElement\":[{\"@type\":\"ListItem\",\"position\":1,\"name\":\"Portada\",\"item\":\"https:\\\/\\\/www.aliadospuebla.com\\\/\"},{\"@type\":\"ListItem\",\"position\":2,\"name\":\"REALIZAR\u00c1 CEPC EN TLAXCALA MACRO SIMULACRO NACIONAL\"}]},{\"@type\":\"WebSite\",\"@id\":\"https:\\\/\\\/www.aliadospuebla.com\\\/#website\",\"url\":\"https:\\\/\\\/www.aliadospuebla.com\\\/\",\"name\":\"AliadosPuebla\",\"description\":\"La informaci\u00f3n en tus manos\",\"potentialAction\":[{\"@type\":\"SearchAction\",\"target\":{\"@type\":\"EntryPoint\",\"urlTemplate\":\"https:\\\/\\\/www.aliadospuebla.com\\\/?s={search_term_string}\"},\"query-input\":{\"@type\":\"PropertyValueSpecification\",\"valueRequired\":true,\"valueName\":\"search_term_string\"}}],\"inLanguage\":\"es\"},{\"@type\":\"Person\",\"@id\":\"https:\\\/\\\/www.aliadospuebla.com\\\/#\\\/schema\\\/person\\\/0fd017f23cc5c3f7988d5d58850eec8e\",\"name\":\"Aliados Videos\",\"image\":{\"@type\":\"ImageObject\",\"inLanguage\":\"es\",\"@id\":\"https:\\\/\\\/secure.gravatar.com\\\/avatar\\\/42b92de8b2d8339e1e824f3a73ab023a0bec0ee2e3920248085eb1f3160b4083?s=96&d=mm&r=g\",\"url\":\"https:\\\/\\\/secure.gravatar.com\\\/avatar\\\/42b92de8b2d8339e1e824f3a73ab023a0bec0ee2e3920248085eb1f3160b4083?s=96&d=mm&r=g\",\"contentUrl\":\"https:\\\/\\\/secure.gravatar.com\\\/avatar\\\/42b92de8b2d8339e1e824f3a73ab023a0bec0ee2e3920248085eb1f3160b4083?s=96&d=mm&r=g\",\"caption\":\"Aliados Videos\"},\"url\":\"https:\\\/\\\/www.aliadospuebla.com\\\/?author=3\"}]}<\/script>\n<!-- \/ Yoast SEO plugin. -->","yoast_head_json":{"title":"REALIZAR\u00c1 CEPC EN TLAXCALA MACRO SIMULACRO NACIONAL - AliadosPuebla","robots":{"index":"index","follow":"follow","max-snippet":"max-snippet:-1","max-image-preview":"max-image-preview:large","max-video-preview":"max-video-preview:-1"},"canonical":"https:\/\/www.aliadospuebla.com\/?p=62177","og_locale":"es_ES","og_type":"article","og_title":"REALIZAR\u00c1 CEPC EN TLAXCALA MACRO SIMULACRO NACIONAL - AliadosPuebla","og_description":"La Coordinaci\u00f3n Estatal de Protecci\u00f3n Civil (CEPC) invita a la poblaci\u00f3n en general a participar en el Macrosimulacro Nacional 2021 que se realizar\u00e1 el pr\u00f3ximo domingo, 19 de septiembre a las 11:30 horas. &nbsp; El coordinador de Protecci\u00f3n Civil, Juvencio Nieto Galicia, inform\u00f3 que la hip\u00f3tesis ser\u00e1 un sismo de 7.2 grados con epicentro a 35 metros al este de Acatl\u00e1n de Osorio Puebla, con una profundidad de 55 kil\u00f3metros a las 11:30 horas, donde se activar\u00e1 la alerta s\u00edsmica. &nbsp; Se prev\u00e9 la participaci\u00f3n de los tres niveles de gobierno con quienes se trabaja en coordinaci\u00f3n para la capacitaci\u00f3n y fomento de la cultura de protecci\u00f3n civil en este tipo de eventos naturales, por lo que se le hace una atenta invitaci\u00f3n a la&hellip;Leer m\u00e1s...","og_url":"https:\/\/www.aliadospuebla.com\/?p=62177","og_site_name":"AliadosPuebla","article_published_time":"2021-09-17T21:42:49+00:00","og_image":[{"width":600,"height":450,"url":"https:\/\/www.aliadospuebla.com\/web2017\/wp-content\/uploads\/2021\/09\/TLAX-72.jpg","type":"image\/jpeg"}],"author":"Aliados Videos","twitter_card":"summary_large_image","twitter_misc":{"Escrito por":"Aliados Videos","Tiempo de lectura":"2 minutos"},"schema":{"@context":"https:\/\/schema.org","@graph":[{"@type":"Article","@id":"https:\/\/www.aliadospuebla.com\/?p=62177#article","isPartOf":{"@id":"https:\/\/www.aliadospuebla.com\/?p=62177"},"author":{"name":"Aliados Videos","@id":"https:\/\/www.aliadospuebla.com\/#\/schema\/person\/0fd017f23cc5c3f7988d5d58850eec8e"},"headline":"REALIZAR\u00c1 CEPC EN TLAXCALA MACRO SIMULACRO NACIONAL","datePublished":"2021-09-17T21:42:49+00:00","mainEntityOfPage":{"@id":"https:\/\/www.aliadospuebla.com\/?p=62177"},"wordCount":385,"commentCount":0,"image":{"@id":"https:\/\/www.aliadospuebla.com\/?p=62177#primaryimage"},"thumbnailUrl":"https:\/\/www.aliadospuebla.com\/web2017\/wp-content\/uploads\/2021\/09\/TLAX-72.jpg","keywords":["19 DE SEPTIEMBRE","CEPC","Gobierno","LORENA CU\u00c9LLAR","protecci\u00f3n civil","SIMULACRO NACIONAL","TLAXCALA"],"articleSection":["Nacional"],"inLanguage":"es","potentialAction":[{"@type":"CommentAction","name":"Comment","target":["https:\/\/www.aliadospuebla.com\/?p=62177#respond"]}]},{"@type":"WebPage","@id":"https:\/\/www.aliadospuebla.com\/?p=62177","url":"https:\/\/www.aliadospuebla.com\/?p=62177","name":"REALIZAR\u00c1 CEPC EN TLAXCALA MACRO SIMULACRO NACIONAL - AliadosPuebla","isPartOf":{"@id":"https:\/\/www.aliadospuebla.com\/#website"},"primaryImageOfPage":{"@id":"https:\/\/www.aliadospuebla.com\/?p=62177#primaryimage"},"image":{"@id":"https:\/\/www.aliadospuebla.com\/?p=62177#primaryimage"},"thumbnailUrl":"https:\/\/www.aliadospuebla.com\/web2017\/wp-content\/uploads\/2021\/09\/TLAX-72.jpg","datePublished":"2021-09-17T21:42:49+00:00","author":{"@id":"https:\/\/www.aliadospuebla.com\/#\/schema\/person\/0fd017f23cc5c3f7988d5d58850eec8e"},"breadcrumb":{"@id":"https:\/\/www.aliadospuebla.com\/?p=62177#breadcrumb"},"inLanguage":"es","potentialAction":[{"@type":"ReadAction","target":["https:\/\/www.aliadospuebla.com\/?p=62177"]}]},{"@type":"ImageObject","inLanguage":"es","@id":"https:\/\/www.aliadospuebla.com\/?p=62177#primaryimage","url":"https:\/\/www.aliadospuebla.com\/web2017\/wp-content\/uploads\/2021\/09\/TLAX-72.jpg","contentUrl":"https:\/\/www.aliadospuebla.com\/web2017\/wp-content\/uploads\/2021\/09\/TLAX-72.jpg","width":600,"height":450},{"@type":"BreadcrumbList","@id":"https:\/\/www.aliadospuebla.com\/?p=62177#breadcrumb","itemListElement":[{"@type":"ListItem","position":1,"name":"Portada","item":"https:\/\/www.aliadospuebla.com\/"},{"@type":"ListItem","position":2,"name":"REALIZAR\u00c1 CEPC EN TLAXCALA MACRO SIMULACRO NACIONAL"}]},{"@type":"WebSite","@id":"https:\/\/www.aliadospuebla.com\/#website","url":"https:\/\/www.aliadospuebla.com\/","name":"AliadosPuebla","description":"La informaci\u00f3n en tus manos","potentialAction":[{"@type":"SearchAction","target":{"@type":"EntryPoint","urlTemplate":"https:\/\/www.aliadospuebla.com\/?s={search_term_string}"},"query-input":{"@type":"PropertyValueSpecification","valueRequired":true,"valueName":"search_term_string"}}],"inLanguage":"es"},{"@type":"Person","@id":"https:\/\/www.aliadospuebla.com\/#\/schema\/person\/0fd017f23cc5c3f7988d5d58850eec8e","name":"Aliados Videos","image":{"@type":"ImageObject","inLanguage":"es","@id":"https:\/\/secure.gravatar.com\/avatar\/42b92de8b2d8339e1e824f3a73ab023a0bec0ee2e3920248085eb1f3160b4083?s=96&d=mm&r=g","url":"https:\/\/secure.gravatar.com\/avatar\/42b92de8b2d8339e1e824f3a73ab023a0bec0ee2e3920248085eb1f3160b4083?s=96&d=mm&r=g","contentUrl":"https:\/\/secure.gravatar.com\/avatar\/42b92de8b2d8339e1e824f3a73ab023a0bec0ee2e3920248085eb1f3160b4083?s=96&d=mm&r=g","caption":"Aliados Videos"},"url":"https:\/\/www.aliadospuebla.com\/?author=3"}]}},"views":8,"_links":{"self":[{"href":"https:\/\/www.aliadospuebla.com\/index.php?rest_route=\/wp\/v2\/posts\/62177","targetHints":{"allow":["GET"]}}],"collection":[{"href":"https:\/\/www.aliadospuebla.com\/index.php?rest_route=\/wp\/v2\/posts"}],"about":[{"href":"https:\/\/www.aliadospuebla.com\/index.php?rest_route=\/wp\/v2\/types\/post"}],"author":[{"embeddable":true,"href":"https:\/\/www.aliadospuebla.com\/index.php?rest_route=\/wp\/v2\/users\/3"}],"replies":[{"embeddable":true,"href":"https:\/\/www.aliadospuebla.com\/index.php?rest_route=%2Fwp%2Fv2%2Fcomments&post=62177"}],"version-history":[{"count":1,"href":"https:\/\/www.aliadospuebla.com\/index.php?rest_route=\/wp\/v2\/posts\/62177\/revisions"}],"predecessor-version":[{"id":62179,"href":"https:\/\/www.aliadospuebla.com\/index.php?rest_route=\/wp\/v2\/posts\/62177\/revisions\/62179"}],"wp:featuredmedia":[{"embeddable":true,"href":"https:\/\/www.aliadospuebla.com\/index.php?rest_route=\/wp\/v2\/media\/62178"}],"wp:attachment":[{"href":"https:\/\/www.aliadospuebla.com\/index.php?rest_route=%2Fwp%2Fv2%2Fmedia&parent=62177"}],"wp:term":[{"taxonomy":"category","embeddable":true,"href":"https:\/\/www.aliadospuebla.com\/index.php?rest_route=%2Fwp%2Fv2%2Fcategories&post=62177"},{"taxonomy":"post_tag","embeddable":true,"href":"https:\/\/www.aliadospuebla.com\/index.php?rest_route=%2Fwp%2Fv2%2Ftags&post=62177"}],"curies":[{"name":"wp","href":"https:\/\/api.w.org\/{rel}","templated":true}]}}