{"id":61990,"date":"2021-09-13T21:26:53","date_gmt":"2021-09-14T02:26:53","guid":{"rendered":"https:\/\/www.aliados17.com\/?p=61990"},"modified":"2021-09-13T21:26:53","modified_gmt":"2021-09-14T02:26:53","slug":"da-a-conocer-el-presidente-municipal-de-tlaxcala-jorge-corichi-avances-a-13-dias-de-su-administracion","status":"publish","type":"post","link":"https:\/\/www.aliadospuebla.com\/?p=61990","title":{"rendered":"Da a conocer el presidente municipal de Tlaxcala, Jorge Corichi, avances a 13 d\u00edas de su administraci\u00f3n"},"content":{"rendered":"<p><span style=\"font-weight: 400;\">A 13 d\u00edas del inicio de su administraci\u00f3n,\u00a0<\/span><\/p>\n<p><span style=\"font-weight: 400;\"> Jorge Corichi enumer\u00f3 ante medios de<\/span><\/p>\n<p><span style=\"font-weight: 400;\"> comunicaci\u00f3n algunas de las acciones que <\/span><\/p>\n<p><span style=\"font-weight: 400;\">prioritariamente se han emprendido en el <\/span><\/p>\n<p><span style=\"font-weight: 400;\">arranque de su gesti\u00f3n al frente del municipio de Tlaxcala.<\/span><\/p>\n<p><span style=\"font-weight: 400;\">Entre los puntos que se tocaron en este<\/span><\/p>\n<p><span style=\"font-weight: 400;\"> dialogo circular con la prensa, el cual se <\/span><\/p>\n<p><span style=\"font-weight: 400;\">realizar\u00e1 en principio cada dos semanas, <\/span><\/p>\n<p><span style=\"font-weight: 400;\">Corichi detall\u00f3 el significativo avance de las <\/span><\/p>\n<p><span style=\"font-weight: 400;\">obras de remodelaci\u00f3n de la Plaza de la <\/span><\/p>\n<p><span style=\"font-weight: 400;\">Constituci\u00f3n, Plaza Xicoht\u00e9ncatl y <\/span><\/p>\n<p><span style=\"font-weight: 400;\">Mercado de Artesanos; las cuales estar\u00e1n <\/span><\/p>\n<p><span style=\"font-weight: 400;\">concluidas en los tiempos marcados por el proyecto. <\/span><\/p>\n<p><span style=\"font-weight: 400;\">La Plaza de la Constituci\u00f3n, mencion\u00f3, ser\u00e1 entregada<\/span><\/p>\n<p><span style=\"font-weight: 400;\"> antes del 15 de septiembre, la Plaza Xicoht\u00e9ncatl el 30<\/span><\/p>\n<p><span style=\"font-weight: 400;\"> de Septiembre y la construcci\u00f3n del Mercado <\/span><\/p>\n<p><span style=\"font-weight: 400;\">de Artesanos finalizar\u00e1 el 30 de octubre.<\/span><\/p>\n<p><span style=\"font-weight: 400;\">En este apartado, explic\u00f3 que gracias a las<\/span><\/p>\n<p><span style=\"font-weight: 400;\"> facilidades otorgadas por su administraci\u00f3n,<\/span><\/p>\n<p><span style=\"font-weight: 400;\">se agilizaron los trabajos que estaban frenados a<\/span><\/p>\n<p><span style=\"font-weight: 400;\"> consecuencia de desacuerdos con el gremio <\/span><\/p>\n<p><span style=\"font-weight: 400;\">comercial y de taxistas del primer cuadro de <\/span><\/p>\n<p><span style=\"font-weight: 400;\">la ciudad, los cuales fueron subsanados con <\/span><\/p>\n<p><span style=\"font-weight: 400;\">\u00e9xito y en beneficio de todos.<\/span><\/p>\n<p><span style=\"font-weight: 400;\">Dentro de este balance, tambi\u00e9n se destacaron <\/span><\/p>\n<p><span style=\"font-weight: 400;\">las acciones exitosas emprendidas por el <\/span><\/p>\n<p><span style=\"font-weight: 400;\">Ayuntamiento para prevenir los contagios <\/span><\/p>\n<p><span style=\"font-weight: 400;\">de la enfermedad COVID19, en concordancia <\/span><\/p>\n<p><span style=\"font-weight: 400;\">con lo implementado por el Consejo Estatal de Salud.<\/span><\/p>\n<p><span style=\"font-weight: 400;\">\u201cIniciamos una campa\u00f1a en redes sociales<\/span><\/p>\n<p><span style=\"font-weight: 400;\"> para recordar la relevancia de las medidas <\/span><\/p>\n<p><span style=\"font-weight: 400;\">de higiene, instalamos filtros sanitarios en<\/span><\/p>\n<p><span style=\"font-weight: 400;\"> mercados y tianguis, conminamos a <\/span><\/p>\n<p><span style=\"font-weight: 400;\">empresarios a respetar las disposiciones<\/span><\/p>\n<p><span style=\"font-weight: 400;\"> del Consejo Estatal de Salud y hemos <\/span><\/p>\n<p><span style=\"font-weight: 400;\">encontrado respuestas\u201d.<\/span><\/p>\n<p><span style=\"font-weight: 400;\">Asimismo, Corichi se congratul\u00f3 por la<\/span><\/p>\n<p><span style=\"font-weight: 400;\"> aprobaci\u00f3n del voto de presidentes de comunidad <\/span><\/p>\n<p><span style=\"font-weight: 400;\">en la pasada sesi\u00f3n del Cabildo de Tlaxcala,<\/span><\/p>\n<p><span style=\"font-weight: 400;\"> lo que marca un precedente importante en la<\/span><\/p>\n<p><span style=\"font-weight: 400;\"> tarea parlamentaria de este cuerpo municipal <\/span><\/p>\n<p><span style=\"font-weight: 400;\">y de las designaciones ratificadas para los cargos<\/span><\/p>\n<p><span style=\"font-weight: 400;\"> de Secretario del Ayuntamiento, Juez Municipal <\/span><\/p>\n<p><span style=\"font-weight: 400;\">y Cronista de la Ciudad que quedaron en manos <\/span><\/p>\n<p><span style=\"font-weight: 400;\">de mujeres preparadas, capaces y con una <\/span><\/p>\n<p><span style=\"font-weight: 400;\">trayectoria impecable en el servicio p\u00fablico.<\/span><\/p>\n<p><span style=\"font-weight: 400;\">\u00bfQui\u00e9n en su sano juicio puede oponerse a<\/span><\/p>\n<p><span style=\"font-weight: 400;\"> los avances de la democracia y que el pueblo<\/span><\/p>\n<p><span style=\"font-weight: 400;\"> tenga voto en el cabildo a trav\u00e9s de las y los<\/span><\/p>\n<p><span style=\"font-weight: 400;\"> presidentes de comunidad?, asent\u00f3.\u00a0\u00a0<\/span><\/p>\n<p><span style=\"font-weight: 400;\">Otro punto abordado por el mun\u00edcipe fue el<\/span><\/p>\n<p><span style=\"font-weight: 400;\"> reforzamiento de las medidas sanitarias para<\/span><\/p>\n<p><span style=\"font-weight: 400;\"> los establecimientos del giro de bebidas alcoh\u00f3licas,<\/span><\/p>\n<p><span style=\"font-weight: 400;\"> con la implementaci\u00f3n de operativos coordinados <\/span><\/p>\n<p><span style=\"font-weight: 400;\">con las \u00e1reas de seguridad, gobernaci\u00f3n y <\/span><\/p>\n<p><span style=\"font-weight: 400;\">protecci\u00f3n civil, para exhortar a estos locales <\/span><\/p>\n<p><span style=\"font-weight: 400;\">a respetar las disposiciones de las autoridades competentes.<\/span><\/p>\n<p><span style=\"font-weight: 400;\">Corichi fue enf\u00e1tico al se\u00f1alar que ser\u00e1<\/span><\/p>\n<p><span style=\"font-weight: 400;\"> tolerante pero respetuoso del ordenamiento <\/span><\/p>\n<p><span style=\"font-weight: 400;\">del Consejo Estatal de Salud con respecto al<\/span><\/p>\n<p><span style=\"font-weight: 400;\"> cierre indefinido de bares y \u201cantros\u201d, y <\/span><\/p>\n<p><span style=\"font-weight: 400;\">especific\u00f3 que a la fecha, se han visitado <\/span><\/p>\n<p><span style=\"font-weight: 400;\">m\u00e1s de 40 establecimientos con estas caracter\u00edsticas, <\/span><\/p>\n<p><span style=\"font-weight: 400;\">algunos operando de forma irregular desde administraciones pasadas.<\/span><\/p>\n<p><span style=\"font-weight: 400;\">En materia de seguridad, Jorge Corichi explic\u00f3<\/span><\/p>\n<p><span style=\"font-weight: 400;\"> que la corporaci\u00f3n se encuentra trabajando con <\/span><\/p>\n<p><span style=\"font-weight: 400;\">los recursos y efectivos existentes y debido a la <\/span><\/p>\n<p><span style=\"font-weight: 400;\">complicada situaci\u00f3n financiera en la que se encuentra<\/span><\/p>\n<p><span style=\"font-weight: 400;\"> el Ayuntamiento, los gastos operativos de combustible<\/span><\/p>\n<p><span style=\"font-weight: 400;\"> y veh\u00edculos se han subsanado con recursos propios.<\/span><\/p>\n<p><span style=\"font-weight: 400;\"> No obstante, el edil adelant\u00f3 que el pr\u00f3ximo a\u00f1o se<\/span><\/p>\n<p><span style=\"font-weight: 400;\"> planea la contrataci\u00f3n de m\u00e1s polic\u00edas para reforzar <\/span><\/p>\n<p><span style=\"font-weight: 400;\">la estrategia de seguridad de la municipalidad.\u00a0<\/span><\/p>\n<p><span style=\"font-weight: 400;\">Finalmente, el presidente municipal Jorge Corichi<\/span><\/p>\n<p><span style=\"font-weight: 400;\"> realiz\u00f3 un llamado a toda la ciudadan\u00eda <\/span><\/p>\n<p><span style=\"font-weight: 400;\">capitalina a contribuir a la recuperaci\u00f3n<\/span><\/p>\n<p><span style=\"font-weight: 400;\"> del municipio a trav\u00e9s del pago de sus <\/span><\/p>\n<p><span style=\"font-weight: 400;\">obligaciones, ya que \u00e9sta es una de las fuentes <\/span><\/p>\n<p><span style=\"font-weight: 400;\">de ingresos que el municipio puede direccionar<\/span><\/p>\n<p><span style=\"font-weight: 400;\"> en mejoras de infraestructura p\u00fablica, seguridad, <\/span><\/p>\n<p><span style=\"font-weight: 400;\">proyectos y programas sociales, y otras \u00e1reas <\/span><\/p>\n<p><span style=\"font-weight: 400;\">al servicio de la ciudadan\u00eda.\u00a0<\/span><\/p>\n","protected":false},"excerpt":{"rendered":"<p>A 13 d\u00edas del inicio de su administraci\u00f3n,\u00a0 Jorge Corichi enumer\u00f3 ante medios de comunicaci\u00f3n algunas de las acciones que prioritariamente se han emprendido en el arranque de su gesti\u00f3n al frente del municipio de Tlaxcala. Entre los puntos que se tocaron en este dialogo circular con la prensa, el cual se realizar\u00e1 en principio cada dos semanas, Corichi detall\u00f3 el significativo avance de las obras de remodelaci\u00f3n de la Plaza de la Constituci\u00f3n, Plaza Xicoht\u00e9ncatl y Mercado de Artesanos; las cuales estar\u00e1n concluidas en los tiempos marcados por el proyecto. La Plaza de la Constituci\u00f3n, mencion\u00f3, ser\u00e1 entregada antes del 15 de septiembre, la Plaza Xicoht\u00e9ncatl el 30 de Septiembre y la construcci\u00f3n del Mercado de Artesanos finalizar\u00e1 el 30 de octubre. En este&hellip;<\/p>\n<p class=\"excerpt-more\"><a class=\"blog-excerpt button\" href=\"https:\/\/www.aliadospuebla.com\/?p=61990\">Leer m\u00e1s&#8230;<\/a><\/p>\n","protected":false},"author":3,"featured_media":61991,"comment_status":"open","ping_status":"open","sticky":false,"template":"","format":"standard","meta":{"_monsterinsights_skip_tracking":false,"footnotes":""},"categories":[8304],"tags":[171,11738,16288,3002,365,319],"class_list":["post-61990","post","type-post","status-publish","format-standard","has-post-thumbnail","hentry","category-nacional","tag-ayuntamiento","tag-covid-19","tag-jorge-corichi","tag-regidores","tag-salud","tag-tlaxcala"],"yoast_head":"<!-- This site is optimized with the Yoast SEO plugin v28.4 - https:\/\/yoast.com\/product\/yoast-seo-wordpress\/ -->\n<title>Da a conocer el presidente municipal de Tlaxcala, Jorge Corichi, avances a 13 d\u00edas de su administraci\u00f3n - AliadosPuebla<\/title>\n<meta name=\"robots\" content=\"index, follow, max-snippet:-1, max-image-preview:large, max-video-preview:-1\" \/>\n<link rel=\"canonical\" href=\"https:\/\/www.aliadospuebla.com\/?p=61990\" \/>\n<meta property=\"og:locale\" content=\"es_ES\" \/>\n<meta property=\"og:type\" content=\"article\" \/>\n<meta property=\"og:title\" content=\"Da a conocer el presidente municipal de Tlaxcala, Jorge Corichi, avances a 13 d\u00edas de su administraci\u00f3n - AliadosPuebla\" \/>\n<meta property=\"og:description\" content=\"A 13 d\u00edas del inicio de su administraci\u00f3n,\u00a0 Jorge Corichi enumer\u00f3 ante medios de comunicaci\u00f3n algunas de las acciones que prioritariamente se han emprendido en el arranque de su gesti\u00f3n al frente del municipio de Tlaxcala. Entre los puntos que se tocaron en este dialogo circular con la prensa, el cual se realizar\u00e1 en principio cada dos semanas, Corichi detall\u00f3 el significativo avance de las obras de remodelaci\u00f3n de la Plaza de la Constituci\u00f3n, Plaza Xicoht\u00e9ncatl y Mercado de Artesanos; las cuales estar\u00e1n concluidas en los tiempos marcados por el proyecto. La Plaza de la Constituci\u00f3n, mencion\u00f3, ser\u00e1 entregada antes del 15 de septiembre, la Plaza Xicoht\u00e9ncatl el 30 de Septiembre y la construcci\u00f3n del Mercado de Artesanos finalizar\u00e1 el 30 de octubre. En este&hellip;Leer m\u00e1s...\" \/>\n<meta property=\"og:url\" content=\"https:\/\/www.aliadospuebla.com\/?p=61990\" \/>\n<meta property=\"og:site_name\" content=\"AliadosPuebla\" \/>\n<meta property=\"article:published_time\" content=\"2021-09-14T02:26:53+00:00\" \/>\n<meta property=\"og:image\" content=\"https:\/\/www.aliadospuebla.com\/web2017\/wp-content\/uploads\/2021\/09\/TLAX-52.jpg\" \/>\n\t<meta property=\"og:image:width\" content=\"600\" \/>\n\t<meta property=\"og:image:height\" content=\"450\" \/>\n\t<meta property=\"og:image:type\" content=\"image\/jpeg\" \/>\n<meta name=\"author\" content=\"Aliados Videos\" \/>\n<meta name=\"twitter:card\" content=\"summary_large_image\" \/>\n<meta name=\"twitter:label1\" content=\"Escrito por\" \/>\n\t<meta name=\"twitter:data1\" content=\"Aliados Videos\" \/>\n\t<meta name=\"twitter:label2\" content=\"Tiempo de lectura\" \/>\n\t<meta name=\"twitter:data2\" content=\"3 minutos\" \/>\n<script type=\"application\/ld+json\" class=\"yoast-schema-graph\">{\"@context\":\"https:\\\/\\\/schema.org\",\"@graph\":[{\"@type\":\"Article\",\"@id\":\"https:\\\/\\\/www.aliadospuebla.com\\\/?p=61990#article\",\"isPartOf\":{\"@id\":\"https:\\\/\\\/www.aliadospuebla.com\\\/?p=61990\"},\"author\":{\"name\":\"Aliados Videos\",\"@id\":\"https:\\\/\\\/www.aliadospuebla.com\\\/#\\\/schema\\\/person\\\/0fd017f23cc5c3f7988d5d58850eec8e\"},\"headline\":\"Da a conocer el presidente municipal de Tlaxcala, Jorge Corichi, avances a 13 d\u00edas de su administraci\u00f3n\",\"datePublished\":\"2021-09-14T02:26:53+00:00\",\"mainEntityOfPage\":{\"@id\":\"https:\\\/\\\/www.aliadospuebla.com\\\/?p=61990\"},\"wordCount\":630,\"commentCount\":0,\"image\":{\"@id\":\"https:\\\/\\\/www.aliadospuebla.com\\\/?p=61990#primaryimage\"},\"thumbnailUrl\":\"https:\\\/\\\/www.aliadospuebla.com\\\/web2017\\\/wp-content\\\/uploads\\\/2021\\\/09\\\/TLAX-52.jpg\",\"keywords\":[\"Ayuntamiento\",\"COVID-19\",\"JORGE CORICHI\",\"REGIDORES\",\"SALUD\",\"TLAXCALA\"],\"articleSection\":[\"Nacional\"],\"inLanguage\":\"es\",\"potentialAction\":[{\"@type\":\"CommentAction\",\"name\":\"Comment\",\"target\":[\"https:\\\/\\\/www.aliadospuebla.com\\\/?p=61990#respond\"]}]},{\"@type\":\"WebPage\",\"@id\":\"https:\\\/\\\/www.aliadospuebla.com\\\/?p=61990\",\"url\":\"https:\\\/\\\/www.aliadospuebla.com\\\/?p=61990\",\"name\":\"Da a conocer el presidente municipal de Tlaxcala, Jorge Corichi, avances a 13 d\u00edas de su administraci\u00f3n - AliadosPuebla\",\"isPartOf\":{\"@id\":\"https:\\\/\\\/www.aliadospuebla.com\\\/#website\"},\"primaryImageOfPage\":{\"@id\":\"https:\\\/\\\/www.aliadospuebla.com\\\/?p=61990#primaryimage\"},\"image\":{\"@id\":\"https:\\\/\\\/www.aliadospuebla.com\\\/?p=61990#primaryimage\"},\"thumbnailUrl\":\"https:\\\/\\\/www.aliadospuebla.com\\\/web2017\\\/wp-content\\\/uploads\\\/2021\\\/09\\\/TLAX-52.jpg\",\"datePublished\":\"2021-09-14T02:26:53+00:00\",\"author\":{\"@id\":\"https:\\\/\\\/www.aliadospuebla.com\\\/#\\\/schema\\\/person\\\/0fd017f23cc5c3f7988d5d58850eec8e\"},\"breadcrumb\":{\"@id\":\"https:\\\/\\\/www.aliadospuebla.com\\\/?p=61990#breadcrumb\"},\"inLanguage\":\"es\",\"potentialAction\":[{\"@type\":\"ReadAction\",\"target\":[\"https:\\\/\\\/www.aliadospuebla.com\\\/?p=61990\"]}]},{\"@type\":\"ImageObject\",\"inLanguage\":\"es\",\"@id\":\"https:\\\/\\\/www.aliadospuebla.com\\\/?p=61990#primaryimage\",\"url\":\"https:\\\/\\\/www.aliadospuebla.com\\\/web2017\\\/wp-content\\\/uploads\\\/2021\\\/09\\\/TLAX-52.jpg\",\"contentUrl\":\"https:\\\/\\\/www.aliadospuebla.com\\\/web2017\\\/wp-content\\\/uploads\\\/2021\\\/09\\\/TLAX-52.jpg\",\"width\":600,\"height\":450},{\"@type\":\"BreadcrumbList\",\"@id\":\"https:\\\/\\\/www.aliadospuebla.com\\\/?p=61990#breadcrumb\",\"itemListElement\":[{\"@type\":\"ListItem\",\"position\":1,\"name\":\"Portada\",\"item\":\"https:\\\/\\\/www.aliadospuebla.com\\\/\"},{\"@type\":\"ListItem\",\"position\":2,\"name\":\"Da a conocer el presidente municipal de Tlaxcala, Jorge Corichi, avances a 13 d\u00edas de su administraci\u00f3n\"}]},{\"@type\":\"WebSite\",\"@id\":\"https:\\\/\\\/www.aliadospuebla.com\\\/#website\",\"url\":\"https:\\\/\\\/www.aliadospuebla.com\\\/\",\"name\":\"AliadosPuebla\",\"description\":\"La informaci\u00f3n en tus manos\",\"potentialAction\":[{\"@type\":\"SearchAction\",\"target\":{\"@type\":\"EntryPoint\",\"urlTemplate\":\"https:\\\/\\\/www.aliadospuebla.com\\\/?s={search_term_string}\"},\"query-input\":{\"@type\":\"PropertyValueSpecification\",\"valueRequired\":true,\"valueName\":\"search_term_string\"}}],\"inLanguage\":\"es\"},{\"@type\":\"Person\",\"@id\":\"https:\\\/\\\/www.aliadospuebla.com\\\/#\\\/schema\\\/person\\\/0fd017f23cc5c3f7988d5d58850eec8e\",\"name\":\"Aliados Videos\",\"image\":{\"@type\":\"ImageObject\",\"inLanguage\":\"es\",\"@id\":\"https:\\\/\\\/secure.gravatar.com\\\/avatar\\\/42b92de8b2d8339e1e824f3a73ab023a0bec0ee2e3920248085eb1f3160b4083?s=96&d=mm&r=g\",\"url\":\"https:\\\/\\\/secure.gravatar.com\\\/avatar\\\/42b92de8b2d8339e1e824f3a73ab023a0bec0ee2e3920248085eb1f3160b4083?s=96&d=mm&r=g\",\"contentUrl\":\"https:\\\/\\\/secure.gravatar.com\\\/avatar\\\/42b92de8b2d8339e1e824f3a73ab023a0bec0ee2e3920248085eb1f3160b4083?s=96&d=mm&r=g\",\"caption\":\"Aliados Videos\"},\"url\":\"https:\\\/\\\/www.aliadospuebla.com\\\/?author=3\"}]}<\/script>\n<!-- \/ Yoast SEO plugin. -->","yoast_head_json":{"title":"Da a conocer el presidente municipal de Tlaxcala, Jorge Corichi, avances a 13 d\u00edas de su administraci\u00f3n - AliadosPuebla","robots":{"index":"index","follow":"follow","max-snippet":"max-snippet:-1","max-image-preview":"max-image-preview:large","max-video-preview":"max-video-preview:-1"},"canonical":"https:\/\/www.aliadospuebla.com\/?p=61990","og_locale":"es_ES","og_type":"article","og_title":"Da a conocer el presidente municipal de Tlaxcala, Jorge Corichi, avances a 13 d\u00edas de su administraci\u00f3n - AliadosPuebla","og_description":"A 13 d\u00edas del inicio de su administraci\u00f3n,\u00a0 Jorge Corichi enumer\u00f3 ante medios de comunicaci\u00f3n algunas de las acciones que prioritariamente se han emprendido en el arranque de su gesti\u00f3n al frente del municipio de Tlaxcala. Entre los puntos que se tocaron en este dialogo circular con la prensa, el cual se realizar\u00e1 en principio cada dos semanas, Corichi detall\u00f3 el significativo avance de las obras de remodelaci\u00f3n de la Plaza de la Constituci\u00f3n, Plaza Xicoht\u00e9ncatl y Mercado de Artesanos; las cuales estar\u00e1n concluidas en los tiempos marcados por el proyecto. La Plaza de la Constituci\u00f3n, mencion\u00f3, ser\u00e1 entregada antes del 15 de septiembre, la Plaza Xicoht\u00e9ncatl el 30 de Septiembre y la construcci\u00f3n del Mercado de Artesanos finalizar\u00e1 el 30 de octubre. En este&hellip;Leer m\u00e1s...","og_url":"https:\/\/www.aliadospuebla.com\/?p=61990","og_site_name":"AliadosPuebla","article_published_time":"2021-09-14T02:26:53+00:00","og_image":[{"width":600,"height":450,"url":"https:\/\/www.aliadospuebla.com\/web2017\/wp-content\/uploads\/2021\/09\/TLAX-52.jpg","type":"image\/jpeg"}],"author":"Aliados Videos","twitter_card":"summary_large_image","twitter_misc":{"Escrito por":"Aliados Videos","Tiempo de lectura":"3 minutos"},"schema":{"@context":"https:\/\/schema.org","@graph":[{"@type":"Article","@id":"https:\/\/www.aliadospuebla.com\/?p=61990#article","isPartOf":{"@id":"https:\/\/www.aliadospuebla.com\/?p=61990"},"author":{"name":"Aliados Videos","@id":"https:\/\/www.aliadospuebla.com\/#\/schema\/person\/0fd017f23cc5c3f7988d5d58850eec8e"},"headline":"Da a conocer el presidente municipal de Tlaxcala, Jorge Corichi, avances a 13 d\u00edas de su administraci\u00f3n","datePublished":"2021-09-14T02:26:53+00:00","mainEntityOfPage":{"@id":"https:\/\/www.aliadospuebla.com\/?p=61990"},"wordCount":630,"commentCount":0,"image":{"@id":"https:\/\/www.aliadospuebla.com\/?p=61990#primaryimage"},"thumbnailUrl":"https:\/\/www.aliadospuebla.com\/web2017\/wp-content\/uploads\/2021\/09\/TLAX-52.jpg","keywords":["Ayuntamiento","COVID-19","JORGE CORICHI","REGIDORES","SALUD","TLAXCALA"],"articleSection":["Nacional"],"inLanguage":"es","potentialAction":[{"@type":"CommentAction","name":"Comment","target":["https:\/\/www.aliadospuebla.com\/?p=61990#respond"]}]},{"@type":"WebPage","@id":"https:\/\/www.aliadospuebla.com\/?p=61990","url":"https:\/\/www.aliadospuebla.com\/?p=61990","name":"Da a conocer el presidente municipal de Tlaxcala, Jorge Corichi, avances a 13 d\u00edas de su administraci\u00f3n - AliadosPuebla","isPartOf":{"@id":"https:\/\/www.aliadospuebla.com\/#website"},"primaryImageOfPage":{"@id":"https:\/\/www.aliadospuebla.com\/?p=61990#primaryimage"},"image":{"@id":"https:\/\/www.aliadospuebla.com\/?p=61990#primaryimage"},"thumbnailUrl":"https:\/\/www.aliadospuebla.com\/web2017\/wp-content\/uploads\/2021\/09\/TLAX-52.jpg","datePublished":"2021-09-14T02:26:53+00:00","author":{"@id":"https:\/\/www.aliadospuebla.com\/#\/schema\/person\/0fd017f23cc5c3f7988d5d58850eec8e"},"breadcrumb":{"@id":"https:\/\/www.aliadospuebla.com\/?p=61990#breadcrumb"},"inLanguage":"es","potentialAction":[{"@type":"ReadAction","target":["https:\/\/www.aliadospuebla.com\/?p=61990"]}]},{"@type":"ImageObject","inLanguage":"es","@id":"https:\/\/www.aliadospuebla.com\/?p=61990#primaryimage","url":"https:\/\/www.aliadospuebla.com\/web2017\/wp-content\/uploads\/2021\/09\/TLAX-52.jpg","contentUrl":"https:\/\/www.aliadospuebla.com\/web2017\/wp-content\/uploads\/2021\/09\/TLAX-52.jpg","width":600,"height":450},{"@type":"BreadcrumbList","@id":"https:\/\/www.aliadospuebla.com\/?p=61990#breadcrumb","itemListElement":[{"@type":"ListItem","position":1,"name":"Portada","item":"https:\/\/www.aliadospuebla.com\/"},{"@type":"ListItem","position":2,"name":"Da a conocer el presidente municipal de Tlaxcala, Jorge Corichi, avances a 13 d\u00edas de su administraci\u00f3n"}]},{"@type":"WebSite","@id":"https:\/\/www.aliadospuebla.com\/#website","url":"https:\/\/www.aliadospuebla.com\/","name":"AliadosPuebla","description":"La informaci\u00f3n en tus manos","potentialAction":[{"@type":"SearchAction","target":{"@type":"EntryPoint","urlTemplate":"https:\/\/www.aliadospuebla.com\/?s={search_term_string}"},"query-input":{"@type":"PropertyValueSpecification","valueRequired":true,"valueName":"search_term_string"}}],"inLanguage":"es"},{"@type":"Person","@id":"https:\/\/www.aliadospuebla.com\/#\/schema\/person\/0fd017f23cc5c3f7988d5d58850eec8e","name":"Aliados Videos","image":{"@type":"ImageObject","inLanguage":"es","@id":"https:\/\/secure.gravatar.com\/avatar\/42b92de8b2d8339e1e824f3a73ab023a0bec0ee2e3920248085eb1f3160b4083?s=96&d=mm&r=g","url":"https:\/\/secure.gravatar.com\/avatar\/42b92de8b2d8339e1e824f3a73ab023a0bec0ee2e3920248085eb1f3160b4083?s=96&d=mm&r=g","contentUrl":"https:\/\/secure.gravatar.com\/avatar\/42b92de8b2d8339e1e824f3a73ab023a0bec0ee2e3920248085eb1f3160b4083?s=96&d=mm&r=g","caption":"Aliados Videos"},"url":"https:\/\/www.aliadospuebla.com\/?author=3"}]}},"views":11,"_links":{"self":[{"href":"https:\/\/www.aliadospuebla.com\/index.php?rest_route=\/wp\/v2\/posts\/61990","targetHints":{"allow":["GET"]}}],"collection":[{"href":"https:\/\/www.aliadospuebla.com\/index.php?rest_route=\/wp\/v2\/posts"}],"about":[{"href":"https:\/\/www.aliadospuebla.com\/index.php?rest_route=\/wp\/v2\/types\/post"}],"author":[{"embeddable":true,"href":"https:\/\/www.aliadospuebla.com\/index.php?rest_route=\/wp\/v2\/users\/3"}],"replies":[{"embeddable":true,"href":"https:\/\/www.aliadospuebla.com\/index.php?rest_route=%2Fwp%2Fv2%2Fcomments&post=61990"}],"version-history":[{"count":1,"href":"https:\/\/www.aliadospuebla.com\/index.php?rest_route=\/wp\/v2\/posts\/61990\/revisions"}],"predecessor-version":[{"id":61992,"href":"https:\/\/www.aliadospuebla.com\/index.php?rest_route=\/wp\/v2\/posts\/61990\/revisions\/61992"}],"wp:featuredmedia":[{"embeddable":true,"href":"https:\/\/www.aliadospuebla.com\/index.php?rest_route=\/wp\/v2\/media\/61991"}],"wp:attachment":[{"href":"https:\/\/www.aliadospuebla.com\/index.php?rest_route=%2Fwp%2Fv2%2Fmedia&parent=61990"}],"wp:term":[{"taxonomy":"category","embeddable":true,"href":"https:\/\/www.aliadospuebla.com\/index.php?rest_route=%2Fwp%2Fv2%2Fcategories&post=61990"},{"taxonomy":"post_tag","embeddable":true,"href":"https:\/\/www.aliadospuebla.com\/index.php?rest_route=%2Fwp%2Fv2%2Ftags&post=61990"}],"curies":[{"name":"wp","href":"https:\/\/api.w.org\/{rel}","templated":true}]}}