{"id":61963,"date":"2021-09-13T16:20:24","date_gmt":"2021-09-13T21:20:24","guid":{"rendered":"https:\/\/www.aliados17.com\/?p=61963"},"modified":"2021-09-13T16:20:24","modified_gmt":"2021-09-13T21:20:24","slug":"jorge-corichi-monto-guardia-de-honor-en-conmemoracion-del-clxxiv-aniversario-luctuoso-del-coronel-felipe-santiago-tetlamatzi-saldana","status":"publish","type":"post","link":"https:\/\/www.aliadospuebla.com\/?p=61963","title":{"rendered":"Jorge Corichi, mont\u00f3 Guardia de Honor en conmemoraci\u00f3n del CLXXIV aniversario luctuoso del Coronel Felipe Santiago Tetlamatzi Salda\u00f1a"},"content":{"rendered":"<p>Rufino Mendieta Cuapio, Consejero Jur\u00eddico del gobierno del Estado,<\/p>\n<p>acudi\u00f3 con la representaci\u00f3n de la Gobernadora<\/p>\n<p>Lorena Cu\u00e9llar en la ceremonia realizada en el Parque de San Nicol\u00e1s.<\/p>\n<p>En ocasi\u00f3n de esta fecha especial, el presidente hace la siguiente reflexi\u00f3n:<\/p>\n<p>En Tlaxcala capital, celebramos hoy el 174 aniversario luctuoso<\/p>\n<p>de un destacado militar tlaxcalteca<\/p>\n<p>que con valent\u00eda condujo la heroica Defensa del Castillo de Chapultepec.<\/p>\n<p>Fue el coronel Felipe Santiago Tetlamatzi Salda\u00f1a,<\/p>\n<p>conocido como Felipe Santiago Xicoht\u00e9ncatl,<\/p>\n<p>quien encabez\u00f3 la lucha contra invasores.<\/p>\n<p>Por su patriotismo, su amor por M\u00e9xico y por Tlaxcala,<\/p>\n<p>su lugar de origen, lo exaltamos y recordamos con profundo respeto.<\/p>\n<p>Haber dirigido\u00a0 esa encomienda con 400 hombres a bayoneta<\/p>\n<p>fue sin duda un acto de nacionalismo, de entrega, de pasi\u00f3n<\/p>\n<p>por servir a esta gran naci\u00f3n, que hoy nos convoca<\/p>\n<p>a ciudadanas y ciudadanos a dar lo mejor de nosotros<\/p>\n<p>para seguir engrandeci\u00e9ndola, sinti\u00e9ndonos orgullosos<\/p>\n<p>de nuestro pasado y con una visi\u00f3n clara hacia el porvenir.<\/p>\n<p>El 13 de septiembre de 1847, el coronel Felipe Santiago Xicoht\u00e9ncatl<\/p>\n<p>le dio a la naci\u00f3n su propia vida, hoy sus cenizas reposan en el Altar a la Patria.<\/p>\n<p>Los actuales son tiempos para otro tipo de lucha, de la creatividad<\/p>\n<p>e innovaci\u00f3n por dise\u00f1ar y aplicar las pol\u00edticas p\u00fablicas<\/p>\n<p>m\u00e1s acordes con lo que somos y queremos ser.<\/p>\n<p>Tiempos de comuni\u00f3n con nuestro pasado,<\/p>\n<p>de compromiso con nuestro presente y de solidaridad con el futuro.<\/p>\n<p>Desde la capital del Estado, refrendo mi compromiso con el pueblo,<\/p>\n<p>con mejorar los niveles de vida y bienestar para todas y todos.<\/p>\n<p>Para ello, trabajamos incansablemente desde el primer minuto de mi mandato,<\/p>\n<p>por el bienestar del pueblo de Tlaxcala capital,<\/p>\n<p>tengan la seguridad de que as\u00ed ser\u00e1 d\u00eda con d\u00eda<\/p>\n<p>con la participaci\u00f3n activa de todos los sectores sociales.<\/p>\n<p>Cultivemos en cada uno de nosotros, ese esp\u00edritu de patriotismo<\/p>\n<p>del coronel Felipe Santiago Xicoht\u00e9ncatl.<\/p>\n<p>Participemos en esta Nueva Historia<\/p>\n<p>a la que nos convoca el presidente Andr\u00e9s Manuel L\u00f3pez Obrador<\/p>\n<p>y nuestra gobernadora Lorena Cu\u00e9llar Cisneros.<\/p>\n<p>Vamos todos a construir una nueva realidad para las 11 comunidades,<\/p>\n<p>colonias y zona urbana de nuestra querida Ciudad,<\/p>\n<p>para nuestros adultos mayores, mujeres, hombres, j\u00f3venes, ni\u00f1as y ni\u00f1os.<\/p>\n<p>Revaloremos juntos nuestra contribuci\u00f3n en la construcci\u00f3n<\/p>\n<p>de esta gran naci\u00f3n y de este gran Estado de Tlaxcala.<\/p>\n","protected":false},"excerpt":{"rendered":"<p>Rufino Mendieta Cuapio, Consejero Jur\u00eddico del gobierno del Estado, acudi\u00f3 con la representaci\u00f3n de la Gobernadora Lorena Cu\u00e9llar en la ceremonia realizada en el Parque de San Nicol\u00e1s. En ocasi\u00f3n de esta fecha especial, el presidente hace la siguiente reflexi\u00f3n: En Tlaxcala capital, celebramos hoy el 174 aniversario luctuoso de un destacado militar tlaxcalteca que con valent\u00eda condujo la heroica Defensa del Castillo de Chapultepec. Fue el coronel Felipe Santiago Tetlamatzi Salda\u00f1a, conocido como Felipe Santiago Xicoht\u00e9ncatl, quien encabez\u00f3 la lucha contra invasores. Por su patriotismo, su amor por M\u00e9xico y por Tlaxcala, su lugar de origen, lo exaltamos y recordamos con profundo respeto. Haber dirigido\u00a0 esa encomienda con 400 hombres a bayoneta fue sin duda un acto de nacionalismo, de entrega, de pasi\u00f3n por&hellip;<\/p>\n<p class=\"excerpt-more\"><a class=\"blog-excerpt button\" href=\"https:\/\/www.aliadospuebla.com\/?p=61963\">Leer m\u00e1s&#8230;<\/a><\/p>\n","protected":false},"author":2,"featured_media":61964,"comment_status":"open","ping_status":"open","sticky":false,"template":"","format":"standard","meta":{"_monsterinsights_skip_tracking":false,"footnotes":""},"categories":[8304],"tags":[976,16416,4972,16288,16175,16417,11417],"class_list":["post-61963","post","type-post","status-publish","format-standard","has-post-thumbnail","hentry","category-nacional","tag-aniversario-luctuoso","tag-felipe-santiago-xicohtencatl","tag-guardia-de-honor","tag-jorge-corichi","tag-lorena-cuellar-cisneros","tag-patriotismo","tag-tlaxcala-capital"],"yoast_head":"<!-- This site is optimized with the Yoast SEO plugin v28.3 - https:\/\/yoast.com\/product\/yoast-seo-wordpress\/ -->\n<title>Jorge Corichi, mont\u00f3 Guardia de Honor en conmemoraci\u00f3n del CLXXIV aniversario luctuoso del Coronel Felipe Santiago Tetlamatzi Salda\u00f1a - AliadosPuebla<\/title>\n<meta name=\"robots\" content=\"index, follow, max-snippet:-1, max-image-preview:large, max-video-preview:-1\" \/>\n<link rel=\"canonical\" href=\"https:\/\/www.aliadospuebla.com\/?p=61963\" \/>\n<meta property=\"og:locale\" content=\"es_ES\" \/>\n<meta property=\"og:type\" content=\"article\" \/>\n<meta property=\"og:title\" content=\"Jorge Corichi, mont\u00f3 Guardia de Honor en conmemoraci\u00f3n del CLXXIV aniversario luctuoso del Coronel Felipe Santiago Tetlamatzi Salda\u00f1a - AliadosPuebla\" \/>\n<meta property=\"og:description\" content=\"Rufino Mendieta Cuapio, Consejero Jur\u00eddico del gobierno del Estado, acudi\u00f3 con la representaci\u00f3n de la Gobernadora Lorena Cu\u00e9llar en la ceremonia realizada en el Parque de San Nicol\u00e1s. En ocasi\u00f3n de esta fecha especial, el presidente hace la siguiente reflexi\u00f3n: En Tlaxcala capital, celebramos hoy el 174 aniversario luctuoso de un destacado militar tlaxcalteca que con valent\u00eda condujo la heroica Defensa del Castillo de Chapultepec. Fue el coronel Felipe Santiago Tetlamatzi Salda\u00f1a, conocido como Felipe Santiago Xicoht\u00e9ncatl, quien encabez\u00f3 la lucha contra invasores. Por su patriotismo, su amor por M\u00e9xico y por Tlaxcala, su lugar de origen, lo exaltamos y recordamos con profundo respeto. Haber dirigido\u00a0 esa encomienda con 400 hombres a bayoneta fue sin duda un acto de nacionalismo, de entrega, de pasi\u00f3n por&hellip;Leer m\u00e1s...\" \/>\n<meta property=\"og:url\" content=\"https:\/\/www.aliadospuebla.com\/?p=61963\" \/>\n<meta property=\"og:site_name\" content=\"AliadosPuebla\" \/>\n<meta property=\"article:author\" content=\"https:\/\/www.facebook.com\/Aliados17Pue\" \/>\n<meta property=\"article:published_time\" content=\"2021-09-13T21:20:24+00:00\" \/>\n<meta property=\"og:image\" content=\"https:\/\/www.aliadospuebla.com\/web2017\/wp-content\/uploads\/2021\/09\/065-Jorge-corichi.jpg\" \/>\n\t<meta property=\"og:image:width\" content=\"600\" \/>\n\t<meta property=\"og:image:height\" content=\"450\" \/>\n\t<meta property=\"og:image:type\" content=\"image\/jpeg\" \/>\n<meta name=\"author\" content=\"Aliados17\" \/>\n<meta name=\"twitter:card\" content=\"summary_large_image\" \/>\n<meta name=\"twitter:creator\" content=\"@AliadosPuebla\" \/>\n<meta name=\"twitter:label1\" content=\"Escrito por\" \/>\n\t<meta name=\"twitter:data1\" content=\"Aliados17\" \/>\n\t<meta name=\"twitter:label2\" content=\"Tiempo de lectura\" \/>\n\t<meta name=\"twitter:data2\" content=\"2 minutos\" \/>\n<script type=\"application\/ld+json\" class=\"yoast-schema-graph\">{\"@context\":\"https:\\\/\\\/schema.org\",\"@graph\":[{\"@type\":\"Article\",\"@id\":\"https:\\\/\\\/www.aliadospuebla.com\\\/?p=61963#article\",\"isPartOf\":{\"@id\":\"https:\\\/\\\/www.aliadospuebla.com\\\/?p=61963\"},\"author\":{\"name\":\"Aliados17\",\"@id\":\"https:\\\/\\\/www.aliadospuebla.com\\\/#\\\/schema\\\/person\\\/5da7dd09320bd4f392b710017ed5f8ad\"},\"headline\":\"Jorge Corichi, mont\u00f3 Guardia de Honor en conmemoraci\u00f3n del CLXXIV aniversario luctuoso del Coronel Felipe Santiago Tetlamatzi Salda\u00f1a\",\"datePublished\":\"2021-09-13T21:20:24+00:00\",\"mainEntityOfPage\":{\"@id\":\"https:\\\/\\\/www.aliadospuebla.com\\\/?p=61963\"},\"wordCount\":433,\"commentCount\":0,\"image\":{\"@id\":\"https:\\\/\\\/www.aliadospuebla.com\\\/?p=61963#primaryimage\"},\"thumbnailUrl\":\"https:\\\/\\\/www.aliadospuebla.com\\\/web2017\\\/wp-content\\\/uploads\\\/2021\\\/09\\\/065-Jorge-corichi.jpg\",\"keywords\":[\"ANIVERSARIO LUCTUOSO\",\"Felipe Santiago Xicoht\u00e9ncatl\",\"GUARDIA DE HONOR\",\"JORGE CORICHI\",\"Lorena Cuellar Cisneros\",\"patriotismo\",\"TLAXCALA CAPITAL\"],\"articleSection\":[\"Nacional\"],\"inLanguage\":\"es\",\"potentialAction\":[{\"@type\":\"CommentAction\",\"name\":\"Comment\",\"target\":[\"https:\\\/\\\/www.aliadospuebla.com\\\/?p=61963#respond\"]}]},{\"@type\":\"WebPage\",\"@id\":\"https:\\\/\\\/www.aliadospuebla.com\\\/?p=61963\",\"url\":\"https:\\\/\\\/www.aliadospuebla.com\\\/?p=61963\",\"name\":\"Jorge Corichi, mont\u00f3 Guardia de Honor en conmemoraci\u00f3n del CLXXIV aniversario luctuoso del Coronel Felipe Santiago Tetlamatzi Salda\u00f1a - AliadosPuebla\",\"isPartOf\":{\"@id\":\"https:\\\/\\\/www.aliadospuebla.com\\\/#website\"},\"primaryImageOfPage\":{\"@id\":\"https:\\\/\\\/www.aliadospuebla.com\\\/?p=61963#primaryimage\"},\"image\":{\"@id\":\"https:\\\/\\\/www.aliadospuebla.com\\\/?p=61963#primaryimage\"},\"thumbnailUrl\":\"https:\\\/\\\/www.aliadospuebla.com\\\/web2017\\\/wp-content\\\/uploads\\\/2021\\\/09\\\/065-Jorge-corichi.jpg\",\"datePublished\":\"2021-09-13T21:20:24+00:00\",\"author\":{\"@id\":\"https:\\\/\\\/www.aliadospuebla.com\\\/#\\\/schema\\\/person\\\/5da7dd09320bd4f392b710017ed5f8ad\"},\"breadcrumb\":{\"@id\":\"https:\\\/\\\/www.aliadospuebla.com\\\/?p=61963#breadcrumb\"},\"inLanguage\":\"es\",\"potentialAction\":[{\"@type\":\"ReadAction\",\"target\":[\"https:\\\/\\\/www.aliadospuebla.com\\\/?p=61963\"]}]},{\"@type\":\"ImageObject\",\"inLanguage\":\"es\",\"@id\":\"https:\\\/\\\/www.aliadospuebla.com\\\/?p=61963#primaryimage\",\"url\":\"https:\\\/\\\/www.aliadospuebla.com\\\/web2017\\\/wp-content\\\/uploads\\\/2021\\\/09\\\/065-Jorge-corichi.jpg\",\"contentUrl\":\"https:\\\/\\\/www.aliadospuebla.com\\\/web2017\\\/wp-content\\\/uploads\\\/2021\\\/09\\\/065-Jorge-corichi.jpg\",\"width\":600,\"height\":450},{\"@type\":\"BreadcrumbList\",\"@id\":\"https:\\\/\\\/www.aliadospuebla.com\\\/?p=61963#breadcrumb\",\"itemListElement\":[{\"@type\":\"ListItem\",\"position\":1,\"name\":\"Portada\",\"item\":\"https:\\\/\\\/www.aliadospuebla.com\\\/\"},{\"@type\":\"ListItem\",\"position\":2,\"name\":\"Jorge Corichi, mont\u00f3 Guardia de Honor en conmemoraci\u00f3n del CLXXIV aniversario luctuoso del Coronel Felipe Santiago Tetlamatzi Salda\u00f1a\"}]},{\"@type\":\"WebSite\",\"@id\":\"https:\\\/\\\/www.aliadospuebla.com\\\/#website\",\"url\":\"https:\\\/\\\/www.aliadospuebla.com\\\/\",\"name\":\"AliadosPuebla\",\"description\":\"La informaci\u00f3n en tus manos\",\"potentialAction\":[{\"@type\":\"SearchAction\",\"target\":{\"@type\":\"EntryPoint\",\"urlTemplate\":\"https:\\\/\\\/www.aliadospuebla.com\\\/?s={search_term_string}\"},\"query-input\":{\"@type\":\"PropertyValueSpecification\",\"valueRequired\":true,\"valueName\":\"search_term_string\"}}],\"inLanguage\":\"es\"},{\"@type\":\"Person\",\"@id\":\"https:\\\/\\\/www.aliadospuebla.com\\\/#\\\/schema\\\/person\\\/5da7dd09320bd4f392b710017ed5f8ad\",\"name\":\"Aliados17\",\"image\":{\"@type\":\"ImageObject\",\"inLanguage\":\"es\",\"@id\":\"https:\\\/\\\/www.aliadospuebla.com\\\/web2017\\\/wp-content\\\/uploads\\\/2025\\\/03\\\/cropped-para-perfil-8-anos-1-96x96.jpg\",\"url\":\"https:\\\/\\\/www.aliadospuebla.com\\\/web2017\\\/wp-content\\\/uploads\\\/2025\\\/03\\\/cropped-para-perfil-8-anos-1-96x96.jpg\",\"contentUrl\":\"https:\\\/\\\/www.aliadospuebla.com\\\/web2017\\\/wp-content\\\/uploads\\\/2025\\\/03\\\/cropped-para-perfil-8-anos-1-96x96.jpg\",\"caption\":\"Aliados17\"},\"sameAs\":[\"https:\\\/\\\/www.aliados17.com\",\"https:\\\/\\\/www.facebook.com\\\/Aliados17Pue\",\"https:\\\/\\\/x.com\\\/AliadosPuebla\"],\"url\":\"https:\\\/\\\/www.aliadospuebla.com\\\/?author=2\"}]}<\/script>\n<!-- \/ Yoast SEO plugin. -->","yoast_head_json":{"title":"Jorge Corichi, mont\u00f3 Guardia de Honor en conmemoraci\u00f3n del CLXXIV aniversario luctuoso del Coronel Felipe Santiago Tetlamatzi Salda\u00f1a - AliadosPuebla","robots":{"index":"index","follow":"follow","max-snippet":"max-snippet:-1","max-image-preview":"max-image-preview:large","max-video-preview":"max-video-preview:-1"},"canonical":"https:\/\/www.aliadospuebla.com\/?p=61963","og_locale":"es_ES","og_type":"article","og_title":"Jorge Corichi, mont\u00f3 Guardia de Honor en conmemoraci\u00f3n del CLXXIV aniversario luctuoso del Coronel Felipe Santiago Tetlamatzi Salda\u00f1a - AliadosPuebla","og_description":"Rufino Mendieta Cuapio, Consejero Jur\u00eddico del gobierno del Estado, acudi\u00f3 con la representaci\u00f3n de la Gobernadora Lorena Cu\u00e9llar en la ceremonia realizada en el Parque de San Nicol\u00e1s. En ocasi\u00f3n de esta fecha especial, el presidente hace la siguiente reflexi\u00f3n: En Tlaxcala capital, celebramos hoy el 174 aniversario luctuoso de un destacado militar tlaxcalteca que con valent\u00eda condujo la heroica Defensa del Castillo de Chapultepec. Fue el coronel Felipe Santiago Tetlamatzi Salda\u00f1a, conocido como Felipe Santiago Xicoht\u00e9ncatl, quien encabez\u00f3 la lucha contra invasores. Por su patriotismo, su amor por M\u00e9xico y por Tlaxcala, su lugar de origen, lo exaltamos y recordamos con profundo respeto. Haber dirigido\u00a0 esa encomienda con 400 hombres a bayoneta fue sin duda un acto de nacionalismo, de entrega, de pasi\u00f3n por&hellip;Leer m\u00e1s...","og_url":"https:\/\/www.aliadospuebla.com\/?p=61963","og_site_name":"AliadosPuebla","article_author":"https:\/\/www.facebook.com\/Aliados17Pue","article_published_time":"2021-09-13T21:20:24+00:00","og_image":[{"width":600,"height":450,"url":"https:\/\/www.aliadospuebla.com\/web2017\/wp-content\/uploads\/2021\/09\/065-Jorge-corichi.jpg","type":"image\/jpeg"}],"author":"Aliados17","twitter_card":"summary_large_image","twitter_creator":"@AliadosPuebla","twitter_misc":{"Escrito por":"Aliados17","Tiempo de lectura":"2 minutos"},"schema":{"@context":"https:\/\/schema.org","@graph":[{"@type":"Article","@id":"https:\/\/www.aliadospuebla.com\/?p=61963#article","isPartOf":{"@id":"https:\/\/www.aliadospuebla.com\/?p=61963"},"author":{"name":"Aliados17","@id":"https:\/\/www.aliadospuebla.com\/#\/schema\/person\/5da7dd09320bd4f392b710017ed5f8ad"},"headline":"Jorge Corichi, mont\u00f3 Guardia de Honor en conmemoraci\u00f3n del CLXXIV aniversario luctuoso del Coronel Felipe Santiago Tetlamatzi Salda\u00f1a","datePublished":"2021-09-13T21:20:24+00:00","mainEntityOfPage":{"@id":"https:\/\/www.aliadospuebla.com\/?p=61963"},"wordCount":433,"commentCount":0,"image":{"@id":"https:\/\/www.aliadospuebla.com\/?p=61963#primaryimage"},"thumbnailUrl":"https:\/\/www.aliadospuebla.com\/web2017\/wp-content\/uploads\/2021\/09\/065-Jorge-corichi.jpg","keywords":["ANIVERSARIO LUCTUOSO","Felipe Santiago Xicoht\u00e9ncatl","GUARDIA DE HONOR","JORGE CORICHI","Lorena Cuellar Cisneros","patriotismo","TLAXCALA CAPITAL"],"articleSection":["Nacional"],"inLanguage":"es","potentialAction":[{"@type":"CommentAction","name":"Comment","target":["https:\/\/www.aliadospuebla.com\/?p=61963#respond"]}]},{"@type":"WebPage","@id":"https:\/\/www.aliadospuebla.com\/?p=61963","url":"https:\/\/www.aliadospuebla.com\/?p=61963","name":"Jorge Corichi, mont\u00f3 Guardia de Honor en conmemoraci\u00f3n del CLXXIV aniversario luctuoso del Coronel Felipe Santiago Tetlamatzi Salda\u00f1a - AliadosPuebla","isPartOf":{"@id":"https:\/\/www.aliadospuebla.com\/#website"},"primaryImageOfPage":{"@id":"https:\/\/www.aliadospuebla.com\/?p=61963#primaryimage"},"image":{"@id":"https:\/\/www.aliadospuebla.com\/?p=61963#primaryimage"},"thumbnailUrl":"https:\/\/www.aliadospuebla.com\/web2017\/wp-content\/uploads\/2021\/09\/065-Jorge-corichi.jpg","datePublished":"2021-09-13T21:20:24+00:00","author":{"@id":"https:\/\/www.aliadospuebla.com\/#\/schema\/person\/5da7dd09320bd4f392b710017ed5f8ad"},"breadcrumb":{"@id":"https:\/\/www.aliadospuebla.com\/?p=61963#breadcrumb"},"inLanguage":"es","potentialAction":[{"@type":"ReadAction","target":["https:\/\/www.aliadospuebla.com\/?p=61963"]}]},{"@type":"ImageObject","inLanguage":"es","@id":"https:\/\/www.aliadospuebla.com\/?p=61963#primaryimage","url":"https:\/\/www.aliadospuebla.com\/web2017\/wp-content\/uploads\/2021\/09\/065-Jorge-corichi.jpg","contentUrl":"https:\/\/www.aliadospuebla.com\/web2017\/wp-content\/uploads\/2021\/09\/065-Jorge-corichi.jpg","width":600,"height":450},{"@type":"BreadcrumbList","@id":"https:\/\/www.aliadospuebla.com\/?p=61963#breadcrumb","itemListElement":[{"@type":"ListItem","position":1,"name":"Portada","item":"https:\/\/www.aliadospuebla.com\/"},{"@type":"ListItem","position":2,"name":"Jorge Corichi, mont\u00f3 Guardia de Honor en conmemoraci\u00f3n del CLXXIV aniversario luctuoso del Coronel Felipe Santiago Tetlamatzi Salda\u00f1a"}]},{"@type":"WebSite","@id":"https:\/\/www.aliadospuebla.com\/#website","url":"https:\/\/www.aliadospuebla.com\/","name":"AliadosPuebla","description":"La informaci\u00f3n en tus manos","potentialAction":[{"@type":"SearchAction","target":{"@type":"EntryPoint","urlTemplate":"https:\/\/www.aliadospuebla.com\/?s={search_term_string}"},"query-input":{"@type":"PropertyValueSpecification","valueRequired":true,"valueName":"search_term_string"}}],"inLanguage":"es"},{"@type":"Person","@id":"https:\/\/www.aliadospuebla.com\/#\/schema\/person\/5da7dd09320bd4f392b710017ed5f8ad","name":"Aliados17","image":{"@type":"ImageObject","inLanguage":"es","@id":"https:\/\/www.aliadospuebla.com\/web2017\/wp-content\/uploads\/2025\/03\/cropped-para-perfil-8-anos-1-96x96.jpg","url":"https:\/\/www.aliadospuebla.com\/web2017\/wp-content\/uploads\/2025\/03\/cropped-para-perfil-8-anos-1-96x96.jpg","contentUrl":"https:\/\/www.aliadospuebla.com\/web2017\/wp-content\/uploads\/2025\/03\/cropped-para-perfil-8-anos-1-96x96.jpg","caption":"Aliados17"},"sameAs":["https:\/\/www.aliados17.com","https:\/\/www.facebook.com\/Aliados17Pue","https:\/\/x.com\/AliadosPuebla"],"url":"https:\/\/www.aliadospuebla.com\/?author=2"}]}},"views":13,"_links":{"self":[{"href":"https:\/\/www.aliadospuebla.com\/index.php?rest_route=\/wp\/v2\/posts\/61963","targetHints":{"allow":["GET"]}}],"collection":[{"href":"https:\/\/www.aliadospuebla.com\/index.php?rest_route=\/wp\/v2\/posts"}],"about":[{"href":"https:\/\/www.aliadospuebla.com\/index.php?rest_route=\/wp\/v2\/types\/post"}],"author":[{"embeddable":true,"href":"https:\/\/www.aliadospuebla.com\/index.php?rest_route=\/wp\/v2\/users\/2"}],"replies":[{"embeddable":true,"href":"https:\/\/www.aliadospuebla.com\/index.php?rest_route=%2Fwp%2Fv2%2Fcomments&post=61963"}],"version-history":[{"count":1,"href":"https:\/\/www.aliadospuebla.com\/index.php?rest_route=\/wp\/v2\/posts\/61963\/revisions"}],"predecessor-version":[{"id":61965,"href":"https:\/\/www.aliadospuebla.com\/index.php?rest_route=\/wp\/v2\/posts\/61963\/revisions\/61965"}],"wp:featuredmedia":[{"embeddable":true,"href":"https:\/\/www.aliadospuebla.com\/index.php?rest_route=\/wp\/v2\/media\/61964"}],"wp:attachment":[{"href":"https:\/\/www.aliadospuebla.com\/index.php?rest_route=%2Fwp%2Fv2%2Fmedia&parent=61963"}],"wp:term":[{"taxonomy":"category","embeddable":true,"href":"https:\/\/www.aliadospuebla.com\/index.php?rest_route=%2Fwp%2Fv2%2Fcategories&post=61963"},{"taxonomy":"post_tag","embeddable":true,"href":"https:\/\/www.aliadospuebla.com\/index.php?rest_route=%2Fwp%2Fv2%2Ftags&post=61963"}],"curies":[{"name":"wp","href":"https:\/\/api.w.org\/{rel}","templated":true}]}}