{"id":61935,"date":"2021-09-13T14:09:56","date_gmt":"2021-09-13T19:09:56","guid":{"rendered":"https:\/\/www.aliados17.com\/?p=61935"},"modified":"2021-09-13T14:09:56","modified_gmt":"2021-09-13T19:09:56","slug":"acuerdan-normal-y-sepe-uset-trabajo-coordinado","status":"publish","type":"post","link":"https:\/\/www.aliadospuebla.com\/?p=61935","title":{"rendered":"ACUERDAN NORMAL Y SEPE-USET TRABAJO COORDINADO"},"content":{"rendered":"<p>\u2022 Alcanzan acuerdos en pliego petitorio en beneficio de las estudiantes.<\/p>\n<p>Luego de m\u00e1s de 12 horas de trabajo<\/p>\n<p>entre la Secretar\u00eda de Educaci\u00f3n P\u00fablica del Estado,<\/p>\n<p>la Unidad de Servicios Educativos de Tlaxcala (SEPE-USET)<\/p>\n<p>y el Comit\u00e9 Ejecutivo Estudiantil \u201cErnesto Che Guevara\u201d<\/p>\n<p>de la Normal Rural \u201cBenito Ju\u00e1rez\u201d de Panotla,<\/p>\n<p>se alcanzaron acuerdos en torno al pliego petitorio<\/p>\n<p>de las estudiantes que, entre otras cosas,<\/p>\n<p>demandaban el aumento de la matr\u00edcula de<\/p>\n<p>nuevo ingreso y respeto a la organizaci\u00f3n estudiantil.<\/p>\n<p>La reuni\u00f3n iniciada la ma\u00f1ana del domingo,<\/p>\n<p>se desarroll\u00f3 conforme lo dispuesto en las pol\u00edticas<\/p>\n<p>de cercan\u00eda con la sociedad y trato humano que<\/p>\n<p>establecieron en sus administraciones el presidente<\/p>\n<p>de la Rep\u00fablica, Andr\u00e9s Manuel L\u00f3pez Obrador,<\/p>\n<p>y la gobernadora del Estado, Lorena Cu\u00e9llar Cisneros,<\/p>\n<p>a trav\u00e9s del secretario de Educaci\u00f3n Homero Meneses Hern\u00e1ndez.<\/p>\n<p>Al respecto, Meneses Hern\u00e1ndez explic\u00f3 que la minuta<\/p>\n<p>considera compromisos para ambas partes en<\/p>\n<p>beneficio de la educaci\u00f3n de las alumnas que estudian<\/p>\n<p>en el internado y la atenci\u00f3n a sus demandas fue con<\/p>\n<p>base en el presupuesto con el que cuenta la<\/p>\n<p>dependencia y los ideales de austeridad y<\/p>\n<p>racionalidad que necesita el pa\u00eds para su<\/p>\n<p>cuarta transformaci\u00f3n.<\/p>\n<p>El comit\u00e9 estudiantil reconoci\u00f3 la capacidad de<\/p>\n<p>di\u00e1logo y disposici\u00f3n del titular de la dependencia,<\/p>\n<p>quien en todo momento mostr\u00f3 inter\u00e9s,<\/p>\n<p>respeto y cordialidad por mejorar la educaci\u00f3n de las estudiantes.<\/p>\n<p>Finalmente, las autoridades y las alumnas<\/p>\n<p>firmaron la minuta de acuerdos y coincidieron<\/p>\n<p>en seguir trabajando a favor de la educaci\u00f3n para<\/p>\n<p>mejorar las condiciones de la instituci\u00f3n.<\/p>\n","protected":false},"excerpt":{"rendered":"<p>\u2022 Alcanzan acuerdos en pliego petitorio en beneficio de las estudiantes. Luego de m\u00e1s de 12 horas de trabajo entre la Secretar\u00eda de Educaci\u00f3n P\u00fablica del Estado, la Unidad de Servicios Educativos de Tlaxcala (SEPE-USET) y el Comit\u00e9 Ejecutivo Estudiantil \u201cErnesto Che Guevara\u201d de la Normal Rural \u201cBenito Ju\u00e1rez\u201d de Panotla, se alcanzaron acuerdos en torno al pliego petitorio de las estudiantes que, entre otras cosas, demandaban el aumento de la matr\u00edcula de nuevo ingreso y respeto a la organizaci\u00f3n estudiantil. La reuni\u00f3n iniciada la ma\u00f1ana del domingo, se desarroll\u00f3 conforme lo dispuesto en las pol\u00edticas de cercan\u00eda con la sociedad y trato humano que establecieron en sus administraciones el presidente de la Rep\u00fablica, Andr\u00e9s Manuel L\u00f3pez Obrador, y la gobernadora del Estado, Lorena Cu\u00e9llar&hellip;<\/p>\n<p class=\"excerpt-more\"><a class=\"blog-excerpt button\" href=\"https:\/\/www.aliadospuebla.com\/?p=61935\">Leer m\u00e1s&#8230;<\/a><\/p>\n","protected":false},"author":3,"featured_media":61936,"comment_status":"open","ping_status":"open","sticky":false,"template":"","format":"standard","meta":{"_monsterinsights_skip_tracking":false,"footnotes":""},"categories":[8304],"tags":[171,11633,8372,319,8758],"class_list":["post-61935","post","type-post","status-publish","format-standard","has-post-thumbnail","hentry","category-nacional","tag-ayuntamiento","tag-lorena-cuellar","tag-sepe","tag-tlaxcala","tag-uset"],"yoast_head":"<!-- This site is optimized with the Yoast SEO plugin v28.4 - https:\/\/yoast.com\/product\/yoast-seo-wordpress\/ -->\n<title>SEPE-USET SEPE-USET SEPE-USET SEPE-USET<\/title>\n<meta name=\"robots\" content=\"index, follow, max-snippet:-1, max-image-preview:large, max-video-preview:-1\" \/>\n<link rel=\"canonical\" href=\"https:\/\/www.aliadospuebla.com\/?p=61935\" \/>\n<meta property=\"og:locale\" content=\"es_ES\" \/>\n<meta property=\"og:type\" content=\"article\" \/>\n<meta property=\"og:title\" content=\"SEPE-USET SEPE-USET SEPE-USET SEPE-USET\" \/>\n<meta property=\"og:description\" content=\"\u2022 Alcanzan acuerdos en pliego petitorio en beneficio de las estudiantes. Luego de m\u00e1s de 12 horas de trabajo entre la Secretar\u00eda de Educaci\u00f3n P\u00fablica del Estado, la Unidad de Servicios Educativos de Tlaxcala (SEPE-USET) y el Comit\u00e9 Ejecutivo Estudiantil \u201cErnesto Che Guevara\u201d de la Normal Rural \u201cBenito Ju\u00e1rez\u201d de Panotla, se alcanzaron acuerdos en torno al pliego petitorio de las estudiantes que, entre otras cosas, demandaban el aumento de la matr\u00edcula de nuevo ingreso y respeto a la organizaci\u00f3n estudiantil. La reuni\u00f3n iniciada la ma\u00f1ana del domingo, se desarroll\u00f3 conforme lo dispuesto en las pol\u00edticas de cercan\u00eda con la sociedad y trato humano que establecieron en sus administraciones el presidente de la Rep\u00fablica, Andr\u00e9s Manuel L\u00f3pez Obrador, y la gobernadora del Estado, Lorena Cu\u00e9llar&hellip;Leer m\u00e1s...\" \/>\n<meta property=\"og:url\" content=\"https:\/\/www.aliadospuebla.com\/?p=61935\" \/>\n<meta property=\"og:site_name\" content=\"AliadosPuebla\" \/>\n<meta property=\"article:published_time\" content=\"2021-09-13T19:09:56+00:00\" \/>\n<meta property=\"og:image\" content=\"https:\/\/www.aliadospuebla.com\/web2017\/wp-content\/uploads\/2021\/09\/TLAX-49.jpg\" \/>\n\t<meta property=\"og:image:width\" content=\"600\" \/>\n\t<meta property=\"og:image:height\" content=\"450\" \/>\n\t<meta property=\"og:image:type\" content=\"image\/jpeg\" \/>\n<meta name=\"author\" content=\"Aliados Videos\" \/>\n<meta name=\"twitter:card\" content=\"summary_large_image\" \/>\n<meta name=\"twitter:label1\" content=\"Escrito por\" \/>\n\t<meta name=\"twitter:data1\" content=\"Aliados Videos\" \/>\n\t<meta name=\"twitter:label2\" content=\"Tiempo de lectura\" \/>\n\t<meta name=\"twitter:data2\" content=\"2 minutos\" \/>\n<script type=\"application\/ld+json\" class=\"yoast-schema-graph\">{\"@context\":\"https:\\\/\\\/schema.org\",\"@graph\":[{\"@type\":\"Article\",\"@id\":\"https:\\\/\\\/www.aliadospuebla.com\\\/?p=61935#article\",\"isPartOf\":{\"@id\":\"https:\\\/\\\/www.aliadospuebla.com\\\/?p=61935\"},\"author\":{\"name\":\"Aliados Videos\",\"@id\":\"https:\\\/\\\/www.aliadospuebla.com\\\/#\\\/schema\\\/person\\\/0fd017f23cc5c3f7988d5d58850eec8e\"},\"headline\":\"ACUERDAN NORMAL Y SEPE-USET TRABAJO COORDINADO\",\"datePublished\":\"2021-09-13T19:09:56+00:00\",\"mainEntityOfPage\":{\"@id\":\"https:\\\/\\\/www.aliadospuebla.com\\\/?p=61935\"},\"wordCount\":286,\"commentCount\":0,\"image\":{\"@id\":\"https:\\\/\\\/www.aliadospuebla.com\\\/?p=61935#primaryimage\"},\"thumbnailUrl\":\"https:\\\/\\\/www.aliadospuebla.com\\\/web2017\\\/wp-content\\\/uploads\\\/2021\\\/09\\\/TLAX-49.jpg\",\"keywords\":[\"Ayuntamiento\",\"LORENA CU\u00c9LLAR\",\"SEPE\",\"TLAXCALA\",\"uset\"],\"articleSection\":[\"Nacional\"],\"inLanguage\":\"es\",\"potentialAction\":[{\"@type\":\"CommentAction\",\"name\":\"Comment\",\"target\":[\"https:\\\/\\\/www.aliadospuebla.com\\\/?p=61935#respond\"]}]},{\"@type\":\"WebPage\",\"@id\":\"https:\\\/\\\/www.aliadospuebla.com\\\/?p=61935\",\"url\":\"https:\\\/\\\/www.aliadospuebla.com\\\/?p=61935\",\"name\":\"SEPE-USET SEPE-USET SEPE-USET SEPE-USET\",\"isPartOf\":{\"@id\":\"https:\\\/\\\/www.aliadospuebla.com\\\/#website\"},\"primaryImageOfPage\":{\"@id\":\"https:\\\/\\\/www.aliadospuebla.com\\\/?p=61935#primaryimage\"},\"image\":{\"@id\":\"https:\\\/\\\/www.aliadospuebla.com\\\/?p=61935#primaryimage\"},\"thumbnailUrl\":\"https:\\\/\\\/www.aliadospuebla.com\\\/web2017\\\/wp-content\\\/uploads\\\/2021\\\/09\\\/TLAX-49.jpg\",\"datePublished\":\"2021-09-13T19:09:56+00:00\",\"author\":{\"@id\":\"https:\\\/\\\/www.aliadospuebla.com\\\/#\\\/schema\\\/person\\\/0fd017f23cc5c3f7988d5d58850eec8e\"},\"breadcrumb\":{\"@id\":\"https:\\\/\\\/www.aliadospuebla.com\\\/?p=61935#breadcrumb\"},\"inLanguage\":\"es\",\"potentialAction\":[{\"@type\":\"ReadAction\",\"target\":[\"https:\\\/\\\/www.aliadospuebla.com\\\/?p=61935\"]}]},{\"@type\":\"ImageObject\",\"inLanguage\":\"es\",\"@id\":\"https:\\\/\\\/www.aliadospuebla.com\\\/?p=61935#primaryimage\",\"url\":\"https:\\\/\\\/www.aliadospuebla.com\\\/web2017\\\/wp-content\\\/uploads\\\/2021\\\/09\\\/TLAX-49.jpg\",\"contentUrl\":\"https:\\\/\\\/www.aliadospuebla.com\\\/web2017\\\/wp-content\\\/uploads\\\/2021\\\/09\\\/TLAX-49.jpg\",\"width\":600,\"height\":450},{\"@type\":\"BreadcrumbList\",\"@id\":\"https:\\\/\\\/www.aliadospuebla.com\\\/?p=61935#breadcrumb\",\"itemListElement\":[{\"@type\":\"ListItem\",\"position\":1,\"name\":\"Portada\",\"item\":\"https:\\\/\\\/www.aliadospuebla.com\\\/\"},{\"@type\":\"ListItem\",\"position\":2,\"name\":\"ACUERDAN NORMAL Y SEPE-USET TRABAJO COORDINADO\"}]},{\"@type\":\"WebSite\",\"@id\":\"https:\\\/\\\/www.aliadospuebla.com\\\/#website\",\"url\":\"https:\\\/\\\/www.aliadospuebla.com\\\/\",\"name\":\"AliadosPuebla\",\"description\":\"La informaci\u00f3n en tus manos\",\"potentialAction\":[{\"@type\":\"SearchAction\",\"target\":{\"@type\":\"EntryPoint\",\"urlTemplate\":\"https:\\\/\\\/www.aliadospuebla.com\\\/?s={search_term_string}\"},\"query-input\":{\"@type\":\"PropertyValueSpecification\",\"valueRequired\":true,\"valueName\":\"search_term_string\"}}],\"inLanguage\":\"es\"},{\"@type\":\"Person\",\"@id\":\"https:\\\/\\\/www.aliadospuebla.com\\\/#\\\/schema\\\/person\\\/0fd017f23cc5c3f7988d5d58850eec8e\",\"name\":\"Aliados Videos\",\"image\":{\"@type\":\"ImageObject\",\"inLanguage\":\"es\",\"@id\":\"https:\\\/\\\/secure.gravatar.com\\\/avatar\\\/42b92de8b2d8339e1e824f3a73ab023a0bec0ee2e3920248085eb1f3160b4083?s=96&d=mm&r=g\",\"url\":\"https:\\\/\\\/secure.gravatar.com\\\/avatar\\\/42b92de8b2d8339e1e824f3a73ab023a0bec0ee2e3920248085eb1f3160b4083?s=96&d=mm&r=g\",\"contentUrl\":\"https:\\\/\\\/secure.gravatar.com\\\/avatar\\\/42b92de8b2d8339e1e824f3a73ab023a0bec0ee2e3920248085eb1f3160b4083?s=96&d=mm&r=g\",\"caption\":\"Aliados Videos\"},\"url\":\"https:\\\/\\\/www.aliadospuebla.com\\\/?author=3\"}]}<\/script>\n<!-- \/ Yoast SEO plugin. -->","yoast_head_json":{"title":"SEPE-USET SEPE-USET SEPE-USET SEPE-USET","robots":{"index":"index","follow":"follow","max-snippet":"max-snippet:-1","max-image-preview":"max-image-preview:large","max-video-preview":"max-video-preview:-1"},"canonical":"https:\/\/www.aliadospuebla.com\/?p=61935","og_locale":"es_ES","og_type":"article","og_title":"SEPE-USET SEPE-USET SEPE-USET SEPE-USET","og_description":"\u2022 Alcanzan acuerdos en pliego petitorio en beneficio de las estudiantes. Luego de m\u00e1s de 12 horas de trabajo entre la Secretar\u00eda de Educaci\u00f3n P\u00fablica del Estado, la Unidad de Servicios Educativos de Tlaxcala (SEPE-USET) y el Comit\u00e9 Ejecutivo Estudiantil \u201cErnesto Che Guevara\u201d de la Normal Rural \u201cBenito Ju\u00e1rez\u201d de Panotla, se alcanzaron acuerdos en torno al pliego petitorio de las estudiantes que, entre otras cosas, demandaban el aumento de la matr\u00edcula de nuevo ingreso y respeto a la organizaci\u00f3n estudiantil. La reuni\u00f3n iniciada la ma\u00f1ana del domingo, se desarroll\u00f3 conforme lo dispuesto en las pol\u00edticas de cercan\u00eda con la sociedad y trato humano que establecieron en sus administraciones el presidente de la Rep\u00fablica, Andr\u00e9s Manuel L\u00f3pez Obrador, y la gobernadora del Estado, Lorena Cu\u00e9llar&hellip;Leer m\u00e1s...","og_url":"https:\/\/www.aliadospuebla.com\/?p=61935","og_site_name":"AliadosPuebla","article_published_time":"2021-09-13T19:09:56+00:00","og_image":[{"width":600,"height":450,"url":"https:\/\/www.aliadospuebla.com\/web2017\/wp-content\/uploads\/2021\/09\/TLAX-49.jpg","type":"image\/jpeg"}],"author":"Aliados Videos","twitter_card":"summary_large_image","twitter_misc":{"Escrito por":"Aliados Videos","Tiempo de lectura":"2 minutos"},"schema":{"@context":"https:\/\/schema.org","@graph":[{"@type":"Article","@id":"https:\/\/www.aliadospuebla.com\/?p=61935#article","isPartOf":{"@id":"https:\/\/www.aliadospuebla.com\/?p=61935"},"author":{"name":"Aliados Videos","@id":"https:\/\/www.aliadospuebla.com\/#\/schema\/person\/0fd017f23cc5c3f7988d5d58850eec8e"},"headline":"ACUERDAN NORMAL Y SEPE-USET TRABAJO COORDINADO","datePublished":"2021-09-13T19:09:56+00:00","mainEntityOfPage":{"@id":"https:\/\/www.aliadospuebla.com\/?p=61935"},"wordCount":286,"commentCount":0,"image":{"@id":"https:\/\/www.aliadospuebla.com\/?p=61935#primaryimage"},"thumbnailUrl":"https:\/\/www.aliadospuebla.com\/web2017\/wp-content\/uploads\/2021\/09\/TLAX-49.jpg","keywords":["Ayuntamiento","LORENA CU\u00c9LLAR","SEPE","TLAXCALA","uset"],"articleSection":["Nacional"],"inLanguage":"es","potentialAction":[{"@type":"CommentAction","name":"Comment","target":["https:\/\/www.aliadospuebla.com\/?p=61935#respond"]}]},{"@type":"WebPage","@id":"https:\/\/www.aliadospuebla.com\/?p=61935","url":"https:\/\/www.aliadospuebla.com\/?p=61935","name":"SEPE-USET SEPE-USET SEPE-USET SEPE-USET","isPartOf":{"@id":"https:\/\/www.aliadospuebla.com\/#website"},"primaryImageOfPage":{"@id":"https:\/\/www.aliadospuebla.com\/?p=61935#primaryimage"},"image":{"@id":"https:\/\/www.aliadospuebla.com\/?p=61935#primaryimage"},"thumbnailUrl":"https:\/\/www.aliadospuebla.com\/web2017\/wp-content\/uploads\/2021\/09\/TLAX-49.jpg","datePublished":"2021-09-13T19:09:56+00:00","author":{"@id":"https:\/\/www.aliadospuebla.com\/#\/schema\/person\/0fd017f23cc5c3f7988d5d58850eec8e"},"breadcrumb":{"@id":"https:\/\/www.aliadospuebla.com\/?p=61935#breadcrumb"},"inLanguage":"es","potentialAction":[{"@type":"ReadAction","target":["https:\/\/www.aliadospuebla.com\/?p=61935"]}]},{"@type":"ImageObject","inLanguage":"es","@id":"https:\/\/www.aliadospuebla.com\/?p=61935#primaryimage","url":"https:\/\/www.aliadospuebla.com\/web2017\/wp-content\/uploads\/2021\/09\/TLAX-49.jpg","contentUrl":"https:\/\/www.aliadospuebla.com\/web2017\/wp-content\/uploads\/2021\/09\/TLAX-49.jpg","width":600,"height":450},{"@type":"BreadcrumbList","@id":"https:\/\/www.aliadospuebla.com\/?p=61935#breadcrumb","itemListElement":[{"@type":"ListItem","position":1,"name":"Portada","item":"https:\/\/www.aliadospuebla.com\/"},{"@type":"ListItem","position":2,"name":"ACUERDAN NORMAL Y SEPE-USET TRABAJO COORDINADO"}]},{"@type":"WebSite","@id":"https:\/\/www.aliadospuebla.com\/#website","url":"https:\/\/www.aliadospuebla.com\/","name":"AliadosPuebla","description":"La informaci\u00f3n en tus manos","potentialAction":[{"@type":"SearchAction","target":{"@type":"EntryPoint","urlTemplate":"https:\/\/www.aliadospuebla.com\/?s={search_term_string}"},"query-input":{"@type":"PropertyValueSpecification","valueRequired":true,"valueName":"search_term_string"}}],"inLanguage":"es"},{"@type":"Person","@id":"https:\/\/www.aliadospuebla.com\/#\/schema\/person\/0fd017f23cc5c3f7988d5d58850eec8e","name":"Aliados Videos","image":{"@type":"ImageObject","inLanguage":"es","@id":"https:\/\/secure.gravatar.com\/avatar\/42b92de8b2d8339e1e824f3a73ab023a0bec0ee2e3920248085eb1f3160b4083?s=96&d=mm&r=g","url":"https:\/\/secure.gravatar.com\/avatar\/42b92de8b2d8339e1e824f3a73ab023a0bec0ee2e3920248085eb1f3160b4083?s=96&d=mm&r=g","contentUrl":"https:\/\/secure.gravatar.com\/avatar\/42b92de8b2d8339e1e824f3a73ab023a0bec0ee2e3920248085eb1f3160b4083?s=96&d=mm&r=g","caption":"Aliados Videos"},"url":"https:\/\/www.aliadospuebla.com\/?author=3"}]}},"views":13,"_links":{"self":[{"href":"https:\/\/www.aliadospuebla.com\/index.php?rest_route=\/wp\/v2\/posts\/61935","targetHints":{"allow":["GET"]}}],"collection":[{"href":"https:\/\/www.aliadospuebla.com\/index.php?rest_route=\/wp\/v2\/posts"}],"about":[{"href":"https:\/\/www.aliadospuebla.com\/index.php?rest_route=\/wp\/v2\/types\/post"}],"author":[{"embeddable":true,"href":"https:\/\/www.aliadospuebla.com\/index.php?rest_route=\/wp\/v2\/users\/3"}],"replies":[{"embeddable":true,"href":"https:\/\/www.aliadospuebla.com\/index.php?rest_route=%2Fwp%2Fv2%2Fcomments&post=61935"}],"version-history":[{"count":1,"href":"https:\/\/www.aliadospuebla.com\/index.php?rest_route=\/wp\/v2\/posts\/61935\/revisions"}],"predecessor-version":[{"id":61938,"href":"https:\/\/www.aliadospuebla.com\/index.php?rest_route=\/wp\/v2\/posts\/61935\/revisions\/61938"}],"wp:featuredmedia":[{"embeddable":true,"href":"https:\/\/www.aliadospuebla.com\/index.php?rest_route=\/wp\/v2\/media\/61936"}],"wp:attachment":[{"href":"https:\/\/www.aliadospuebla.com\/index.php?rest_route=%2Fwp%2Fv2%2Fmedia&parent=61935"}],"wp:term":[{"taxonomy":"category","embeddable":true,"href":"https:\/\/www.aliadospuebla.com\/index.php?rest_route=%2Fwp%2Fv2%2Fcategories&post=61935"},{"taxonomy":"post_tag","embeddable":true,"href":"https:\/\/www.aliadospuebla.com\/index.php?rest_route=%2Fwp%2Fv2%2Ftags&post=61935"}],"curies":[{"name":"wp","href":"https:\/\/api.w.org\/{rel}","templated":true}]}}