{"id":61863,"date":"2021-09-11T15:47:02","date_gmt":"2021-09-11T20:47:02","guid":{"rendered":"https:\/\/www.aliados17.com\/?p=61863"},"modified":"2021-09-11T15:47:02","modified_gmt":"2021-09-11T20:47:02","slug":"fructifera-primera-sesion-extraordinaria-del-cabildo-de-tlaxcala","status":"publish","type":"post","link":"https:\/\/www.aliadospuebla.com\/?p=61863","title":{"rendered":"Fruct\u00edfera Primera Sesi\u00f3n Extraordinaria del Cabildo de Tlaxcala."},"content":{"rendered":"<p><span style=\"font-weight: 400;\">El Presidente Municipal de Tlaxcala, <\/span><\/p>\n<p><span style=\"font-weight: 400;\">Jorge Corichi, encabez\u00f3 la primera <\/span><\/p>\n<p><span style=\"font-weight: 400;\">Sesi\u00f3n Extraordinaria de Cabildo de la Administraci\u00f3n Municipal 2021-2024.<\/span><\/p>\n<p><span style=\"font-weight: 400;\">\u00a0<\/span><\/p>\n<p><span style=\"font-weight: 400;\">En la sesi\u00f3n realizada la tarde de ayer, <\/span><\/p>\n<p><span style=\"font-weight: 400;\">el presidente Corichi reafirm\u00f3 su apertura <\/span><\/p>\n<p><span style=\"font-weight: 400;\">al di\u00e1logo con todas y todos los integrantes del<\/span><\/p>\n<p><span style=\"font-weight: 400;\"> cuerpo edilicio, siempre en un marco de respeto <\/span><\/p>\n<p><span style=\"font-weight: 400;\">y cordialidad sobre los temas y opiniones que se <\/span><\/p>\n<p><span style=\"font-weight: 400;\">estar\u00e1n analizando y aprobando en encuentro.<\/span><\/p>\n<p>&nbsp;<\/p>\n<p><span style=\"font-weight: 400;\">A la Sesi\u00f3n, desarrollada en la sala de <\/span><\/p>\n<p><span style=\"font-weight: 400;\">Cabildo II, asistieron la S\u00edndico Municipal <\/span><\/p>\n<p><span style=\"font-weight: 400;\">Rosalba Salas Jaramillo; Raymundo <\/span><\/p>\n<p><span style=\"font-weight: 400;\">V\u00e1zquez Conchas, Primer Regidor; <\/span><\/p>\n<p><span style=\"font-weight: 400;\">Ariadna Hern\u00e1ndez Armas, Segunda Regidora;<\/span><\/p>\n<p><span style=\"font-weight: 400;\"> Mirza Estefan\u00eda Amaral S\u00e1nchez, Tercera Regidora;<\/span><\/p>\n<p><span style=\"font-weight: 400;\"> Juan Padilla S\u00e1nchez, Cuarto Regidor;<\/span><\/p>\n<p><span style=\"font-weight: 400;\"> Carolina Carrasco Bustillos, Quita Regidora; <\/span><\/p>\n<p><span style=\"font-weight: 400;\">Zahira Torres Escobar, Sexta Regidora y <\/span><\/p>\n<p><span style=\"font-weight: 400;\">Erik Enrique Garc\u00eda, Sexto Regidor, <\/span><\/p>\n<p><span style=\"font-weight: 400;\">as\u00ed como Presidentes de Comunidad y Delegados de colonias.<\/span><\/p>\n<p><span style=\"font-weight: 400;\">\u00a0<\/span><\/p>\n<p><span style=\"font-weight: 400;\">En la primera sesi\u00f3n extraordinaria <\/span><\/p>\n<p><span style=\"font-weight: 400;\">solemne se desahogaron temas relevantes <\/span><\/p>\n<p><span style=\"font-weight: 400;\">para la administraci\u00f3n municipal como la<\/span><\/p>\n<p><span style=\"font-weight: 400;\"> propuesta del presidente Corichi para<\/span><\/p>\n<p><span style=\"font-weight: 400;\"> implementar un programa de descuentos <\/span><\/p>\n<p><span style=\"font-weight: 400;\">en multas y recargos al impuesto predial, <\/span><\/p>\n<p><span style=\"font-weight: 400;\">que se aprob\u00f3 con 15 votos a favor, cinco en contra y cero abstenciones.<\/span><\/p>\n<p><span style=\"font-weight: 400;\">\u00a0<\/span><\/p>\n<p><span style=\"font-weight: 400;\">Tambi\u00e9n se ratificaron los nombramientos<\/span><\/p>\n<p><span style=\"font-weight: 400;\"> de la Juez Municipal, la abogada Minerva <\/span><\/p>\n<p><span style=\"font-weight: 400;\">Mitre S\u00e1nchez; de Katy Ver\u00f3nica Valenzuela<\/span><\/p>\n<p><span style=\"font-weight: 400;\"> D\u00edaz como Secretario del Ayuntamiento de <\/span><\/p>\n<p><span style=\"font-weight: 400;\">la Ciudad de Tlaxcala y de Carolina Figueroa<\/span><\/p>\n<p><span style=\"font-weight: 400;\"> Torres como la Cronista de la ciudad.<\/span><\/p>\n<p><span style=\"font-weight: 400;\">\u00a0<\/span><\/p>\n<p><span style=\"font-weight: 400;\">En este apartado, Jorge Corichi remarc\u00f3<\/span><\/p>\n<p><span style=\"font-weight: 400;\"> que las mujeres cuentan\u00a0 con amplia<\/span><\/p>\n<p><span style=\"font-weight: 400;\"> trayectoria profesional por lo que<\/span><\/p>\n<p><span style=\"font-weight: 400;\"> cumplir\u00e1n con responsabilidad la <\/span><\/p>\n<p><span style=\"font-weight: 400;\">encomienda en las diversas funciones <\/span><\/p>\n<p><span style=\"font-weight: 400;\">que son necesarias para un adecuado<\/span><\/p>\n<p><span style=\"font-weight: 400;\"> funcionamiento del Cabildo y de la administraci\u00f3n Municipal.<\/span><\/p>\n<p><span style=\"font-weight: 400;\">\u00a0<\/span><\/p>\n<p><span style=\"font-weight: 400;\">Otros puntos discutidos y aprobados fueron <\/span><\/p>\n<p><span style=\"font-weight: 400;\">la calendarizaci\u00f3n de las pr\u00f3ximas <\/span><\/p>\n<p><span style=\"font-weight: 400;\">sesiones ordinarias del Cabildo de Tlaxcala, <\/span><\/p>\n<p><span style=\"font-weight: 400;\">a celebrarse durante los pr\u00f3ximos meses del<\/span><\/p>\n<p><span style=\"font-weight: 400;\"> per\u00edodo 2021 y la integraci\u00f3n de las <\/span><\/p>\n<p><span style=\"font-weight: 400;\">comisiones del Ayuntamiento, propuestas <\/span><\/p>\n<p><span style=\"font-weight: 400;\">del presidente y que resultaron <\/span><\/p>\n<p><span style=\"font-weight: 400;\">aprobadas en este orden:<\/span><\/p>\n<p><span style=\"font-weight: 400;\">Comisi\u00f3n de Hacienda: Octavio S\u00e1nchez <\/span><\/p>\n<p><span style=\"font-weight: 400;\">Arellano, secretario; vocal uno, Mirza Estefan\u00eda <\/span><\/p>\n<p><span style=\"font-weight: 400;\">Amaral H\u00e9rnandez; vocal dos, Zahira Oranda <\/span><\/p>\n<p><span style=\"font-weight: 400;\">Torres Escobar.<\/span><\/p>\n<p><span style=\"font-weight: 400;\">Comisi\u00f3n de Gobernaci\u00f3n, Seguridad P\u00fablica, <\/span><\/p>\n<p><span style=\"font-weight: 400;\">Vialidad y Transporte: Ra\u00fal P\u00e9rez Corona, <\/span><\/p>\n<p><span style=\"font-weight: 400;\">secretario; vocal uno, Raymundo V\u00e1zquez <\/span><\/p>\n<p><span style=\"font-weight: 400;\">Conchas; vocal dos, Carolina Carrasco.<\/span><\/p>\n<p><span style=\"font-weight: 400;\">Comisi\u00f3n de Desarrollo urbano, Obras p\u00fablicas y <\/span><\/p>\n<p><span style=\"font-weight: 400;\">Ecolog\u00eda: Carolina Carrasco, secretaria; Alfonso<\/span><\/p>\n<p><span style=\"font-weight: 400;\"> S\u00e1nchez Morales, vocal uno; vocal dos, Carlos \u00c1vila L\u00f3pez.<\/span><\/p>\n<p><span style=\"font-weight: 400;\">Comisi\u00f3n de Salud P\u00fablica y Desarrollo Social: <\/span><\/p>\n<p><span style=\"font-weight: 400;\">Juan Padilla S\u00e1nchez, secretario; vocal uno, <\/span><\/p>\n<p><span style=\"font-weight: 400;\">Ariadna Hern\u00e1ndez Armas; vocal dos, <\/span><\/p>\n<p><span style=\"font-weight: 400;\">Claudia L\u00f3pez Ojeda.<\/span><\/p>\n<p><span style=\"font-weight: 400;\">Comisi\u00f3n de Protecci\u00f3n y Control del <\/span><\/p>\n<p><span style=\"font-weight: 400;\">Patrimonio: Ariadna Hern\u00e1ndez Armas,<\/span><\/p>\n<p><span style=\"font-weight: 400;\"> secretaria; vocal uno, Feliciano Escobar Flores; <\/span><\/p>\n<p><span style=\"font-weight: 400;\">vocal dos, Rosalba salas Jaramillo.<\/span><\/p>\n<p><span style=\"font-weight: 400;\">Comisi\u00f3n de Educaci\u00f3n P\u00fablica: <\/span><\/p>\n<p><span style=\"font-weight: 400;\">Zahira Torres Escobar, secretaria; vocal uno, <\/span><\/p>\n<p><span style=\"font-weight: 400;\">Juan Padilla S\u00e1nchez; vocal dos, Marco Antonio Carrillo Gonz\u00e1lez.<\/span><\/p>\n<p><span style=\"font-weight: 400;\">Comisi\u00f3n de Desarrollo Agropecuario y <\/span><\/p>\n<p><span style=\"font-weight: 400;\">Fomento Econ\u00f3mico: Erik Enrique Garc\u00eda,<\/span><\/p>\n<p><span style=\"font-weight: 400;\"> secretario; vocal uno, Rodolfo Ju\u00e1rez<\/span><\/p>\n<p><span style=\"font-weight: 400;\"> Corona y vocal dos, Carlos \u00c1vila.<\/span><\/p>\n<p><span style=\"font-weight: 400;\">Comisi\u00f3n de Territorio Municipal: <\/span><\/p>\n<p><span style=\"font-weight: 400;\">Rodolfo Ju\u00e1rez, secretario; vocal uno, <\/span><\/p>\n<p><span style=\"font-weight: 400;\">Mar\u00eda Estela Lozano, vocal dos, <\/span><\/p>\n<p><span style=\"font-weight: 400;\">Rosalba Salas Jaramillo.<\/span><\/p>\n<p><span style=\"font-weight: 400;\">Comisi\u00f3n de Derechos Humanos e Igualdad: <\/span><\/p>\n<p><span style=\"font-weight: 400;\">Mirza Estefan\u00eda Amaral, secretaria; vocal uno, <\/span><\/p>\n<p><span style=\"font-weight: 400;\">Feliciano Escobar; vocal dos, Erik Enrique Garc\u00eda.<\/span><\/p>\n<p><span style=\"font-weight: 400;\">\u00a0<\/span><\/p>\n<p><span style=\"font-weight: 400;\">Del mismo modo, se integr\u00f3 el comit\u00e9 de <\/span><\/p>\n<p><span style=\"font-weight: 400;\">obras p\u00fablicas del Ayuntamiento de Tlaxcala en el siguiente orden:<\/span><\/p>\n<p><span style=\"font-weight: 400;\">El tesorero Efr\u00e9n Ordo\u00f1ez Mendoza fungir\u00e1 <\/span><\/p>\n<p><span style=\"font-weight: 400;\">como presidente; como Secretario T\u00e9cnico, <\/span><\/p>\n<p><span style=\"font-weight: 400;\">el director de obras Alonso Xochicalli; <\/span><\/p>\n<p><span style=\"font-weight: 400;\">como vocal uno, la s\u00edndico Rosalba salas Jaramillo;<\/span><\/p>\n<p><span style=\"font-weight: 400;\"> vocal dos, regidor Juan Padilla; vocal tres, Katy Valenzuela y como vocal cuatro, Olaf Hern\u00e1ndez.\u00a0\u00a0<\/span><\/p>\n","protected":false},"excerpt":{"rendered":"<p>El Presidente Municipal de Tlaxcala, Jorge Corichi, encabez\u00f3 la primera Sesi\u00f3n Extraordinaria de Cabildo de la Administraci\u00f3n Municipal 2021-2024. \u00a0 En la sesi\u00f3n realizada la tarde de ayer, el presidente Corichi reafirm\u00f3 su apertura al di\u00e1logo con todas y todos los integrantes del cuerpo edilicio, siempre en un marco de respeto y cordialidad sobre los temas y opiniones que se estar\u00e1n analizando y aprobando en encuentro. &nbsp; A la Sesi\u00f3n, desarrollada en la sala de Cabildo II, asistieron la S\u00edndico Municipal Rosalba Salas Jaramillo; Raymundo V\u00e1zquez Conchas, Primer Regidor; Ariadna Hern\u00e1ndez Armas, Segunda Regidora; Mirza Estefan\u00eda Amaral S\u00e1nchez, Tercera Regidora; Juan Padilla S\u00e1nchez, Cuarto Regidor; Carolina Carrasco Bustillos, Quita Regidora; Zahira Torres Escobar, Sexta Regidora y Erik Enrique Garc\u00eda, Sexto Regidor, as\u00ed como Presidentes de&hellip;<\/p>\n<p class=\"excerpt-more\"><a class=\"blog-excerpt button\" href=\"https:\/\/www.aliadospuebla.com\/?p=61863\">Leer m\u00e1s&#8230;<\/a><\/p>\n","protected":false},"author":3,"featured_media":61864,"comment_status":"open","ping_status":"open","sticky":false,"template":"","format":"standard","meta":{"_monsterinsights_skip_tracking":false,"footnotes":""},"categories":[8304],"tags":[171,56,16288,3002,319],"class_list":["post-61863","post","type-post","status-publish","format-standard","has-post-thumbnail","hentry","category-nacional","tag-ayuntamiento","tag-capital","tag-jorge-corichi","tag-regidores","tag-tlaxcala"],"yoast_head":"<!-- This site is optimized with the Yoast SEO plugin v28.4 - https:\/\/yoast.com\/product\/yoast-seo-wordpress\/ -->\n<title>Fruct\u00edfera Primera Sesi\u00f3n Extraordinaria del Cabildo de Tlaxcala. - AliadosPuebla<\/title>\n<meta name=\"robots\" content=\"index, follow, max-snippet:-1, max-image-preview:large, max-video-preview:-1\" \/>\n<link rel=\"canonical\" href=\"https:\/\/www.aliadospuebla.com\/?p=61863\" \/>\n<meta property=\"og:locale\" content=\"es_ES\" \/>\n<meta property=\"og:type\" content=\"article\" \/>\n<meta property=\"og:title\" content=\"Fruct\u00edfera Primera Sesi\u00f3n Extraordinaria del Cabildo de Tlaxcala. - AliadosPuebla\" \/>\n<meta property=\"og:description\" content=\"El Presidente Municipal de Tlaxcala, Jorge Corichi, encabez\u00f3 la primera Sesi\u00f3n Extraordinaria de Cabildo de la Administraci\u00f3n Municipal 2021-2024. \u00a0 En la sesi\u00f3n realizada la tarde de ayer, el presidente Corichi reafirm\u00f3 su apertura al di\u00e1logo con todas y todos los integrantes del cuerpo edilicio, siempre en un marco de respeto y cordialidad sobre los temas y opiniones que se estar\u00e1n analizando y aprobando en encuentro. &nbsp; A la Sesi\u00f3n, desarrollada en la sala de Cabildo II, asistieron la S\u00edndico Municipal Rosalba Salas Jaramillo; Raymundo V\u00e1zquez Conchas, Primer Regidor; Ariadna Hern\u00e1ndez Armas, Segunda Regidora; Mirza Estefan\u00eda Amaral S\u00e1nchez, Tercera Regidora; Juan Padilla S\u00e1nchez, Cuarto Regidor; Carolina Carrasco Bustillos, Quita Regidora; Zahira Torres Escobar, Sexta Regidora y Erik Enrique Garc\u00eda, Sexto Regidor, as\u00ed como Presidentes de&hellip;Leer m\u00e1s...\" \/>\n<meta property=\"og:url\" content=\"https:\/\/www.aliadospuebla.com\/?p=61863\" \/>\n<meta property=\"og:site_name\" content=\"AliadosPuebla\" \/>\n<meta property=\"article:published_time\" content=\"2021-09-11T20:47:02+00:00\" \/>\n<meta property=\"og:image\" content=\"https:\/\/www.aliadospuebla.com\/web2017\/wp-content\/uploads\/2021\/09\/TLAX-44.jpg\" \/>\n\t<meta property=\"og:image:width\" content=\"600\" \/>\n\t<meta property=\"og:image:height\" content=\"450\" \/>\n\t<meta property=\"og:image:type\" content=\"image\/jpeg\" \/>\n<meta name=\"author\" content=\"Aliados Videos\" \/>\n<meta name=\"twitter:card\" content=\"summary_large_image\" \/>\n<meta name=\"twitter:label1\" content=\"Escrito por\" \/>\n\t<meta name=\"twitter:data1\" content=\"Aliados Videos\" \/>\n\t<meta name=\"twitter:label2\" content=\"Tiempo de lectura\" \/>\n\t<meta name=\"twitter:data2\" content=\"3 minutos\" \/>\n<script type=\"application\/ld+json\" class=\"yoast-schema-graph\">{\"@context\":\"https:\\\/\\\/schema.org\",\"@graph\":[{\"@type\":\"Article\",\"@id\":\"https:\\\/\\\/www.aliadospuebla.com\\\/?p=61863#article\",\"isPartOf\":{\"@id\":\"https:\\\/\\\/www.aliadospuebla.com\\\/?p=61863\"},\"author\":{\"name\":\"Aliados Videos\",\"@id\":\"https:\\\/\\\/www.aliadospuebla.com\\\/#\\\/schema\\\/person\\\/0fd017f23cc5c3f7988d5d58850eec8e\"},\"headline\":\"Fruct\u00edfera Primera Sesi\u00f3n Extraordinaria del Cabildo de Tlaxcala.\",\"datePublished\":\"2021-09-11T20:47:02+00:00\",\"mainEntityOfPage\":{\"@id\":\"https:\\\/\\\/www.aliadospuebla.com\\\/?p=61863\"},\"wordCount\":614,\"commentCount\":0,\"image\":{\"@id\":\"https:\\\/\\\/www.aliadospuebla.com\\\/?p=61863#primaryimage\"},\"thumbnailUrl\":\"https:\\\/\\\/www.aliadospuebla.com\\\/web2017\\\/wp-content\\\/uploads\\\/2021\\\/09\\\/TLAX-44.jpg\",\"keywords\":[\"Ayuntamiento\",\"capital\",\"JORGE CORICHI\",\"REGIDORES\",\"TLAXCALA\"],\"articleSection\":[\"Nacional\"],\"inLanguage\":\"es\",\"potentialAction\":[{\"@type\":\"CommentAction\",\"name\":\"Comment\",\"target\":[\"https:\\\/\\\/www.aliadospuebla.com\\\/?p=61863#respond\"]}]},{\"@type\":\"WebPage\",\"@id\":\"https:\\\/\\\/www.aliadospuebla.com\\\/?p=61863\",\"url\":\"https:\\\/\\\/www.aliadospuebla.com\\\/?p=61863\",\"name\":\"Fruct\u00edfera Primera Sesi\u00f3n Extraordinaria del Cabildo de Tlaxcala. - AliadosPuebla\",\"isPartOf\":{\"@id\":\"https:\\\/\\\/www.aliadospuebla.com\\\/#website\"},\"primaryImageOfPage\":{\"@id\":\"https:\\\/\\\/www.aliadospuebla.com\\\/?p=61863#primaryimage\"},\"image\":{\"@id\":\"https:\\\/\\\/www.aliadospuebla.com\\\/?p=61863#primaryimage\"},\"thumbnailUrl\":\"https:\\\/\\\/www.aliadospuebla.com\\\/web2017\\\/wp-content\\\/uploads\\\/2021\\\/09\\\/TLAX-44.jpg\",\"datePublished\":\"2021-09-11T20:47:02+00:00\",\"author\":{\"@id\":\"https:\\\/\\\/www.aliadospuebla.com\\\/#\\\/schema\\\/person\\\/0fd017f23cc5c3f7988d5d58850eec8e\"},\"breadcrumb\":{\"@id\":\"https:\\\/\\\/www.aliadospuebla.com\\\/?p=61863#breadcrumb\"},\"inLanguage\":\"es\",\"potentialAction\":[{\"@type\":\"ReadAction\",\"target\":[\"https:\\\/\\\/www.aliadospuebla.com\\\/?p=61863\"]}]},{\"@type\":\"ImageObject\",\"inLanguage\":\"es\",\"@id\":\"https:\\\/\\\/www.aliadospuebla.com\\\/?p=61863#primaryimage\",\"url\":\"https:\\\/\\\/www.aliadospuebla.com\\\/web2017\\\/wp-content\\\/uploads\\\/2021\\\/09\\\/TLAX-44.jpg\",\"contentUrl\":\"https:\\\/\\\/www.aliadospuebla.com\\\/web2017\\\/wp-content\\\/uploads\\\/2021\\\/09\\\/TLAX-44.jpg\",\"width\":600,\"height\":450},{\"@type\":\"BreadcrumbList\",\"@id\":\"https:\\\/\\\/www.aliadospuebla.com\\\/?p=61863#breadcrumb\",\"itemListElement\":[{\"@type\":\"ListItem\",\"position\":1,\"name\":\"Portada\",\"item\":\"https:\\\/\\\/www.aliadospuebla.com\\\/\"},{\"@type\":\"ListItem\",\"position\":2,\"name\":\"Fruct\u00edfera Primera Sesi\u00f3n Extraordinaria del Cabildo de Tlaxcala.\"}]},{\"@type\":\"WebSite\",\"@id\":\"https:\\\/\\\/www.aliadospuebla.com\\\/#website\",\"url\":\"https:\\\/\\\/www.aliadospuebla.com\\\/\",\"name\":\"AliadosPuebla\",\"description\":\"La informaci\u00f3n en tus manos\",\"potentialAction\":[{\"@type\":\"SearchAction\",\"target\":{\"@type\":\"EntryPoint\",\"urlTemplate\":\"https:\\\/\\\/www.aliadospuebla.com\\\/?s={search_term_string}\"},\"query-input\":{\"@type\":\"PropertyValueSpecification\",\"valueRequired\":true,\"valueName\":\"search_term_string\"}}],\"inLanguage\":\"es\"},{\"@type\":\"Person\",\"@id\":\"https:\\\/\\\/www.aliadospuebla.com\\\/#\\\/schema\\\/person\\\/0fd017f23cc5c3f7988d5d58850eec8e\",\"name\":\"Aliados Videos\",\"image\":{\"@type\":\"ImageObject\",\"inLanguage\":\"es\",\"@id\":\"https:\\\/\\\/secure.gravatar.com\\\/avatar\\\/42b92de8b2d8339e1e824f3a73ab023a0bec0ee2e3920248085eb1f3160b4083?s=96&d=mm&r=g\",\"url\":\"https:\\\/\\\/secure.gravatar.com\\\/avatar\\\/42b92de8b2d8339e1e824f3a73ab023a0bec0ee2e3920248085eb1f3160b4083?s=96&d=mm&r=g\",\"contentUrl\":\"https:\\\/\\\/secure.gravatar.com\\\/avatar\\\/42b92de8b2d8339e1e824f3a73ab023a0bec0ee2e3920248085eb1f3160b4083?s=96&d=mm&r=g\",\"caption\":\"Aliados Videos\"},\"url\":\"https:\\\/\\\/www.aliadospuebla.com\\\/?author=3\"}]}<\/script>\n<!-- \/ Yoast SEO plugin. -->","yoast_head_json":{"title":"Fruct\u00edfera Primera Sesi\u00f3n Extraordinaria del Cabildo de Tlaxcala. - AliadosPuebla","robots":{"index":"index","follow":"follow","max-snippet":"max-snippet:-1","max-image-preview":"max-image-preview:large","max-video-preview":"max-video-preview:-1"},"canonical":"https:\/\/www.aliadospuebla.com\/?p=61863","og_locale":"es_ES","og_type":"article","og_title":"Fruct\u00edfera Primera Sesi\u00f3n Extraordinaria del Cabildo de Tlaxcala. - AliadosPuebla","og_description":"El Presidente Municipal de Tlaxcala, Jorge Corichi, encabez\u00f3 la primera Sesi\u00f3n Extraordinaria de Cabildo de la Administraci\u00f3n Municipal 2021-2024. \u00a0 En la sesi\u00f3n realizada la tarde de ayer, el presidente Corichi reafirm\u00f3 su apertura al di\u00e1logo con todas y todos los integrantes del cuerpo edilicio, siempre en un marco de respeto y cordialidad sobre los temas y opiniones que se estar\u00e1n analizando y aprobando en encuentro. &nbsp; A la Sesi\u00f3n, desarrollada en la sala de Cabildo II, asistieron la S\u00edndico Municipal Rosalba Salas Jaramillo; Raymundo V\u00e1zquez Conchas, Primer Regidor; Ariadna Hern\u00e1ndez Armas, Segunda Regidora; Mirza Estefan\u00eda Amaral S\u00e1nchez, Tercera Regidora; Juan Padilla S\u00e1nchez, Cuarto Regidor; Carolina Carrasco Bustillos, Quita Regidora; Zahira Torres Escobar, Sexta Regidora y Erik Enrique Garc\u00eda, Sexto Regidor, as\u00ed como Presidentes de&hellip;Leer m\u00e1s...","og_url":"https:\/\/www.aliadospuebla.com\/?p=61863","og_site_name":"AliadosPuebla","article_published_time":"2021-09-11T20:47:02+00:00","og_image":[{"width":600,"height":450,"url":"https:\/\/www.aliadospuebla.com\/web2017\/wp-content\/uploads\/2021\/09\/TLAX-44.jpg","type":"image\/jpeg"}],"author":"Aliados Videos","twitter_card":"summary_large_image","twitter_misc":{"Escrito por":"Aliados Videos","Tiempo de lectura":"3 minutos"},"schema":{"@context":"https:\/\/schema.org","@graph":[{"@type":"Article","@id":"https:\/\/www.aliadospuebla.com\/?p=61863#article","isPartOf":{"@id":"https:\/\/www.aliadospuebla.com\/?p=61863"},"author":{"name":"Aliados Videos","@id":"https:\/\/www.aliadospuebla.com\/#\/schema\/person\/0fd017f23cc5c3f7988d5d58850eec8e"},"headline":"Fruct\u00edfera Primera Sesi\u00f3n Extraordinaria del Cabildo de Tlaxcala.","datePublished":"2021-09-11T20:47:02+00:00","mainEntityOfPage":{"@id":"https:\/\/www.aliadospuebla.com\/?p=61863"},"wordCount":614,"commentCount":0,"image":{"@id":"https:\/\/www.aliadospuebla.com\/?p=61863#primaryimage"},"thumbnailUrl":"https:\/\/www.aliadospuebla.com\/web2017\/wp-content\/uploads\/2021\/09\/TLAX-44.jpg","keywords":["Ayuntamiento","capital","JORGE CORICHI","REGIDORES","TLAXCALA"],"articleSection":["Nacional"],"inLanguage":"es","potentialAction":[{"@type":"CommentAction","name":"Comment","target":["https:\/\/www.aliadospuebla.com\/?p=61863#respond"]}]},{"@type":"WebPage","@id":"https:\/\/www.aliadospuebla.com\/?p=61863","url":"https:\/\/www.aliadospuebla.com\/?p=61863","name":"Fruct\u00edfera Primera Sesi\u00f3n Extraordinaria del Cabildo de Tlaxcala. - AliadosPuebla","isPartOf":{"@id":"https:\/\/www.aliadospuebla.com\/#website"},"primaryImageOfPage":{"@id":"https:\/\/www.aliadospuebla.com\/?p=61863#primaryimage"},"image":{"@id":"https:\/\/www.aliadospuebla.com\/?p=61863#primaryimage"},"thumbnailUrl":"https:\/\/www.aliadospuebla.com\/web2017\/wp-content\/uploads\/2021\/09\/TLAX-44.jpg","datePublished":"2021-09-11T20:47:02+00:00","author":{"@id":"https:\/\/www.aliadospuebla.com\/#\/schema\/person\/0fd017f23cc5c3f7988d5d58850eec8e"},"breadcrumb":{"@id":"https:\/\/www.aliadospuebla.com\/?p=61863#breadcrumb"},"inLanguage":"es","potentialAction":[{"@type":"ReadAction","target":["https:\/\/www.aliadospuebla.com\/?p=61863"]}]},{"@type":"ImageObject","inLanguage":"es","@id":"https:\/\/www.aliadospuebla.com\/?p=61863#primaryimage","url":"https:\/\/www.aliadospuebla.com\/web2017\/wp-content\/uploads\/2021\/09\/TLAX-44.jpg","contentUrl":"https:\/\/www.aliadospuebla.com\/web2017\/wp-content\/uploads\/2021\/09\/TLAX-44.jpg","width":600,"height":450},{"@type":"BreadcrumbList","@id":"https:\/\/www.aliadospuebla.com\/?p=61863#breadcrumb","itemListElement":[{"@type":"ListItem","position":1,"name":"Portada","item":"https:\/\/www.aliadospuebla.com\/"},{"@type":"ListItem","position":2,"name":"Fruct\u00edfera Primera Sesi\u00f3n Extraordinaria del Cabildo de Tlaxcala."}]},{"@type":"WebSite","@id":"https:\/\/www.aliadospuebla.com\/#website","url":"https:\/\/www.aliadospuebla.com\/","name":"AliadosPuebla","description":"La informaci\u00f3n en tus manos","potentialAction":[{"@type":"SearchAction","target":{"@type":"EntryPoint","urlTemplate":"https:\/\/www.aliadospuebla.com\/?s={search_term_string}"},"query-input":{"@type":"PropertyValueSpecification","valueRequired":true,"valueName":"search_term_string"}}],"inLanguage":"es"},{"@type":"Person","@id":"https:\/\/www.aliadospuebla.com\/#\/schema\/person\/0fd017f23cc5c3f7988d5d58850eec8e","name":"Aliados Videos","image":{"@type":"ImageObject","inLanguage":"es","@id":"https:\/\/secure.gravatar.com\/avatar\/42b92de8b2d8339e1e824f3a73ab023a0bec0ee2e3920248085eb1f3160b4083?s=96&d=mm&r=g","url":"https:\/\/secure.gravatar.com\/avatar\/42b92de8b2d8339e1e824f3a73ab023a0bec0ee2e3920248085eb1f3160b4083?s=96&d=mm&r=g","contentUrl":"https:\/\/secure.gravatar.com\/avatar\/42b92de8b2d8339e1e824f3a73ab023a0bec0ee2e3920248085eb1f3160b4083?s=96&d=mm&r=g","caption":"Aliados Videos"},"url":"https:\/\/www.aliadospuebla.com\/?author=3"}]}},"views":10,"_links":{"self":[{"href":"https:\/\/www.aliadospuebla.com\/index.php?rest_route=\/wp\/v2\/posts\/61863","targetHints":{"allow":["GET"]}}],"collection":[{"href":"https:\/\/www.aliadospuebla.com\/index.php?rest_route=\/wp\/v2\/posts"}],"about":[{"href":"https:\/\/www.aliadospuebla.com\/index.php?rest_route=\/wp\/v2\/types\/post"}],"author":[{"embeddable":true,"href":"https:\/\/www.aliadospuebla.com\/index.php?rest_route=\/wp\/v2\/users\/3"}],"replies":[{"embeddable":true,"href":"https:\/\/www.aliadospuebla.com\/index.php?rest_route=%2Fwp%2Fv2%2Fcomments&post=61863"}],"version-history":[{"count":1,"href":"https:\/\/www.aliadospuebla.com\/index.php?rest_route=\/wp\/v2\/posts\/61863\/revisions"}],"predecessor-version":[{"id":61865,"href":"https:\/\/www.aliadospuebla.com\/index.php?rest_route=\/wp\/v2\/posts\/61863\/revisions\/61865"}],"wp:featuredmedia":[{"embeddable":true,"href":"https:\/\/www.aliadospuebla.com\/index.php?rest_route=\/wp\/v2\/media\/61864"}],"wp:attachment":[{"href":"https:\/\/www.aliadospuebla.com\/index.php?rest_route=%2Fwp%2Fv2%2Fmedia&parent=61863"}],"wp:term":[{"taxonomy":"category","embeddable":true,"href":"https:\/\/www.aliadospuebla.com\/index.php?rest_route=%2Fwp%2Fv2%2Fcategories&post=61863"},{"taxonomy":"post_tag","embeddable":true,"href":"https:\/\/www.aliadospuebla.com\/index.php?rest_route=%2Fwp%2Fv2%2Ftags&post=61863"}],"curies":[{"name":"wp","href":"https:\/\/api.w.org\/{rel}","templated":true}]}}