{"id":61674,"date":"2021-09-08T19:35:00","date_gmt":"2021-09-09T00:35:00","guid":{"rendered":"https:\/\/www.aliados17.com\/?p=61674"},"modified":"2021-09-08T19:35:00","modified_gmt":"2021-09-09T00:35:00","slug":"encabeza-cabildo-de-coronango-ceremonia-por-el-aniversario-luctuoso-del-general-ignacio-zaragoza","status":"publish","type":"post","link":"https:\/\/www.aliadospuebla.com\/?p=61674","title":{"rendered":"Encabeza Cabildo de Coronango ceremonia por el Aniversario luctuoso del General Ignacio Zaragoza"},"content":{"rendered":"<p>Zaragoza, h\u00e9roe de Puebla no perecer\u00e1 si como ciudadanos<\/p>\n<p>y servidores p\u00fablicos colaboramos con nuestro deber c\u00edvico,<\/p>\n<p>indic\u00f3 la s\u00edndico municipal de Coronango,<\/p>\n<p>Mar\u00eda de los \u00c1ngeles Portillo Sandoval al fungir como oradora oficial<\/p>\n<p>en la ceremonia conmemorativa al CLIX Aniversario luctuoso<\/p>\n<p>del General Ignacio Zaragoza Segu\u00edn.<br \/>\nRecord\u00f3 el papel de Ignacio Zaragoza el 5 de mayo de 1862<\/p>\n<p>al defender gloriosamente la Patria, ante la invasi\u00f3n del Ej\u00e9rcito Franc\u00e9s.<br \/>\n\u201cSe trataba del Ej\u00e9rcito m\u00e1s poderoso del mundo.<\/p>\n<p>Pero se trataba tambi\u00e9n, de la m\u00e1s noble y patri\u00f3tica de las misiones:<\/p>\n<p>defender a Nuestra Patria.<\/p>\n<p>Y el resultado fue una victoria que le dio a nuestro pa\u00eds<\/p>\n<p>un reconocimiento mundial, por tratarse de un pueblo noble,<\/p>\n<p>valiente y patri\u00f3tico, que encabezado por la grandeza militar<\/p>\n<p>y el liderazgo del General Ignacio Zaragoza, logr\u00f3 una victoria hist\u00f3rica\u201d.<br \/>\nPosteriormente el Presidente municipal Antonio Teutli Cuautle<\/p>\n<p>junto con la presidenta honor\u00edfica del DIF, Fidelia Cuautle Navarro,<\/p>\n<p>la s\u00edndico municipal, Mar\u00eda de los \u00c1ngeles Portillo,<\/p>\n<p>la secretaria general, Iris Mabel Amastal Alonso<\/p>\n<p>y los regidores Hugo Chapuli Ojeda, Nazaria Garc\u00eda Galindo,<\/p>\n<p>Jos\u00e9 Manuel Cuate Romero y Miguel Guti\u00e9rrez Ramos<\/p>\n<p>montaron una guardia de honor por el CLIX Aniversario<\/p>\n<p>luctuoso del General Ignacio Zaragoza Segu\u00edn.<\/p>\n","protected":false},"excerpt":{"rendered":"<p>Zaragoza, h\u00e9roe de Puebla no perecer\u00e1 si como ciudadanos y servidores p\u00fablicos colaboramos con nuestro deber c\u00edvico, indic\u00f3 la s\u00edndico municipal de Coronango, Mar\u00eda de los \u00c1ngeles Portillo Sandoval al fungir como oradora oficial en la ceremonia conmemorativa al CLIX Aniversario luctuoso del General Ignacio Zaragoza Segu\u00edn. Record\u00f3 el papel de Ignacio Zaragoza el 5 de mayo de 1862 al defender gloriosamente la Patria, ante la invasi\u00f3n del Ej\u00e9rcito Franc\u00e9s. \u201cSe trataba del Ej\u00e9rcito m\u00e1s poderoso del mundo. Pero se trataba tambi\u00e9n, de la m\u00e1s noble y patri\u00f3tica de las misiones: defender a Nuestra Patria. Y el resultado fue una victoria que le dio a nuestro pa\u00eds un reconocimiento mundial, por tratarse de un pueblo noble, valiente y patri\u00f3tico, que encabezado por la grandeza militar&hellip;<\/p>\n<p class=\"excerpt-more\"><a class=\"blog-excerpt button\" href=\"https:\/\/www.aliadospuebla.com\/?p=61674\">Leer m\u00e1s&#8230;<\/a><\/p>\n","protected":false},"author":2,"featured_media":61675,"comment_status":"open","ping_status":"open","sticky":false,"template":"","format":"standard","meta":{"_monsterinsights_skip_tracking":false,"footnotes":""},"categories":[4],"tags":[976,7229,253,16352,16351],"class_list":["post-61674","post","type-post","status-publish","format-standard","has-post-thumbnail","hentry","category-municipios","tag-aniversario-luctuoso","tag-antonio-teutli-cuautle","tag-coronango","tag-honor","tag-ignacio-zaragoza-seguin"],"yoast_head":"<!-- This site is optimized with the Yoast SEO plugin v28.3 - https:\/\/yoast.com\/product\/yoast-seo-wordpress\/ -->\n<title>Encabeza Cabildo de Coronango ceremonia por el Aniversario luctuoso del General Ignacio Zaragoza - AliadosPuebla<\/title>\n<meta name=\"robots\" content=\"index, follow, max-snippet:-1, max-image-preview:large, max-video-preview:-1\" \/>\n<link rel=\"canonical\" href=\"https:\/\/www.aliadospuebla.com\/?p=61674\" \/>\n<meta property=\"og:locale\" content=\"es_ES\" \/>\n<meta property=\"og:type\" content=\"article\" \/>\n<meta property=\"og:title\" content=\"Encabeza Cabildo de Coronango ceremonia por el Aniversario luctuoso del General Ignacio Zaragoza - AliadosPuebla\" \/>\n<meta property=\"og:description\" content=\"Zaragoza, h\u00e9roe de Puebla no perecer\u00e1 si como ciudadanos y servidores p\u00fablicos colaboramos con nuestro deber c\u00edvico, indic\u00f3 la s\u00edndico municipal de Coronango, Mar\u00eda de los \u00c1ngeles Portillo Sandoval al fungir como oradora oficial en la ceremonia conmemorativa al CLIX Aniversario luctuoso del General Ignacio Zaragoza Segu\u00edn. Record\u00f3 el papel de Ignacio Zaragoza el 5 de mayo de 1862 al defender gloriosamente la Patria, ante la invasi\u00f3n del Ej\u00e9rcito Franc\u00e9s. \u201cSe trataba del Ej\u00e9rcito m\u00e1s poderoso del mundo. Pero se trataba tambi\u00e9n, de la m\u00e1s noble y patri\u00f3tica de las misiones: defender a Nuestra Patria. Y el resultado fue una victoria que le dio a nuestro pa\u00eds un reconocimiento mundial, por tratarse de un pueblo noble, valiente y patri\u00f3tico, que encabezado por la grandeza militar&hellip;Leer m\u00e1s...\" \/>\n<meta property=\"og:url\" content=\"https:\/\/www.aliadospuebla.com\/?p=61674\" \/>\n<meta property=\"og:site_name\" content=\"AliadosPuebla\" \/>\n<meta property=\"article:author\" content=\"https:\/\/www.facebook.com\/Aliados17Pue\" \/>\n<meta property=\"article:published_time\" content=\"2021-09-09T00:35:00+00:00\" \/>\n<meta property=\"og:image\" content=\"https:\/\/www.aliadospuebla.com\/web2017\/wp-content\/uploads\/2021\/09\/027-Coronango.jpg\" \/>\n\t<meta property=\"og:image:width\" content=\"600\" \/>\n\t<meta property=\"og:image:height\" content=\"450\" \/>\n\t<meta property=\"og:image:type\" content=\"image\/jpeg\" \/>\n<meta name=\"author\" content=\"Aliados17\" \/>\n<meta name=\"twitter:card\" content=\"summary_large_image\" \/>\n<meta name=\"twitter:creator\" content=\"@AliadosPuebla\" \/>\n<meta name=\"twitter:label1\" content=\"Escrito por\" \/>\n\t<meta name=\"twitter:data1\" content=\"Aliados17\" \/>\n\t<meta name=\"twitter:label2\" content=\"Tiempo de lectura\" \/>\n\t<meta name=\"twitter:data2\" content=\"1 minuto\" \/>\n<script type=\"application\/ld+json\" class=\"yoast-schema-graph\">{\"@context\":\"https:\\\/\\\/schema.org\",\"@graph\":[{\"@type\":\"Article\",\"@id\":\"https:\\\/\\\/www.aliadospuebla.com\\\/?p=61674#article\",\"isPartOf\":{\"@id\":\"https:\\\/\\\/www.aliadospuebla.com\\\/?p=61674\"},\"author\":{\"name\":\"Aliados17\",\"@id\":\"https:\\\/\\\/www.aliadospuebla.com\\\/#\\\/schema\\\/person\\\/5da7dd09320bd4f392b710017ed5f8ad\"},\"headline\":\"Encabeza Cabildo de Coronango ceremonia por el Aniversario luctuoso del General Ignacio Zaragoza\",\"datePublished\":\"2021-09-09T00:35:00+00:00\",\"mainEntityOfPage\":{\"@id\":\"https:\\\/\\\/www.aliadospuebla.com\\\/?p=61674\"},\"wordCount\":234,\"commentCount\":0,\"image\":{\"@id\":\"https:\\\/\\\/www.aliadospuebla.com\\\/?p=61674#primaryimage\"},\"thumbnailUrl\":\"https:\\\/\\\/www.aliadospuebla.com\\\/web2017\\\/wp-content\\\/uploads\\\/2021\\\/09\\\/027-Coronango.jpg\",\"keywords\":[\"ANIVERSARIO LUCTUOSO\",\"ANTONIO tEUTLI cUAUTLE\",\"Coronango\",\"honor\",\"Ignacio Zaragoza Segu\u00edn\"],\"articleSection\":[\"Municipios\"],\"inLanguage\":\"es\",\"potentialAction\":[{\"@type\":\"CommentAction\",\"name\":\"Comment\",\"target\":[\"https:\\\/\\\/www.aliadospuebla.com\\\/?p=61674#respond\"]}]},{\"@type\":\"WebPage\",\"@id\":\"https:\\\/\\\/www.aliadospuebla.com\\\/?p=61674\",\"url\":\"https:\\\/\\\/www.aliadospuebla.com\\\/?p=61674\",\"name\":\"Encabeza Cabildo de Coronango ceremonia por el Aniversario luctuoso del General Ignacio Zaragoza - AliadosPuebla\",\"isPartOf\":{\"@id\":\"https:\\\/\\\/www.aliadospuebla.com\\\/#website\"},\"primaryImageOfPage\":{\"@id\":\"https:\\\/\\\/www.aliadospuebla.com\\\/?p=61674#primaryimage\"},\"image\":{\"@id\":\"https:\\\/\\\/www.aliadospuebla.com\\\/?p=61674#primaryimage\"},\"thumbnailUrl\":\"https:\\\/\\\/www.aliadospuebla.com\\\/web2017\\\/wp-content\\\/uploads\\\/2021\\\/09\\\/027-Coronango.jpg\",\"datePublished\":\"2021-09-09T00:35:00+00:00\",\"author\":{\"@id\":\"https:\\\/\\\/www.aliadospuebla.com\\\/#\\\/schema\\\/person\\\/5da7dd09320bd4f392b710017ed5f8ad\"},\"breadcrumb\":{\"@id\":\"https:\\\/\\\/www.aliadospuebla.com\\\/?p=61674#breadcrumb\"},\"inLanguage\":\"es\",\"potentialAction\":[{\"@type\":\"ReadAction\",\"target\":[\"https:\\\/\\\/www.aliadospuebla.com\\\/?p=61674\"]}]},{\"@type\":\"ImageObject\",\"inLanguage\":\"es\",\"@id\":\"https:\\\/\\\/www.aliadospuebla.com\\\/?p=61674#primaryimage\",\"url\":\"https:\\\/\\\/www.aliadospuebla.com\\\/web2017\\\/wp-content\\\/uploads\\\/2021\\\/09\\\/027-Coronango.jpg\",\"contentUrl\":\"https:\\\/\\\/www.aliadospuebla.com\\\/web2017\\\/wp-content\\\/uploads\\\/2021\\\/09\\\/027-Coronango.jpg\",\"width\":600,\"height\":450},{\"@type\":\"BreadcrumbList\",\"@id\":\"https:\\\/\\\/www.aliadospuebla.com\\\/?p=61674#breadcrumb\",\"itemListElement\":[{\"@type\":\"ListItem\",\"position\":1,\"name\":\"Portada\",\"item\":\"https:\\\/\\\/www.aliadospuebla.com\\\/\"},{\"@type\":\"ListItem\",\"position\":2,\"name\":\"Encabeza Cabildo de Coronango ceremonia por el Aniversario luctuoso del General Ignacio Zaragoza\"}]},{\"@type\":\"WebSite\",\"@id\":\"https:\\\/\\\/www.aliadospuebla.com\\\/#website\",\"url\":\"https:\\\/\\\/www.aliadospuebla.com\\\/\",\"name\":\"AliadosPuebla\",\"description\":\"La informaci\u00f3n en tus manos\",\"potentialAction\":[{\"@type\":\"SearchAction\",\"target\":{\"@type\":\"EntryPoint\",\"urlTemplate\":\"https:\\\/\\\/www.aliadospuebla.com\\\/?s={search_term_string}\"},\"query-input\":{\"@type\":\"PropertyValueSpecification\",\"valueRequired\":true,\"valueName\":\"search_term_string\"}}],\"inLanguage\":\"es\"},{\"@type\":\"Person\",\"@id\":\"https:\\\/\\\/www.aliadospuebla.com\\\/#\\\/schema\\\/person\\\/5da7dd09320bd4f392b710017ed5f8ad\",\"name\":\"Aliados17\",\"image\":{\"@type\":\"ImageObject\",\"inLanguage\":\"es\",\"@id\":\"https:\\\/\\\/www.aliadospuebla.com\\\/web2017\\\/wp-content\\\/uploads\\\/2025\\\/03\\\/cropped-para-perfil-8-anos-1-96x96.jpg\",\"url\":\"https:\\\/\\\/www.aliadospuebla.com\\\/web2017\\\/wp-content\\\/uploads\\\/2025\\\/03\\\/cropped-para-perfil-8-anos-1-96x96.jpg\",\"contentUrl\":\"https:\\\/\\\/www.aliadospuebla.com\\\/web2017\\\/wp-content\\\/uploads\\\/2025\\\/03\\\/cropped-para-perfil-8-anos-1-96x96.jpg\",\"caption\":\"Aliados17\"},\"sameAs\":[\"https:\\\/\\\/www.aliados17.com\",\"https:\\\/\\\/www.facebook.com\\\/Aliados17Pue\",\"https:\\\/\\\/x.com\\\/AliadosPuebla\"],\"url\":\"https:\\\/\\\/www.aliadospuebla.com\\\/?author=2\"}]}<\/script>\n<!-- \/ Yoast SEO plugin. -->","yoast_head_json":{"title":"Encabeza Cabildo de Coronango ceremonia por el Aniversario luctuoso del General Ignacio Zaragoza - AliadosPuebla","robots":{"index":"index","follow":"follow","max-snippet":"max-snippet:-1","max-image-preview":"max-image-preview:large","max-video-preview":"max-video-preview:-1"},"canonical":"https:\/\/www.aliadospuebla.com\/?p=61674","og_locale":"es_ES","og_type":"article","og_title":"Encabeza Cabildo de Coronango ceremonia por el Aniversario luctuoso del General Ignacio Zaragoza - AliadosPuebla","og_description":"Zaragoza, h\u00e9roe de Puebla no perecer\u00e1 si como ciudadanos y servidores p\u00fablicos colaboramos con nuestro deber c\u00edvico, indic\u00f3 la s\u00edndico municipal de Coronango, Mar\u00eda de los \u00c1ngeles Portillo Sandoval al fungir como oradora oficial en la ceremonia conmemorativa al CLIX Aniversario luctuoso del General Ignacio Zaragoza Segu\u00edn. Record\u00f3 el papel de Ignacio Zaragoza el 5 de mayo de 1862 al defender gloriosamente la Patria, ante la invasi\u00f3n del Ej\u00e9rcito Franc\u00e9s. \u201cSe trataba del Ej\u00e9rcito m\u00e1s poderoso del mundo. Pero se trataba tambi\u00e9n, de la m\u00e1s noble y patri\u00f3tica de las misiones: defender a Nuestra Patria. Y el resultado fue una victoria que le dio a nuestro pa\u00eds un reconocimiento mundial, por tratarse de un pueblo noble, valiente y patri\u00f3tico, que encabezado por la grandeza militar&hellip;Leer m\u00e1s...","og_url":"https:\/\/www.aliadospuebla.com\/?p=61674","og_site_name":"AliadosPuebla","article_author":"https:\/\/www.facebook.com\/Aliados17Pue","article_published_time":"2021-09-09T00:35:00+00:00","og_image":[{"width":600,"height":450,"url":"https:\/\/www.aliadospuebla.com\/web2017\/wp-content\/uploads\/2021\/09\/027-Coronango.jpg","type":"image\/jpeg"}],"author":"Aliados17","twitter_card":"summary_large_image","twitter_creator":"@AliadosPuebla","twitter_misc":{"Escrito por":"Aliados17","Tiempo de lectura":"1 minuto"},"schema":{"@context":"https:\/\/schema.org","@graph":[{"@type":"Article","@id":"https:\/\/www.aliadospuebla.com\/?p=61674#article","isPartOf":{"@id":"https:\/\/www.aliadospuebla.com\/?p=61674"},"author":{"name":"Aliados17","@id":"https:\/\/www.aliadospuebla.com\/#\/schema\/person\/5da7dd09320bd4f392b710017ed5f8ad"},"headline":"Encabeza Cabildo de Coronango ceremonia por el Aniversario luctuoso del General Ignacio Zaragoza","datePublished":"2021-09-09T00:35:00+00:00","mainEntityOfPage":{"@id":"https:\/\/www.aliadospuebla.com\/?p=61674"},"wordCount":234,"commentCount":0,"image":{"@id":"https:\/\/www.aliadospuebla.com\/?p=61674#primaryimage"},"thumbnailUrl":"https:\/\/www.aliadospuebla.com\/web2017\/wp-content\/uploads\/2021\/09\/027-Coronango.jpg","keywords":["ANIVERSARIO LUCTUOSO","ANTONIO tEUTLI cUAUTLE","Coronango","honor","Ignacio Zaragoza Segu\u00edn"],"articleSection":["Municipios"],"inLanguage":"es","potentialAction":[{"@type":"CommentAction","name":"Comment","target":["https:\/\/www.aliadospuebla.com\/?p=61674#respond"]}]},{"@type":"WebPage","@id":"https:\/\/www.aliadospuebla.com\/?p=61674","url":"https:\/\/www.aliadospuebla.com\/?p=61674","name":"Encabeza Cabildo de Coronango ceremonia por el Aniversario luctuoso del General Ignacio Zaragoza - AliadosPuebla","isPartOf":{"@id":"https:\/\/www.aliadospuebla.com\/#website"},"primaryImageOfPage":{"@id":"https:\/\/www.aliadospuebla.com\/?p=61674#primaryimage"},"image":{"@id":"https:\/\/www.aliadospuebla.com\/?p=61674#primaryimage"},"thumbnailUrl":"https:\/\/www.aliadospuebla.com\/web2017\/wp-content\/uploads\/2021\/09\/027-Coronango.jpg","datePublished":"2021-09-09T00:35:00+00:00","author":{"@id":"https:\/\/www.aliadospuebla.com\/#\/schema\/person\/5da7dd09320bd4f392b710017ed5f8ad"},"breadcrumb":{"@id":"https:\/\/www.aliadospuebla.com\/?p=61674#breadcrumb"},"inLanguage":"es","potentialAction":[{"@type":"ReadAction","target":["https:\/\/www.aliadospuebla.com\/?p=61674"]}]},{"@type":"ImageObject","inLanguage":"es","@id":"https:\/\/www.aliadospuebla.com\/?p=61674#primaryimage","url":"https:\/\/www.aliadospuebla.com\/web2017\/wp-content\/uploads\/2021\/09\/027-Coronango.jpg","contentUrl":"https:\/\/www.aliadospuebla.com\/web2017\/wp-content\/uploads\/2021\/09\/027-Coronango.jpg","width":600,"height":450},{"@type":"BreadcrumbList","@id":"https:\/\/www.aliadospuebla.com\/?p=61674#breadcrumb","itemListElement":[{"@type":"ListItem","position":1,"name":"Portada","item":"https:\/\/www.aliadospuebla.com\/"},{"@type":"ListItem","position":2,"name":"Encabeza Cabildo de Coronango ceremonia por el Aniversario luctuoso del General Ignacio Zaragoza"}]},{"@type":"WebSite","@id":"https:\/\/www.aliadospuebla.com\/#website","url":"https:\/\/www.aliadospuebla.com\/","name":"AliadosPuebla","description":"La informaci\u00f3n en tus manos","potentialAction":[{"@type":"SearchAction","target":{"@type":"EntryPoint","urlTemplate":"https:\/\/www.aliadospuebla.com\/?s={search_term_string}"},"query-input":{"@type":"PropertyValueSpecification","valueRequired":true,"valueName":"search_term_string"}}],"inLanguage":"es"},{"@type":"Person","@id":"https:\/\/www.aliadospuebla.com\/#\/schema\/person\/5da7dd09320bd4f392b710017ed5f8ad","name":"Aliados17","image":{"@type":"ImageObject","inLanguage":"es","@id":"https:\/\/www.aliadospuebla.com\/web2017\/wp-content\/uploads\/2025\/03\/cropped-para-perfil-8-anos-1-96x96.jpg","url":"https:\/\/www.aliadospuebla.com\/web2017\/wp-content\/uploads\/2025\/03\/cropped-para-perfil-8-anos-1-96x96.jpg","contentUrl":"https:\/\/www.aliadospuebla.com\/web2017\/wp-content\/uploads\/2025\/03\/cropped-para-perfil-8-anos-1-96x96.jpg","caption":"Aliados17"},"sameAs":["https:\/\/www.aliados17.com","https:\/\/www.facebook.com\/Aliados17Pue","https:\/\/x.com\/AliadosPuebla"],"url":"https:\/\/www.aliadospuebla.com\/?author=2"}]}},"views":11,"_links":{"self":[{"href":"https:\/\/www.aliadospuebla.com\/index.php?rest_route=\/wp\/v2\/posts\/61674","targetHints":{"allow":["GET"]}}],"collection":[{"href":"https:\/\/www.aliadospuebla.com\/index.php?rest_route=\/wp\/v2\/posts"}],"about":[{"href":"https:\/\/www.aliadospuebla.com\/index.php?rest_route=\/wp\/v2\/types\/post"}],"author":[{"embeddable":true,"href":"https:\/\/www.aliadospuebla.com\/index.php?rest_route=\/wp\/v2\/users\/2"}],"replies":[{"embeddable":true,"href":"https:\/\/www.aliadospuebla.com\/index.php?rest_route=%2Fwp%2Fv2%2Fcomments&post=61674"}],"version-history":[{"count":1,"href":"https:\/\/www.aliadospuebla.com\/index.php?rest_route=\/wp\/v2\/posts\/61674\/revisions"}],"predecessor-version":[{"id":61676,"href":"https:\/\/www.aliadospuebla.com\/index.php?rest_route=\/wp\/v2\/posts\/61674\/revisions\/61676"}],"wp:featuredmedia":[{"embeddable":true,"href":"https:\/\/www.aliadospuebla.com\/index.php?rest_route=\/wp\/v2\/media\/61675"}],"wp:attachment":[{"href":"https:\/\/www.aliadospuebla.com\/index.php?rest_route=%2Fwp%2Fv2%2Fmedia&parent=61674"}],"wp:term":[{"taxonomy":"category","embeddable":true,"href":"https:\/\/www.aliadospuebla.com\/index.php?rest_route=%2Fwp%2Fv2%2Fcategories&post=61674"},{"taxonomy":"post_tag","embeddable":true,"href":"https:\/\/www.aliadospuebla.com\/index.php?rest_route=%2Fwp%2Fv2%2Ftags&post=61674"}],"curies":[{"name":"wp","href":"https:\/\/api.w.org\/{rel}","templated":true}]}}