{"id":61275,"date":"2021-08-31T09:08:40","date_gmt":"2021-08-31T14:08:40","guid":{"rendered":"https:\/\/www.aliados17.com\/?p=61275"},"modified":"2021-09-01T09:21:02","modified_gmt":"2021-09-01T14:21:02","slug":"puebla-se-ilumina-con-mil-700-adornos-para-el-conmemorar-las-fiestas-patrias","status":"publish","type":"post","link":"https:\/\/www.aliadospuebla.com\/?p=61275","title":{"rendered":"Puebla se ilumina con mil 700 adornos para el conmemorar las fiestas patrias"},"content":{"rendered":"<ul style=\"font-weight: 400;\">\n<li><strong>Se aplica tecnolog\u00eda de bajo consumo energ\u00e9tico en las m\u00e1s de 441 mil luces que adornan la capital\u00a0\u00a0<\/strong><\/li>\n<\/ul>\n<p style=\"font-weight: 400;\">\n<p style=\"font-weight: 400;\">Con el botonazo de encendido de mil 700 ornatos tricolor,<\/p>\n<p style=\"font-weight: 400;\">el Ayuntamiento de Puebla ilumin\u00f3 la ciudad<\/p>\n<p style=\"font-weight: 400;\">para dar inicio a las celebraciones de fiestas patrias de este 2021.<\/p>\n<p style=\"font-weight: 400;\">\n<p style=\"font-weight: 400;\">En su mensaje, la Presidenta Municipal, Claudia Rivera Vivanco,<\/p>\n<p style=\"font-weight: 400;\">aprovech\u00f3 para recordar el lugar en la historia de Leona Vicario<\/p>\n<p style=\"font-weight: 400;\">y de Josefa Ortiz como figuras notables en la lucha<\/p>\n<p style=\"font-weight: 400;\">por la consumaci\u00f3n de la Independencia.<\/p>\n<p style=\"font-weight: 400;\">\n<p style=\"font-weight: 400;\">A 200 a\u00f1os de este acontecimiento,<\/p>\n<p style=\"font-weight: 400;\">la edil poblana recalc\u00f3 la importancia de revindicar<\/p>\n<p style=\"font-weight: 400;\">en la memoria nacional a las mujeres, madres de la patria.<\/p>\n<p style=\"font-weight: 400;\">\n<p style=\"font-weight: 400;\">\u00abEl reconocer nuestro pasado nos permite saber<\/p>\n<p style=\"font-weight: 400;\">que hoy necesitamos nombrarnos a todas.<\/p>\n<p style=\"font-weight: 400;\">Lo que no se nombra no existe, por lo tanto,<\/p>\n<p style=\"font-weight: 400;\">cualquier lucha, cualquier transformaci\u00f3n<\/p>\n<p style=\"font-weight: 400;\">de nuestro presente y de nuestro futuro<\/p>\n<p style=\"font-weight: 400;\">tiene que ser con todas sus mujeres\u00bb,<\/p>\n<p style=\"font-weight: 400;\">expres\u00f3 Rivera Vivanco.<\/p>\n<p style=\"font-weight: 400;\">\n<p style=\"font-weight: 400;\">Con ese esp\u00edritu, los adornos de iconograf\u00eda independentista<\/p>\n<p style=\"font-weight: 400;\">vestir\u00e1n las principales avenidas e hitos hist\u00f3ricos<\/p>\n<p style=\"font-weight: 400;\">del Municipio a lo largo de seis kil\u00f3metros.<\/p>\n<p style=\"font-weight: 400;\">\n<p style=\"font-weight: 400;\">En total, m\u00e1s de 441 mil luces alusivas<\/p>\n<p style=\"font-weight: 400;\">a la conmemoraci\u00f3n de la Independencia<\/p>\n<p style=\"font-weight: 400;\">y de bajo consumo energ\u00e9tico iluminar\u00e1n<\/p>\n<p style=\"font-weight: 400;\">la capital durante todo el mes de septiembre.<\/p>\n<p style=\"font-weight: 400;\">\n<p style=\"font-weight: 400;\">Se podr\u00e1n observar figuras como las de Josefa Ortiz,<\/p>\n<p style=\"font-weight: 400;\">Miguel Hidalgo, \u00e1guilas, banderas, cintas tricolor,<\/p>\n<p style=\"font-weight: 400;\">letras M\u00c9XICO, escudos nacionales, campanas,<\/p>\n<p style=\"font-weight: 400;\">entre otras.<\/p>\n<p style=\"font-weight: 400;\">Estas estar\u00e1n ubicadas en las siguientes vialidades y zonas:<\/p>\n<p style=\"font-weight: 400;\">\n<ul style=\"font-weight: 400;\">\n<li>Avenida Reforma<\/li>\n<li>Z\u00f3calo de la capital<\/li>\n<li>Avenida Juan de Palafox y Mendoza<\/li>\n<li>Jard\u00edn Vicente Lombardo Toledano<\/li>\n<li>16 de Septiembre y calle 5 de Mayo<\/li>\n<li>Barrio del Artista<\/li>\n<li>El Pari\u00e1n<\/li>\n<li>Bulevar H\u00e9roes del 5 de Mayo<\/li>\n<li>2 Norte<\/li>\n<li>Puente de Ovando<\/li>\n<li>Arco de Loreto<\/li>\n<\/ul>\n<p style=\"font-weight: 400;\">\n<p style=\"font-weight: 400;\">Integrantes del Gabinete Municipal,<\/p>\n<p style=\"font-weight: 400;\">as\u00ed como representantes del Cuerpo Edilicio<\/p>\n<p style=\"font-weight: 400;\">del Ayuntamiento de Puebla,<\/p>\n<p style=\"font-weight: 400;\">acompa\u00f1aron el acto de encendido de luces alusivas a las fiestas patrias.<\/p>\n","protected":false},"excerpt":{"rendered":"<p>Se aplica tecnolog\u00eda de bajo consumo energ\u00e9tico en las m\u00e1s de 441 mil luces que adornan la capital\u00a0\u00a0 Con el botonazo de encendido de mil 700 ornatos tricolor, el Ayuntamiento de Puebla ilumin\u00f3 la ciudad para dar inicio a las celebraciones de fiestas patrias de este 2021. En su mensaje, la Presidenta Municipal, Claudia Rivera Vivanco, aprovech\u00f3 para recordar el lugar en la historia de Leona Vicario y de Josefa Ortiz como figuras notables en la lucha por la consumaci\u00f3n de la Independencia. A 200 a\u00f1os de este acontecimiento, la edil poblana recalc\u00f3 la importancia de revindicar en la memoria nacional a las mujeres, madres de la patria. \u00abEl reconocer nuestro pasado nos permite saber que hoy necesitamos nombrarnos a todas. Lo que no se&hellip;<\/p>\n<p class=\"excerpt-more\"><a class=\"blog-excerpt button\" href=\"https:\/\/www.aliadospuebla.com\/?p=61275\">Leer m\u00e1s&#8230;<\/a><\/p>\n","protected":false},"author":2,"featured_media":61276,"comment_status":"open","ping_status":"open","sticky":false,"template":"","format":"standard","meta":{"_monsterinsights_skip_tracking":false,"footnotes":""},"categories":[62],"tags":[13410,5362,1062,72,1381],"class_list":["post-61275","post","type-post","status-publish","format-standard","has-post-thumbnail","hentry","category-capital","tag-adornos","tag-claudia-rivera-vivanco","tag-fiestas-patrias","tag-puebla","tag-septiembre"],"yoast_head":"<!-- This site is optimized with the Yoast SEO plugin v28.3 - https:\/\/yoast.com\/product\/yoast-seo-wordpress\/ -->\n<title>Puebla se ilumina con mil 700 adornos para el conmemorar las fiestas patrias - AliadosPuebla<\/title>\n<meta name=\"robots\" content=\"index, follow, max-snippet:-1, max-image-preview:large, max-video-preview:-1\" \/>\n<link rel=\"canonical\" href=\"https:\/\/www.aliadospuebla.com\/?p=61275\" \/>\n<meta property=\"og:locale\" content=\"es_ES\" \/>\n<meta property=\"og:type\" content=\"article\" \/>\n<meta property=\"og:title\" content=\"Puebla se ilumina con mil 700 adornos para el conmemorar las fiestas patrias - AliadosPuebla\" \/>\n<meta property=\"og:description\" content=\"Se aplica tecnolog\u00eda de bajo consumo energ\u00e9tico en las m\u00e1s de 441 mil luces que adornan la capital\u00a0\u00a0 Con el botonazo de encendido de mil 700 ornatos tricolor, el Ayuntamiento de Puebla ilumin\u00f3 la ciudad para dar inicio a las celebraciones de fiestas patrias de este 2021. En su mensaje, la Presidenta Municipal, Claudia Rivera Vivanco, aprovech\u00f3 para recordar el lugar en la historia de Leona Vicario y de Josefa Ortiz como figuras notables en la lucha por la consumaci\u00f3n de la Independencia. A 200 a\u00f1os de este acontecimiento, la edil poblana recalc\u00f3 la importancia de revindicar en la memoria nacional a las mujeres, madres de la patria. \u00abEl reconocer nuestro pasado nos permite saber que hoy necesitamos nombrarnos a todas. Lo que no se&hellip;Leer m\u00e1s...\" \/>\n<meta property=\"og:url\" content=\"https:\/\/www.aliadospuebla.com\/?p=61275\" \/>\n<meta property=\"og:site_name\" content=\"AliadosPuebla\" \/>\n<meta property=\"article:author\" content=\"https:\/\/www.facebook.com\/Aliados17Pue\" \/>\n<meta property=\"article:published_time\" content=\"2021-08-31T14:08:40+00:00\" \/>\n<meta property=\"article:modified_time\" content=\"2021-09-01T14:21:02+00:00\" \/>\n<meta property=\"og:image\" content=\"https:\/\/www.aliadospuebla.com\/web2017\/wp-content\/uploads\/2021\/09\/063-luces.jpg\" \/>\n\t<meta property=\"og:image:width\" content=\"600\" \/>\n\t<meta property=\"og:image:height\" content=\"450\" \/>\n\t<meta property=\"og:image:type\" content=\"image\/jpeg\" \/>\n<meta name=\"author\" content=\"Aliados17\" \/>\n<meta name=\"twitter:card\" content=\"summary_large_image\" \/>\n<meta name=\"twitter:creator\" content=\"@AliadosPuebla\" \/>\n<meta name=\"twitter:label1\" content=\"Escrito por\" \/>\n\t<meta name=\"twitter:data1\" content=\"Aliados17\" \/>\n\t<meta name=\"twitter:label2\" content=\"Tiempo de lectura\" \/>\n\t<meta name=\"twitter:data2\" content=\"2 minutos\" \/>\n<script type=\"application\/ld+json\" class=\"yoast-schema-graph\">{\"@context\":\"https:\\\/\\\/schema.org\",\"@graph\":[{\"@type\":\"Article\",\"@id\":\"https:\\\/\\\/www.aliadospuebla.com\\\/?p=61275#article\",\"isPartOf\":{\"@id\":\"https:\\\/\\\/www.aliadospuebla.com\\\/?p=61275\"},\"author\":{\"name\":\"Aliados17\",\"@id\":\"https:\\\/\\\/www.aliadospuebla.com\\\/#\\\/schema\\\/person\\\/5da7dd09320bd4f392b710017ed5f8ad\"},\"headline\":\"Puebla se ilumina con mil 700 adornos para el conmemorar las fiestas patrias\",\"datePublished\":\"2021-08-31T14:08:40+00:00\",\"dateModified\":\"2021-09-01T14:21:02+00:00\",\"mainEntityOfPage\":{\"@id\":\"https:\\\/\\\/www.aliadospuebla.com\\\/?p=61275\"},\"wordCount\":329,\"commentCount\":0,\"image\":{\"@id\":\"https:\\\/\\\/www.aliadospuebla.com\\\/?p=61275#primaryimage\"},\"thumbnailUrl\":\"https:\\\/\\\/www.aliadospuebla.com\\\/web2017\\\/wp-content\\\/uploads\\\/2021\\\/09\\\/063-luces.jpg\",\"keywords\":[\"adornos\",\"CLAUDIA RIVERA VIVANCO\",\"FIESTAS PATRIAS\",\"Puebla\",\"SEPTIEMBRE\"],\"articleSection\":[\"Capital\"],\"inLanguage\":\"es\",\"potentialAction\":[{\"@type\":\"CommentAction\",\"name\":\"Comment\",\"target\":[\"https:\\\/\\\/www.aliadospuebla.com\\\/?p=61275#respond\"]}]},{\"@type\":\"WebPage\",\"@id\":\"https:\\\/\\\/www.aliadospuebla.com\\\/?p=61275\",\"url\":\"https:\\\/\\\/www.aliadospuebla.com\\\/?p=61275\",\"name\":\"Puebla se ilumina con mil 700 adornos para el conmemorar las fiestas patrias - AliadosPuebla\",\"isPartOf\":{\"@id\":\"https:\\\/\\\/www.aliadospuebla.com\\\/#website\"},\"primaryImageOfPage\":{\"@id\":\"https:\\\/\\\/www.aliadospuebla.com\\\/?p=61275#primaryimage\"},\"image\":{\"@id\":\"https:\\\/\\\/www.aliadospuebla.com\\\/?p=61275#primaryimage\"},\"thumbnailUrl\":\"https:\\\/\\\/www.aliadospuebla.com\\\/web2017\\\/wp-content\\\/uploads\\\/2021\\\/09\\\/063-luces.jpg\",\"datePublished\":\"2021-08-31T14:08:40+00:00\",\"dateModified\":\"2021-09-01T14:21:02+00:00\",\"author\":{\"@id\":\"https:\\\/\\\/www.aliadospuebla.com\\\/#\\\/schema\\\/person\\\/5da7dd09320bd4f392b710017ed5f8ad\"},\"breadcrumb\":{\"@id\":\"https:\\\/\\\/www.aliadospuebla.com\\\/?p=61275#breadcrumb\"},\"inLanguage\":\"es\",\"potentialAction\":[{\"@type\":\"ReadAction\",\"target\":[\"https:\\\/\\\/www.aliadospuebla.com\\\/?p=61275\"]}]},{\"@type\":\"ImageObject\",\"inLanguage\":\"es\",\"@id\":\"https:\\\/\\\/www.aliadospuebla.com\\\/?p=61275#primaryimage\",\"url\":\"https:\\\/\\\/www.aliadospuebla.com\\\/web2017\\\/wp-content\\\/uploads\\\/2021\\\/09\\\/063-luces.jpg\",\"contentUrl\":\"https:\\\/\\\/www.aliadospuebla.com\\\/web2017\\\/wp-content\\\/uploads\\\/2021\\\/09\\\/063-luces.jpg\",\"width\":600,\"height\":450},{\"@type\":\"BreadcrumbList\",\"@id\":\"https:\\\/\\\/www.aliadospuebla.com\\\/?p=61275#breadcrumb\",\"itemListElement\":[{\"@type\":\"ListItem\",\"position\":1,\"name\":\"Portada\",\"item\":\"https:\\\/\\\/www.aliadospuebla.com\\\/\"},{\"@type\":\"ListItem\",\"position\":2,\"name\":\"Puebla se ilumina con mil 700 adornos para el conmemorar las fiestas patrias\"}]},{\"@type\":\"WebSite\",\"@id\":\"https:\\\/\\\/www.aliadospuebla.com\\\/#website\",\"url\":\"https:\\\/\\\/www.aliadospuebla.com\\\/\",\"name\":\"AliadosPuebla\",\"description\":\"La informaci\u00f3n en tus manos\",\"potentialAction\":[{\"@type\":\"SearchAction\",\"target\":{\"@type\":\"EntryPoint\",\"urlTemplate\":\"https:\\\/\\\/www.aliadospuebla.com\\\/?s={search_term_string}\"},\"query-input\":{\"@type\":\"PropertyValueSpecification\",\"valueRequired\":true,\"valueName\":\"search_term_string\"}}],\"inLanguage\":\"es\"},{\"@type\":\"Person\",\"@id\":\"https:\\\/\\\/www.aliadospuebla.com\\\/#\\\/schema\\\/person\\\/5da7dd09320bd4f392b710017ed5f8ad\",\"name\":\"Aliados17\",\"image\":{\"@type\":\"ImageObject\",\"inLanguage\":\"es\",\"@id\":\"https:\\\/\\\/www.aliadospuebla.com\\\/web2017\\\/wp-content\\\/uploads\\\/2025\\\/03\\\/cropped-para-perfil-8-anos-1-96x96.jpg\",\"url\":\"https:\\\/\\\/www.aliadospuebla.com\\\/web2017\\\/wp-content\\\/uploads\\\/2025\\\/03\\\/cropped-para-perfil-8-anos-1-96x96.jpg\",\"contentUrl\":\"https:\\\/\\\/www.aliadospuebla.com\\\/web2017\\\/wp-content\\\/uploads\\\/2025\\\/03\\\/cropped-para-perfil-8-anos-1-96x96.jpg\",\"caption\":\"Aliados17\"},\"sameAs\":[\"https:\\\/\\\/www.aliados17.com\",\"https:\\\/\\\/www.facebook.com\\\/Aliados17Pue\",\"https:\\\/\\\/x.com\\\/AliadosPuebla\"],\"url\":\"https:\\\/\\\/www.aliadospuebla.com\\\/?author=2\"}]}<\/script>\n<!-- \/ Yoast SEO plugin. -->","yoast_head_json":{"title":"Puebla se ilumina con mil 700 adornos para el conmemorar las fiestas patrias - AliadosPuebla","robots":{"index":"index","follow":"follow","max-snippet":"max-snippet:-1","max-image-preview":"max-image-preview:large","max-video-preview":"max-video-preview:-1"},"canonical":"https:\/\/www.aliadospuebla.com\/?p=61275","og_locale":"es_ES","og_type":"article","og_title":"Puebla se ilumina con mil 700 adornos para el conmemorar las fiestas patrias - AliadosPuebla","og_description":"Se aplica tecnolog\u00eda de bajo consumo energ\u00e9tico en las m\u00e1s de 441 mil luces que adornan la capital\u00a0\u00a0 Con el botonazo de encendido de mil 700 ornatos tricolor, el Ayuntamiento de Puebla ilumin\u00f3 la ciudad para dar inicio a las celebraciones de fiestas patrias de este 2021. En su mensaje, la Presidenta Municipal, Claudia Rivera Vivanco, aprovech\u00f3 para recordar el lugar en la historia de Leona Vicario y de Josefa Ortiz como figuras notables en la lucha por la consumaci\u00f3n de la Independencia. A 200 a\u00f1os de este acontecimiento, la edil poblana recalc\u00f3 la importancia de revindicar en la memoria nacional a las mujeres, madres de la patria. \u00abEl reconocer nuestro pasado nos permite saber que hoy necesitamos nombrarnos a todas. Lo que no se&hellip;Leer m\u00e1s...","og_url":"https:\/\/www.aliadospuebla.com\/?p=61275","og_site_name":"AliadosPuebla","article_author":"https:\/\/www.facebook.com\/Aliados17Pue","article_published_time":"2021-08-31T14:08:40+00:00","article_modified_time":"2021-09-01T14:21:02+00:00","og_image":[{"width":600,"height":450,"url":"https:\/\/www.aliadospuebla.com\/web2017\/wp-content\/uploads\/2021\/09\/063-luces.jpg","type":"image\/jpeg"}],"author":"Aliados17","twitter_card":"summary_large_image","twitter_creator":"@AliadosPuebla","twitter_misc":{"Escrito por":"Aliados17","Tiempo de lectura":"2 minutos"},"schema":{"@context":"https:\/\/schema.org","@graph":[{"@type":"Article","@id":"https:\/\/www.aliadospuebla.com\/?p=61275#article","isPartOf":{"@id":"https:\/\/www.aliadospuebla.com\/?p=61275"},"author":{"name":"Aliados17","@id":"https:\/\/www.aliadospuebla.com\/#\/schema\/person\/5da7dd09320bd4f392b710017ed5f8ad"},"headline":"Puebla se ilumina con mil 700 adornos para el conmemorar las fiestas patrias","datePublished":"2021-08-31T14:08:40+00:00","dateModified":"2021-09-01T14:21:02+00:00","mainEntityOfPage":{"@id":"https:\/\/www.aliadospuebla.com\/?p=61275"},"wordCount":329,"commentCount":0,"image":{"@id":"https:\/\/www.aliadospuebla.com\/?p=61275#primaryimage"},"thumbnailUrl":"https:\/\/www.aliadospuebla.com\/web2017\/wp-content\/uploads\/2021\/09\/063-luces.jpg","keywords":["adornos","CLAUDIA RIVERA VIVANCO","FIESTAS PATRIAS","Puebla","SEPTIEMBRE"],"articleSection":["Capital"],"inLanguage":"es","potentialAction":[{"@type":"CommentAction","name":"Comment","target":["https:\/\/www.aliadospuebla.com\/?p=61275#respond"]}]},{"@type":"WebPage","@id":"https:\/\/www.aliadospuebla.com\/?p=61275","url":"https:\/\/www.aliadospuebla.com\/?p=61275","name":"Puebla se ilumina con mil 700 adornos para el conmemorar las fiestas patrias - AliadosPuebla","isPartOf":{"@id":"https:\/\/www.aliadospuebla.com\/#website"},"primaryImageOfPage":{"@id":"https:\/\/www.aliadospuebla.com\/?p=61275#primaryimage"},"image":{"@id":"https:\/\/www.aliadospuebla.com\/?p=61275#primaryimage"},"thumbnailUrl":"https:\/\/www.aliadospuebla.com\/web2017\/wp-content\/uploads\/2021\/09\/063-luces.jpg","datePublished":"2021-08-31T14:08:40+00:00","dateModified":"2021-09-01T14:21:02+00:00","author":{"@id":"https:\/\/www.aliadospuebla.com\/#\/schema\/person\/5da7dd09320bd4f392b710017ed5f8ad"},"breadcrumb":{"@id":"https:\/\/www.aliadospuebla.com\/?p=61275#breadcrumb"},"inLanguage":"es","potentialAction":[{"@type":"ReadAction","target":["https:\/\/www.aliadospuebla.com\/?p=61275"]}]},{"@type":"ImageObject","inLanguage":"es","@id":"https:\/\/www.aliadospuebla.com\/?p=61275#primaryimage","url":"https:\/\/www.aliadospuebla.com\/web2017\/wp-content\/uploads\/2021\/09\/063-luces.jpg","contentUrl":"https:\/\/www.aliadospuebla.com\/web2017\/wp-content\/uploads\/2021\/09\/063-luces.jpg","width":600,"height":450},{"@type":"BreadcrumbList","@id":"https:\/\/www.aliadospuebla.com\/?p=61275#breadcrumb","itemListElement":[{"@type":"ListItem","position":1,"name":"Portada","item":"https:\/\/www.aliadospuebla.com\/"},{"@type":"ListItem","position":2,"name":"Puebla se ilumina con mil 700 adornos para el conmemorar las fiestas patrias"}]},{"@type":"WebSite","@id":"https:\/\/www.aliadospuebla.com\/#website","url":"https:\/\/www.aliadospuebla.com\/","name":"AliadosPuebla","description":"La informaci\u00f3n en tus manos","potentialAction":[{"@type":"SearchAction","target":{"@type":"EntryPoint","urlTemplate":"https:\/\/www.aliadospuebla.com\/?s={search_term_string}"},"query-input":{"@type":"PropertyValueSpecification","valueRequired":true,"valueName":"search_term_string"}}],"inLanguage":"es"},{"@type":"Person","@id":"https:\/\/www.aliadospuebla.com\/#\/schema\/person\/5da7dd09320bd4f392b710017ed5f8ad","name":"Aliados17","image":{"@type":"ImageObject","inLanguage":"es","@id":"https:\/\/www.aliadospuebla.com\/web2017\/wp-content\/uploads\/2025\/03\/cropped-para-perfil-8-anos-1-96x96.jpg","url":"https:\/\/www.aliadospuebla.com\/web2017\/wp-content\/uploads\/2025\/03\/cropped-para-perfil-8-anos-1-96x96.jpg","contentUrl":"https:\/\/www.aliadospuebla.com\/web2017\/wp-content\/uploads\/2025\/03\/cropped-para-perfil-8-anos-1-96x96.jpg","caption":"Aliados17"},"sameAs":["https:\/\/www.aliados17.com","https:\/\/www.facebook.com\/Aliados17Pue","https:\/\/x.com\/AliadosPuebla"],"url":"https:\/\/www.aliadospuebla.com\/?author=2"}]}},"views":6,"_links":{"self":[{"href":"https:\/\/www.aliadospuebla.com\/index.php?rest_route=\/wp\/v2\/posts\/61275","targetHints":{"allow":["GET"]}}],"collection":[{"href":"https:\/\/www.aliadospuebla.com\/index.php?rest_route=\/wp\/v2\/posts"}],"about":[{"href":"https:\/\/www.aliadospuebla.com\/index.php?rest_route=\/wp\/v2\/types\/post"}],"author":[{"embeddable":true,"href":"https:\/\/www.aliadospuebla.com\/index.php?rest_route=\/wp\/v2\/users\/2"}],"replies":[{"embeddable":true,"href":"https:\/\/www.aliadospuebla.com\/index.php?rest_route=%2Fwp%2Fv2%2Fcomments&post=61275"}],"version-history":[{"count":1,"href":"https:\/\/www.aliadospuebla.com\/index.php?rest_route=\/wp\/v2\/posts\/61275\/revisions"}],"predecessor-version":[{"id":61277,"href":"https:\/\/www.aliadospuebla.com\/index.php?rest_route=\/wp\/v2\/posts\/61275\/revisions\/61277"}],"wp:featuredmedia":[{"embeddable":true,"href":"https:\/\/www.aliadospuebla.com\/index.php?rest_route=\/wp\/v2\/media\/61276"}],"wp:attachment":[{"href":"https:\/\/www.aliadospuebla.com\/index.php?rest_route=%2Fwp%2Fv2%2Fmedia&parent=61275"}],"wp:term":[{"taxonomy":"category","embeddable":true,"href":"https:\/\/www.aliadospuebla.com\/index.php?rest_route=%2Fwp%2Fv2%2Fcategories&post=61275"},{"taxonomy":"post_tag","embeddable":true,"href":"https:\/\/www.aliadospuebla.com\/index.php?rest_route=%2Fwp%2Fv2%2Ftags&post=61275"}],"curies":[{"name":"wp","href":"https:\/\/api.w.org\/{rel}","templated":true}]}}