{"id":60877,"date":"2021-08-23T15:46:41","date_gmt":"2021-08-23T20:46:41","guid":{"rendered":"https:\/\/www.aliados17.com\/?p=60877"},"modified":"2021-08-23T15:47:21","modified_gmt":"2021-08-23T20:47:21","slug":"inicia-campana-consejos-prevenimss-para-motivar-a-vacunarse-contra-covid-19-y-no-bajar-la-guardia","status":"publish","type":"post","link":"https:\/\/www.aliadospuebla.com\/?p=60877","title":{"rendered":"Inicia campa\u00f1a Consejos PrevenIMSS para motivar a vacunarse contra COVID-19 y no bajar la guardia"},"content":{"rendered":"<p style=\"font-weight: 400;\">El Instituto Mexicano del Seguro Social (IMSS) puso en<\/p>\n<p style=\"font-weight: 400;\">marcha la Campa\u00f1a Consejos\u00a0\u00a0PrevenIMSS, para exhortar<\/p>\n<p style=\"font-weight: 400;\">a la poblaci\u00f3n a vacunarse contra COVID-19, e invitar a<\/p>\n<p style=\"font-weight: 400;\">quienes cuentan con esquemas completos\u00a0\u00a0o incompletos<\/p>\n<p style=\"font-weight: 400;\">a no bajar la guardia y mantener las medidas de higiene y<\/p>\n<p style=\"font-weight: 400;\">seguridad para evitar contagios.<\/p>\n<p style=\"font-weight: 400;\">El doctor Manuel Cervantes Ocampo, coordinador Unidades<\/p>\n<p style=\"font-weight: 400;\">de Primer Nivel, resalt\u00f3 la importancia de cuidarse aun despu\u00e9s<\/p>\n<p style=\"font-weight: 400;\">de recibir la inmunizaci\u00f3n y mantener medidas como uso correcto<\/p>\n<p style=\"font-weight: 400;\">del cubrebocas, lavado de manos con agua y jab\u00f3n o alcohol gel,<\/p>\n<p style=\"font-weight: 400;\">aislamiento social cuando sea posible y mantener la sana distancia.<\/p>\n<p style=\"font-weight: 400;\">Destac\u00f3 que la vacunaci\u00f3n cobra mayor importancia para proteger<\/p>\n<p style=\"font-weight: 400;\">a la poblaci\u00f3n m\u00e1s vulnerable, y report\u00f3 que M\u00e9xico cuenta con seis<\/p>\n<p style=\"font-weight: 400;\">biol\u00f3gicos para inmunizar a personas mayores de 18 a\u00f1os contra el virus SARS-CoV-2.<\/p>\n<p style=\"font-weight: 400;\">Explic\u00f3 que la vacuna ayuda a no enfermar de gravedad<\/p>\n<p style=\"font-weight: 400;\">en caso de contraer el virus, \u201csi enferma se defender\u00e1 mejor\u201d.<\/p>\n<p style=\"font-weight: 400;\">Pidi\u00f3 a quienes a\u00fan no se inmunizan acudir sin temor a los<\/p>\n<p style=\"font-weight: 400;\">centros de vacunaci\u00f3n dispuestos en todo el pa\u00eds, donde m\u00e9dicos,<\/p>\n<p style=\"font-weight: 400;\">enfermeras y personal de salud los orientar\u00e1n y resolver\u00e1n sus<\/p>\n<p style=\"font-weight: 400;\">dudas con respecto a la vacuna contra COVID-19.<\/p>\n<p style=\"font-weight: 400;\">El doctor Cervantes Ocampo afirm\u00f3 que no existe restricci\u00f3n<\/p>\n<p style=\"font-weight: 400;\">alguna para aplicarse la vacuna, sin embargo, las contraindicaciones<\/p>\n<p style=\"font-weight: 400;\">se dirigen \u00fanicamente a quienes muestren alergia al componente y<\/p>\n<p style=\"font-weight: 400;\">que quienes tengan un estado de inmunosupresi\u00f3n deban ser<\/p>\n<p style=\"font-weight: 400;\">previamente valorados por un especialista.<\/p>\n<p style=\"font-weight: 400;\">Para aquellos pacientes que enfermaron de COVID-19 y a\u00fan no<\/p>\n<p style=\"font-weight: 400;\">se vacunan, indic\u00f3 que un mes despu\u00e9s de ser dados de alta pueden<\/p>\n<p style=\"font-weight: 400;\">hacerlo de manera segura; as\u00ed, adem\u00e1s de estar protegidos,<\/p>\n<p style=\"font-weight: 400;\">tendr\u00e1n posibilidad de crear anticuerpos que puedan defenderlos<\/p>\n<p style=\"font-weight: 400;\">mejor en caso de un nuevo contagio.<\/p>\n<p style=\"font-weight: 400;\">Respecto a los efectos adversos posterior a la inmunizaci\u00f3n,<\/p>\n<p style=\"font-weight: 400;\">dijo que estos dependen de la susceptibilidad de cada persona<\/p>\n<p style=\"font-weight: 400;\">y de su condici\u00f3n general, y en caso de presentar alg\u00fan s\u00edntoma<\/p>\n<p style=\"font-weight: 400;\">o malestar recomend\u00f3 acudir a la Unidad Medicina Familiar (UMF) m\u00e1s cercana para recibir atenci\u00f3n m\u00e9dica.<\/p>\n<p style=\"font-weight: 400;\">El coordinador de Unidades de Primer Nivel puntualiz\u00f3 que en<\/p>\n<p style=\"font-weight: 400;\">las mil 526 UMF del Seguro Social existe al menos un consultorio<\/p>\n<p style=\"font-weight: 400;\">PrevenIMSS, donde adem\u00e1s de brindar servicios de promoci\u00f3n a<\/p>\n<p style=\"font-weight: 400;\">la salud se detectan enfermedades cr\u00f3nicas y se brinda cobertura<\/p>\n<p style=\"font-weight: 400;\">de vacunaci\u00f3n para m\u00faltiples padecimientos.<\/p>\n<p style=\"font-weight: 400;\">Con esta estrategia, se\u00f1al\u00f3 que el IMSS trabaja de manera conjunta<\/p>\n<p style=\"font-weight: 400;\">con otras instituciones del sector salud para que la poblaci\u00f3n adopte<\/p>\n<p style=\"font-weight: 400;\">estilos de vida saludables como: realizar actividad f\u00edsica, llevar una<\/p>\n<p style=\"font-weight: 400;\">alimentaci\u00f3n balanceada y bajar los riesgos de vulnerabilidad de<\/p>\n<p style=\"font-weight: 400;\">algunas enfermedades.<\/p>\n<p style=\"font-weight: 400;\">Subray\u00f3 que los esfuerzos del IMSS se enfocan m\u00e1s a prevenir<\/p>\n<p style=\"font-weight: 400;\">que a curar y actualmente hay m\u00e1s derechohabientes que se<\/p>\n<p style=\"font-weight: 400;\">comprometen con su salud y acuden a los servicios PrevenIMSS.<\/p>\n<p style=\"font-weight: 400;\">\n","protected":false},"excerpt":{"rendered":"<p>El Instituto Mexicano del Seguro Social (IMSS) puso en marcha la Campa\u00f1a Consejos\u00a0\u00a0PrevenIMSS, para exhortar a la poblaci\u00f3n a vacunarse contra COVID-19, e invitar a quienes cuentan con esquemas completos\u00a0\u00a0o incompletos a no bajar la guardia y mantener las medidas de higiene y seguridad para evitar contagios. El doctor Manuel Cervantes Ocampo, coordinador Unidades de Primer Nivel, resalt\u00f3 la importancia de cuidarse aun despu\u00e9s de recibir la inmunizaci\u00f3n y mantener medidas como uso correcto del cubrebocas, lavado de manos con agua y jab\u00f3n o alcohol gel, aislamiento social cuando sea posible y mantener la sana distancia. Destac\u00f3 que la vacunaci\u00f3n cobra mayor importancia para proteger a la poblaci\u00f3n m\u00e1s vulnerable, y report\u00f3 que M\u00e9xico cuenta con seis biol\u00f3gicos para inmunizar a personas mayores de 18&hellip;<\/p>\n<p class=\"excerpt-more\"><a class=\"blog-excerpt button\" href=\"https:\/\/www.aliadospuebla.com\/?p=60877\">Leer m\u00e1s&#8230;<\/a><\/p>\n","protected":false},"author":3,"featured_media":60879,"comment_status":"open","ping_status":"open","sticky":false,"template":"","format":"standard","meta":{"_monsterinsights_skip_tracking":false,"footnotes":""},"categories":[62],"tags":[56,11738,765,72,365],"class_list":["post-60877","post","type-post","status-publish","format-standard","has-post-thumbnail","hentry","category-capital","tag-capital","tag-covid-19","tag-imss","tag-puebla","tag-salud"],"yoast_head":"<!-- This site is optimized with the Yoast SEO plugin v28.4 - https:\/\/yoast.com\/product\/yoast-seo-wordpress\/ -->\n<title>Inicia campa\u00f1a Consejos PrevenIMSS para motivar a vacunarse contra COVID-19 y no bajar la guardia - AliadosPuebla<\/title>\n<meta name=\"robots\" content=\"index, follow, max-snippet:-1, max-image-preview:large, max-video-preview:-1\" \/>\n<link rel=\"canonical\" href=\"https:\/\/www.aliadospuebla.com\/?p=60877\" \/>\n<meta property=\"og:locale\" content=\"es_ES\" \/>\n<meta property=\"og:type\" content=\"article\" \/>\n<meta property=\"og:title\" content=\"Inicia campa\u00f1a Consejos PrevenIMSS para motivar a vacunarse contra COVID-19 y no bajar la guardia - AliadosPuebla\" \/>\n<meta property=\"og:description\" content=\"El Instituto Mexicano del Seguro Social (IMSS) puso en marcha la Campa\u00f1a Consejos\u00a0\u00a0PrevenIMSS, para exhortar a la poblaci\u00f3n a vacunarse contra COVID-19, e invitar a quienes cuentan con esquemas completos\u00a0\u00a0o incompletos a no bajar la guardia y mantener las medidas de higiene y seguridad para evitar contagios. El doctor Manuel Cervantes Ocampo, coordinador Unidades de Primer Nivel, resalt\u00f3 la importancia de cuidarse aun despu\u00e9s de recibir la inmunizaci\u00f3n y mantener medidas como uso correcto del cubrebocas, lavado de manos con agua y jab\u00f3n o alcohol gel, aislamiento social cuando sea posible y mantener la sana distancia. Destac\u00f3 que la vacunaci\u00f3n cobra mayor importancia para proteger a la poblaci\u00f3n m\u00e1s vulnerable, y report\u00f3 que M\u00e9xico cuenta con seis biol\u00f3gicos para inmunizar a personas mayores de 18&hellip;Leer m\u00e1s...\" \/>\n<meta property=\"og:url\" content=\"https:\/\/www.aliadospuebla.com\/?p=60877\" \/>\n<meta property=\"og:site_name\" content=\"AliadosPuebla\" \/>\n<meta property=\"article:published_time\" content=\"2021-08-23T20:46:41+00:00\" \/>\n<meta property=\"article:modified_time\" content=\"2021-08-23T20:47:21+00:00\" \/>\n<meta property=\"og:image\" content=\"https:\/\/www.aliadospuebla.com\/web2017\/wp-content\/uploads\/2021\/08\/IMSS-13.jpg\" \/>\n\t<meta property=\"og:image:width\" content=\"600\" \/>\n\t<meta property=\"og:image:height\" content=\"450\" \/>\n\t<meta property=\"og:image:type\" content=\"image\/jpeg\" \/>\n<meta name=\"author\" content=\"Aliados Videos\" \/>\n<meta name=\"twitter:card\" content=\"summary_large_image\" \/>\n<meta name=\"twitter:label1\" content=\"Escrito por\" \/>\n\t<meta name=\"twitter:data1\" content=\"Aliados Videos\" \/>\n\t<meta name=\"twitter:label2\" content=\"Tiempo de lectura\" \/>\n\t<meta name=\"twitter:data2\" content=\"2 minutos\" \/>\n<script type=\"application\/ld+json\" class=\"yoast-schema-graph\">{\"@context\":\"https:\\\/\\\/schema.org\",\"@graph\":[{\"@type\":\"Article\",\"@id\":\"https:\\\/\\\/www.aliadospuebla.com\\\/?p=60877#article\",\"isPartOf\":{\"@id\":\"https:\\\/\\\/www.aliadospuebla.com\\\/?p=60877\"},\"author\":{\"name\":\"Aliados Videos\",\"@id\":\"https:\\\/\\\/www.aliadospuebla.com\\\/#\\\/schema\\\/person\\\/0fd017f23cc5c3f7988d5d58850eec8e\"},\"headline\":\"Inicia campa\u00f1a Consejos PrevenIMSS para motivar a vacunarse contra COVID-19 y no bajar la guardia\",\"datePublished\":\"2021-08-23T20:46:41+00:00\",\"dateModified\":\"2021-08-23T20:47:21+00:00\",\"mainEntityOfPage\":{\"@id\":\"https:\\\/\\\/www.aliadospuebla.com\\\/?p=60877\"},\"wordCount\":504,\"commentCount\":0,\"image\":{\"@id\":\"https:\\\/\\\/www.aliadospuebla.com\\\/?p=60877#primaryimage\"},\"thumbnailUrl\":\"https:\\\/\\\/www.aliadospuebla.com\\\/web2017\\\/wp-content\\\/uploads\\\/2021\\\/08\\\/IMSS-13.jpg\",\"keywords\":[\"capital\",\"COVID-19\",\"IMSS\",\"Puebla\",\"SALUD\"],\"articleSection\":[\"Capital\"],\"inLanguage\":\"es\",\"potentialAction\":[{\"@type\":\"CommentAction\",\"name\":\"Comment\",\"target\":[\"https:\\\/\\\/www.aliadospuebla.com\\\/?p=60877#respond\"]}]},{\"@type\":\"WebPage\",\"@id\":\"https:\\\/\\\/www.aliadospuebla.com\\\/?p=60877\",\"url\":\"https:\\\/\\\/www.aliadospuebla.com\\\/?p=60877\",\"name\":\"Inicia campa\u00f1a Consejos PrevenIMSS para motivar a vacunarse contra COVID-19 y no bajar la guardia - AliadosPuebla\",\"isPartOf\":{\"@id\":\"https:\\\/\\\/www.aliadospuebla.com\\\/#website\"},\"primaryImageOfPage\":{\"@id\":\"https:\\\/\\\/www.aliadospuebla.com\\\/?p=60877#primaryimage\"},\"image\":{\"@id\":\"https:\\\/\\\/www.aliadospuebla.com\\\/?p=60877#primaryimage\"},\"thumbnailUrl\":\"https:\\\/\\\/www.aliadospuebla.com\\\/web2017\\\/wp-content\\\/uploads\\\/2021\\\/08\\\/IMSS-13.jpg\",\"datePublished\":\"2021-08-23T20:46:41+00:00\",\"dateModified\":\"2021-08-23T20:47:21+00:00\",\"author\":{\"@id\":\"https:\\\/\\\/www.aliadospuebla.com\\\/#\\\/schema\\\/person\\\/0fd017f23cc5c3f7988d5d58850eec8e\"},\"breadcrumb\":{\"@id\":\"https:\\\/\\\/www.aliadospuebla.com\\\/?p=60877#breadcrumb\"},\"inLanguage\":\"es\",\"potentialAction\":[{\"@type\":\"ReadAction\",\"target\":[\"https:\\\/\\\/www.aliadospuebla.com\\\/?p=60877\"]}]},{\"@type\":\"ImageObject\",\"inLanguage\":\"es\",\"@id\":\"https:\\\/\\\/www.aliadospuebla.com\\\/?p=60877#primaryimage\",\"url\":\"https:\\\/\\\/www.aliadospuebla.com\\\/web2017\\\/wp-content\\\/uploads\\\/2021\\\/08\\\/IMSS-13.jpg\",\"contentUrl\":\"https:\\\/\\\/www.aliadospuebla.com\\\/web2017\\\/wp-content\\\/uploads\\\/2021\\\/08\\\/IMSS-13.jpg\",\"width\":600,\"height\":450},{\"@type\":\"BreadcrumbList\",\"@id\":\"https:\\\/\\\/www.aliadospuebla.com\\\/?p=60877#breadcrumb\",\"itemListElement\":[{\"@type\":\"ListItem\",\"position\":1,\"name\":\"Portada\",\"item\":\"https:\\\/\\\/www.aliadospuebla.com\\\/\"},{\"@type\":\"ListItem\",\"position\":2,\"name\":\"Inicia campa\u00f1a Consejos PrevenIMSS para motivar a vacunarse contra COVID-19 y no bajar la guardia\"}]},{\"@type\":\"WebSite\",\"@id\":\"https:\\\/\\\/www.aliadospuebla.com\\\/#website\",\"url\":\"https:\\\/\\\/www.aliadospuebla.com\\\/\",\"name\":\"AliadosPuebla\",\"description\":\"La informaci\u00f3n en tus manos\",\"potentialAction\":[{\"@type\":\"SearchAction\",\"target\":{\"@type\":\"EntryPoint\",\"urlTemplate\":\"https:\\\/\\\/www.aliadospuebla.com\\\/?s={search_term_string}\"},\"query-input\":{\"@type\":\"PropertyValueSpecification\",\"valueRequired\":true,\"valueName\":\"search_term_string\"}}],\"inLanguage\":\"es\"},{\"@type\":\"Person\",\"@id\":\"https:\\\/\\\/www.aliadospuebla.com\\\/#\\\/schema\\\/person\\\/0fd017f23cc5c3f7988d5d58850eec8e\",\"name\":\"Aliados Videos\",\"image\":{\"@type\":\"ImageObject\",\"inLanguage\":\"es\",\"@id\":\"https:\\\/\\\/secure.gravatar.com\\\/avatar\\\/42b92de8b2d8339e1e824f3a73ab023a0bec0ee2e3920248085eb1f3160b4083?s=96&d=mm&r=g\",\"url\":\"https:\\\/\\\/secure.gravatar.com\\\/avatar\\\/42b92de8b2d8339e1e824f3a73ab023a0bec0ee2e3920248085eb1f3160b4083?s=96&d=mm&r=g\",\"contentUrl\":\"https:\\\/\\\/secure.gravatar.com\\\/avatar\\\/42b92de8b2d8339e1e824f3a73ab023a0bec0ee2e3920248085eb1f3160b4083?s=96&d=mm&r=g\",\"caption\":\"Aliados Videos\"},\"url\":\"https:\\\/\\\/www.aliadospuebla.com\\\/?author=3\"}]}<\/script>\n<!-- \/ Yoast SEO plugin. -->","yoast_head_json":{"title":"Inicia campa\u00f1a Consejos PrevenIMSS para motivar a vacunarse contra COVID-19 y no bajar la guardia - AliadosPuebla","robots":{"index":"index","follow":"follow","max-snippet":"max-snippet:-1","max-image-preview":"max-image-preview:large","max-video-preview":"max-video-preview:-1"},"canonical":"https:\/\/www.aliadospuebla.com\/?p=60877","og_locale":"es_ES","og_type":"article","og_title":"Inicia campa\u00f1a Consejos PrevenIMSS para motivar a vacunarse contra COVID-19 y no bajar la guardia - AliadosPuebla","og_description":"El Instituto Mexicano del Seguro Social (IMSS) puso en marcha la Campa\u00f1a Consejos\u00a0\u00a0PrevenIMSS, para exhortar a la poblaci\u00f3n a vacunarse contra COVID-19, e invitar a quienes cuentan con esquemas completos\u00a0\u00a0o incompletos a no bajar la guardia y mantener las medidas de higiene y seguridad para evitar contagios. El doctor Manuel Cervantes Ocampo, coordinador Unidades de Primer Nivel, resalt\u00f3 la importancia de cuidarse aun despu\u00e9s de recibir la inmunizaci\u00f3n y mantener medidas como uso correcto del cubrebocas, lavado de manos con agua y jab\u00f3n o alcohol gel, aislamiento social cuando sea posible y mantener la sana distancia. Destac\u00f3 que la vacunaci\u00f3n cobra mayor importancia para proteger a la poblaci\u00f3n m\u00e1s vulnerable, y report\u00f3 que M\u00e9xico cuenta con seis biol\u00f3gicos para inmunizar a personas mayores de 18&hellip;Leer m\u00e1s...","og_url":"https:\/\/www.aliadospuebla.com\/?p=60877","og_site_name":"AliadosPuebla","article_published_time":"2021-08-23T20:46:41+00:00","article_modified_time":"2021-08-23T20:47:21+00:00","og_image":[{"width":600,"height":450,"url":"https:\/\/www.aliadospuebla.com\/web2017\/wp-content\/uploads\/2021\/08\/IMSS-13.jpg","type":"image\/jpeg"}],"author":"Aliados Videos","twitter_card":"summary_large_image","twitter_misc":{"Escrito por":"Aliados Videos","Tiempo de lectura":"2 minutos"},"schema":{"@context":"https:\/\/schema.org","@graph":[{"@type":"Article","@id":"https:\/\/www.aliadospuebla.com\/?p=60877#article","isPartOf":{"@id":"https:\/\/www.aliadospuebla.com\/?p=60877"},"author":{"name":"Aliados Videos","@id":"https:\/\/www.aliadospuebla.com\/#\/schema\/person\/0fd017f23cc5c3f7988d5d58850eec8e"},"headline":"Inicia campa\u00f1a Consejos PrevenIMSS para motivar a vacunarse contra COVID-19 y no bajar la guardia","datePublished":"2021-08-23T20:46:41+00:00","dateModified":"2021-08-23T20:47:21+00:00","mainEntityOfPage":{"@id":"https:\/\/www.aliadospuebla.com\/?p=60877"},"wordCount":504,"commentCount":0,"image":{"@id":"https:\/\/www.aliadospuebla.com\/?p=60877#primaryimage"},"thumbnailUrl":"https:\/\/www.aliadospuebla.com\/web2017\/wp-content\/uploads\/2021\/08\/IMSS-13.jpg","keywords":["capital","COVID-19","IMSS","Puebla","SALUD"],"articleSection":["Capital"],"inLanguage":"es","potentialAction":[{"@type":"CommentAction","name":"Comment","target":["https:\/\/www.aliadospuebla.com\/?p=60877#respond"]}]},{"@type":"WebPage","@id":"https:\/\/www.aliadospuebla.com\/?p=60877","url":"https:\/\/www.aliadospuebla.com\/?p=60877","name":"Inicia campa\u00f1a Consejos PrevenIMSS para motivar a vacunarse contra COVID-19 y no bajar la guardia - AliadosPuebla","isPartOf":{"@id":"https:\/\/www.aliadospuebla.com\/#website"},"primaryImageOfPage":{"@id":"https:\/\/www.aliadospuebla.com\/?p=60877#primaryimage"},"image":{"@id":"https:\/\/www.aliadospuebla.com\/?p=60877#primaryimage"},"thumbnailUrl":"https:\/\/www.aliadospuebla.com\/web2017\/wp-content\/uploads\/2021\/08\/IMSS-13.jpg","datePublished":"2021-08-23T20:46:41+00:00","dateModified":"2021-08-23T20:47:21+00:00","author":{"@id":"https:\/\/www.aliadospuebla.com\/#\/schema\/person\/0fd017f23cc5c3f7988d5d58850eec8e"},"breadcrumb":{"@id":"https:\/\/www.aliadospuebla.com\/?p=60877#breadcrumb"},"inLanguage":"es","potentialAction":[{"@type":"ReadAction","target":["https:\/\/www.aliadospuebla.com\/?p=60877"]}]},{"@type":"ImageObject","inLanguage":"es","@id":"https:\/\/www.aliadospuebla.com\/?p=60877#primaryimage","url":"https:\/\/www.aliadospuebla.com\/web2017\/wp-content\/uploads\/2021\/08\/IMSS-13.jpg","contentUrl":"https:\/\/www.aliadospuebla.com\/web2017\/wp-content\/uploads\/2021\/08\/IMSS-13.jpg","width":600,"height":450},{"@type":"BreadcrumbList","@id":"https:\/\/www.aliadospuebla.com\/?p=60877#breadcrumb","itemListElement":[{"@type":"ListItem","position":1,"name":"Portada","item":"https:\/\/www.aliadospuebla.com\/"},{"@type":"ListItem","position":2,"name":"Inicia campa\u00f1a Consejos PrevenIMSS para motivar a vacunarse contra COVID-19 y no bajar la guardia"}]},{"@type":"WebSite","@id":"https:\/\/www.aliadospuebla.com\/#website","url":"https:\/\/www.aliadospuebla.com\/","name":"AliadosPuebla","description":"La informaci\u00f3n en tus manos","potentialAction":[{"@type":"SearchAction","target":{"@type":"EntryPoint","urlTemplate":"https:\/\/www.aliadospuebla.com\/?s={search_term_string}"},"query-input":{"@type":"PropertyValueSpecification","valueRequired":true,"valueName":"search_term_string"}}],"inLanguage":"es"},{"@type":"Person","@id":"https:\/\/www.aliadospuebla.com\/#\/schema\/person\/0fd017f23cc5c3f7988d5d58850eec8e","name":"Aliados Videos","image":{"@type":"ImageObject","inLanguage":"es","@id":"https:\/\/secure.gravatar.com\/avatar\/42b92de8b2d8339e1e824f3a73ab023a0bec0ee2e3920248085eb1f3160b4083?s=96&d=mm&r=g","url":"https:\/\/secure.gravatar.com\/avatar\/42b92de8b2d8339e1e824f3a73ab023a0bec0ee2e3920248085eb1f3160b4083?s=96&d=mm&r=g","contentUrl":"https:\/\/secure.gravatar.com\/avatar\/42b92de8b2d8339e1e824f3a73ab023a0bec0ee2e3920248085eb1f3160b4083?s=96&d=mm&r=g","caption":"Aliados Videos"},"url":"https:\/\/www.aliadospuebla.com\/?author=3"}]}},"views":12,"_links":{"self":[{"href":"https:\/\/www.aliadospuebla.com\/index.php?rest_route=\/wp\/v2\/posts\/60877","targetHints":{"allow":["GET"]}}],"collection":[{"href":"https:\/\/www.aliadospuebla.com\/index.php?rest_route=\/wp\/v2\/posts"}],"about":[{"href":"https:\/\/www.aliadospuebla.com\/index.php?rest_route=\/wp\/v2\/types\/post"}],"author":[{"embeddable":true,"href":"https:\/\/www.aliadospuebla.com\/index.php?rest_route=\/wp\/v2\/users\/3"}],"replies":[{"embeddable":true,"href":"https:\/\/www.aliadospuebla.com\/index.php?rest_route=%2Fwp%2Fv2%2Fcomments&post=60877"}],"version-history":[{"count":2,"href":"https:\/\/www.aliadospuebla.com\/index.php?rest_route=\/wp\/v2\/posts\/60877\/revisions"}],"predecessor-version":[{"id":60880,"href":"https:\/\/www.aliadospuebla.com\/index.php?rest_route=\/wp\/v2\/posts\/60877\/revisions\/60880"}],"wp:featuredmedia":[{"embeddable":true,"href":"https:\/\/www.aliadospuebla.com\/index.php?rest_route=\/wp\/v2\/media\/60879"}],"wp:attachment":[{"href":"https:\/\/www.aliadospuebla.com\/index.php?rest_route=%2Fwp%2Fv2%2Fmedia&parent=60877"}],"wp:term":[{"taxonomy":"category","embeddable":true,"href":"https:\/\/www.aliadospuebla.com\/index.php?rest_route=%2Fwp%2Fv2%2Fcategories&post=60877"},{"taxonomy":"post_tag","embeddable":true,"href":"https:\/\/www.aliadospuebla.com\/index.php?rest_route=%2Fwp%2Fv2%2Ftags&post=60877"}],"curies":[{"name":"wp","href":"https:\/\/api.w.org\/{rel}","templated":true}]}}